{"id":92616,"date":"2023-09-08T02:30:26","date_gmt":"2023-09-08T02:30:26","guid":{"rendered":"https:\/\/www.noticiasradioreflejos.com.ar\/2021\/?p=92616"},"modified":"2023-09-08T02:30:26","modified_gmt":"2023-09-08T02:30:26","slug":"messi-y-una-nueva-noche-magica-e-historica-salvo-al-campeon-y-alcanzo-a-suarez","status":"publish","type":"post","link":"https:\/\/www.noticiasradioreflejos.com.ar\/2021\/messi-y-una-nueva-noche-magica-e-historica-salvo-al-campeon-y-alcanzo-a-suarez\/","title":{"rendered":"Messi y una nueva noche m\u00e1gica e hist\u00f3rica: salv\u00f3 al campe\u00f3n y alcanz\u00f3 a Su\u00e1rez"},"content":{"rendered":"<p>Lionel Messi fue el protagonista de una nueva noche m\u00e1gica e hist\u00f3rica ya que con su golazo de tiro libre abri\u00f3 un duro debut ante Ecuador y alcanz\u00f3 a su amigo Luis Su\u00e1rez como el m\u00e1ximo artillero de las Eliminatorias sudamericanas.<!--more--><\/p>\n<p>El genio frot\u00f3 la l\u00e1mpara una vez m\u00e1s y con un excelso tiro libre a los 33 minutos del segundo tiempo destrab\u00f3 el complicado inicio del camino hacia el Mundial 2026.<\/p>\n<p>Messi marc\u00f3 su gol n\u00famero 29 en las Eliminatorias sudamericanas y alcanz\u00f3 la marca de su amigo y excompa\u00f1ero, el uruguayo Luis Su\u00e1rez, en lo m\u00e1s alto de la tabla de artilleros hist\u00f3ricos de la competici\u00f3n.<\/p>\n<p>La nueva estrella de Inter Miami tambi\u00e9n se convirti\u00f3 en el primer jugador sudamericano en marcar en cinco ediciones diferentes del certamen clasificatorio.<\/p>\n<p><a title=\"07-09-2023_argentina_y_ecuador_se_enfrentan\" href=\"https:\/\/www.flickr.com\/photos\/182279889@N02\/53171296477\/in\/dateposted-public\/\" data-flickr-embed=\"true\" data-footer=\"true\"><img loading=\"lazy\" decoding=\"async\" src=\"https:\/\/live.staticflickr.com\/65535\/53171296477_984003e042_c.jpg\" alt=\"07-09-2023_argentina_y_ecuador_se_enfrentan\" width=\"800\" height=\"634\" \/><\/a><\/p>\n<p>Al igual que Su\u00e1rez, Messi lleg\u00f3 a esta marca despu\u00e9s de 62 partidos.<\/p>\n<p>El capit\u00e1n nacional no hizo goles en el camino hacia Alemania 2006 y la historia comenz\u00f3 a partir de las Eliminatorias para Sud\u00e1frica 2010 con 4 tantos.<\/p>\n<p>Luego, hizo 10 para Brasil 2014, 7 de cara a Rusia 2018 y la misma cantidad para Qatar 2022 pero nunca fue goleador de ninguna edici\u00f3n.<\/p>\n<p>Ecuador tambi\u00e9n es una v\u00edctima recurrente para Messi ya que le anot\u00f3 seis goles en ocho partidos.<\/p>\n<p>En total ya son 104 gritos en 176 partidos con la \u00abalbiceleste\u00bb.<\/p>\n<p>A los 36 a\u00f1os, Messi complet\u00f3 su duod\u00e9cimo partido en 48 d\u00edas, un promedio alt\u00edsimo de uno cada cuatro luego de un receso sin una pretemporada tradicional.<\/p>\n<p>El mejor jugador del \u00faltimo Mundial tuvo un partido inc\u00f3modo como todo el equipo pero a\u00fan con pocas apariciones fue lo m\u00e1s peligroso en el casi inofensivo ataque local.<\/p>\n<p>A los 15 minutos del primer tiempo tuvo su primera intervenci\u00f3n con un zurdazo cruzado que se fue apenas al lado del palo luego de una buena combinaci\u00f3n entre Alexis Mac Allister y Lautaro Mart\u00ednez.<\/p>\n<p>&nbsp;<br \/>\n<a data-flickr-embed=\"true\" data-footer=\"true\" href=\"https:\/\/www.flickr.com\/photos\/182279889@N02\/53172082169\/in\/dateposted-public\/\" title=\"07-09-2023_argentina_vencio_a_ecuador_1\"><img loading=\"lazy\" decoding=\"async\" src=\"https:\/\/live.staticflickr.com\/65535\/53172082169_da8d294df4_c.jpg\" width=\"800\" height=\"533\" alt=\"07-09-2023_argentina_vencio_a_ecuador_1\"\/><\/a><script async src=\"\/\/embedr.flickr.com\/assets\/client-code.js\" charset=\"utf-8\"><\/script><br \/>\n&nbsp;<\/p>\n<p>El 10 siempre estacionado en la derecha y bien custodiado por Mois\u00e9s Caicedo y Willian Pacho, ambos j\u00f3venes, de 21 a\u00f1os, que le hicieron sentir el rigor del f\u00fatbol sudamericano.<\/p>\n<p>El balance del primer tiempo dej\u00f3 un sabor amargo ya que Messi se meti\u00f3 r\u00e1pido en el vestuario junto a su inseparable Rodrigo De Paul con gestos adustos.<\/p>\n<p>En la segunda parte, Messi volvi\u00f3 a aparecer con una buena jugada de su amplio repertorio cuando por el medio se sac\u00f3 la marca de encima pero el tiro al palo derecho fue adivinado por Hern\u00e1n Gal\u00edndez.<\/p>\n<p>No parec\u00eda ser la noche del astro pero una vez volvi\u00f3 a demostrar su vigencia con un arma que puli\u00f3 a lo larga de su magn\u00edfica carrera: la ejecuci\u00f3n de los tiros libres.<\/p>\n<p>El rosarino ya lleva 65 goles por esta v\u00eda.<\/p>\n<p>Luego de una falta sobre Lautaro Mart\u00ednez al borde del \u00e1rea grande, el 10 tom\u00f3 la pelota, la acarici\u00f3 y la acomod\u00f3 de frente a la numerosa barrera ecuatoriana.<\/p>\n<p>Con sus nuevos botines con tintes dorados y colores albicelestes m\u00e1s el detalle de las tres estrellas, el rosarino la coloc\u00f3 por arriba de la barrera y dej\u00f3 inm\u00f3vil a su coterr\u00e1neo Hern\u00e1n Gal\u00edndez.<\/p>\n<p>Como en su debut en Inter Miami y tantas otras veces m\u00e1s, Messi abri\u00f3 un partido por dem\u00e1s complicado y le cumpli\u00f3 a los miles de hinchas que pagaron miles de pesos por verlo una vez m\u00e1s.<\/p>\n<p>El broche de la noche fue la decisi\u00f3n de Lionel Scaloni con su salida a un minuto del final para el ingreso de Exequiel Palacios para que pueda recibir todo el cari\u00f1o del p\u00fablico.<\/p>\n<p>Messi marc\u00f3 el camino del seleccionado argentino rumbo a la defensa del t\u00edtulo en 2026 en Estados Unidos, M\u00e9xico y Canad\u00e1.<\/p>\n<p><a data-flickr-embed=\"true\" data-footer=\"true\" href=\"https:\/\/www.flickr.com\/photos\/182279889@N02\/53172082154\/in\/dateposted-public\/\" title=\"07-09-2023_lionel_messi_festeja_el_primer (1)\"><img loading=\"lazy\" decoding=\"async\" src=\"https:\/\/live.staticflickr.com\/65535\/53172082154_7e47221e2b_c.jpg\" width=\"800\" height=\"553\" alt=\"07-09-2023_lionel_messi_festeja_el_primer (1)\"\/><\/a><script async src=\"\/\/embedr.flickr.com\/assets\/client-code.js\" charset=\"utf-8\"><\/script><\/p>\n<p>(Por Jer\u00f3nimo Granero) T\u00e9lam<\/p>\n","protected":false},"excerpt":{"rendered":"<p>Lionel Messi fue el protagonista de una nueva noche m\u00e1gica e hist\u00f3rica ya que con su golazo de tiro libre abri\u00f3 un duro debut ante Ecuador y alcanz\u00f3 a su amigo Luis Su\u00e1rez como el m\u00e1ximo artillero de las Eliminatorias sudamericanas.<\/p>\n","protected":false},"author":3,"featured_media":0,"comment_status":"closed","ping_status":"closed","sticky":false,"template":"","format":"standard","meta":{"footnotes":""},"categories":[27],"tags":[48],"class_list":["post-92616","post","type-post","status-publish","format-standard","hentry","category-deportes","tag-destacada"],"yoast_head":"<!-- This site is optimized with the Yoast SEO plugin v25.9 - https:\/\/yoast.com\/wordpress\/plugins\/seo\/ -->\n<title>Messi y una nueva noche m\u00e1gica e hist\u00f3rica: salv\u00f3 al campe\u00f3n y alcanz\u00f3 a Su\u00e1rez - Noticias Radio Reflejos<\/title>\n<meta name=\"robots\" content=\"index, follow, max-snippet:-1, max-image-preview:large, max-video-preview:-1\" \/>\n<link rel=\"canonical\" href=\"https:\/\/www.noticiasradioreflejos.com.ar\/2021\/messi-y-una-nueva-noche-magica-e-historica-salvo-al-campeon-y-alcanzo-a-suarez\/\" \/>\n<meta property=\"og:locale\" content=\"es_ES\" \/>\n<meta property=\"og:type\" content=\"article\" \/>\n<meta property=\"og:title\" content=\"Messi y una nueva noche m\u00e1gica e hist\u00f3rica: salv\u00f3 al campe\u00f3n y alcanz\u00f3 a Su\u00e1rez - Noticias Radio Reflejos\" \/>\n<meta property=\"og:description\" content=\"Lionel Messi fue el protagonista de una nueva noche m\u00e1gica e hist\u00f3rica ya que con su golazo de tiro libre abri\u00f3 un duro debut ante Ecuador y alcanz\u00f3 a su amigo Luis Su\u00e1rez como el m\u00e1ximo artillero de las Eliminatorias sudamericanas.\" \/>\n<meta property=\"og:url\" content=\"https:\/\/www.noticiasradioreflejos.com.ar\/2021\/messi-y-una-nueva-noche-magica-e-historica-salvo-al-campeon-y-alcanzo-a-suarez\/\" \/>\n<meta property=\"og:site_name\" content=\"Noticias Radio Reflejos\" \/>\n<meta property=\"article:published_time\" content=\"2023-09-08T02:30:26+00:00\" \/>\n<meta property=\"og:image\" content=\"https:\/\/live.staticflickr.com\/65535\/53171296477_984003e042_c.jpg\" \/>\n<meta name=\"author\" content=\"Arnaldo Botto\" \/>\n<meta name=\"twitter:card\" content=\"summary_large_image\" \/>\n<script type=\"application\/ld+json\" class=\"yoast-schema-graph\">{\"@context\":\"https:\/\/schema.org\",\"@graph\":[{\"@type\":\"WebPage\",\"@id\":\"https:\/\/www.noticiasradioreflejos.com.ar\/2021\/messi-y-una-nueva-noche-magica-e-historica-salvo-al-campeon-y-alcanzo-a-suarez\/\",\"url\":\"https:\/\/www.noticiasradioreflejos.com.ar\/2021\/messi-y-una-nueva-noche-magica-e-historica-salvo-al-campeon-y-alcanzo-a-suarez\/\",\"name\":\"Messi y una nueva noche m\u00e1gica e hist\u00f3rica: salv\u00f3 al campe\u00f3n y alcanz\u00f3 a Su\u00e1rez - Noticias Radio Reflejos\",\"isPartOf\":{\"@id\":\"https:\/\/www.noticiasradioreflejos.com.ar\/2021\/#website\"},\"primaryImageOfPage\":{\"@id\":\"https:\/\/www.noticiasradioreflejos.com.ar\/2021\/messi-y-una-nueva-noche-magica-e-historica-salvo-al-campeon-y-alcanzo-a-suarez\/#primaryimage\"},\"image\":{\"@id\":\"https:\/\/www.noticiasradioreflejos.com.ar\/2021\/messi-y-una-nueva-noche-magica-e-historica-salvo-al-campeon-y-alcanzo-a-suarez\/#primaryimage\"},\"thumbnailUrl\":\"https:\/\/live.staticflickr.com\/65535\/53171296477_984003e042_c.jpg\",\"datePublished\":\"2023-09-08T02:30:26+00:00\",\"author\":{\"@id\":\"https:\/\/www.noticiasradioreflejos.com.ar\/2021\/#\/schema\/person\/ad82545263dcc5ec0996818884fd5fb1\"},\"breadcrumb\":{\"@id\":\"https:\/\/www.noticiasradioreflejos.com.ar\/2021\/messi-y-una-nueva-noche-magica-e-historica-salvo-al-campeon-y-alcanzo-a-suarez\/#breadcrumb\"},\"inLanguage\":\"es\",\"potentialAction\":[{\"@type\":\"ReadAction\",\"target\":[\"https:\/\/www.noticiasradioreflejos.com.ar\/2021\/messi-y-una-nueva-noche-magica-e-historica-salvo-al-campeon-y-alcanzo-a-suarez\/\"]}]},{\"@type\":\"ImageObject\",\"inLanguage\":\"es\",\"@id\":\"https:\/\/www.noticiasradioreflejos.com.ar\/2021\/messi-y-una-nueva-noche-magica-e-historica-salvo-al-campeon-y-alcanzo-a-suarez\/#primaryimage\",\"url\":\"https:\/\/live.staticflickr.com\/65535\/53171296477_984003e042_c.jpg\",\"contentUrl\":\"https:\/\/live.staticflickr.com\/65535\/53171296477_984003e042_c.jpg\"},{\"@type\":\"BreadcrumbList\",\"@id\":\"https:\/\/www.noticiasradioreflejos.com.ar\/2021\/messi-y-una-nueva-noche-magica-e-historica-salvo-al-campeon-y-alcanzo-a-suarez\/#breadcrumb\",\"itemListElement\":[{\"@type\":\"ListItem\",\"position\":1,\"name\":\"Portada\",\"item\":\"https:\/\/www.noticiasradioreflejos.com.ar\/2021\/\"},{\"@type\":\"ListItem\",\"position\":2,\"name\":\"Messi y una nueva noche m\u00e1gica e hist\u00f3rica: salv\u00f3 al campe\u00f3n y alcanz\u00f3 a Su\u00e1rez\"}]},{\"@type\":\"WebSite\",\"@id\":\"https:\/\/www.noticiasradioreflejos.com.ar\/2021\/#website\",\"url\":\"https:\/\/www.noticiasradioreflejos.com.ar\/2021\/\",\"name\":\"Noticias Radio Reflejos\",\"description\":\"Las noticias de mi comarca\",\"potentialAction\":[{\"@type\":\"SearchAction\",\"target\":{\"@type\":\"EntryPoint\",\"urlTemplate\":\"https:\/\/www.noticiasradioreflejos.com.ar\/2021\/?s={search_term_string}\"},\"query-input\":{\"@type\":\"PropertyValueSpecification\",\"valueRequired\":true,\"valueName\":\"search_term_string\"}}],\"inLanguage\":\"es\"},{\"@type\":\"Person\",\"@id\":\"https:\/\/www.noticiasradioreflejos.com.ar\/2021\/#\/schema\/person\/ad82545263dcc5ec0996818884fd5fb1\",\"name\":\"Arnaldo Botto\",\"image\":{\"@type\":\"ImageObject\",\"inLanguage\":\"es\",\"@id\":\"https:\/\/www.noticiasradioreflejos.com.ar\/2021\/#\/schema\/person\/image\/\",\"url\":\"https:\/\/secure.gravatar.com\/avatar\/55cb5e37c1efa326397366e6974cb338056df65cb50e7d64d1cf314e87504837?s=96&d=mm&r=g\",\"contentUrl\":\"https:\/\/secure.gravatar.com\/avatar\/55cb5e37c1efa326397366e6974cb338056df65cb50e7d64d1cf314e87504837?s=96&d=mm&r=g\",\"caption\":\"Arnaldo Botto\"},\"url\":\"https:\/\/www.noticiasradioreflejos.com.ar\/2021\/author\/arnaldo\/\"}]}<\/script>\n<!-- \/ Yoast SEO plugin. -->","yoast_head_json":{"title":"Messi y una nueva noche m\u00e1gica e hist\u00f3rica: salv\u00f3 al campe\u00f3n y alcanz\u00f3 a Su\u00e1rez - Noticias Radio Reflejos","robots":{"index":"index","follow":"follow","max-snippet":"max-snippet:-1","max-image-preview":"max-image-preview:large","max-video-preview":"max-video-preview:-1"},"canonical":"https:\/\/www.noticiasradioreflejos.com.ar\/2021\/messi-y-una-nueva-noche-magica-e-historica-salvo-al-campeon-y-alcanzo-a-suarez\/","og_locale":"es_ES","og_type":"article","og_title":"Messi y una nueva noche m\u00e1gica e hist\u00f3rica: salv\u00f3 al campe\u00f3n y alcanz\u00f3 a Su\u00e1rez - Noticias Radio Reflejos","og_description":"Lionel Messi fue el protagonista de una nueva noche m\u00e1gica e hist\u00f3rica ya que con su golazo de tiro libre abri\u00f3 un duro debut ante Ecuador y alcanz\u00f3 a su amigo Luis Su\u00e1rez como el m\u00e1ximo artillero de las Eliminatorias sudamericanas.","og_url":"https:\/\/www.noticiasradioreflejos.com.ar\/2021\/messi-y-una-nueva-noche-magica-e-historica-salvo-al-campeon-y-alcanzo-a-suarez\/","og_site_name":"Noticias Radio Reflejos","article_published_time":"2023-09-08T02:30:26+00:00","og_image":[{"url":"https:\/\/live.staticflickr.com\/65535\/53171296477_984003e042_c.jpg","type":"","width":"","height":""}],"author":"Arnaldo Botto","twitter_card":"summary_large_image","schema":{"@context":"https:\/\/schema.org","@graph":[{"@type":"WebPage","@id":"https:\/\/www.noticiasradioreflejos.com.ar\/2021\/messi-y-una-nueva-noche-magica-e-historica-salvo-al-campeon-y-alcanzo-a-suarez\/","url":"https:\/\/www.noticiasradioreflejos.com.ar\/2021\/messi-y-una-nueva-noche-magica-e-historica-salvo-al-campeon-y-alcanzo-a-suarez\/","name":"Messi y una nueva noche m\u00e1gica e hist\u00f3rica: salv\u00f3 al campe\u00f3n y alcanz\u00f3 a Su\u00e1rez - Noticias Radio Reflejos","isPartOf":{"@id":"https:\/\/www.noticiasradioreflejos.com.ar\/2021\/#website"},"primaryImageOfPage":{"@id":"https:\/\/www.noticiasradioreflejos.com.ar\/2021\/messi-y-una-nueva-noche-magica-e-historica-salvo-al-campeon-y-alcanzo-a-suarez\/#primaryimage"},"image":{"@id":"https:\/\/www.noticiasradioreflejos.com.ar\/2021\/messi-y-una-nueva-noche-magica-e-historica-salvo-al-campeon-y-alcanzo-a-suarez\/#primaryimage"},"thumbnailUrl":"https:\/\/live.staticflickr.com\/65535\/53171296477_984003e042_c.jpg","datePublished":"2023-09-08T02:30:26+00:00","author":{"@id":"https:\/\/www.noticiasradioreflejos.com.ar\/2021\/#\/schema\/person\/ad82545263dcc5ec0996818884fd5fb1"},"breadcrumb":{"@id":"https:\/\/www.noticiasradioreflejos.com.ar\/2021\/messi-y-una-nueva-noche-magica-e-historica-salvo-al-campeon-y-alcanzo-a-suarez\/#breadcrumb"},"inLanguage":"es","potentialAction":[{"@type":"ReadAction","target":["https:\/\/www.noticiasradioreflejos.com.ar\/2021\/messi-y-una-nueva-noche-magica-e-historica-salvo-al-campeon-y-alcanzo-a-suarez\/"]}]},{"@type":"ImageObject","inLanguage":"es","@id":"https:\/\/www.noticiasradioreflejos.com.ar\/2021\/messi-y-una-nueva-noche-magica-e-historica-salvo-al-campeon-y-alcanzo-a-suarez\/#primaryimage","url":"https:\/\/live.staticflickr.com\/65535\/53171296477_984003e042_c.jpg","contentUrl":"https:\/\/live.staticflickr.com\/65535\/53171296477_984003e042_c.jpg"},{"@type":"BreadcrumbList","@id":"https:\/\/www.noticiasradioreflejos.com.ar\/2021\/messi-y-una-nueva-noche-magica-e-historica-salvo-al-campeon-y-alcanzo-a-suarez\/#breadcrumb","itemListElement":[{"@type":"ListItem","position":1,"name":"Portada","item":"https:\/\/www.noticiasradioreflejos.com.ar\/2021\/"},{"@type":"ListItem","position":2,"name":"Messi y una nueva noche m\u00e1gica e hist\u00f3rica: salv\u00f3 al campe\u00f3n y alcanz\u00f3 a Su\u00e1rez"}]},{"@type":"WebSite","@id":"https:\/\/www.noticiasradioreflejos.com.ar\/2021\/#website","url":"https:\/\/www.noticiasradioreflejos.com.ar\/2021\/","name":"Noticias Radio Reflejos","description":"Las noticias de mi comarca","potentialAction":[{"@type":"SearchAction","target":{"@type":"EntryPoint","urlTemplate":"https:\/\/www.noticiasradioreflejos.com.ar\/2021\/?s={search_term_string}"},"query-input":{"@type":"PropertyValueSpecification","valueRequired":true,"valueName":"search_term_string"}}],"inLanguage":"es"},{"@type":"Person","@id":"https:\/\/www.noticiasradioreflejos.com.ar\/2021\/#\/schema\/person\/ad82545263dcc5ec0996818884fd5fb1","name":"Arnaldo Botto","image":{"@type":"ImageObject","inLanguage":"es","@id":"https:\/\/www.noticiasradioreflejos.com.ar\/2021\/#\/schema\/person\/image\/","url":"https:\/\/secure.gravatar.com\/avatar\/55cb5e37c1efa326397366e6974cb338056df65cb50e7d64d1cf314e87504837?s=96&d=mm&r=g","contentUrl":"https:\/\/secure.gravatar.com\/avatar\/55cb5e37c1efa326397366e6974cb338056df65cb50e7d64d1cf314e87504837?s=96&d=mm&r=g","caption":"Arnaldo Botto"},"url":"https:\/\/www.noticiasradioreflejos.com.ar\/2021\/author\/arnaldo\/"}]}},"_links":{"self":[{"href":"https:\/\/www.noticiasradioreflejos.com.ar\/2021\/wp-json\/wp\/v2\/posts\/92616","targetHints":{"allow":["GET"]}}],"collection":[{"href":"https:\/\/www.noticiasradioreflejos.com.ar\/2021\/wp-json\/wp\/v2\/posts"}],"about":[{"href":"https:\/\/www.noticiasradioreflejos.com.ar\/2021\/wp-json\/wp\/v2\/types\/post"}],"author":[{"embeddable":true,"href":"https:\/\/www.noticiasradioreflejos.com.ar\/2021\/wp-json\/wp\/v2\/users\/3"}],"replies":[{"embeddable":true,"href":"https:\/\/www.noticiasradioreflejos.com.ar\/2021\/wp-json\/wp\/v2\/comments?post=92616"}],"version-history":[{"count":1,"href":"https:\/\/www.noticiasradioreflejos.com.ar\/2021\/wp-json\/wp\/v2\/posts\/92616\/revisions"}],"predecessor-version":[{"id":92618,"href":"https:\/\/www.noticiasradioreflejos.com.ar\/2021\/wp-json\/wp\/v2\/posts\/92616\/revisions\/92618"}],"wp:attachment":[{"href":"https:\/\/www.noticiasradioreflejos.com.ar\/2021\/wp-json\/wp\/v2\/media?parent=92616"}],"wp:term":[{"taxonomy":"category","embeddable":true,"href":"https:\/\/www.noticiasradioreflejos.com.ar\/2021\/wp-json\/wp\/v2\/categories?post=92616"},{"taxonomy":"post_tag","embeddable":true,"href":"https:\/\/www.noticiasradioreflejos.com.ar\/2021\/wp-json\/wp\/v2\/tags?post=92616"}],"curies":[{"name":"wp","href":"https:\/\/api.w.org\/{rel}","templated":true}]}}