{"id":92611,"date":"2023-09-07T22:27:29","date_gmt":"2023-09-07T22:27:29","guid":{"rendered":"https:\/\/www.noticiasradioreflejos.com.ar\/2021\/?p=92611"},"modified":"2023-09-07T22:29:03","modified_gmt":"2023-09-07T22:29:03","slug":"viviendas-y-aumentos-salariales-son-buenas-noticias-para-los-municipales","status":"publish","type":"post","link":"https:\/\/www.noticiasradioreflejos.com.ar\/2021\/viviendas-y-aumentos-salariales-son-buenas-noticias-para-los-municipales\/","title":{"rendered":"Viviendas y aumentos salariales son buenas noticias para los municipales"},"content":{"rendered":"<div class=\"hnoti\">El Intendente Sergio Bordoni firm\u00f3 el convenio. En octubre se licitar\u00e1n. Acompa\u00f1aron autoridades del Sindicato municipal el anuncio.<\/div>\n<p><!--more--><\/p>\n<div class=\"text\">\n<p>Esta tarde el Intendente municipal Sergio Bordoni y los integrantes de la comisi\u00f3n directiva del gremio municipal Carlos Bartolini y Javier Llarul, celebraron el acuerdo firmado entre el municipio y el Gobierno de la provincia de buenos aires en la construcci\u00f3n de viviendas para empleados municipales que esperan su techo propio.<\/p>\n<p>En conferencia de prensa, tambi\u00e9n se habl\u00f3 del bono e incremento salarial, noticia que fue muy bien recibida por los integrantes de la comisi\u00f3n directiva que apoyaron al Jefe comunal.<\/p>\n<p><strong>Sergio Bordoni<\/strong><\/p>\n<p>\u201cEn el d\u00eda de ayer firm\u00e9 con Agust\u00edn Simone en la ciudad de La Plata el convenio de las 38 viviendas de las cuales el gremio municipal hab\u00eda solicitado dos manzanas y de las cuales el 70% de esas viviendas van para empleados municipales y el restante para gente com\u00fan. Son viviendas sociales de 60 a 64 metros y vamos a tener la suerte de tener 26 nuevas viviendas en construcci\u00f3n para el empleado municipal y 12 para gente com\u00fan mas las 22 que se est\u00e1n construyendo y las 10 que estan por salir que se hab\u00edan abandonado, como siempre digo, esto es una decisi\u00f3n pol\u00edtica en esta gesti\u00f3n de gobierno provincial que lleva a cabo el gobernador Axel Kicillof, que Dios quiera sea reelecto nuevamente\u201d.<\/p>\n<p>\u201cSon gestiones que llevan su tiempo, muchos dec\u00edan que son todas mentiras, pero este a\u00f1o ser\u00e1n licitadas, el valor total de las viviendas son 734 millones de pesos. Todas las obras llevan un a\u00f1o, si la empresa va con los tiempos bien y lo terminan en un a\u00f1o, el coeficiente siempre lo van actualizando y van al d\u00eda, por eso las viviendas se est\u00e1n construyendo incluso s\u00e1bados y domingos\u201d.<\/p>\n<p><strong>Incremento salarial\u00a0<\/strong><\/p>\n<p>\u201cEl d\u00eda 15 se va a estar pagando el primer bono de $30.000 para empleados municipales y el mes de septiembre habr\u00e1 un incremento del 20% que se aplicar\u00e1 directamente al b\u00e1sico y el 15 de octubre se va a pagar los otros $30.000 de acuerdo a lo que anunci\u00f3 el ministro de econom\u00eda Sergio Massa\u201d.<\/p>\n<p><strong>Carlos Bartolini<\/strong><\/p>\n<p>\u201cEsto que parec\u00eda una utop\u00eda de tener las manzanas propias y un sorteo especial para los empleados municipales y hoy que se haya concretado es una felicidad enorme. Uno siente orgullo y felicita al intendente por los tr\u00e1mites que hace constantemente y que se preocupa\u201d.<\/p>\n<p>\u201cCuando me dijo que ten\u00eda fecha de apertura de los sobres, eso es una alegr\u00eda tremenda y un orgullo para el municipio de Tornquist y para el sindicato. El 6 de octubre tenemos la apertura de estos sobres y estaremos despu\u00e9s inform\u00e1ndoles al empleado que los sueldos nuestros est\u00e1n bajos, la realidad es que el aumento est\u00e1 permanentemente, pero estamos bajo, entonces esto les da un aliciente a 26 familias de entrar en un sorteo especial\u201d.<\/p>\n<div class=\"google-auto-placed ap_container\"><ins class=\"adsbygoogle adsbygoogle-noablate\" data-ad-format=\"auto\" data-ad-client=\"ca-pub-2607286939871815\" data-adsbygoogle-status=\"done\" data-ad-status=\"filled\"><\/p>\n<div id=\"aswift_3_host\" tabindex=\"0\" title=\"Advertisement\" aria-label=\"Advertisement\"><span style=\"background-color: #ffffff;\">\u201cTenemos el tel\u00e9fono abierto el d\u00eda y a la hora que sea, a veces ese exceso de confianza entre gabinete, ejecutivo y gremio nos lleva a que estemos constantemente en contacto y si te pones a pensar en el 20% de aumento, quiere decir que llegaremos al 80% de aumento en el a\u00f1o y el 113% el a\u00f1o pasado, estamos hablando de un 190% y tengo 18 meses de gesti\u00f3n\u201d.\u00a0<\/span><\/div>\n<p><\/ins><\/div>\n<p>\u201cLa ropa estamos solicit\u00e1ndola por secci\u00f3n a la demanda especifica de cada empleado, llamamos el jefe que est\u00e1 encargado que es Claudio Lencina, a veces tenemos respuestas y otras veces no y lo tratamos de solucionar porque cuando no esta Lencina siempre esta Bruno o Estefan\u00eda para tapar esos baches de la ropa\u201d.<\/p>\n<p>\u201cYa hemos mandado un mail al ministerio de trabajo desde el lado del gremio, hoy charlamos con el intendente y vamos a anexar una carta nuestra al pedido de ellos para que las dos plantas de reciclajes para que se haga la ley y se hagan insalubres\u201d.<\/p>\n<p><strong>Javier Llarrull<\/strong><\/p>\n<p>\u201cYo acompa\u00f1o a Sergio de la forma que sea, si hay algo que destacar del intendente es la honestidad y transparencia que tiene, as\u00ed que yo desde mi lugar tratar\u00e9 de aportar en lo que sea. El intendente siempre nos abri\u00f3 las puertas, tenemos el respaldo de toda la lista, siempre hay predisposici\u00f3n, de todos lados\u201d.<\/p>\n<\/div>\n<p><iframe loading=\"lazy\" width=\"100%\" height=\"166\" scrolling=\"no\" frameborder=\"no\" allow=\"autoplay\" src=\"https:\/\/w.soundcloud.com\/player\/?url=https%3A\/\/api.soundcloud.com\/tracks\/1611043053&#038;color=%23ff5500&#038;auto_play=false&#038;hide_related=false&#038;show_comments=true&#038;show_user=true&#038;show_reposts=false&#038;show_teaser=true\"><\/iframe><\/p>\n<div style=\"font-size: 10px; color: #cccccc;line-break: anywhere;word-break: normal;overflow: hidden;white-space: nowrap;text-overflow: ellipsis; font-family: Interstate,Lucida Grande,Lucida Sans Unicode,Lucida Sans,Garuda,Verdana,Tahoma,sans-serif;font-weight: 100;\"><a href=\"https:\/\/soundcloud.com\/fmreflejos-103-7\" title=\"fmreflejos 103.7\" target=\"_blank\" style=\"color: #cccccc; text-decoration: none;\" rel=\"noopener\">fmreflejos 103.7<\/a> \u00b7 <a href=\"https:\/\/soundcloud.com\/fmreflejos-103-7\/carlos-bartolini-y-javier-llarrull-viviendas-y-aumento-salarial-1-1\" title=\"Carlos - Bartolini - Y-javier - Llarrull - Viviendas - Y-aumento - Salarial - 1-1\" target=\"_blank\" style=\"color: #cccccc; text-decoration: none;\" rel=\"noopener\">Carlos &#8211; Bartolini &#8211; Y-javier &#8211; Llarrull &#8211; Viviendas &#8211; Y-aumento &#8211; Salarial &#8211; 1-1<\/a><\/div>\n","protected":false},"excerpt":{"rendered":"<p>El Intendente Sergio Bordoni firm\u00f3 el convenio. En octubre se licitar\u00e1n. Acompa\u00f1aron autoridades del Sindicato municipal el anuncio.<\/p>\n","protected":false},"author":3,"featured_media":0,"comment_status":"closed","ping_status":"closed","sticky":false,"template":"","format":"standard","meta":{"footnotes":""},"categories":[28],"tags":[],"class_list":["post-92611","post","type-post","status-publish","format-standard","hentry","category-municipales"],"yoast_head":"<!-- This site is optimized with the Yoast SEO plugin v25.9 - https:\/\/yoast.com\/wordpress\/plugins\/seo\/ -->\n<title>Viviendas y aumentos salariales son buenas noticias para los municipales - Noticias Radio Reflejos<\/title>\n<meta name=\"robots\" content=\"index, follow, max-snippet:-1, max-image-preview:large, max-video-preview:-1\" \/>\n<link rel=\"canonical\" href=\"https:\/\/www.noticiasradioreflejos.com.ar\/2021\/viviendas-y-aumentos-salariales-son-buenas-noticias-para-los-municipales\/\" \/>\n<meta property=\"og:locale\" content=\"es_ES\" \/>\n<meta property=\"og:type\" content=\"article\" \/>\n<meta property=\"og:title\" content=\"Viviendas y aumentos salariales son buenas noticias para los municipales - Noticias Radio Reflejos\" \/>\n<meta property=\"og:description\" content=\"El Intendente Sergio Bordoni firm\u00f3 el convenio. En octubre se licitar\u00e1n. Acompa\u00f1aron autoridades del Sindicato municipal el anuncio.\" \/>\n<meta property=\"og:url\" content=\"https:\/\/www.noticiasradioreflejos.com.ar\/2021\/viviendas-y-aumentos-salariales-son-buenas-noticias-para-los-municipales\/\" \/>\n<meta property=\"og:site_name\" content=\"Noticias Radio Reflejos\" \/>\n<meta property=\"article:published_time\" content=\"2023-09-07T22:27:29+00:00\" \/>\n<meta property=\"article:modified_time\" content=\"2023-09-07T22:29:03+00:00\" \/>\n<meta property=\"og:image\" content=\"https:\/\/www.noticiasradioreflejos.com.ar\/2021\/wp-content\/uploads\/2023\/09\/Bordoni-con-municipales-1.jpg\" \/>\n\t<meta property=\"og:image:width\" content=\"1600\" \/>\n\t<meta property=\"og:image:height\" content=\"900\" \/>\n\t<meta property=\"og:image:type\" content=\"image\/jpeg\" \/>\n<meta name=\"author\" content=\"Arnaldo Botto\" \/>\n<meta name=\"twitter:card\" content=\"summary_large_image\" \/>\n<script type=\"application\/ld+json\" class=\"yoast-schema-graph\">{\"@context\":\"https:\/\/schema.org\",\"@graph\":[{\"@type\":\"WebPage\",\"@id\":\"https:\/\/www.noticiasradioreflejos.com.ar\/2021\/viviendas-y-aumentos-salariales-son-buenas-noticias-para-los-municipales\/\",\"url\":\"https:\/\/www.noticiasradioreflejos.com.ar\/2021\/viviendas-y-aumentos-salariales-son-buenas-noticias-para-los-municipales\/\",\"name\":\"Viviendas y aumentos salariales son buenas noticias para los municipales - Noticias Radio Reflejos\",\"isPartOf\":{\"@id\":\"https:\/\/www.noticiasradioreflejos.com.ar\/2021\/#website\"},\"datePublished\":\"2023-09-07T22:27:29+00:00\",\"dateModified\":\"2023-09-07T22:29:03+00:00\",\"author\":{\"@id\":\"https:\/\/www.noticiasradioreflejos.com.ar\/2021\/#\/schema\/person\/ad82545263dcc5ec0996818884fd5fb1\"},\"breadcrumb\":{\"@id\":\"https:\/\/www.noticiasradioreflejos.com.ar\/2021\/viviendas-y-aumentos-salariales-son-buenas-noticias-para-los-municipales\/#breadcrumb\"},\"inLanguage\":\"es\",\"potentialAction\":[{\"@type\":\"ReadAction\",\"target\":[\"https:\/\/www.noticiasradioreflejos.com.ar\/2021\/viviendas-y-aumentos-salariales-son-buenas-noticias-para-los-municipales\/\"]}]},{\"@type\":\"BreadcrumbList\",\"@id\":\"https:\/\/www.noticiasradioreflejos.com.ar\/2021\/viviendas-y-aumentos-salariales-son-buenas-noticias-para-los-municipales\/#breadcrumb\",\"itemListElement\":[{\"@type\":\"ListItem\",\"position\":1,\"name\":\"Portada\",\"item\":\"https:\/\/www.noticiasradioreflejos.com.ar\/2021\/\"},{\"@type\":\"ListItem\",\"position\":2,\"name\":\"Viviendas y aumentos salariales son buenas noticias para los municipales\"}]},{\"@type\":\"WebSite\",\"@id\":\"https:\/\/www.noticiasradioreflejos.com.ar\/2021\/#website\",\"url\":\"https:\/\/www.noticiasradioreflejos.com.ar\/2021\/\",\"name\":\"Noticias Radio Reflejos\",\"description\":\"Las noticias de mi comarca\",\"potentialAction\":[{\"@type\":\"SearchAction\",\"target\":{\"@type\":\"EntryPoint\",\"urlTemplate\":\"https:\/\/www.noticiasradioreflejos.com.ar\/2021\/?s={search_term_string}\"},\"query-input\":{\"@type\":\"PropertyValueSpecification\",\"valueRequired\":true,\"valueName\":\"search_term_string\"}}],\"inLanguage\":\"es\"},{\"@type\":\"Person\",\"@id\":\"https:\/\/www.noticiasradioreflejos.com.ar\/2021\/#\/schema\/person\/ad82545263dcc5ec0996818884fd5fb1\",\"name\":\"Arnaldo Botto\",\"image\":{\"@type\":\"ImageObject\",\"inLanguage\":\"es\",\"@id\":\"https:\/\/www.noticiasradioreflejos.com.ar\/2021\/#\/schema\/person\/image\/\",\"url\":\"https:\/\/secure.gravatar.com\/avatar\/55cb5e37c1efa326397366e6974cb338056df65cb50e7d64d1cf314e87504837?s=96&d=mm&r=g\",\"contentUrl\":\"https:\/\/secure.gravatar.com\/avatar\/55cb5e37c1efa326397366e6974cb338056df65cb50e7d64d1cf314e87504837?s=96&d=mm&r=g\",\"caption\":\"Arnaldo Botto\"},\"url\":\"https:\/\/www.noticiasradioreflejos.com.ar\/2021\/author\/arnaldo\/\"}]}<\/script>\n<!-- \/ Yoast SEO plugin. -->","yoast_head_json":{"title":"Viviendas y aumentos salariales son buenas noticias para los municipales - Noticias Radio Reflejos","robots":{"index":"index","follow":"follow","max-snippet":"max-snippet:-1","max-image-preview":"max-image-preview:large","max-video-preview":"max-video-preview:-1"},"canonical":"https:\/\/www.noticiasradioreflejos.com.ar\/2021\/viviendas-y-aumentos-salariales-son-buenas-noticias-para-los-municipales\/","og_locale":"es_ES","og_type":"article","og_title":"Viviendas y aumentos salariales son buenas noticias para los municipales - Noticias Radio Reflejos","og_description":"El Intendente Sergio Bordoni firm\u00f3 el convenio. En octubre se licitar\u00e1n. Acompa\u00f1aron autoridades del Sindicato municipal el anuncio.","og_url":"https:\/\/www.noticiasradioreflejos.com.ar\/2021\/viviendas-y-aumentos-salariales-son-buenas-noticias-para-los-municipales\/","og_site_name":"Noticias Radio Reflejos","article_published_time":"2023-09-07T22:27:29+00:00","article_modified_time":"2023-09-07T22:29:03+00:00","og_image":[{"width":1600,"height":900,"url":"https:\/\/www.noticiasradioreflejos.com.ar\/2021\/wp-content\/uploads\/2023\/09\/Bordoni-con-municipales-1.jpg","type":"image\/jpeg"}],"author":"Arnaldo Botto","twitter_card":"summary_large_image","schema":{"@context":"https:\/\/schema.org","@graph":[{"@type":"WebPage","@id":"https:\/\/www.noticiasradioreflejos.com.ar\/2021\/viviendas-y-aumentos-salariales-son-buenas-noticias-para-los-municipales\/","url":"https:\/\/www.noticiasradioreflejos.com.ar\/2021\/viviendas-y-aumentos-salariales-son-buenas-noticias-para-los-municipales\/","name":"Viviendas y aumentos salariales son buenas noticias para los municipales - Noticias Radio Reflejos","isPartOf":{"@id":"https:\/\/www.noticiasradioreflejos.com.ar\/2021\/#website"},"datePublished":"2023-09-07T22:27:29+00:00","dateModified":"2023-09-07T22:29:03+00:00","author":{"@id":"https:\/\/www.noticiasradioreflejos.com.ar\/2021\/#\/schema\/person\/ad82545263dcc5ec0996818884fd5fb1"},"breadcrumb":{"@id":"https:\/\/www.noticiasradioreflejos.com.ar\/2021\/viviendas-y-aumentos-salariales-son-buenas-noticias-para-los-municipales\/#breadcrumb"},"inLanguage":"es","potentialAction":[{"@type":"ReadAction","target":["https:\/\/www.noticiasradioreflejos.com.ar\/2021\/viviendas-y-aumentos-salariales-son-buenas-noticias-para-los-municipales\/"]}]},{"@type":"BreadcrumbList","@id":"https:\/\/www.noticiasradioreflejos.com.ar\/2021\/viviendas-y-aumentos-salariales-son-buenas-noticias-para-los-municipales\/#breadcrumb","itemListElement":[{"@type":"ListItem","position":1,"name":"Portada","item":"https:\/\/www.noticiasradioreflejos.com.ar\/2021\/"},{"@type":"ListItem","position":2,"name":"Viviendas y aumentos salariales son buenas noticias para los municipales"}]},{"@type":"WebSite","@id":"https:\/\/www.noticiasradioreflejos.com.ar\/2021\/#website","url":"https:\/\/www.noticiasradioreflejos.com.ar\/2021\/","name":"Noticias Radio Reflejos","description":"Las noticias de mi comarca","potentialAction":[{"@type":"SearchAction","target":{"@type":"EntryPoint","urlTemplate":"https:\/\/www.noticiasradioreflejos.com.ar\/2021\/?s={search_term_string}"},"query-input":{"@type":"PropertyValueSpecification","valueRequired":true,"valueName":"search_term_string"}}],"inLanguage":"es"},{"@type":"Person","@id":"https:\/\/www.noticiasradioreflejos.com.ar\/2021\/#\/schema\/person\/ad82545263dcc5ec0996818884fd5fb1","name":"Arnaldo Botto","image":{"@type":"ImageObject","inLanguage":"es","@id":"https:\/\/www.noticiasradioreflejos.com.ar\/2021\/#\/schema\/person\/image\/","url":"https:\/\/secure.gravatar.com\/avatar\/55cb5e37c1efa326397366e6974cb338056df65cb50e7d64d1cf314e87504837?s=96&d=mm&r=g","contentUrl":"https:\/\/secure.gravatar.com\/avatar\/55cb5e37c1efa326397366e6974cb338056df65cb50e7d64d1cf314e87504837?s=96&d=mm&r=g","caption":"Arnaldo Botto"},"url":"https:\/\/www.noticiasradioreflejos.com.ar\/2021\/author\/arnaldo\/"}]}},"_links":{"self":[{"href":"https:\/\/www.noticiasradioreflejos.com.ar\/2021\/wp-json\/wp\/v2\/posts\/92611","targetHints":{"allow":["GET"]}}],"collection":[{"href":"https:\/\/www.noticiasradioreflejos.com.ar\/2021\/wp-json\/wp\/v2\/posts"}],"about":[{"href":"https:\/\/www.noticiasradioreflejos.com.ar\/2021\/wp-json\/wp\/v2\/types\/post"}],"author":[{"embeddable":true,"href":"https:\/\/www.noticiasradioreflejos.com.ar\/2021\/wp-json\/wp\/v2\/users\/3"}],"replies":[{"embeddable":true,"href":"https:\/\/www.noticiasradioreflejos.com.ar\/2021\/wp-json\/wp\/v2\/comments?post=92611"}],"version-history":[{"count":1,"href":"https:\/\/www.noticiasradioreflejos.com.ar\/2021\/wp-json\/wp\/v2\/posts\/92611\/revisions"}],"predecessor-version":[{"id":92615,"href":"https:\/\/www.noticiasradioreflejos.com.ar\/2021\/wp-json\/wp\/v2\/posts\/92611\/revisions\/92615"}],"wp:attachment":[{"href":"https:\/\/www.noticiasradioreflejos.com.ar\/2021\/wp-json\/wp\/v2\/media?parent=92611"}],"wp:term":[{"taxonomy":"category","embeddable":true,"href":"https:\/\/www.noticiasradioreflejos.com.ar\/2021\/wp-json\/wp\/v2\/categories?post=92611"},{"taxonomy":"post_tag","embeddable":true,"href":"https:\/\/www.noticiasradioreflejos.com.ar\/2021\/wp-json\/wp\/v2\/tags?post=92611"}],"curies":[{"name":"wp","href":"https:\/\/api.w.org\/{rel}","templated":true}]}}