{"id":92581,"date":"2023-09-07T18:00:50","date_gmt":"2023-09-07T18:00:50","guid":{"rendered":"https:\/\/www.noticiasradioreflejos.com.ar\/2021\/?p=92581"},"modified":"2023-09-07T18:00:50","modified_gmt":"2023-09-07T18:00:50","slug":"habilitaran-desde-el-lunes-servicio-de-transporte-publico-a-aeropuerto-bahiense","status":"publish","type":"post","link":"https:\/\/www.noticiasradioreflejos.com.ar\/2021\/habilitaran-desde-el-lunes-servicio-de-transporte-publico-a-aeropuerto-bahiense\/","title":{"rendered":"Habilitar\u00e1n desde el lunes servicio de transporte p\u00fablico a aeropuerto bahiense"},"content":{"rendered":"<p>Una l\u00ednea de transporte p\u00fablico de pasajeros comenzar\u00e1 a funcionar a partir del lunes 11 de septiembre en Bah\u00eda Blanca para unir el centro de la ciudad con el aeropuerto, informaron fuentes comunales.<!--more--><\/p>\n<p>Se trata de la l\u00ednea 520 con la que empleados de la aerostaci\u00f3n Civil Comandante Espora y pasajeros podr\u00e1n viajar desde y hasta el centro de Bah\u00eda Blanca.<\/p>\n<p>\u00abEste nuevo servicio que se agrega al sistema de transporte p\u00fablico urbano, responde a una necesidad planteada por personal del aeropuerto y hasta los pasajeros\u00bb, dijeron desde la comuna.<\/p>\n<p>El servicio funcionar\u00e1 de lunes a domingos con cinco frecuencias en horarios que fueron diagramados en el marco de las operaciones que se llevan a cabo en el aeropuerto.<\/p>\n<p>Por \u00faltimo indicaron que las unidades contar\u00e1n con un espacio para que los pasajeros puedan trasladar sus valijas o equipajes como ocurre en otras ciudades en el que el servicio de transporte se traslada hacia los aeropuertos.<\/p>\n","protected":false},"excerpt":{"rendered":"<p>Una l\u00ednea de transporte p\u00fablico de pasajeros comenzar\u00e1 a funcionar a partir del lunes 11 de septiembre en Bah\u00eda Blanca para unir el centro de la ciudad con el aeropuerto, informaron fuentes comunales.<\/p>\n","protected":false},"author":3,"featured_media":92582,"comment_status":"closed","ping_status":"closed","sticky":false,"template":"","format":"standard","meta":{"footnotes":""},"categories":[26,33],"tags":[],"class_list":["post-92581","post","type-post","status-publish","format-standard","has-post-thumbnail","hentry","category-sociedad","category-turismo"],"yoast_head":"<!-- This site is optimized with the Yoast SEO plugin v25.9 - https:\/\/yoast.com\/wordpress\/plugins\/seo\/ -->\n<title>Habilitar\u00e1n desde el lunes servicio de transporte p\u00fablico a aeropuerto bahiense - Noticias Radio Reflejos<\/title>\n<meta name=\"robots\" content=\"index, follow, max-snippet:-1, max-image-preview:large, max-video-preview:-1\" \/>\n<link rel=\"canonical\" href=\"https:\/\/www.noticiasradioreflejos.com.ar\/2021\/habilitaran-desde-el-lunes-servicio-de-transporte-publico-a-aeropuerto-bahiense\/\" \/>\n<meta property=\"og:locale\" content=\"es_ES\" \/>\n<meta property=\"og:type\" content=\"article\" \/>\n<meta property=\"og:title\" content=\"Habilitar\u00e1n desde el lunes servicio de transporte p\u00fablico a aeropuerto bahiense - Noticias Radio Reflejos\" \/>\n<meta property=\"og:description\" content=\"Una l\u00ednea de transporte p\u00fablico de pasajeros comenzar\u00e1 a funcionar a partir del lunes 11 de septiembre en Bah\u00eda Blanca para unir el centro de la ciudad con el aeropuerto, informaron fuentes comunales.\" \/>\n<meta property=\"og:url\" content=\"https:\/\/www.noticiasradioreflejos.com.ar\/2021\/habilitaran-desde-el-lunes-servicio-de-transporte-publico-a-aeropuerto-bahiense\/\" \/>\n<meta property=\"og:site_name\" content=\"Noticias Radio Reflejos\" \/>\n<meta property=\"article:published_time\" content=\"2023-09-07T18:00:50+00:00\" \/>\n<meta property=\"og:image\" content=\"https:\/\/www.noticiasradioreflejos.com.ar\/2021\/wp-content\/uploads\/2023\/09\/aeropuerto-colectivo-520-8-1536x945-1.jpg\" \/>\n\t<meta property=\"og:image:width\" content=\"1536\" \/>\n\t<meta property=\"og:image:height\" content=\"945\" \/>\n\t<meta property=\"og:image:type\" content=\"image\/jpeg\" \/>\n<meta name=\"author\" content=\"Arnaldo Botto\" \/>\n<meta name=\"twitter:card\" content=\"summary_large_image\" \/>\n<script type=\"application\/ld+json\" class=\"yoast-schema-graph\">{\"@context\":\"https:\/\/schema.org\",\"@graph\":[{\"@type\":\"WebPage\",\"@id\":\"https:\/\/www.noticiasradioreflejos.com.ar\/2021\/habilitaran-desde-el-lunes-servicio-de-transporte-publico-a-aeropuerto-bahiense\/\",\"url\":\"https:\/\/www.noticiasradioreflejos.com.ar\/2021\/habilitaran-desde-el-lunes-servicio-de-transporte-publico-a-aeropuerto-bahiense\/\",\"name\":\"Habilitar\u00e1n desde el lunes servicio de transporte p\u00fablico a aeropuerto bahiense - Noticias Radio Reflejos\",\"isPartOf\":{\"@id\":\"https:\/\/www.noticiasradioreflejos.com.ar\/2021\/#website\"},\"primaryImageOfPage\":{\"@id\":\"https:\/\/www.noticiasradioreflejos.com.ar\/2021\/habilitaran-desde-el-lunes-servicio-de-transporte-publico-a-aeropuerto-bahiense\/#primaryimage\"},\"image\":{\"@id\":\"https:\/\/www.noticiasradioreflejos.com.ar\/2021\/habilitaran-desde-el-lunes-servicio-de-transporte-publico-a-aeropuerto-bahiense\/#primaryimage\"},\"thumbnailUrl\":\"https:\/\/www.noticiasradioreflejos.com.ar\/2021\/wp-content\/uploads\/2023\/09\/aeropuerto-colectivo-520-8-1536x945-1.jpg\",\"datePublished\":\"2023-09-07T18:00:50+00:00\",\"author\":{\"@id\":\"https:\/\/www.noticiasradioreflejos.com.ar\/2021\/#\/schema\/person\/ad82545263dcc5ec0996818884fd5fb1\"},\"breadcrumb\":{\"@id\":\"https:\/\/www.noticiasradioreflejos.com.ar\/2021\/habilitaran-desde-el-lunes-servicio-de-transporte-publico-a-aeropuerto-bahiense\/#breadcrumb\"},\"inLanguage\":\"es\",\"potentialAction\":[{\"@type\":\"ReadAction\",\"target\":[\"https:\/\/www.noticiasradioreflejos.com.ar\/2021\/habilitaran-desde-el-lunes-servicio-de-transporte-publico-a-aeropuerto-bahiense\/\"]}]},{\"@type\":\"ImageObject\",\"inLanguage\":\"es\",\"@id\":\"https:\/\/www.noticiasradioreflejos.com.ar\/2021\/habilitaran-desde-el-lunes-servicio-de-transporte-publico-a-aeropuerto-bahiense\/#primaryimage\",\"url\":\"https:\/\/www.noticiasradioreflejos.com.ar\/2021\/wp-content\/uploads\/2023\/09\/aeropuerto-colectivo-520-8-1536x945-1.jpg\",\"contentUrl\":\"https:\/\/www.noticiasradioreflejos.com.ar\/2021\/wp-content\/uploads\/2023\/09\/aeropuerto-colectivo-520-8-1536x945-1.jpg\",\"width\":1536,\"height\":945},{\"@type\":\"BreadcrumbList\",\"@id\":\"https:\/\/www.noticiasradioreflejos.com.ar\/2021\/habilitaran-desde-el-lunes-servicio-de-transporte-publico-a-aeropuerto-bahiense\/#breadcrumb\",\"itemListElement\":[{\"@type\":\"ListItem\",\"position\":1,\"name\":\"Portada\",\"item\":\"https:\/\/www.noticiasradioreflejos.com.ar\/2021\/\"},{\"@type\":\"ListItem\",\"position\":2,\"name\":\"Habilitar\u00e1n desde el lunes servicio de transporte p\u00fablico a aeropuerto bahiense\"}]},{\"@type\":\"WebSite\",\"@id\":\"https:\/\/www.noticiasradioreflejos.com.ar\/2021\/#website\",\"url\":\"https:\/\/www.noticiasradioreflejos.com.ar\/2021\/\",\"name\":\"Noticias Radio Reflejos\",\"description\":\"Las noticias de mi comarca\",\"potentialAction\":[{\"@type\":\"SearchAction\",\"target\":{\"@type\":\"EntryPoint\",\"urlTemplate\":\"https:\/\/www.noticiasradioreflejos.com.ar\/2021\/?s={search_term_string}\"},\"query-input\":{\"@type\":\"PropertyValueSpecification\",\"valueRequired\":true,\"valueName\":\"search_term_string\"}}],\"inLanguage\":\"es\"},{\"@type\":\"Person\",\"@id\":\"https:\/\/www.noticiasradioreflejos.com.ar\/2021\/#\/schema\/person\/ad82545263dcc5ec0996818884fd5fb1\",\"name\":\"Arnaldo Botto\",\"image\":{\"@type\":\"ImageObject\",\"inLanguage\":\"es\",\"@id\":\"https:\/\/www.noticiasradioreflejos.com.ar\/2021\/#\/schema\/person\/image\/\",\"url\":\"https:\/\/secure.gravatar.com\/avatar\/55cb5e37c1efa326397366e6974cb338056df65cb50e7d64d1cf314e87504837?s=96&d=mm&r=g\",\"contentUrl\":\"https:\/\/secure.gravatar.com\/avatar\/55cb5e37c1efa326397366e6974cb338056df65cb50e7d64d1cf314e87504837?s=96&d=mm&r=g\",\"caption\":\"Arnaldo Botto\"},\"url\":\"https:\/\/www.noticiasradioreflejos.com.ar\/2021\/author\/arnaldo\/\"}]}<\/script>\n<!-- \/ Yoast SEO plugin. -->","yoast_head_json":{"title":"Habilitar\u00e1n desde el lunes servicio de transporte p\u00fablico a aeropuerto bahiense - Noticias Radio Reflejos","robots":{"index":"index","follow":"follow","max-snippet":"max-snippet:-1","max-image-preview":"max-image-preview:large","max-video-preview":"max-video-preview:-1"},"canonical":"https:\/\/www.noticiasradioreflejos.com.ar\/2021\/habilitaran-desde-el-lunes-servicio-de-transporte-publico-a-aeropuerto-bahiense\/","og_locale":"es_ES","og_type":"article","og_title":"Habilitar\u00e1n desde el lunes servicio de transporte p\u00fablico a aeropuerto bahiense - Noticias Radio Reflejos","og_description":"Una l\u00ednea de transporte p\u00fablico de pasajeros comenzar\u00e1 a funcionar a partir del lunes 11 de septiembre en Bah\u00eda Blanca para unir el centro de la ciudad con el aeropuerto, informaron fuentes comunales.","og_url":"https:\/\/www.noticiasradioreflejos.com.ar\/2021\/habilitaran-desde-el-lunes-servicio-de-transporte-publico-a-aeropuerto-bahiense\/","og_site_name":"Noticias Radio Reflejos","article_published_time":"2023-09-07T18:00:50+00:00","og_image":[{"width":1536,"height":945,"url":"https:\/\/www.noticiasradioreflejos.com.ar\/2021\/wp-content\/uploads\/2023\/09\/aeropuerto-colectivo-520-8-1536x945-1.jpg","type":"image\/jpeg"}],"author":"Arnaldo Botto","twitter_card":"summary_large_image","schema":{"@context":"https:\/\/schema.org","@graph":[{"@type":"WebPage","@id":"https:\/\/www.noticiasradioreflejos.com.ar\/2021\/habilitaran-desde-el-lunes-servicio-de-transporte-publico-a-aeropuerto-bahiense\/","url":"https:\/\/www.noticiasradioreflejos.com.ar\/2021\/habilitaran-desde-el-lunes-servicio-de-transporte-publico-a-aeropuerto-bahiense\/","name":"Habilitar\u00e1n desde el lunes servicio de transporte p\u00fablico a aeropuerto bahiense - Noticias Radio Reflejos","isPartOf":{"@id":"https:\/\/www.noticiasradioreflejos.com.ar\/2021\/#website"},"primaryImageOfPage":{"@id":"https:\/\/www.noticiasradioreflejos.com.ar\/2021\/habilitaran-desde-el-lunes-servicio-de-transporte-publico-a-aeropuerto-bahiense\/#primaryimage"},"image":{"@id":"https:\/\/www.noticiasradioreflejos.com.ar\/2021\/habilitaran-desde-el-lunes-servicio-de-transporte-publico-a-aeropuerto-bahiense\/#primaryimage"},"thumbnailUrl":"https:\/\/www.noticiasradioreflejos.com.ar\/2021\/wp-content\/uploads\/2023\/09\/aeropuerto-colectivo-520-8-1536x945-1.jpg","datePublished":"2023-09-07T18:00:50+00:00","author":{"@id":"https:\/\/www.noticiasradioreflejos.com.ar\/2021\/#\/schema\/person\/ad82545263dcc5ec0996818884fd5fb1"},"breadcrumb":{"@id":"https:\/\/www.noticiasradioreflejos.com.ar\/2021\/habilitaran-desde-el-lunes-servicio-de-transporte-publico-a-aeropuerto-bahiense\/#breadcrumb"},"inLanguage":"es","potentialAction":[{"@type":"ReadAction","target":["https:\/\/www.noticiasradioreflejos.com.ar\/2021\/habilitaran-desde-el-lunes-servicio-de-transporte-publico-a-aeropuerto-bahiense\/"]}]},{"@type":"ImageObject","inLanguage":"es","@id":"https:\/\/www.noticiasradioreflejos.com.ar\/2021\/habilitaran-desde-el-lunes-servicio-de-transporte-publico-a-aeropuerto-bahiense\/#primaryimage","url":"https:\/\/www.noticiasradioreflejos.com.ar\/2021\/wp-content\/uploads\/2023\/09\/aeropuerto-colectivo-520-8-1536x945-1.jpg","contentUrl":"https:\/\/www.noticiasradioreflejos.com.ar\/2021\/wp-content\/uploads\/2023\/09\/aeropuerto-colectivo-520-8-1536x945-1.jpg","width":1536,"height":945},{"@type":"BreadcrumbList","@id":"https:\/\/www.noticiasradioreflejos.com.ar\/2021\/habilitaran-desde-el-lunes-servicio-de-transporte-publico-a-aeropuerto-bahiense\/#breadcrumb","itemListElement":[{"@type":"ListItem","position":1,"name":"Portada","item":"https:\/\/www.noticiasradioreflejos.com.ar\/2021\/"},{"@type":"ListItem","position":2,"name":"Habilitar\u00e1n desde el lunes servicio de transporte p\u00fablico a aeropuerto bahiense"}]},{"@type":"WebSite","@id":"https:\/\/www.noticiasradioreflejos.com.ar\/2021\/#website","url":"https:\/\/www.noticiasradioreflejos.com.ar\/2021\/","name":"Noticias Radio Reflejos","description":"Las noticias de mi comarca","potentialAction":[{"@type":"SearchAction","target":{"@type":"EntryPoint","urlTemplate":"https:\/\/www.noticiasradioreflejos.com.ar\/2021\/?s={search_term_string}"},"query-input":{"@type":"PropertyValueSpecification","valueRequired":true,"valueName":"search_term_string"}}],"inLanguage":"es"},{"@type":"Person","@id":"https:\/\/www.noticiasradioreflejos.com.ar\/2021\/#\/schema\/person\/ad82545263dcc5ec0996818884fd5fb1","name":"Arnaldo Botto","image":{"@type":"ImageObject","inLanguage":"es","@id":"https:\/\/www.noticiasradioreflejos.com.ar\/2021\/#\/schema\/person\/image\/","url":"https:\/\/secure.gravatar.com\/avatar\/55cb5e37c1efa326397366e6974cb338056df65cb50e7d64d1cf314e87504837?s=96&d=mm&r=g","contentUrl":"https:\/\/secure.gravatar.com\/avatar\/55cb5e37c1efa326397366e6974cb338056df65cb50e7d64d1cf314e87504837?s=96&d=mm&r=g","caption":"Arnaldo Botto"},"url":"https:\/\/www.noticiasradioreflejos.com.ar\/2021\/author\/arnaldo\/"}]}},"_links":{"self":[{"href":"https:\/\/www.noticiasradioreflejos.com.ar\/2021\/wp-json\/wp\/v2\/posts\/92581","targetHints":{"allow":["GET"]}}],"collection":[{"href":"https:\/\/www.noticiasradioreflejos.com.ar\/2021\/wp-json\/wp\/v2\/posts"}],"about":[{"href":"https:\/\/www.noticiasradioreflejos.com.ar\/2021\/wp-json\/wp\/v2\/types\/post"}],"author":[{"embeddable":true,"href":"https:\/\/www.noticiasradioreflejos.com.ar\/2021\/wp-json\/wp\/v2\/users\/3"}],"replies":[{"embeddable":true,"href":"https:\/\/www.noticiasradioreflejos.com.ar\/2021\/wp-json\/wp\/v2\/comments?post=92581"}],"version-history":[{"count":1,"href":"https:\/\/www.noticiasradioreflejos.com.ar\/2021\/wp-json\/wp\/v2\/posts\/92581\/revisions"}],"predecessor-version":[{"id":92583,"href":"https:\/\/www.noticiasradioreflejos.com.ar\/2021\/wp-json\/wp\/v2\/posts\/92581\/revisions\/92583"}],"wp:featuredmedia":[{"embeddable":true,"href":"https:\/\/www.noticiasradioreflejos.com.ar\/2021\/wp-json\/wp\/v2\/media\/92582"}],"wp:attachment":[{"href":"https:\/\/www.noticiasradioreflejos.com.ar\/2021\/wp-json\/wp\/v2\/media?parent=92581"}],"wp:term":[{"taxonomy":"category","embeddable":true,"href":"https:\/\/www.noticiasradioreflejos.com.ar\/2021\/wp-json\/wp\/v2\/categories?post=92581"},{"taxonomy":"post_tag","embeddable":true,"href":"https:\/\/www.noticiasradioreflejos.com.ar\/2021\/wp-json\/wp\/v2\/tags?post=92581"}],"curies":[{"name":"wp","href":"https:\/\/api.w.org\/{rel}","templated":true}]}}