{"id":92577,"date":"2023-09-07T17:48:35","date_gmt":"2023-09-07T17:48:35","guid":{"rendered":"https:\/\/www.noticiasradioreflejos.com.ar\/2021\/?p=92577"},"modified":"2023-09-07T17:52:47","modified_gmt":"2023-09-07T17:52:47","slug":"pancha-la-historia-de-la-perra-que-viaja-en-sampi","status":"publish","type":"post","link":"https:\/\/www.noticiasradioreflejos.com.ar\/2021\/pancha-la-historia-de-la-perra-que-viaja-en-sampi\/","title":{"rendered":"Pancha: La historia de la perra que viaja en sampi"},"content":{"rendered":"<p>La comarca tiene historias de color incre\u00edbles, y una de ellas la aporta la mascota de Nicol\u00e1s y el emblema del corral\u00f3n Schumacher.<!--more--><\/p>\n<p><a title=\"Pancha y Nico (1)\" href=\"https:\/\/www.flickr.com\/photos\/182279889@N02\/53171482003\/in\/dateposted-public\/\" data-flickr-embed=\"true\" data-footer=\"true\"><img loading=\"lazy\" decoding=\"async\" src=\"https:\/\/live.staticflickr.com\/65535\/53171482003_4fa4cc86b1_c.jpg\" alt=\"Pancha y Nico (1)\" width=\"800\" height=\"600\" \/><\/a><br \/>\nLo que para el corral\u00f3n Schumacher puede ser sumamente com\u00fan, despierta asombro y carcajadas entre quienes de forma desprevenida, se topan con la escena. Es que \u201cPancha\u201d, la perra de Nicol\u00e1s Reyes, lo acompa\u00f1a a descargar materiales, y siempre est\u00e1 arriba del sampi.<\/p>\n<p>Al respecto el propio Nicol\u00e1s asegur\u00f3 que \u201cella tiene un fanatismo con venir al trabajo. Duerme en casa todos los d\u00edas, pero cuando estoy por salir ya me espera en la puerta. Los d\u00edas de lluvia como hoy prefiero dejarla, aunque me llora un poco\u201d.<\/p>\n<p>En esa l\u00ednea remarc\u00f3 que \u201cella disfruta en el sampi. Se sube y se sube. Le encanta. Pancha apareci\u00f3 un d\u00eda en el negocio. Con el tiempo me enter\u00e9 que la hab\u00edan abandonado en la ruta y unos alba\u00f1iles la cuidaron un poco hasta que la dejaron en el corral\u00f3n\u201d.<\/p>\n<p>Sobre esos primeros d\u00edas, acot\u00f3 que \u201cme fui arrimando de a poco, le hice caricias, y se fue quedando. Apareci\u00f3 hace unos 7 a\u00f1os. El veterinario calcula que tiene unos 12 a\u00f1os. Ya es adulta. Hay momentos que le cuesta subirse o bajarse del sampi, as\u00ed que a veces le hago upa y le tengo paciencia como se merece\u201d.<\/p>\n<p>En tanto que coment\u00f3 que \u201cella apareci\u00f3 castrada, pero lo que s\u00ed hacemos es tenerla al d\u00eda con las vacunas. A la gente le encanta verla y acariciarla. Siempre les genera curiosidad\u201d.<\/p>\n<p>&nbsp;<\/p>\n<p>Por \u00faltimo, y reflejando lo acostumbrada que est\u00e1, sum\u00f3 el hecho que \u201cella tiene todo automatizado, Freno el cami\u00f3n, pongo el bloqueo y ella ya reconoce el ruido as\u00ed que ah\u00ed se baja. Y lo mismo cuando nos vamos, no la tengo que llamar. Cuando voy a meter el sampi ya se sube\u201d.<\/p>\n<p>&nbsp;<\/p>\n<p><iframe loading=\"lazy\" src=\"https:\/\/w.soundcloud.com\/player\/?url=https%3A\/\/api.soundcloud.com\/tracks\/1610734584&amp;color=%23ff5500&amp;auto_play=false&amp;hide_related=false&amp;show_comments=true&amp;show_user=true&amp;show_reposts=false&amp;show_teaser=true\" width=\"100%\" height=\"166\" frameborder=\"no\" scrolling=\"no\"><\/iframe><\/p>\n<div style=\"font-size: 10px; color: #cccccc; line-break: anywhere; word-break: normal; overflow: hidden; white-space: nowrap; text-overflow: ellipsis; font-family: Interstate,Lucida Grande,Lucida Sans Unicode,Lucida Sans,Garuda,Verdana,Tahoma,sans-serif; font-weight: 100;\"><a style=\"color: #cccccc; text-decoration: none;\" title=\"fmreflejos 103.7\" href=\"https:\/\/soundcloud.com\/fmreflejos-103-7\" target=\"_blank\" rel=\"noopener\">fmreflejos 103.7<\/a> \u00b7 <a style=\"color: #cccccc; text-decoration: none;\" title=\"Nico Reyes-pancha la perrita 7-9\" href=\"https:\/\/soundcloud.com\/fmreflejos-103-7\/nico-reyes-pancha-la-perrita-7-9\" target=\"_blank\" rel=\"noopener\">Nico Reyes-pancha la perrita 7-9<\/a><\/div>\n<p><a data-flickr-embed=\"true\" data-footer=\"true\" href=\"https:\/\/www.flickr.com\/photos\/182279889@N02\/53171481988\/in\/dateposted-public\/\" title=\"Pancha\"><img loading=\"lazy\" decoding=\"async\" src=\"https:\/\/live.staticflickr.com\/65535\/53171481988_cc78b9c964_c.jpg\" width=\"800\" height=\"360\" alt=\"Pancha\"\/><\/a><script async src=\"\/\/embedr.flickr.com\/assets\/client-code.js\" charset=\"utf-8\"><\/script><\/p>\n","protected":false},"excerpt":{"rendered":"<p>La comarca tiene historias de color incre\u00edbles, y una de ellas la aporta la mascota de Nicol\u00e1s y el emblema del corral\u00f3n Schumacher.<\/p>\n","protected":false},"author":3,"featured_media":92579,"comment_status":"closed","ping_status":"closed","sticky":false,"template":"","format":"standard","meta":{"footnotes":""},"categories":[26],"tags":[48],"class_list":["post-92577","post","type-post","status-publish","format-standard","has-post-thumbnail","hentry","category-sociedad","tag-destacada"],"yoast_head":"<!-- This site is optimized with the Yoast SEO plugin v25.9 - https:\/\/yoast.com\/wordpress\/plugins\/seo\/ -->\n<title>Pancha: La historia de la perra que viaja en sampi - Noticias Radio Reflejos<\/title>\n<meta name=\"robots\" content=\"index, follow, max-snippet:-1, max-image-preview:large, max-video-preview:-1\" \/>\n<link rel=\"canonical\" href=\"https:\/\/www.noticiasradioreflejos.com.ar\/2021\/pancha-la-historia-de-la-perra-que-viaja-en-sampi\/\" \/>\n<meta property=\"og:locale\" content=\"es_ES\" \/>\n<meta property=\"og:type\" content=\"article\" \/>\n<meta property=\"og:title\" content=\"Pancha: La historia de la perra que viaja en sampi - Noticias Radio Reflejos\" \/>\n<meta property=\"og:description\" content=\"La comarca tiene historias de color incre\u00edbles, y una de ellas la aporta la mascota de Nicol\u00e1s y el emblema del corral\u00f3n Schumacher.\" \/>\n<meta property=\"og:url\" content=\"https:\/\/www.noticiasradioreflejos.com.ar\/2021\/pancha-la-historia-de-la-perra-que-viaja-en-sampi\/\" \/>\n<meta property=\"og:site_name\" content=\"Noticias Radio Reflejos\" \/>\n<meta property=\"article:published_time\" content=\"2023-09-07T17:48:35+00:00\" \/>\n<meta property=\"article:modified_time\" content=\"2023-09-07T17:52:47+00:00\" \/>\n<meta property=\"og:image\" content=\"https:\/\/www.noticiasradioreflejos.com.ar\/2021\/wp-content\/uploads\/2023\/09\/Pancha-y-Nico-2.jpeg\" \/>\n\t<meta property=\"og:image:width\" content=\"719\" \/>\n\t<meta property=\"og:image:height\" content=\"541\" \/>\n\t<meta property=\"og:image:type\" content=\"image\/jpeg\" \/>\n<meta name=\"author\" content=\"Arnaldo Botto\" \/>\n<meta name=\"twitter:card\" content=\"summary_large_image\" \/>\n<script type=\"application\/ld+json\" class=\"yoast-schema-graph\">{\"@context\":\"https:\/\/schema.org\",\"@graph\":[{\"@type\":\"WebPage\",\"@id\":\"https:\/\/www.noticiasradioreflejos.com.ar\/2021\/pancha-la-historia-de-la-perra-que-viaja-en-sampi\/\",\"url\":\"https:\/\/www.noticiasradioreflejos.com.ar\/2021\/pancha-la-historia-de-la-perra-que-viaja-en-sampi\/\",\"name\":\"Pancha: La historia de la perra que viaja en sampi - Noticias Radio Reflejos\",\"isPartOf\":{\"@id\":\"https:\/\/www.noticiasradioreflejos.com.ar\/2021\/#website\"},\"primaryImageOfPage\":{\"@id\":\"https:\/\/www.noticiasradioreflejos.com.ar\/2021\/pancha-la-historia-de-la-perra-que-viaja-en-sampi\/#primaryimage\"},\"image\":{\"@id\":\"https:\/\/www.noticiasradioreflejos.com.ar\/2021\/pancha-la-historia-de-la-perra-que-viaja-en-sampi\/#primaryimage\"},\"thumbnailUrl\":\"https:\/\/www.noticiasradioreflejos.com.ar\/2021\/wp-content\/uploads\/2023\/09\/Pancha-y-Nico-2.jpeg\",\"datePublished\":\"2023-09-07T17:48:35+00:00\",\"dateModified\":\"2023-09-07T17:52:47+00:00\",\"author\":{\"@id\":\"https:\/\/www.noticiasradioreflejos.com.ar\/2021\/#\/schema\/person\/ad82545263dcc5ec0996818884fd5fb1\"},\"breadcrumb\":{\"@id\":\"https:\/\/www.noticiasradioreflejos.com.ar\/2021\/pancha-la-historia-de-la-perra-que-viaja-en-sampi\/#breadcrumb\"},\"inLanguage\":\"es\",\"potentialAction\":[{\"@type\":\"ReadAction\",\"target\":[\"https:\/\/www.noticiasradioreflejos.com.ar\/2021\/pancha-la-historia-de-la-perra-que-viaja-en-sampi\/\"]}]},{\"@type\":\"ImageObject\",\"inLanguage\":\"es\",\"@id\":\"https:\/\/www.noticiasradioreflejos.com.ar\/2021\/pancha-la-historia-de-la-perra-que-viaja-en-sampi\/#primaryimage\",\"url\":\"https:\/\/www.noticiasradioreflejos.com.ar\/2021\/wp-content\/uploads\/2023\/09\/Pancha-y-Nico-2.jpeg\",\"contentUrl\":\"https:\/\/www.noticiasradioreflejos.com.ar\/2021\/wp-content\/uploads\/2023\/09\/Pancha-y-Nico-2.jpeg\",\"width\":719,\"height\":541},{\"@type\":\"BreadcrumbList\",\"@id\":\"https:\/\/www.noticiasradioreflejos.com.ar\/2021\/pancha-la-historia-de-la-perra-que-viaja-en-sampi\/#breadcrumb\",\"itemListElement\":[{\"@type\":\"ListItem\",\"position\":1,\"name\":\"Portada\",\"item\":\"https:\/\/www.noticiasradioreflejos.com.ar\/2021\/\"},{\"@type\":\"ListItem\",\"position\":2,\"name\":\"Pancha: La historia de la perra que viaja en sampi\"}]},{\"@type\":\"WebSite\",\"@id\":\"https:\/\/www.noticiasradioreflejos.com.ar\/2021\/#website\",\"url\":\"https:\/\/www.noticiasradioreflejos.com.ar\/2021\/\",\"name\":\"Noticias Radio Reflejos\",\"description\":\"Las noticias de mi comarca\",\"potentialAction\":[{\"@type\":\"SearchAction\",\"target\":{\"@type\":\"EntryPoint\",\"urlTemplate\":\"https:\/\/www.noticiasradioreflejos.com.ar\/2021\/?s={search_term_string}\"},\"query-input\":{\"@type\":\"PropertyValueSpecification\",\"valueRequired\":true,\"valueName\":\"search_term_string\"}}],\"inLanguage\":\"es\"},{\"@type\":\"Person\",\"@id\":\"https:\/\/www.noticiasradioreflejos.com.ar\/2021\/#\/schema\/person\/ad82545263dcc5ec0996818884fd5fb1\",\"name\":\"Arnaldo Botto\",\"image\":{\"@type\":\"ImageObject\",\"inLanguage\":\"es\",\"@id\":\"https:\/\/www.noticiasradioreflejos.com.ar\/2021\/#\/schema\/person\/image\/\",\"url\":\"https:\/\/secure.gravatar.com\/avatar\/55cb5e37c1efa326397366e6974cb338056df65cb50e7d64d1cf314e87504837?s=96&d=mm&r=g\",\"contentUrl\":\"https:\/\/secure.gravatar.com\/avatar\/55cb5e37c1efa326397366e6974cb338056df65cb50e7d64d1cf314e87504837?s=96&d=mm&r=g\",\"caption\":\"Arnaldo Botto\"},\"url\":\"https:\/\/www.noticiasradioreflejos.com.ar\/2021\/author\/arnaldo\/\"}]}<\/script>\n<!-- \/ Yoast SEO plugin. -->","yoast_head_json":{"title":"Pancha: La historia de la perra que viaja en sampi - Noticias Radio Reflejos","robots":{"index":"index","follow":"follow","max-snippet":"max-snippet:-1","max-image-preview":"max-image-preview:large","max-video-preview":"max-video-preview:-1"},"canonical":"https:\/\/www.noticiasradioreflejos.com.ar\/2021\/pancha-la-historia-de-la-perra-que-viaja-en-sampi\/","og_locale":"es_ES","og_type":"article","og_title":"Pancha: La historia de la perra que viaja en sampi - Noticias Radio Reflejos","og_description":"La comarca tiene historias de color incre\u00edbles, y una de ellas la aporta la mascota de Nicol\u00e1s y el emblema del corral\u00f3n Schumacher.","og_url":"https:\/\/www.noticiasradioreflejos.com.ar\/2021\/pancha-la-historia-de-la-perra-que-viaja-en-sampi\/","og_site_name":"Noticias Radio Reflejos","article_published_time":"2023-09-07T17:48:35+00:00","article_modified_time":"2023-09-07T17:52:47+00:00","og_image":[{"width":719,"height":541,"url":"https:\/\/www.noticiasradioreflejos.com.ar\/2021\/wp-content\/uploads\/2023\/09\/Pancha-y-Nico-2.jpeg","type":"image\/jpeg"}],"author":"Arnaldo Botto","twitter_card":"summary_large_image","schema":{"@context":"https:\/\/schema.org","@graph":[{"@type":"WebPage","@id":"https:\/\/www.noticiasradioreflejos.com.ar\/2021\/pancha-la-historia-de-la-perra-que-viaja-en-sampi\/","url":"https:\/\/www.noticiasradioreflejos.com.ar\/2021\/pancha-la-historia-de-la-perra-que-viaja-en-sampi\/","name":"Pancha: La historia de la perra que viaja en sampi - Noticias Radio Reflejos","isPartOf":{"@id":"https:\/\/www.noticiasradioreflejos.com.ar\/2021\/#website"},"primaryImageOfPage":{"@id":"https:\/\/www.noticiasradioreflejos.com.ar\/2021\/pancha-la-historia-de-la-perra-que-viaja-en-sampi\/#primaryimage"},"image":{"@id":"https:\/\/www.noticiasradioreflejos.com.ar\/2021\/pancha-la-historia-de-la-perra-que-viaja-en-sampi\/#primaryimage"},"thumbnailUrl":"https:\/\/www.noticiasradioreflejos.com.ar\/2021\/wp-content\/uploads\/2023\/09\/Pancha-y-Nico-2.jpeg","datePublished":"2023-09-07T17:48:35+00:00","dateModified":"2023-09-07T17:52:47+00:00","author":{"@id":"https:\/\/www.noticiasradioreflejos.com.ar\/2021\/#\/schema\/person\/ad82545263dcc5ec0996818884fd5fb1"},"breadcrumb":{"@id":"https:\/\/www.noticiasradioreflejos.com.ar\/2021\/pancha-la-historia-de-la-perra-que-viaja-en-sampi\/#breadcrumb"},"inLanguage":"es","potentialAction":[{"@type":"ReadAction","target":["https:\/\/www.noticiasradioreflejos.com.ar\/2021\/pancha-la-historia-de-la-perra-que-viaja-en-sampi\/"]}]},{"@type":"ImageObject","inLanguage":"es","@id":"https:\/\/www.noticiasradioreflejos.com.ar\/2021\/pancha-la-historia-de-la-perra-que-viaja-en-sampi\/#primaryimage","url":"https:\/\/www.noticiasradioreflejos.com.ar\/2021\/wp-content\/uploads\/2023\/09\/Pancha-y-Nico-2.jpeg","contentUrl":"https:\/\/www.noticiasradioreflejos.com.ar\/2021\/wp-content\/uploads\/2023\/09\/Pancha-y-Nico-2.jpeg","width":719,"height":541},{"@type":"BreadcrumbList","@id":"https:\/\/www.noticiasradioreflejos.com.ar\/2021\/pancha-la-historia-de-la-perra-que-viaja-en-sampi\/#breadcrumb","itemListElement":[{"@type":"ListItem","position":1,"name":"Portada","item":"https:\/\/www.noticiasradioreflejos.com.ar\/2021\/"},{"@type":"ListItem","position":2,"name":"Pancha: La historia de la perra que viaja en sampi"}]},{"@type":"WebSite","@id":"https:\/\/www.noticiasradioreflejos.com.ar\/2021\/#website","url":"https:\/\/www.noticiasradioreflejos.com.ar\/2021\/","name":"Noticias Radio Reflejos","description":"Las noticias de mi comarca","potentialAction":[{"@type":"SearchAction","target":{"@type":"EntryPoint","urlTemplate":"https:\/\/www.noticiasradioreflejos.com.ar\/2021\/?s={search_term_string}"},"query-input":{"@type":"PropertyValueSpecification","valueRequired":true,"valueName":"search_term_string"}}],"inLanguage":"es"},{"@type":"Person","@id":"https:\/\/www.noticiasradioreflejos.com.ar\/2021\/#\/schema\/person\/ad82545263dcc5ec0996818884fd5fb1","name":"Arnaldo Botto","image":{"@type":"ImageObject","inLanguage":"es","@id":"https:\/\/www.noticiasradioreflejos.com.ar\/2021\/#\/schema\/person\/image\/","url":"https:\/\/secure.gravatar.com\/avatar\/55cb5e37c1efa326397366e6974cb338056df65cb50e7d64d1cf314e87504837?s=96&d=mm&r=g","contentUrl":"https:\/\/secure.gravatar.com\/avatar\/55cb5e37c1efa326397366e6974cb338056df65cb50e7d64d1cf314e87504837?s=96&d=mm&r=g","caption":"Arnaldo Botto"},"url":"https:\/\/www.noticiasradioreflejos.com.ar\/2021\/author\/arnaldo\/"}]}},"_links":{"self":[{"href":"https:\/\/www.noticiasradioreflejos.com.ar\/2021\/wp-json\/wp\/v2\/posts\/92577","targetHints":{"allow":["GET"]}}],"collection":[{"href":"https:\/\/www.noticiasradioreflejos.com.ar\/2021\/wp-json\/wp\/v2\/posts"}],"about":[{"href":"https:\/\/www.noticiasradioreflejos.com.ar\/2021\/wp-json\/wp\/v2\/types\/post"}],"author":[{"embeddable":true,"href":"https:\/\/www.noticiasradioreflejos.com.ar\/2021\/wp-json\/wp\/v2\/users\/3"}],"replies":[{"embeddable":true,"href":"https:\/\/www.noticiasradioreflejos.com.ar\/2021\/wp-json\/wp\/v2\/comments?post=92577"}],"version-history":[{"count":2,"href":"https:\/\/www.noticiasradioreflejos.com.ar\/2021\/wp-json\/wp\/v2\/posts\/92577\/revisions"}],"predecessor-version":[{"id":92580,"href":"https:\/\/www.noticiasradioreflejos.com.ar\/2021\/wp-json\/wp\/v2\/posts\/92577\/revisions\/92580"}],"wp:featuredmedia":[{"embeddable":true,"href":"https:\/\/www.noticiasradioreflejos.com.ar\/2021\/wp-json\/wp\/v2\/media\/92579"}],"wp:attachment":[{"href":"https:\/\/www.noticiasradioreflejos.com.ar\/2021\/wp-json\/wp\/v2\/media?parent=92577"}],"wp:term":[{"taxonomy":"category","embeddable":true,"href":"https:\/\/www.noticiasradioreflejos.com.ar\/2021\/wp-json\/wp\/v2\/categories?post=92577"},{"taxonomy":"post_tag","embeddable":true,"href":"https:\/\/www.noticiasradioreflejos.com.ar\/2021\/wp-json\/wp\/v2\/tags?post=92577"}],"curies":[{"name":"wp","href":"https:\/\/api.w.org\/{rel}","templated":true}]}}