{"id":92571,"date":"2023-09-07T14:51:19","date_gmt":"2023-09-07T14:51:19","guid":{"rendered":"https:\/\/www.noticiasradioreflejos.com.ar\/2021\/?p=92571"},"modified":"2023-09-07T14:51:19","modified_gmt":"2023-09-07T14:51:19","slug":"hoy-no-habra-recoleccion-de-bolsa-verde-en-el-distrito","status":"publish","type":"post","link":"https:\/\/www.noticiasradioreflejos.com.ar\/2021\/hoy-no-habra-recoleccion-de-bolsa-verde-en-el-distrito\/","title":{"rendered":"Hoy no habr\u00e1 recolecci\u00f3n de bolsa verde en el distrito."},"content":{"rendered":"<p>Dadas las condiciones clim\u00e1ticas del d\u00eda de la fecha, la Subsecretaria de Ambiente municipal informa que no se realizar\u00e1 recolecci\u00f3n de bolsa verde en Barrio San Bernardo de Sierra de la Ventana, y tampoco se prestar\u00e1 el servicio en las localidades de Saldungaray y Tornquist.<!--more--><\/p>\n<p>En tal sentido, se comunica que en la ciudad cabecera la recolecci\u00f3n se realizar\u00e1 por excepci\u00f3n, ma\u00f1ana viernes 8; en tanto en Sierra de la Ventana y Saldungaray el servicio se retomar\u00e1 la pr\u00f3xima semana con normalidad.<br \/>\nPor ese motivo, se solicita a los vecinos no sacar los materiales reciclables a la vereda y mantenerlos en sus domicilios.<\/p>\n","protected":false},"excerpt":{"rendered":"<p>Dadas las condiciones clim\u00e1ticas del d\u00eda de la fecha, la Subsecretaria de Ambiente municipal informa que no se realizar\u00e1 recolecci\u00f3n de bolsa verde en Barrio San Bernardo de Sierra de la Ventana, y tampoco se prestar\u00e1 el servicio en las localidades de Saldungaray y Tornquist.<\/p>\n","protected":false},"author":3,"featured_media":92573,"comment_status":"closed","ping_status":"closed","sticky":false,"template":"","format":"standard","meta":{"footnotes":""},"categories":[28],"tags":[],"class_list":["post-92571","post","type-post","status-publish","format-standard","has-post-thumbnail","hentry","category-municipales"],"yoast_head":"<!-- This site is optimized with the Yoast SEO plugin v25.9 - https:\/\/yoast.com\/wordpress\/plugins\/seo\/ -->\n<title>Hoy no habr\u00e1 recolecci\u00f3n de bolsa verde en el distrito. - Noticias Radio Reflejos<\/title>\n<meta name=\"robots\" content=\"index, follow, max-snippet:-1, max-image-preview:large, max-video-preview:-1\" \/>\n<link rel=\"canonical\" href=\"https:\/\/www.noticiasradioreflejos.com.ar\/2021\/hoy-no-habra-recoleccion-de-bolsa-verde-en-el-distrito\/\" \/>\n<meta property=\"og:locale\" content=\"es_ES\" \/>\n<meta property=\"og:type\" content=\"article\" \/>\n<meta property=\"og:title\" content=\"Hoy no habr\u00e1 recolecci\u00f3n de bolsa verde en el distrito. - Noticias Radio Reflejos\" \/>\n<meta property=\"og:description\" content=\"Dadas las condiciones clim\u00e1ticas del d\u00eda de la fecha, la Subsecretaria de Ambiente municipal informa que no se realizar\u00e1 recolecci\u00f3n de bolsa verde en Barrio San Bernardo de Sierra de la Ventana, y tampoco se prestar\u00e1 el servicio en las localidades de Saldungaray y Tornquist.\" \/>\n<meta property=\"og:url\" content=\"https:\/\/www.noticiasradioreflejos.com.ar\/2021\/hoy-no-habra-recoleccion-de-bolsa-verde-en-el-distrito\/\" \/>\n<meta property=\"og:site_name\" content=\"Noticias Radio Reflejos\" \/>\n<meta property=\"article:published_time\" content=\"2023-09-07T14:51:19+00:00\" \/>\n<meta property=\"og:image\" content=\"https:\/\/www.noticiasradioreflejos.com.ar\/2021\/wp-content\/uploads\/2023\/09\/bolsa-verde-acaminar-03.png\" \/>\n\t<meta property=\"og:image:width\" content=\"4095\" \/>\n\t<meta property=\"og:image:height\" content=\"3906\" \/>\n\t<meta property=\"og:image:type\" content=\"image\/png\" \/>\n<meta name=\"author\" content=\"Arnaldo Botto\" \/>\n<meta name=\"twitter:card\" content=\"summary_large_image\" \/>\n<script type=\"application\/ld+json\" class=\"yoast-schema-graph\">{\"@context\":\"https:\/\/schema.org\",\"@graph\":[{\"@type\":\"WebPage\",\"@id\":\"https:\/\/www.noticiasradioreflejos.com.ar\/2021\/hoy-no-habra-recoleccion-de-bolsa-verde-en-el-distrito\/\",\"url\":\"https:\/\/www.noticiasradioreflejos.com.ar\/2021\/hoy-no-habra-recoleccion-de-bolsa-verde-en-el-distrito\/\",\"name\":\"Hoy no habr\u00e1 recolecci\u00f3n de bolsa verde en el distrito. - Noticias Radio Reflejos\",\"isPartOf\":{\"@id\":\"https:\/\/www.noticiasradioreflejos.com.ar\/2021\/#website\"},\"primaryImageOfPage\":{\"@id\":\"https:\/\/www.noticiasradioreflejos.com.ar\/2021\/hoy-no-habra-recoleccion-de-bolsa-verde-en-el-distrito\/#primaryimage\"},\"image\":{\"@id\":\"https:\/\/www.noticiasradioreflejos.com.ar\/2021\/hoy-no-habra-recoleccion-de-bolsa-verde-en-el-distrito\/#primaryimage\"},\"thumbnailUrl\":\"https:\/\/www.noticiasradioreflejos.com.ar\/2021\/wp-content\/uploads\/2023\/09\/bolsa-verde-acaminar-03.png\",\"datePublished\":\"2023-09-07T14:51:19+00:00\",\"author\":{\"@id\":\"https:\/\/www.noticiasradioreflejos.com.ar\/2021\/#\/schema\/person\/ad82545263dcc5ec0996818884fd5fb1\"},\"breadcrumb\":{\"@id\":\"https:\/\/www.noticiasradioreflejos.com.ar\/2021\/hoy-no-habra-recoleccion-de-bolsa-verde-en-el-distrito\/#breadcrumb\"},\"inLanguage\":\"es\",\"potentialAction\":[{\"@type\":\"ReadAction\",\"target\":[\"https:\/\/www.noticiasradioreflejos.com.ar\/2021\/hoy-no-habra-recoleccion-de-bolsa-verde-en-el-distrito\/\"]}]},{\"@type\":\"ImageObject\",\"inLanguage\":\"es\",\"@id\":\"https:\/\/www.noticiasradioreflejos.com.ar\/2021\/hoy-no-habra-recoleccion-de-bolsa-verde-en-el-distrito\/#primaryimage\",\"url\":\"https:\/\/www.noticiasradioreflejos.com.ar\/2021\/wp-content\/uploads\/2023\/09\/bolsa-verde-acaminar-03.png\",\"contentUrl\":\"https:\/\/www.noticiasradioreflejos.com.ar\/2021\/wp-content\/uploads\/2023\/09\/bolsa-verde-acaminar-03.png\",\"width\":4095,\"height\":3906},{\"@type\":\"BreadcrumbList\",\"@id\":\"https:\/\/www.noticiasradioreflejos.com.ar\/2021\/hoy-no-habra-recoleccion-de-bolsa-verde-en-el-distrito\/#breadcrumb\",\"itemListElement\":[{\"@type\":\"ListItem\",\"position\":1,\"name\":\"Portada\",\"item\":\"https:\/\/www.noticiasradioreflejos.com.ar\/2021\/\"},{\"@type\":\"ListItem\",\"position\":2,\"name\":\"Hoy no habr\u00e1 recolecci\u00f3n de bolsa verde en el distrito.\"}]},{\"@type\":\"WebSite\",\"@id\":\"https:\/\/www.noticiasradioreflejos.com.ar\/2021\/#website\",\"url\":\"https:\/\/www.noticiasradioreflejos.com.ar\/2021\/\",\"name\":\"Noticias Radio Reflejos\",\"description\":\"Las noticias de mi comarca\",\"potentialAction\":[{\"@type\":\"SearchAction\",\"target\":{\"@type\":\"EntryPoint\",\"urlTemplate\":\"https:\/\/www.noticiasradioreflejos.com.ar\/2021\/?s={search_term_string}\"},\"query-input\":{\"@type\":\"PropertyValueSpecification\",\"valueRequired\":true,\"valueName\":\"search_term_string\"}}],\"inLanguage\":\"es\"},{\"@type\":\"Person\",\"@id\":\"https:\/\/www.noticiasradioreflejos.com.ar\/2021\/#\/schema\/person\/ad82545263dcc5ec0996818884fd5fb1\",\"name\":\"Arnaldo Botto\",\"image\":{\"@type\":\"ImageObject\",\"inLanguage\":\"es\",\"@id\":\"https:\/\/www.noticiasradioreflejos.com.ar\/2021\/#\/schema\/person\/image\/\",\"url\":\"https:\/\/secure.gravatar.com\/avatar\/55cb5e37c1efa326397366e6974cb338056df65cb50e7d64d1cf314e87504837?s=96&d=mm&r=g\",\"contentUrl\":\"https:\/\/secure.gravatar.com\/avatar\/55cb5e37c1efa326397366e6974cb338056df65cb50e7d64d1cf314e87504837?s=96&d=mm&r=g\",\"caption\":\"Arnaldo Botto\"},\"url\":\"https:\/\/www.noticiasradioreflejos.com.ar\/2021\/author\/arnaldo\/\"}]}<\/script>\n<!-- \/ Yoast SEO plugin. -->","yoast_head_json":{"title":"Hoy no habr\u00e1 recolecci\u00f3n de bolsa verde en el distrito. - Noticias Radio Reflejos","robots":{"index":"index","follow":"follow","max-snippet":"max-snippet:-1","max-image-preview":"max-image-preview:large","max-video-preview":"max-video-preview:-1"},"canonical":"https:\/\/www.noticiasradioreflejos.com.ar\/2021\/hoy-no-habra-recoleccion-de-bolsa-verde-en-el-distrito\/","og_locale":"es_ES","og_type":"article","og_title":"Hoy no habr\u00e1 recolecci\u00f3n de bolsa verde en el distrito. - Noticias Radio Reflejos","og_description":"Dadas las condiciones clim\u00e1ticas del d\u00eda de la fecha, la Subsecretaria de Ambiente municipal informa que no se realizar\u00e1 recolecci\u00f3n de bolsa verde en Barrio San Bernardo de Sierra de la Ventana, y tampoco se prestar\u00e1 el servicio en las localidades de Saldungaray y Tornquist.","og_url":"https:\/\/www.noticiasradioreflejos.com.ar\/2021\/hoy-no-habra-recoleccion-de-bolsa-verde-en-el-distrito\/","og_site_name":"Noticias Radio Reflejos","article_published_time":"2023-09-07T14:51:19+00:00","og_image":[{"width":4095,"height":3906,"url":"https:\/\/www.noticiasradioreflejos.com.ar\/2021\/wp-content\/uploads\/2023\/09\/bolsa-verde-acaminar-03.png","type":"image\/png"}],"author":"Arnaldo Botto","twitter_card":"summary_large_image","schema":{"@context":"https:\/\/schema.org","@graph":[{"@type":"WebPage","@id":"https:\/\/www.noticiasradioreflejos.com.ar\/2021\/hoy-no-habra-recoleccion-de-bolsa-verde-en-el-distrito\/","url":"https:\/\/www.noticiasradioreflejos.com.ar\/2021\/hoy-no-habra-recoleccion-de-bolsa-verde-en-el-distrito\/","name":"Hoy no habr\u00e1 recolecci\u00f3n de bolsa verde en el distrito. - Noticias Radio Reflejos","isPartOf":{"@id":"https:\/\/www.noticiasradioreflejos.com.ar\/2021\/#website"},"primaryImageOfPage":{"@id":"https:\/\/www.noticiasradioreflejos.com.ar\/2021\/hoy-no-habra-recoleccion-de-bolsa-verde-en-el-distrito\/#primaryimage"},"image":{"@id":"https:\/\/www.noticiasradioreflejos.com.ar\/2021\/hoy-no-habra-recoleccion-de-bolsa-verde-en-el-distrito\/#primaryimage"},"thumbnailUrl":"https:\/\/www.noticiasradioreflejos.com.ar\/2021\/wp-content\/uploads\/2023\/09\/bolsa-verde-acaminar-03.png","datePublished":"2023-09-07T14:51:19+00:00","author":{"@id":"https:\/\/www.noticiasradioreflejos.com.ar\/2021\/#\/schema\/person\/ad82545263dcc5ec0996818884fd5fb1"},"breadcrumb":{"@id":"https:\/\/www.noticiasradioreflejos.com.ar\/2021\/hoy-no-habra-recoleccion-de-bolsa-verde-en-el-distrito\/#breadcrumb"},"inLanguage":"es","potentialAction":[{"@type":"ReadAction","target":["https:\/\/www.noticiasradioreflejos.com.ar\/2021\/hoy-no-habra-recoleccion-de-bolsa-verde-en-el-distrito\/"]}]},{"@type":"ImageObject","inLanguage":"es","@id":"https:\/\/www.noticiasradioreflejos.com.ar\/2021\/hoy-no-habra-recoleccion-de-bolsa-verde-en-el-distrito\/#primaryimage","url":"https:\/\/www.noticiasradioreflejos.com.ar\/2021\/wp-content\/uploads\/2023\/09\/bolsa-verde-acaminar-03.png","contentUrl":"https:\/\/www.noticiasradioreflejos.com.ar\/2021\/wp-content\/uploads\/2023\/09\/bolsa-verde-acaminar-03.png","width":4095,"height":3906},{"@type":"BreadcrumbList","@id":"https:\/\/www.noticiasradioreflejos.com.ar\/2021\/hoy-no-habra-recoleccion-de-bolsa-verde-en-el-distrito\/#breadcrumb","itemListElement":[{"@type":"ListItem","position":1,"name":"Portada","item":"https:\/\/www.noticiasradioreflejos.com.ar\/2021\/"},{"@type":"ListItem","position":2,"name":"Hoy no habr\u00e1 recolecci\u00f3n de bolsa verde en el distrito."}]},{"@type":"WebSite","@id":"https:\/\/www.noticiasradioreflejos.com.ar\/2021\/#website","url":"https:\/\/www.noticiasradioreflejos.com.ar\/2021\/","name":"Noticias Radio Reflejos","description":"Las noticias de mi comarca","potentialAction":[{"@type":"SearchAction","target":{"@type":"EntryPoint","urlTemplate":"https:\/\/www.noticiasradioreflejos.com.ar\/2021\/?s={search_term_string}"},"query-input":{"@type":"PropertyValueSpecification","valueRequired":true,"valueName":"search_term_string"}}],"inLanguage":"es"},{"@type":"Person","@id":"https:\/\/www.noticiasradioreflejos.com.ar\/2021\/#\/schema\/person\/ad82545263dcc5ec0996818884fd5fb1","name":"Arnaldo Botto","image":{"@type":"ImageObject","inLanguage":"es","@id":"https:\/\/www.noticiasradioreflejos.com.ar\/2021\/#\/schema\/person\/image\/","url":"https:\/\/secure.gravatar.com\/avatar\/55cb5e37c1efa326397366e6974cb338056df65cb50e7d64d1cf314e87504837?s=96&d=mm&r=g","contentUrl":"https:\/\/secure.gravatar.com\/avatar\/55cb5e37c1efa326397366e6974cb338056df65cb50e7d64d1cf314e87504837?s=96&d=mm&r=g","caption":"Arnaldo Botto"},"url":"https:\/\/www.noticiasradioreflejos.com.ar\/2021\/author\/arnaldo\/"}]}},"_links":{"self":[{"href":"https:\/\/www.noticiasradioreflejos.com.ar\/2021\/wp-json\/wp\/v2\/posts\/92571","targetHints":{"allow":["GET"]}}],"collection":[{"href":"https:\/\/www.noticiasradioreflejos.com.ar\/2021\/wp-json\/wp\/v2\/posts"}],"about":[{"href":"https:\/\/www.noticiasradioreflejos.com.ar\/2021\/wp-json\/wp\/v2\/types\/post"}],"author":[{"embeddable":true,"href":"https:\/\/www.noticiasradioreflejos.com.ar\/2021\/wp-json\/wp\/v2\/users\/3"}],"replies":[{"embeddable":true,"href":"https:\/\/www.noticiasradioreflejos.com.ar\/2021\/wp-json\/wp\/v2\/comments?post=92571"}],"version-history":[{"count":1,"href":"https:\/\/www.noticiasradioreflejos.com.ar\/2021\/wp-json\/wp\/v2\/posts\/92571\/revisions"}],"predecessor-version":[{"id":92576,"href":"https:\/\/www.noticiasradioreflejos.com.ar\/2021\/wp-json\/wp\/v2\/posts\/92571\/revisions\/92576"}],"wp:featuredmedia":[{"embeddable":true,"href":"https:\/\/www.noticiasradioreflejos.com.ar\/2021\/wp-json\/wp\/v2\/media\/92573"}],"wp:attachment":[{"href":"https:\/\/www.noticiasradioreflejos.com.ar\/2021\/wp-json\/wp\/v2\/media?parent=92571"}],"wp:term":[{"taxonomy":"category","embeddable":true,"href":"https:\/\/www.noticiasradioreflejos.com.ar\/2021\/wp-json\/wp\/v2\/categories?post=92571"},{"taxonomy":"post_tag","embeddable":true,"href":"https:\/\/www.noticiasradioreflejos.com.ar\/2021\/wp-json\/wp\/v2\/tags?post=92571"}],"curies":[{"name":"wp","href":"https:\/\/api.w.org\/{rel}","templated":true}]}}