{"id":92528,"date":"2023-09-06T19:59:25","date_gmt":"2023-09-06T19:59:25","guid":{"rendered":"https:\/\/www.noticiasradioreflejos.com.ar\/2021\/?p=92528"},"modified":"2023-09-06T20:03:31","modified_gmt":"2023-09-06T20:03:31","slug":"informe-sobre-situaciones-de-violencia-por-razones-de-genero-en-el-distrito-hasta-agosto-de-2023","status":"publish","type":"post","link":"https:\/\/www.noticiasradioreflejos.com.ar\/2021\/informe-sobre-situaciones-de-violencia-por-razones-de-genero-en-el-distrito-hasta-agosto-de-2023\/","title":{"rendered":"Informe sobre Situaciones de Violencia por Razones de G\u00e9nero en el distrito hasta agosto de 2023"},"content":{"rendered":"<p>El \u00e1rea municipal de Violencia por Razones de G\u00e9nero (VPRG), da a conocer los datos estad\u00edsticos de enero 2022 hasta agosto 2023 del distrito de Tornquist.<!--more--><\/p>\n<p>Durante ese periodo ingresaron 162 situaciones de violencia por razones de g\u00e9nero que fueron registradas en las oficinas de Tornquist y Sierra de la Ventana.<\/p>\n<p><a title=\"Estad\u00edsticas agosto23 - Estad\u00edsticas mayo2\" href=\"https:\/\/www.flickr.com\/photos\/182279889@N02\/53169522590\/in\/dateposted-public\/\" data-flickr-embed=\"true\"><img loading=\"lazy\" decoding=\"async\" src=\"https:\/\/live.staticflickr.com\/65535\/53169522590_ff1f703820_z.jpg\" alt=\"Estad\u00edsticas agosto23 - Estad\u00edsticas mayo2\" width=\"640\" height=\"640\" \/><\/a><script async src=\"\/\/embedr.flickr.com\/assets\/client-code.js\" charset=\"utf-8\"><\/script><\/p>\n<p>Si bien la cantidad de casos que van ingresando est\u00e1 atada a la densidad poblacional de cada localidad del distrito, las ciudades que presentaron nuevos ingresos fueron la localidad cabecera y Sierra de la Ventana<\/p>\n<p><a title=\"Estad\u00edsticas agosto23 - Estad\u00edsticas mayo3\" href=\"https:\/\/www.flickr.com\/photos\/182279889@N02\/53168497792\/in\/dateposted-public\/\" data-flickr-embed=\"true\"><img loading=\"lazy\" decoding=\"async\" src=\"https:\/\/live.staticflickr.com\/65535\/53168497792_4c0fe3dec3_z.jpg\" alt=\"Estad\u00edsticas agosto23 - Estad\u00edsticas mayo3\" width=\"640\" height=\"640\" \/><\/a><script async src=\"\/\/embedr.flickr.com\/assets\/client-code.js\" charset=\"utf-8\"><\/script><\/p>\n<p>Este \u00faltimo mes, se registraron denuncias de violencia psicol\u00f3gica, f\u00edsica, simb\u00f3lica, espacial y econ\u00f3mica.<\/p>\n<p><a title=\"Estad\u00edsticas agosto23 - Estad\u00edsticas mayo4\" href=\"https:\/\/www.flickr.com\/photos\/182279889@N02\/53169522585\/in\/dateposted-public\/\" data-flickr-embed=\"true\"><img loading=\"lazy\" decoding=\"async\" src=\"https:\/\/live.staticflickr.com\/65535\/53169522585_e8c9438060_z.jpg\" alt=\"Estad\u00edsticas agosto23 - Estad\u00edsticas mayo4\" width=\"640\" height=\"640\" \/><\/a><script async src=\"\/\/embedr.flickr.com\/assets\/client-code.js\" charset=\"utf-8\"><\/script><\/p>\n<p>Las violencias registradas tomaron lugar, mayormente, en el \u00e1mbito dom\u00e9stico. Tambi\u00e9n, se registraron situaciones de VPRG en el \u00e1mbito laboral, en los medios de comunicaci\u00f3n y en los espacios p\u00fablicos.<\/p>\n<p><a title=\"Estad\u00edsticas agosto23 - Estad\u00edsticas mayo5\" href=\"https:\/\/www.flickr.com\/photos\/182279889@N02\/53169522565\/in\/dateposted-public\/\" data-flickr-embed=\"true\"><img loading=\"lazy\" decoding=\"async\" src=\"https:\/\/live.staticflickr.com\/65535\/53169522565_01d61726cd_z.jpg\" alt=\"Estad\u00edsticas agosto23 - Estad\u00edsticas mayo5\" width=\"640\" height=\"640\" \/><\/a><script async src=\"\/\/embedr.flickr.com\/assets\/client-code.js\" charset=\"utf-8\"><\/script><\/p>\n<p>El mayor porcentaje de Personas que Ejercen Agresi\u00f3n (PeA) est\u00e1 ocupado por la ex pareja y la pareja actual. Sin embargo, puede considerarse PeA cualquier persona que, en una relaci\u00f3n desigual de poder, ejerce violencia hacia una mujer o una persona LGBTIQ+ por motivos de g\u00e9nero en cualquier \u00e1mbito.<\/p>\n<p><a title=\"Estad\u00edsticas agosto23 - Estad\u00edsticas mayo6\" href=\"https:\/\/www.flickr.com\/photos\/182279889@N02\/53168497812\/in\/dateposted-public\/\" data-flickr-embed=\"true\"><img loading=\"lazy\" decoding=\"async\" src=\"https:\/\/live.staticflickr.com\/65535\/53168497812_c1fe30e9c2_z.jpg\" alt=\"Estad\u00edsticas agosto23 - Estad\u00edsticas mayo6\" width=\"640\" height=\"640\" \/><\/a><script async src=\"\/\/embedr.flickr.com\/assets\/client-code.js\" charset=\"utf-8\"><\/script><\/p>\n<p>De las personas agresoras registradas, el 34 %, son reincidentes. Esto significa que tienen antecedentes de violencia de g\u00e9nero con otras mujeres o con la misma mujer.<\/p>\n<p><a title=\"Estad\u00edsticas agosto23 - Estad\u00edsticas mayo7\" href=\"https:\/\/www.flickr.com\/photos\/182279889@N02\/53168497827\/in\/dateposted-public\/\" data-flickr-embed=\"true\"><img loading=\"lazy\" decoding=\"async\" src=\"https:\/\/live.staticflickr.com\/65535\/53168497827_d1d822165d_z.jpg\" alt=\"Estad\u00edsticas agosto23 - Estad\u00edsticas mayo7\" width=\"640\" height=\"640\" \/><\/a><script async src=\"\/\/embedr.flickr.com\/assets\/client-code.js\" charset=\"utf-8\"><\/script><\/p>\n<p>El 86 % de las situaciones ingresadas en las oficinas cuenta con denuncia formal radicada en Comisar\u00eda de la Mujer y Familia de Tornquist. Cabe destacar que las situaciones de violencia no denunciadas son abordadas de igual manera que las que s\u00ed.<\/p>\n<p>Asimismo, existen muchas otras situaciones que est\u00e1n siendo abordadas por ambos equipos interdisciplinarios, pero ingresaron en a\u00f1os anteriores y no est\u00e1n comprendidas dentro de estas estad\u00edsticas. Hay m\u00e1s de 240 mujeres que est\u00e1n siendo acompa\u00f1adas por los equipos desde que se inauguraron las oficinas.<\/p>\n<p>Que estos n\u00fameros crezcan, no significa que haya \u201cm\u00e1s violencia\u201d, sino que hay muchas m\u00e1s situaciones de violencia que se pudieron registrar y, por lo tanto, intervenir.<\/p>\n<p><em>Si sufr\u00eds violencia por razones de g\u00e9nero o conoces a alguna persona que est\u00e9 en esta situaci\u00f3n, podes comunicarte con nuestro equipo para que te asesoremos sobre qu\u00e9 podes hacer.<\/em><\/p>\n<p><strong>Tornquist y todo el distrito:<br \/>\nVentura Picado 111, Tornquist<br \/>\nHorario de atenci\u00f3n: 7 a 12hs<br \/>\nTel. 2915759320<\/strong><\/p>\n<p>Sierra de la Ventana y Saldungaray:<br \/>\nRoca 145, Sierra de la Ventana<br \/>\nHorario de atenci\u00f3n: 13 a 18hs<br \/>\nTel. 2915759315<\/p>\n","protected":false},"excerpt":{"rendered":"<p>El \u00e1rea municipal de Violencia por Razones de G\u00e9nero (VPRG), da a conocer los datos estad\u00edsticos de enero 2022 hasta agosto 2023 del distrito de Tornquist.<\/p>\n","protected":false},"author":3,"featured_media":0,"comment_status":"closed","ping_status":"closed","sticky":false,"template":"","format":"standard","meta":{"footnotes":""},"categories":[28],"tags":[],"class_list":["post-92528","post","type-post","status-publish","format-standard","hentry","category-municipales"],"yoast_head":"<!-- This site is optimized with the Yoast SEO plugin v25.9 - https:\/\/yoast.com\/wordpress\/plugins\/seo\/ -->\n<title>Informe sobre Situaciones de Violencia por Razones de G\u00e9nero en el distrito hasta agosto de 2023 - Noticias Radio Reflejos<\/title>\n<meta name=\"robots\" content=\"index, follow, max-snippet:-1, max-image-preview:large, max-video-preview:-1\" \/>\n<link rel=\"canonical\" href=\"https:\/\/www.noticiasradioreflejos.com.ar\/2021\/informe-sobre-situaciones-de-violencia-por-razones-de-genero-en-el-distrito-hasta-agosto-de-2023\/\" \/>\n<meta property=\"og:locale\" content=\"es_ES\" \/>\n<meta property=\"og:type\" content=\"article\" \/>\n<meta property=\"og:title\" content=\"Informe sobre Situaciones de Violencia por Razones de G\u00e9nero en el distrito hasta agosto de 2023 - Noticias Radio Reflejos\" \/>\n<meta property=\"og:description\" content=\"El \u00e1rea municipal de Violencia por Razones de G\u00e9nero (VPRG), da a conocer los datos estad\u00edsticos de enero 2022 hasta agosto 2023 del distrito de Tornquist.\" \/>\n<meta property=\"og:url\" content=\"https:\/\/www.noticiasradioreflejos.com.ar\/2021\/informe-sobre-situaciones-de-violencia-por-razones-de-genero-en-el-distrito-hasta-agosto-de-2023\/\" \/>\n<meta property=\"og:site_name\" content=\"Noticias Radio Reflejos\" \/>\n<meta property=\"article:published_time\" content=\"2023-09-06T19:59:25+00:00\" \/>\n<meta property=\"article:modified_time\" content=\"2023-09-06T20:03:31+00:00\" \/>\n<meta property=\"og:image\" content=\"https:\/\/live.staticflickr.com\/65535\/53169522590_ff1f703820_z.jpg\" \/>\n<meta name=\"author\" content=\"Arnaldo Botto\" \/>\n<meta name=\"twitter:card\" content=\"summary_large_image\" \/>\n<script type=\"application\/ld+json\" class=\"yoast-schema-graph\">{\"@context\":\"https:\/\/schema.org\",\"@graph\":[{\"@type\":\"WebPage\",\"@id\":\"https:\/\/www.noticiasradioreflejos.com.ar\/2021\/informe-sobre-situaciones-de-violencia-por-razones-de-genero-en-el-distrito-hasta-agosto-de-2023\/\",\"url\":\"https:\/\/www.noticiasradioreflejos.com.ar\/2021\/informe-sobre-situaciones-de-violencia-por-razones-de-genero-en-el-distrito-hasta-agosto-de-2023\/\",\"name\":\"Informe sobre Situaciones de Violencia por Razones de G\u00e9nero en el distrito hasta agosto de 2023 - Noticias Radio Reflejos\",\"isPartOf\":{\"@id\":\"https:\/\/www.noticiasradioreflejos.com.ar\/2021\/#website\"},\"primaryImageOfPage\":{\"@id\":\"https:\/\/www.noticiasradioreflejos.com.ar\/2021\/informe-sobre-situaciones-de-violencia-por-razones-de-genero-en-el-distrito-hasta-agosto-de-2023\/#primaryimage\"},\"image\":{\"@id\":\"https:\/\/www.noticiasradioreflejos.com.ar\/2021\/informe-sobre-situaciones-de-violencia-por-razones-de-genero-en-el-distrito-hasta-agosto-de-2023\/#primaryimage\"},\"thumbnailUrl\":\"https:\/\/live.staticflickr.com\/65535\/53169522590_ff1f703820_z.jpg\",\"datePublished\":\"2023-09-06T19:59:25+00:00\",\"dateModified\":\"2023-09-06T20:03:31+00:00\",\"author\":{\"@id\":\"https:\/\/www.noticiasradioreflejos.com.ar\/2021\/#\/schema\/person\/ad82545263dcc5ec0996818884fd5fb1\"},\"breadcrumb\":{\"@id\":\"https:\/\/www.noticiasradioreflejos.com.ar\/2021\/informe-sobre-situaciones-de-violencia-por-razones-de-genero-en-el-distrito-hasta-agosto-de-2023\/#breadcrumb\"},\"inLanguage\":\"es\",\"potentialAction\":[{\"@type\":\"ReadAction\",\"target\":[\"https:\/\/www.noticiasradioreflejos.com.ar\/2021\/informe-sobre-situaciones-de-violencia-por-razones-de-genero-en-el-distrito-hasta-agosto-de-2023\/\"]}]},{\"@type\":\"ImageObject\",\"inLanguage\":\"es\",\"@id\":\"https:\/\/www.noticiasradioreflejos.com.ar\/2021\/informe-sobre-situaciones-de-violencia-por-razones-de-genero-en-el-distrito-hasta-agosto-de-2023\/#primaryimage\",\"url\":\"https:\/\/live.staticflickr.com\/65535\/53169522590_ff1f703820_z.jpg\",\"contentUrl\":\"https:\/\/live.staticflickr.com\/65535\/53169522590_ff1f703820_z.jpg\"},{\"@type\":\"BreadcrumbList\",\"@id\":\"https:\/\/www.noticiasradioreflejos.com.ar\/2021\/informe-sobre-situaciones-de-violencia-por-razones-de-genero-en-el-distrito-hasta-agosto-de-2023\/#breadcrumb\",\"itemListElement\":[{\"@type\":\"ListItem\",\"position\":1,\"name\":\"Portada\",\"item\":\"https:\/\/www.noticiasradioreflejos.com.ar\/2021\/\"},{\"@type\":\"ListItem\",\"position\":2,\"name\":\"Informe sobre Situaciones de Violencia por Razones de G\u00e9nero en el distrito hasta agosto de 2023\"}]},{\"@type\":\"WebSite\",\"@id\":\"https:\/\/www.noticiasradioreflejos.com.ar\/2021\/#website\",\"url\":\"https:\/\/www.noticiasradioreflejos.com.ar\/2021\/\",\"name\":\"Noticias Radio Reflejos\",\"description\":\"Las noticias de mi comarca\",\"potentialAction\":[{\"@type\":\"SearchAction\",\"target\":{\"@type\":\"EntryPoint\",\"urlTemplate\":\"https:\/\/www.noticiasradioreflejos.com.ar\/2021\/?s={search_term_string}\"},\"query-input\":{\"@type\":\"PropertyValueSpecification\",\"valueRequired\":true,\"valueName\":\"search_term_string\"}}],\"inLanguage\":\"es\"},{\"@type\":\"Person\",\"@id\":\"https:\/\/www.noticiasradioreflejos.com.ar\/2021\/#\/schema\/person\/ad82545263dcc5ec0996818884fd5fb1\",\"name\":\"Arnaldo Botto\",\"image\":{\"@type\":\"ImageObject\",\"inLanguage\":\"es\",\"@id\":\"https:\/\/www.noticiasradioreflejos.com.ar\/2021\/#\/schema\/person\/image\/\",\"url\":\"https:\/\/secure.gravatar.com\/avatar\/55cb5e37c1efa326397366e6974cb338056df65cb50e7d64d1cf314e87504837?s=96&d=mm&r=g\",\"contentUrl\":\"https:\/\/secure.gravatar.com\/avatar\/55cb5e37c1efa326397366e6974cb338056df65cb50e7d64d1cf314e87504837?s=96&d=mm&r=g\",\"caption\":\"Arnaldo Botto\"},\"url\":\"https:\/\/www.noticiasradioreflejos.com.ar\/2021\/author\/arnaldo\/\"}]}<\/script>\n<!-- \/ Yoast SEO plugin. -->","yoast_head_json":{"title":"Informe sobre Situaciones de Violencia por Razones de G\u00e9nero en el distrito hasta agosto de 2023 - Noticias Radio Reflejos","robots":{"index":"index","follow":"follow","max-snippet":"max-snippet:-1","max-image-preview":"max-image-preview:large","max-video-preview":"max-video-preview:-1"},"canonical":"https:\/\/www.noticiasradioreflejos.com.ar\/2021\/informe-sobre-situaciones-de-violencia-por-razones-de-genero-en-el-distrito-hasta-agosto-de-2023\/","og_locale":"es_ES","og_type":"article","og_title":"Informe sobre Situaciones de Violencia por Razones de G\u00e9nero en el distrito hasta agosto de 2023 - Noticias Radio Reflejos","og_description":"El \u00e1rea municipal de Violencia por Razones de G\u00e9nero (VPRG), da a conocer los datos estad\u00edsticos de enero 2022 hasta agosto 2023 del distrito de Tornquist.","og_url":"https:\/\/www.noticiasradioreflejos.com.ar\/2021\/informe-sobre-situaciones-de-violencia-por-razones-de-genero-en-el-distrito-hasta-agosto-de-2023\/","og_site_name":"Noticias Radio Reflejos","article_published_time":"2023-09-06T19:59:25+00:00","article_modified_time":"2023-09-06T20:03:31+00:00","og_image":[{"url":"https:\/\/live.staticflickr.com\/65535\/53169522590_ff1f703820_z.jpg","type":"","width":"","height":""}],"author":"Arnaldo Botto","twitter_card":"summary_large_image","schema":{"@context":"https:\/\/schema.org","@graph":[{"@type":"WebPage","@id":"https:\/\/www.noticiasradioreflejos.com.ar\/2021\/informe-sobre-situaciones-de-violencia-por-razones-de-genero-en-el-distrito-hasta-agosto-de-2023\/","url":"https:\/\/www.noticiasradioreflejos.com.ar\/2021\/informe-sobre-situaciones-de-violencia-por-razones-de-genero-en-el-distrito-hasta-agosto-de-2023\/","name":"Informe sobre Situaciones de Violencia por Razones de G\u00e9nero en el distrito hasta agosto de 2023 - Noticias Radio Reflejos","isPartOf":{"@id":"https:\/\/www.noticiasradioreflejos.com.ar\/2021\/#website"},"primaryImageOfPage":{"@id":"https:\/\/www.noticiasradioreflejos.com.ar\/2021\/informe-sobre-situaciones-de-violencia-por-razones-de-genero-en-el-distrito-hasta-agosto-de-2023\/#primaryimage"},"image":{"@id":"https:\/\/www.noticiasradioreflejos.com.ar\/2021\/informe-sobre-situaciones-de-violencia-por-razones-de-genero-en-el-distrito-hasta-agosto-de-2023\/#primaryimage"},"thumbnailUrl":"https:\/\/live.staticflickr.com\/65535\/53169522590_ff1f703820_z.jpg","datePublished":"2023-09-06T19:59:25+00:00","dateModified":"2023-09-06T20:03:31+00:00","author":{"@id":"https:\/\/www.noticiasradioreflejos.com.ar\/2021\/#\/schema\/person\/ad82545263dcc5ec0996818884fd5fb1"},"breadcrumb":{"@id":"https:\/\/www.noticiasradioreflejos.com.ar\/2021\/informe-sobre-situaciones-de-violencia-por-razones-de-genero-en-el-distrito-hasta-agosto-de-2023\/#breadcrumb"},"inLanguage":"es","potentialAction":[{"@type":"ReadAction","target":["https:\/\/www.noticiasradioreflejos.com.ar\/2021\/informe-sobre-situaciones-de-violencia-por-razones-de-genero-en-el-distrito-hasta-agosto-de-2023\/"]}]},{"@type":"ImageObject","inLanguage":"es","@id":"https:\/\/www.noticiasradioreflejos.com.ar\/2021\/informe-sobre-situaciones-de-violencia-por-razones-de-genero-en-el-distrito-hasta-agosto-de-2023\/#primaryimage","url":"https:\/\/live.staticflickr.com\/65535\/53169522590_ff1f703820_z.jpg","contentUrl":"https:\/\/live.staticflickr.com\/65535\/53169522590_ff1f703820_z.jpg"},{"@type":"BreadcrumbList","@id":"https:\/\/www.noticiasradioreflejos.com.ar\/2021\/informe-sobre-situaciones-de-violencia-por-razones-de-genero-en-el-distrito-hasta-agosto-de-2023\/#breadcrumb","itemListElement":[{"@type":"ListItem","position":1,"name":"Portada","item":"https:\/\/www.noticiasradioreflejos.com.ar\/2021\/"},{"@type":"ListItem","position":2,"name":"Informe sobre Situaciones de Violencia por Razones de G\u00e9nero en el distrito hasta agosto de 2023"}]},{"@type":"WebSite","@id":"https:\/\/www.noticiasradioreflejos.com.ar\/2021\/#website","url":"https:\/\/www.noticiasradioreflejos.com.ar\/2021\/","name":"Noticias Radio Reflejos","description":"Las noticias de mi comarca","potentialAction":[{"@type":"SearchAction","target":{"@type":"EntryPoint","urlTemplate":"https:\/\/www.noticiasradioreflejos.com.ar\/2021\/?s={search_term_string}"},"query-input":{"@type":"PropertyValueSpecification","valueRequired":true,"valueName":"search_term_string"}}],"inLanguage":"es"},{"@type":"Person","@id":"https:\/\/www.noticiasradioreflejos.com.ar\/2021\/#\/schema\/person\/ad82545263dcc5ec0996818884fd5fb1","name":"Arnaldo Botto","image":{"@type":"ImageObject","inLanguage":"es","@id":"https:\/\/www.noticiasradioreflejos.com.ar\/2021\/#\/schema\/person\/image\/","url":"https:\/\/secure.gravatar.com\/avatar\/55cb5e37c1efa326397366e6974cb338056df65cb50e7d64d1cf314e87504837?s=96&d=mm&r=g","contentUrl":"https:\/\/secure.gravatar.com\/avatar\/55cb5e37c1efa326397366e6974cb338056df65cb50e7d64d1cf314e87504837?s=96&d=mm&r=g","caption":"Arnaldo Botto"},"url":"https:\/\/www.noticiasradioreflejos.com.ar\/2021\/author\/arnaldo\/"}]}},"_links":{"self":[{"href":"https:\/\/www.noticiasradioreflejos.com.ar\/2021\/wp-json\/wp\/v2\/posts\/92528","targetHints":{"allow":["GET"]}}],"collection":[{"href":"https:\/\/www.noticiasradioreflejos.com.ar\/2021\/wp-json\/wp\/v2\/posts"}],"about":[{"href":"https:\/\/www.noticiasradioreflejos.com.ar\/2021\/wp-json\/wp\/v2\/types\/post"}],"author":[{"embeddable":true,"href":"https:\/\/www.noticiasradioreflejos.com.ar\/2021\/wp-json\/wp\/v2\/users\/3"}],"replies":[{"embeddable":true,"href":"https:\/\/www.noticiasradioreflejos.com.ar\/2021\/wp-json\/wp\/v2\/comments?post=92528"}],"version-history":[{"count":2,"href":"https:\/\/www.noticiasradioreflejos.com.ar\/2021\/wp-json\/wp\/v2\/posts\/92528\/revisions"}],"predecessor-version":[{"id":92536,"href":"https:\/\/www.noticiasradioreflejos.com.ar\/2021\/wp-json\/wp\/v2\/posts\/92528\/revisions\/92536"}],"wp:attachment":[{"href":"https:\/\/www.noticiasradioreflejos.com.ar\/2021\/wp-json\/wp\/v2\/media?parent=92528"}],"wp:term":[{"taxonomy":"category","embeddable":true,"href":"https:\/\/www.noticiasradioreflejos.com.ar\/2021\/wp-json\/wp\/v2\/categories?post=92528"},{"taxonomy":"post_tag","embeddable":true,"href":"https:\/\/www.noticiasradioreflejos.com.ar\/2021\/wp-json\/wp\/v2\/tags?post=92528"}],"curies":[{"name":"wp","href":"https:\/\/api.w.org\/{rel}","templated":true}]}}