{"id":92469,"date":"2023-09-05T15:24:12","date_gmt":"2023-09-05T15:24:12","guid":{"rendered":"https:\/\/www.noticiasradioreflejos.com.ar\/2021\/?p=92469"},"modified":"2023-09-05T15:24:12","modified_gmt":"2023-09-05T15:24:12","slug":"kicillof-anuncio-un-nuevo-prestamo-de-banco-provincia-para-trabajadores-de-la-educacion","status":"publish","type":"post","link":"https:\/\/www.noticiasradioreflejos.com.ar\/2021\/kicillof-anuncio-un-nuevo-prestamo-de-banco-provincia-para-trabajadores-de-la-educacion\/","title":{"rendered":"Kicillof anunci\u00f3 un nuevo pr\u00e9stamo de Banco Provincia para trabajadores de la educaci\u00f3n"},"content":{"rendered":"<p>El gobernador bonaerense, Axel Kicillof, anunci\u00f3 hoy el lanzamiento de una l\u00ednea de pr\u00e9stamos personales del Banco Provincia (Bapro) con un monto m\u00e1ximo de $5 millones, plazos de hasta 36 meses y una tasa fija de 60% anual para trabajadores de la educaci\u00f3n, en el marco del D\u00eda del Maestro que se celebra cada 11 de septiembre.<!--more--><\/p>\n<p>Durante un acto que encabez\u00f3 en Lomas de Zamora, el mandatario provincial anunci\u00f3 la l\u00ednea especial de cr\u00e9ditos para maestros, profesores y auxiliares \u00abpara que en septiembre, mes en que los homenajeamos, puedan acceder a algo de lo que necesitan y tal vez con los ingresos no les alcanza\u00bb.<\/p>\n<p>\u00abAyer anunciamos con los gremios que nos sumamos a lo que lanz\u00f3 el ministro de Econom\u00eda y pr\u00f3ximo presidente, Sergio Massa, que es este bono, esta una suma fija\u00bb, expuso Kicillof y plante\u00f3: \u00abhoy hacemos este anuncio para contribuir a seguir creciendo de manera individual, social, conjunta y colectiva\u00bb.<\/p>\n<p>\u00abTrabajamos para ampliar derechos. Cuando asumimos, el Banco Provincia estaba en condiciones espantosas: no ten\u00eda descuentos de Cuenta DNI, ni prestaba plata a la gente o a las empresas, sino que ten\u00eda a l\u00f3gica de la bicicleta financiera\u00bb, describi\u00f3 el mandatario.<\/p>\n<p>En tanto, fuentes del gobierno detallaron que el financiamiento est\u00e1 dirigido a trabajadores de la educaci\u00f3n de la provincia -personal docente y no docente-, p\u00fablicos y privados, y en cualquiera de sus niveles, que perciben sus haberes en el Bapro.<\/p>\n<p>Las mismas fuentes estimaron que est\u00e1n en condiciones de acceder al beneficio m\u00e1s de 400.000 personas.<\/p>\n<p>Se trata de pr\u00e9stamos de hasta $5 millones, a sola firma (seg\u00fan la calificaci\u00f3n crediticia y el margen de cr\u00e9dito del solicitante), con una tasa fija especial del 60%, a pagar en tres a\u00f1os y cuya cuota no puede afectar m\u00e1s del 35% del ingreso del titular del pr\u00e9stamo.<\/p>\n<p>Desde el Poder Ejecutivo se precis\u00f3 que se podr\u00e1 solicitar desde el 11 de septiembre por homebanking y en todas las sucursales y se especific\u00f3 que, una vez aprobado, el dinero se acredita en la cuenta de la persona en 24 hs si se pide on line y en el momento si se gestiona en forma personal en la sede bancaria.<\/p>\n<p>Se aclar\u00f3 que si el solicitante no tiene una tarjeta de cr\u00e9dito de Banco Provincia, podr\u00e1 acceder a una Visa y\/o Mastercard, con 40% de descuento\u202fen su primera compra en cuotas.<\/p>\n<p>Adem\u00e1s, con la tarjeta se accede al programa de premios \u00abMe Sumo\u00bb en el que se acumulan puntos con cada compra realizada con tarjetas de cr\u00e9dito de Banco Provincia, como tambi\u00e9n brinda la posibilidad de comprar todos los d\u00edas en la tienda online Provincia Compras con promociones que ofrecen hasta 18 cuotas sin inter\u00e9s.<\/p><\/div>\n","protected":false},"excerpt":{"rendered":"<p>El gobernador bonaerense, Axel Kicillof, anunci\u00f3 hoy el lanzamiento de una l\u00ednea de pr\u00e9stamos personales del Banco Provincia (Bapro) con un monto m\u00e1ximo de $5 millones, plazos de hasta 36 meses y una tasa fija de 60% anual para trabajadores de la educaci\u00f3n, en el marco del D\u00eda del Maestro que se celebra cada 11 [&hellip;]<\/p>\n","protected":false},"author":3,"featured_media":83191,"comment_status":"closed","ping_status":"closed","sticky":false,"template":"","format":"standard","meta":{"footnotes":""},"categories":[36,58],"tags":[],"class_list":["post-92469","post","type-post","status-publish","format-standard","has-post-thumbnail","hentry","category-economia","category-gobierno"],"yoast_head":"<!-- This site is optimized with the Yoast SEO plugin v25.9 - https:\/\/yoast.com\/wordpress\/plugins\/seo\/ -->\n<title>Kicillof anunci\u00f3 un nuevo pr\u00e9stamo de Banco Provincia para trabajadores de la educaci\u00f3n - Noticias Radio Reflejos<\/title>\n<meta name=\"robots\" content=\"index, follow, max-snippet:-1, max-image-preview:large, max-video-preview:-1\" \/>\n<link rel=\"canonical\" href=\"https:\/\/www.noticiasradioreflejos.com.ar\/2021\/kicillof-anuncio-un-nuevo-prestamo-de-banco-provincia-para-trabajadores-de-la-educacion\/\" \/>\n<meta property=\"og:locale\" content=\"es_ES\" \/>\n<meta property=\"og:type\" content=\"article\" \/>\n<meta property=\"og:title\" content=\"Kicillof anunci\u00f3 un nuevo pr\u00e9stamo de Banco Provincia para trabajadores de la educaci\u00f3n - Noticias Radio Reflejos\" \/>\n<meta property=\"og:description\" content=\"El gobernador bonaerense, Axel Kicillof, anunci\u00f3 hoy el lanzamiento de una l\u00ednea de pr\u00e9stamos personales del Banco Provincia (Bapro) con un monto m\u00e1ximo de $5 millones, plazos de hasta 36 meses y una tasa fija de 60% anual para trabajadores de la educaci\u00f3n, en el marco del D\u00eda del Maestro que se celebra cada 11 [&hellip;]\" \/>\n<meta property=\"og:url\" content=\"https:\/\/www.noticiasradioreflejos.com.ar\/2021\/kicillof-anuncio-un-nuevo-prestamo-de-banco-provincia-para-trabajadores-de-la-educacion\/\" \/>\n<meta property=\"og:site_name\" content=\"Noticias Radio Reflejos\" \/>\n<meta property=\"article:published_time\" content=\"2023-09-05T15:24:12+00:00\" \/>\n<meta property=\"og:image\" content=\"https:\/\/www.noticiasradioreflejos.com.ar\/2021\/wp-content\/uploads\/2023\/01\/Axel-Kicillof-1-1568x1044-1.jpg\" \/>\n\t<meta property=\"og:image:width\" content=\"1568\" \/>\n\t<meta property=\"og:image:height\" content=\"1044\" \/>\n\t<meta property=\"og:image:type\" content=\"image\/jpeg\" \/>\n<meta name=\"author\" content=\"Arnaldo Botto\" \/>\n<meta name=\"twitter:card\" content=\"summary_large_image\" \/>\n<script type=\"application\/ld+json\" class=\"yoast-schema-graph\">{\"@context\":\"https:\/\/schema.org\",\"@graph\":[{\"@type\":\"WebPage\",\"@id\":\"https:\/\/www.noticiasradioreflejos.com.ar\/2021\/kicillof-anuncio-un-nuevo-prestamo-de-banco-provincia-para-trabajadores-de-la-educacion\/\",\"url\":\"https:\/\/www.noticiasradioreflejos.com.ar\/2021\/kicillof-anuncio-un-nuevo-prestamo-de-banco-provincia-para-trabajadores-de-la-educacion\/\",\"name\":\"Kicillof anunci\u00f3 un nuevo pr\u00e9stamo de Banco Provincia para trabajadores de la educaci\u00f3n - Noticias Radio Reflejos\",\"isPartOf\":{\"@id\":\"https:\/\/www.noticiasradioreflejos.com.ar\/2021\/#website\"},\"primaryImageOfPage\":{\"@id\":\"https:\/\/www.noticiasradioreflejos.com.ar\/2021\/kicillof-anuncio-un-nuevo-prestamo-de-banco-provincia-para-trabajadores-de-la-educacion\/#primaryimage\"},\"image\":{\"@id\":\"https:\/\/www.noticiasradioreflejos.com.ar\/2021\/kicillof-anuncio-un-nuevo-prestamo-de-banco-provincia-para-trabajadores-de-la-educacion\/#primaryimage\"},\"thumbnailUrl\":\"https:\/\/www.noticiasradioreflejos.com.ar\/2021\/wp-content\/uploads\/2023\/01\/Axel-Kicillof-1-1568x1044-1.jpg\",\"datePublished\":\"2023-09-05T15:24:12+00:00\",\"author\":{\"@id\":\"https:\/\/www.noticiasradioreflejos.com.ar\/2021\/#\/schema\/person\/ad82545263dcc5ec0996818884fd5fb1\"},\"breadcrumb\":{\"@id\":\"https:\/\/www.noticiasradioreflejos.com.ar\/2021\/kicillof-anuncio-un-nuevo-prestamo-de-banco-provincia-para-trabajadores-de-la-educacion\/#breadcrumb\"},\"inLanguage\":\"es\",\"potentialAction\":[{\"@type\":\"ReadAction\",\"target\":[\"https:\/\/www.noticiasradioreflejos.com.ar\/2021\/kicillof-anuncio-un-nuevo-prestamo-de-banco-provincia-para-trabajadores-de-la-educacion\/\"]}]},{\"@type\":\"ImageObject\",\"inLanguage\":\"es\",\"@id\":\"https:\/\/www.noticiasradioreflejos.com.ar\/2021\/kicillof-anuncio-un-nuevo-prestamo-de-banco-provincia-para-trabajadores-de-la-educacion\/#primaryimage\",\"url\":\"https:\/\/www.noticiasradioreflejos.com.ar\/2021\/wp-content\/uploads\/2023\/01\/Axel-Kicillof-1-1568x1044-1.jpg\",\"contentUrl\":\"https:\/\/www.noticiasradioreflejos.com.ar\/2021\/wp-content\/uploads\/2023\/01\/Axel-Kicillof-1-1568x1044-1.jpg\",\"width\":1568,\"height\":1044},{\"@type\":\"BreadcrumbList\",\"@id\":\"https:\/\/www.noticiasradioreflejos.com.ar\/2021\/kicillof-anuncio-un-nuevo-prestamo-de-banco-provincia-para-trabajadores-de-la-educacion\/#breadcrumb\",\"itemListElement\":[{\"@type\":\"ListItem\",\"position\":1,\"name\":\"Portada\",\"item\":\"https:\/\/www.noticiasradioreflejos.com.ar\/2021\/\"},{\"@type\":\"ListItem\",\"position\":2,\"name\":\"Kicillof anunci\u00f3 un nuevo pr\u00e9stamo de Banco Provincia para trabajadores de la educaci\u00f3n\"}]},{\"@type\":\"WebSite\",\"@id\":\"https:\/\/www.noticiasradioreflejos.com.ar\/2021\/#website\",\"url\":\"https:\/\/www.noticiasradioreflejos.com.ar\/2021\/\",\"name\":\"Noticias Radio Reflejos\",\"description\":\"Las noticias de mi comarca\",\"potentialAction\":[{\"@type\":\"SearchAction\",\"target\":{\"@type\":\"EntryPoint\",\"urlTemplate\":\"https:\/\/www.noticiasradioreflejos.com.ar\/2021\/?s={search_term_string}\"},\"query-input\":{\"@type\":\"PropertyValueSpecification\",\"valueRequired\":true,\"valueName\":\"search_term_string\"}}],\"inLanguage\":\"es\"},{\"@type\":\"Person\",\"@id\":\"https:\/\/www.noticiasradioreflejos.com.ar\/2021\/#\/schema\/person\/ad82545263dcc5ec0996818884fd5fb1\",\"name\":\"Arnaldo Botto\",\"image\":{\"@type\":\"ImageObject\",\"inLanguage\":\"es\",\"@id\":\"https:\/\/www.noticiasradioreflejos.com.ar\/2021\/#\/schema\/person\/image\/\",\"url\":\"https:\/\/secure.gravatar.com\/avatar\/55cb5e37c1efa326397366e6974cb338056df65cb50e7d64d1cf314e87504837?s=96&d=mm&r=g\",\"contentUrl\":\"https:\/\/secure.gravatar.com\/avatar\/55cb5e37c1efa326397366e6974cb338056df65cb50e7d64d1cf314e87504837?s=96&d=mm&r=g\",\"caption\":\"Arnaldo Botto\"},\"url\":\"https:\/\/www.noticiasradioreflejos.com.ar\/2021\/author\/arnaldo\/\"}]}<\/script>\n<!-- \/ Yoast SEO plugin. -->","yoast_head_json":{"title":"Kicillof anunci\u00f3 un nuevo pr\u00e9stamo de Banco Provincia para trabajadores de la educaci\u00f3n - Noticias Radio Reflejos","robots":{"index":"index","follow":"follow","max-snippet":"max-snippet:-1","max-image-preview":"max-image-preview:large","max-video-preview":"max-video-preview:-1"},"canonical":"https:\/\/www.noticiasradioreflejos.com.ar\/2021\/kicillof-anuncio-un-nuevo-prestamo-de-banco-provincia-para-trabajadores-de-la-educacion\/","og_locale":"es_ES","og_type":"article","og_title":"Kicillof anunci\u00f3 un nuevo pr\u00e9stamo de Banco Provincia para trabajadores de la educaci\u00f3n - Noticias Radio Reflejos","og_description":"El gobernador bonaerense, Axel Kicillof, anunci\u00f3 hoy el lanzamiento de una l\u00ednea de pr\u00e9stamos personales del Banco Provincia (Bapro) con un monto m\u00e1ximo de $5 millones, plazos de hasta 36 meses y una tasa fija de 60% anual para trabajadores de la educaci\u00f3n, en el marco del D\u00eda del Maestro que se celebra cada 11 [&hellip;]","og_url":"https:\/\/www.noticiasradioreflejos.com.ar\/2021\/kicillof-anuncio-un-nuevo-prestamo-de-banco-provincia-para-trabajadores-de-la-educacion\/","og_site_name":"Noticias Radio Reflejos","article_published_time":"2023-09-05T15:24:12+00:00","og_image":[{"width":1568,"height":1044,"url":"https:\/\/www.noticiasradioreflejos.com.ar\/2021\/wp-content\/uploads\/2023\/01\/Axel-Kicillof-1-1568x1044-1.jpg","type":"image\/jpeg"}],"author":"Arnaldo Botto","twitter_card":"summary_large_image","schema":{"@context":"https:\/\/schema.org","@graph":[{"@type":"WebPage","@id":"https:\/\/www.noticiasradioreflejos.com.ar\/2021\/kicillof-anuncio-un-nuevo-prestamo-de-banco-provincia-para-trabajadores-de-la-educacion\/","url":"https:\/\/www.noticiasradioreflejos.com.ar\/2021\/kicillof-anuncio-un-nuevo-prestamo-de-banco-provincia-para-trabajadores-de-la-educacion\/","name":"Kicillof anunci\u00f3 un nuevo pr\u00e9stamo de Banco Provincia para trabajadores de la educaci\u00f3n - Noticias Radio Reflejos","isPartOf":{"@id":"https:\/\/www.noticiasradioreflejos.com.ar\/2021\/#website"},"primaryImageOfPage":{"@id":"https:\/\/www.noticiasradioreflejos.com.ar\/2021\/kicillof-anuncio-un-nuevo-prestamo-de-banco-provincia-para-trabajadores-de-la-educacion\/#primaryimage"},"image":{"@id":"https:\/\/www.noticiasradioreflejos.com.ar\/2021\/kicillof-anuncio-un-nuevo-prestamo-de-banco-provincia-para-trabajadores-de-la-educacion\/#primaryimage"},"thumbnailUrl":"https:\/\/www.noticiasradioreflejos.com.ar\/2021\/wp-content\/uploads\/2023\/01\/Axel-Kicillof-1-1568x1044-1.jpg","datePublished":"2023-09-05T15:24:12+00:00","author":{"@id":"https:\/\/www.noticiasradioreflejos.com.ar\/2021\/#\/schema\/person\/ad82545263dcc5ec0996818884fd5fb1"},"breadcrumb":{"@id":"https:\/\/www.noticiasradioreflejos.com.ar\/2021\/kicillof-anuncio-un-nuevo-prestamo-de-banco-provincia-para-trabajadores-de-la-educacion\/#breadcrumb"},"inLanguage":"es","potentialAction":[{"@type":"ReadAction","target":["https:\/\/www.noticiasradioreflejos.com.ar\/2021\/kicillof-anuncio-un-nuevo-prestamo-de-banco-provincia-para-trabajadores-de-la-educacion\/"]}]},{"@type":"ImageObject","inLanguage":"es","@id":"https:\/\/www.noticiasradioreflejos.com.ar\/2021\/kicillof-anuncio-un-nuevo-prestamo-de-banco-provincia-para-trabajadores-de-la-educacion\/#primaryimage","url":"https:\/\/www.noticiasradioreflejos.com.ar\/2021\/wp-content\/uploads\/2023\/01\/Axel-Kicillof-1-1568x1044-1.jpg","contentUrl":"https:\/\/www.noticiasradioreflejos.com.ar\/2021\/wp-content\/uploads\/2023\/01\/Axel-Kicillof-1-1568x1044-1.jpg","width":1568,"height":1044},{"@type":"BreadcrumbList","@id":"https:\/\/www.noticiasradioreflejos.com.ar\/2021\/kicillof-anuncio-un-nuevo-prestamo-de-banco-provincia-para-trabajadores-de-la-educacion\/#breadcrumb","itemListElement":[{"@type":"ListItem","position":1,"name":"Portada","item":"https:\/\/www.noticiasradioreflejos.com.ar\/2021\/"},{"@type":"ListItem","position":2,"name":"Kicillof anunci\u00f3 un nuevo pr\u00e9stamo de Banco Provincia para trabajadores de la educaci\u00f3n"}]},{"@type":"WebSite","@id":"https:\/\/www.noticiasradioreflejos.com.ar\/2021\/#website","url":"https:\/\/www.noticiasradioreflejos.com.ar\/2021\/","name":"Noticias Radio Reflejos","description":"Las noticias de mi comarca","potentialAction":[{"@type":"SearchAction","target":{"@type":"EntryPoint","urlTemplate":"https:\/\/www.noticiasradioreflejos.com.ar\/2021\/?s={search_term_string}"},"query-input":{"@type":"PropertyValueSpecification","valueRequired":true,"valueName":"search_term_string"}}],"inLanguage":"es"},{"@type":"Person","@id":"https:\/\/www.noticiasradioreflejos.com.ar\/2021\/#\/schema\/person\/ad82545263dcc5ec0996818884fd5fb1","name":"Arnaldo Botto","image":{"@type":"ImageObject","inLanguage":"es","@id":"https:\/\/www.noticiasradioreflejos.com.ar\/2021\/#\/schema\/person\/image\/","url":"https:\/\/secure.gravatar.com\/avatar\/55cb5e37c1efa326397366e6974cb338056df65cb50e7d64d1cf314e87504837?s=96&d=mm&r=g","contentUrl":"https:\/\/secure.gravatar.com\/avatar\/55cb5e37c1efa326397366e6974cb338056df65cb50e7d64d1cf314e87504837?s=96&d=mm&r=g","caption":"Arnaldo Botto"},"url":"https:\/\/www.noticiasradioreflejos.com.ar\/2021\/author\/arnaldo\/"}]}},"_links":{"self":[{"href":"https:\/\/www.noticiasradioreflejos.com.ar\/2021\/wp-json\/wp\/v2\/posts\/92469","targetHints":{"allow":["GET"]}}],"collection":[{"href":"https:\/\/www.noticiasradioreflejos.com.ar\/2021\/wp-json\/wp\/v2\/posts"}],"about":[{"href":"https:\/\/www.noticiasradioreflejos.com.ar\/2021\/wp-json\/wp\/v2\/types\/post"}],"author":[{"embeddable":true,"href":"https:\/\/www.noticiasradioreflejos.com.ar\/2021\/wp-json\/wp\/v2\/users\/3"}],"replies":[{"embeddable":true,"href":"https:\/\/www.noticiasradioreflejos.com.ar\/2021\/wp-json\/wp\/v2\/comments?post=92469"}],"version-history":[{"count":1,"href":"https:\/\/www.noticiasradioreflejos.com.ar\/2021\/wp-json\/wp\/v2\/posts\/92469\/revisions"}],"predecessor-version":[{"id":92470,"href":"https:\/\/www.noticiasradioreflejos.com.ar\/2021\/wp-json\/wp\/v2\/posts\/92469\/revisions\/92470"}],"wp:featuredmedia":[{"embeddable":true,"href":"https:\/\/www.noticiasradioreflejos.com.ar\/2021\/wp-json\/wp\/v2\/media\/83191"}],"wp:attachment":[{"href":"https:\/\/www.noticiasradioreflejos.com.ar\/2021\/wp-json\/wp\/v2\/media?parent=92469"}],"wp:term":[{"taxonomy":"category","embeddable":true,"href":"https:\/\/www.noticiasradioreflejos.com.ar\/2021\/wp-json\/wp\/v2\/categories?post=92469"},{"taxonomy":"post_tag","embeddable":true,"href":"https:\/\/www.noticiasradioreflejos.com.ar\/2021\/wp-json\/wp\/v2\/tags?post=92469"}],"curies":[{"name":"wp","href":"https:\/\/api.w.org\/{rel}","templated":true}]}}