{"id":92453,"date":"2023-09-05T11:54:42","date_gmt":"2023-09-05T11:54:42","guid":{"rendered":"https:\/\/www.noticiasradioreflejos.com.ar\/2021\/?p=92453"},"modified":"2023-09-05T11:56:06","modified_gmt":"2023-09-05T11:56:06","slug":"federico-labarthe-es-una-verguenza-los-desmanejos-que-estan-haciendo-en-el-municipio","status":"publish","type":"post","link":"https:\/\/www.noticiasradioreflejos.com.ar\/2021\/federico-labarthe-es-una-verguenza-los-desmanejos-que-estan-haciendo-en-el-municipio\/","title":{"rendered":"Federico Labarthe: \u201cEs una verg\u00fcenza los desmanejos que est\u00e1n haciendo en el municipio\u201d"},"content":{"rendered":"<div class=\"hnoti\">Fue en la presentaci\u00f3n de lista que se realiz\u00f3 en el comit\u00e9 de la UCR de Tornquist este lunes por la noche.<\/div>\n<p><!--more--><\/p>\n<div class=\"text\">\n<p><strong>Federico Labarthe<\/strong>\u00a0realiz\u00f3 la presentaci\u00f3n de su lista, este lunes por la noche en el comit\u00e9 de la UCR, al que asistieron simpatizantes y allegados, como as\u00ed tambi\u00e9n Sebasti\u00e1n Bassi y Sandra Kifer y partidarios de esas listas que tambi\u00e9n acompa\u00f1aron este lanzamiento.<\/p>\n<p><strong>Manuel Castro<\/strong>\u00a0como presidente del comit\u00e9 y\u00a0<strong>Silvia Pessolani\u00a0<\/strong>realizaron la presentaci\u00f3n de la lista, donde adem\u00e1s habl\u00f3 Elisabeth Nori (Pro), lo hicieron tambi\u00e9n Lucas Pallero, \u00a0Mariela Lencinas y Susana Marcolini.<\/p>\n<p>El discurso de Federico Labarthe, tuvo un fuerte tono que apunt\u00f3 a la situaci\u00f3n que se vivi\u00f3 hace poco con la denuncia de una camioneta adulterada en el municipio que le cost\u00f3 la cabeza a dos funcionarios y a un tercero licenciado.<\/p>\n<p>\u201cSi yo hubiese hecho eso, ustedes me matan a palos, no lo hubiesen dejado pasar ni empedo. Nosotros estamos para cuidar a la sociedad\u201d dispar\u00f3.<\/p>\n<p>\u201cYa lo ven\u00edamos viendo, es una verg\u00fcenza los desmanejos que vienen haciendo, son muy desprolijos y ahora de desprolijos se pasaron a una raya important\u00edsima. Nosotros lo ven\u00edamos marcando y no podemos no decirlo en esta oportunidad\u201d.<\/p>\n<p>\u201cEstoy muy emocionado, me costo arrancar a hablar, es muy lindo ver esto, pero tambi\u00e9n nos llena de responsabilidad saber que tenemos que representar a toda esa gente que est\u00e1 afuera y no tiene voz e incluso hasta las est\u00e1n tratando de hacer callar, esa responsabilidad la hemos asumido y haremos todo lo posible por llevarla el 22 de octubre\u201d.<\/p>\n<p>\u201cHemos intercambiado algunos pareceres y esta semana comenzaremos el trabajo en conjunto, vamos por un trabajo a fondo, visitando todas las localidades, instituciones y decirles que vamos a estar con ellos y que sepan que los voy a atender y acompa\u00f1ar. Las instituciones ayudan al municipio, entonces como no voy a estar acompa\u00f1\u00e1ndolas con apoyo cuando ellas est\u00e1n sosteniendo al egido social tan importante para que una sociedad se desarrolle\u201d.<\/p>\n<p>\u201cA pesar del malestar que tiene la gente, debemos entender que la \u00fanica forma es cambiando y haciendo todos un mea culpa y si se quiere hasta un auto perd\u00f3n, tenemos que auto perdonarnos por todo lo que se hizo y empezar devuelta, no podemos perdonarnos y seguir como si nada\u201d.<\/p>\n<p>\u201cEste cambio, sin un contenido social y pol\u00edtico importante es muy dif\u00edcil llevarlo adelante, por eso tenemos que sentarnos todos los que estamos convencidos que esto as\u00ed no va y discutir este Tornquist que tiene que ir para adelante\u201d. Finaliz\u00f3.<\/p>\n<p><iframe loading=\"lazy\" src=\"https:\/\/w.soundcloud.com\/player\/?url=https%3A\/\/api.soundcloud.com\/tracks\/1608835746&amp;color=%23ff5500&amp;auto_play=false&amp;hide_related=false&amp;show_comments=true&amp;show_user=true&amp;show_reposts=false&amp;show_teaser=true\" width=\"100%\" height=\"166\" frameborder=\"no\" scrolling=\"no\"><\/iframe><\/p>\n<div style=\"font-size: 10px; color: #cccccc; line-break: anywhere; word-break: normal; overflow: hidden; white-space: nowrap; text-overflow: ellipsis; font-family: Interstate,Lucida Grande,Lucida Sans Unicode,Lucida Sans,Garuda,Verdana,Tahoma,sans-serif; font-weight: 100;\"><a style=\"color: #cccccc; text-decoration: none;\" title=\"fmreflejos 103.7\" href=\"https:\/\/soundcloud.com\/fmreflejos-103-7\" target=\"_blank\" rel=\"noopener\">fmreflejos 103.7<\/a> \u00b7 <a style=\"color: #cccccc; text-decoration: none;\" title=\"Palabra - Eli - Nori - 2\" href=\"https:\/\/soundcloud.com\/fmreflejos-103-7\/palabra-eli-nori-2\" target=\"_blank\" rel=\"noopener\">Palabra &#8211; Eli &#8211; Nori &#8211; 2<\/a><\/div>\n<p><iframe loading=\"lazy\" src=\"https:\/\/w.soundcloud.com\/player\/?url=https%3A\/\/api.soundcloud.com\/tracks\/1608835752&amp;color=%23ff5500&amp;auto_play=false&amp;hide_related=false&amp;show_comments=true&amp;show_user=true&amp;show_reposts=false&amp;show_teaser=true\" width=\"100%\" height=\"166\" frameborder=\"no\" scrolling=\"no\"><\/iframe><\/p>\n<div style=\"font-size: 10px; color: #cccccc; line-break: anywhere; word-break: normal; overflow: hidden; white-space: nowrap; text-overflow: ellipsis; font-family: Interstate,Lucida Grande,Lucida Sans Unicode,Lucida Sans,Garuda,Verdana,Tahoma,sans-serif; font-weight: 100;\"><a style=\"color: #cccccc; text-decoration: none;\" title=\"fmreflejos 103.7\" href=\"https:\/\/soundcloud.com\/fmreflejos-103-7\" target=\"_blank\" rel=\"noopener\">fmreflejos 103.7<\/a> \u00b7 <a style=\"color: #cccccc; text-decoration: none;\" title=\"Susana - Marcolini - 2\" href=\"https:\/\/soundcloud.com\/fmreflejos-103-7\/susana-marcolini-2\" target=\"_blank\" rel=\"noopener\">Susana &#8211; Marcolini &#8211; 2<\/a><\/div>\n<p><iframe loading=\"lazy\" src=\"https:\/\/w.soundcloud.com\/player\/?url=https%3A\/\/api.soundcloud.com\/tracks\/1608835737&amp;color=%23ff5500&amp;auto_play=false&amp;hide_related=false&amp;show_comments=true&amp;show_user=true&amp;show_reposts=false&amp;show_teaser=true\" width=\"100%\" height=\"166\" frameborder=\"no\" scrolling=\"no\"><\/iframe><\/p>\n<div style=\"font-size: 10px; color: #cccccc; line-break: anywhere; word-break: normal; overflow: hidden; white-space: nowrap; text-overflow: ellipsis; font-family: Interstate,Lucida Grande,Lucida Sans Unicode,Lucida Sans,Garuda,Verdana,Tahoma,sans-serif; font-weight: 100;\"><a style=\"color: #cccccc; text-decoration: none;\" title=\"fmreflejos 103.7\" href=\"https:\/\/soundcloud.com\/fmreflejos-103-7\" target=\"_blank\" rel=\"noopener\">fmreflejos 103.7<\/a> \u00b7 <a style=\"color: #cccccc; text-decoration: none;\" title=\"Federico - Labarthe dicurso\" href=\"https:\/\/soundcloud.com\/fmreflejos-103-7\/federico-labarthe-8\" target=\"_blank\" rel=\"noopener\">Federico &#8211; Labarthe dicurso<\/a><\/div>\n<p><strong>Nota a Federico Labarthe<\/strong><em><br \/>\n<iframe loading=\"lazy\" src=\"https:\/\/w.soundcloud.com\/player\/?url=https%3A\/\/api.soundcloud.com\/tracks\/1608835278&amp;color=%23ff5500&amp;auto_play=false&amp;hide_related=false&amp;show_comments=true&amp;show_user=true&amp;show_reposts=false&amp;show_teaser=true\" width=\"100%\" height=\"166\" frameborder=\"no\" scrolling=\"no\"><\/iframe><\/em><\/p>\n<div style=\"font-size: 10px; color: #cccccc; line-break: anywhere; word-break: normal; overflow: hidden; white-space: nowrap; text-overflow: ellipsis; font-family: Interstate,Lucida Grande,Lucida Sans Unicode,Lucida Sans,Garuda,Verdana,Tahoma,sans-serif; font-weight: 100;\"><a style=\"color: #cccccc; text-decoration: none;\" title=\"fmreflejos 103.7\" href=\"https:\/\/soundcloud.com\/fmreflejos-103-7\" target=\"_blank\" rel=\"noopener\">fmreflejos 103.7<\/a> \u00b7 <a style=\"color: #cccccc; text-decoration: none;\" title=\"Federico - 1\" href=\"https:\/\/soundcloud.com\/fmreflejos-103-7\/federico-1\" target=\"_blank\" rel=\"noopener\">Federico &#8211; 1<\/a><\/div>\n<p><strong><a href=\"https:\/\/www.facebook.com\/noticastornquist\/posts\/pfbid02VHsrP2U78x3DBJFD2Hk4BpfBqsPoeJkDXbqq8Qoc9FTAoyds8HX2EnopNJngxQCUl\">ALBUM FOTOS<\/a><\/strong><\/p>\n<\/div>\n<p><img decoding=\"async\" src=\"https:\/\/www.noticiastornquist.com.ar\/imagen.php?imagen=2023-09\/dsc0049-1280x768.jpg\" \/><\/p>\n<div><\/div>\n<hr \/>\n<p><img decoding=\"async\" src=\"https:\/\/www.noticiastornquist.com.ar\/imagen.php?imagen=2023-09\/dsc0030-1280x768.jpg\" \/><\/p>\n<div><\/div>\n<hr \/>\n<p><img decoding=\"async\" src=\"https:\/\/www.noticiastornquist.com.ar\/imagen.php?imagen=2023-09\/dsc0048-1280x768.jpg\" \/><\/p>\n<div><\/div>\n<hr \/>\n<p><img decoding=\"async\" src=\"https:\/\/www.noticiastornquist.com.ar\/imagen.php?imagen=2023-09\/dsc0040-1280x768.jpg\" \/><\/p>\n<p><strong>Gentileza Noticias Tornquist<\/strong><\/p>\n","protected":false},"excerpt":{"rendered":"<p>Fue en la presentaci\u00f3n de lista que se realiz\u00f3 en el comit\u00e9 de la UCR de Tornquist este lunes por la noche.<\/p>\n","protected":false},"author":3,"featured_media":92454,"comment_status":"closed","ping_status":"closed","sticky":false,"template":"","format":"standard","meta":{"footnotes":""},"categories":[24],"tags":[48],"class_list":["post-92453","post","type-post","status-publish","format-standard","has-post-thumbnail","hentry","category-politica","tag-destacada"],"yoast_head":"<!-- This site is optimized with the Yoast SEO plugin v25.9 - https:\/\/yoast.com\/wordpress\/plugins\/seo\/ -->\n<title>Federico Labarthe: \u201cEs una verg\u00fcenza los desmanejos que est\u00e1n haciendo en el municipio\u201d - Noticias Radio Reflejos<\/title>\n<meta name=\"robots\" content=\"index, follow, max-snippet:-1, max-image-preview:large, max-video-preview:-1\" \/>\n<link rel=\"canonical\" href=\"https:\/\/www.noticiasradioreflejos.com.ar\/2021\/federico-labarthe-es-una-verguenza-los-desmanejos-que-estan-haciendo-en-el-municipio\/\" \/>\n<meta property=\"og:locale\" content=\"es_ES\" \/>\n<meta property=\"og:type\" content=\"article\" \/>\n<meta property=\"og:title\" content=\"Federico Labarthe: \u201cEs una verg\u00fcenza los desmanejos que est\u00e1n haciendo en el municipio\u201d - Noticias Radio Reflejos\" \/>\n<meta property=\"og:description\" content=\"Fue en la presentaci\u00f3n de lista que se realiz\u00f3 en el comit\u00e9 de la UCR de Tornquist este lunes por la noche.\" \/>\n<meta property=\"og:url\" content=\"https:\/\/www.noticiasradioreflejos.com.ar\/2021\/federico-labarthe-es-una-verguenza-los-desmanejos-que-estan-haciendo-en-el-municipio\/\" \/>\n<meta property=\"og:site_name\" content=\"Noticias Radio Reflejos\" \/>\n<meta property=\"article:published_time\" content=\"2023-09-05T11:54:42+00:00\" \/>\n<meta property=\"article:modified_time\" content=\"2023-09-05T11:56:06+00:00\" \/>\n<meta property=\"og:image\" content=\"https:\/\/www.noticiasradioreflejos.com.ar\/2021\/wp-content\/uploads\/2023\/09\/dsc0030-1280x768.jpg_1600.jpg\" \/>\n\t<meta property=\"og:image:width\" content=\"1600\" \/>\n\t<meta property=\"og:image:height\" content=\"1067\" \/>\n\t<meta property=\"og:image:type\" content=\"image\/jpeg\" \/>\n<meta name=\"author\" content=\"Arnaldo Botto\" \/>\n<meta name=\"twitter:card\" content=\"summary_large_image\" \/>\n<script type=\"application\/ld+json\" class=\"yoast-schema-graph\">{\"@context\":\"https:\/\/schema.org\",\"@graph\":[{\"@type\":\"WebPage\",\"@id\":\"https:\/\/www.noticiasradioreflejos.com.ar\/2021\/federico-labarthe-es-una-verguenza-los-desmanejos-que-estan-haciendo-en-el-municipio\/\",\"url\":\"https:\/\/www.noticiasradioreflejos.com.ar\/2021\/federico-labarthe-es-una-verguenza-los-desmanejos-que-estan-haciendo-en-el-municipio\/\",\"name\":\"Federico Labarthe: \u201cEs una verg\u00fcenza los desmanejos que est\u00e1n haciendo en el municipio\u201d - Noticias Radio Reflejos\",\"isPartOf\":{\"@id\":\"https:\/\/www.noticiasradioreflejos.com.ar\/2021\/#website\"},\"primaryImageOfPage\":{\"@id\":\"https:\/\/www.noticiasradioreflejos.com.ar\/2021\/federico-labarthe-es-una-verguenza-los-desmanejos-que-estan-haciendo-en-el-municipio\/#primaryimage\"},\"image\":{\"@id\":\"https:\/\/www.noticiasradioreflejos.com.ar\/2021\/federico-labarthe-es-una-verguenza-los-desmanejos-que-estan-haciendo-en-el-municipio\/#primaryimage\"},\"thumbnailUrl\":\"https:\/\/www.noticiasradioreflejos.com.ar\/2021\/wp-content\/uploads\/2023\/09\/dsc0030-1280x768.jpg_1600.jpg\",\"datePublished\":\"2023-09-05T11:54:42+00:00\",\"dateModified\":\"2023-09-05T11:56:06+00:00\",\"author\":{\"@id\":\"https:\/\/www.noticiasradioreflejos.com.ar\/2021\/#\/schema\/person\/ad82545263dcc5ec0996818884fd5fb1\"},\"breadcrumb\":{\"@id\":\"https:\/\/www.noticiasradioreflejos.com.ar\/2021\/federico-labarthe-es-una-verguenza-los-desmanejos-que-estan-haciendo-en-el-municipio\/#breadcrumb\"},\"inLanguage\":\"es\",\"potentialAction\":[{\"@type\":\"ReadAction\",\"target\":[\"https:\/\/www.noticiasradioreflejos.com.ar\/2021\/federico-labarthe-es-una-verguenza-los-desmanejos-que-estan-haciendo-en-el-municipio\/\"]}]},{\"@type\":\"ImageObject\",\"inLanguage\":\"es\",\"@id\":\"https:\/\/www.noticiasradioreflejos.com.ar\/2021\/federico-labarthe-es-una-verguenza-los-desmanejos-que-estan-haciendo-en-el-municipio\/#primaryimage\",\"url\":\"https:\/\/www.noticiasradioreflejos.com.ar\/2021\/wp-content\/uploads\/2023\/09\/dsc0030-1280x768.jpg_1600.jpg\",\"contentUrl\":\"https:\/\/www.noticiasradioreflejos.com.ar\/2021\/wp-content\/uploads\/2023\/09\/dsc0030-1280x768.jpg_1600.jpg\",\"width\":1600,\"height\":1067},{\"@type\":\"BreadcrumbList\",\"@id\":\"https:\/\/www.noticiasradioreflejos.com.ar\/2021\/federico-labarthe-es-una-verguenza-los-desmanejos-que-estan-haciendo-en-el-municipio\/#breadcrumb\",\"itemListElement\":[{\"@type\":\"ListItem\",\"position\":1,\"name\":\"Portada\",\"item\":\"https:\/\/www.noticiasradioreflejos.com.ar\/2021\/\"},{\"@type\":\"ListItem\",\"position\":2,\"name\":\"Federico Labarthe: \u201cEs una verg\u00fcenza los desmanejos que est\u00e1n haciendo en el municipio\u201d\"}]},{\"@type\":\"WebSite\",\"@id\":\"https:\/\/www.noticiasradioreflejos.com.ar\/2021\/#website\",\"url\":\"https:\/\/www.noticiasradioreflejos.com.ar\/2021\/\",\"name\":\"Noticias Radio Reflejos\",\"description\":\"Las noticias de mi comarca\",\"potentialAction\":[{\"@type\":\"SearchAction\",\"target\":{\"@type\":\"EntryPoint\",\"urlTemplate\":\"https:\/\/www.noticiasradioreflejos.com.ar\/2021\/?s={search_term_string}\"},\"query-input\":{\"@type\":\"PropertyValueSpecification\",\"valueRequired\":true,\"valueName\":\"search_term_string\"}}],\"inLanguage\":\"es\"},{\"@type\":\"Person\",\"@id\":\"https:\/\/www.noticiasradioreflejos.com.ar\/2021\/#\/schema\/person\/ad82545263dcc5ec0996818884fd5fb1\",\"name\":\"Arnaldo Botto\",\"image\":{\"@type\":\"ImageObject\",\"inLanguage\":\"es\",\"@id\":\"https:\/\/www.noticiasradioreflejos.com.ar\/2021\/#\/schema\/person\/image\/\",\"url\":\"https:\/\/secure.gravatar.com\/avatar\/55cb5e37c1efa326397366e6974cb338056df65cb50e7d64d1cf314e87504837?s=96&d=mm&r=g\",\"contentUrl\":\"https:\/\/secure.gravatar.com\/avatar\/55cb5e37c1efa326397366e6974cb338056df65cb50e7d64d1cf314e87504837?s=96&d=mm&r=g\",\"caption\":\"Arnaldo Botto\"},\"url\":\"https:\/\/www.noticiasradioreflejos.com.ar\/2021\/author\/arnaldo\/\"}]}<\/script>\n<!-- \/ Yoast SEO plugin. -->","yoast_head_json":{"title":"Federico Labarthe: \u201cEs una verg\u00fcenza los desmanejos que est\u00e1n haciendo en el municipio\u201d - Noticias Radio Reflejos","robots":{"index":"index","follow":"follow","max-snippet":"max-snippet:-1","max-image-preview":"max-image-preview:large","max-video-preview":"max-video-preview:-1"},"canonical":"https:\/\/www.noticiasradioreflejos.com.ar\/2021\/federico-labarthe-es-una-verguenza-los-desmanejos-que-estan-haciendo-en-el-municipio\/","og_locale":"es_ES","og_type":"article","og_title":"Federico Labarthe: \u201cEs una verg\u00fcenza los desmanejos que est\u00e1n haciendo en el municipio\u201d - Noticias Radio Reflejos","og_description":"Fue en la presentaci\u00f3n de lista que se realiz\u00f3 en el comit\u00e9 de la UCR de Tornquist este lunes por la noche.","og_url":"https:\/\/www.noticiasradioreflejos.com.ar\/2021\/federico-labarthe-es-una-verguenza-los-desmanejos-que-estan-haciendo-en-el-municipio\/","og_site_name":"Noticias Radio Reflejos","article_published_time":"2023-09-05T11:54:42+00:00","article_modified_time":"2023-09-05T11:56:06+00:00","og_image":[{"width":1600,"height":1067,"url":"https:\/\/www.noticiasradioreflejos.com.ar\/2021\/wp-content\/uploads\/2023\/09\/dsc0030-1280x768.jpg_1600.jpg","type":"image\/jpeg"}],"author":"Arnaldo Botto","twitter_card":"summary_large_image","schema":{"@context":"https:\/\/schema.org","@graph":[{"@type":"WebPage","@id":"https:\/\/www.noticiasradioreflejos.com.ar\/2021\/federico-labarthe-es-una-verguenza-los-desmanejos-que-estan-haciendo-en-el-municipio\/","url":"https:\/\/www.noticiasradioreflejos.com.ar\/2021\/federico-labarthe-es-una-verguenza-los-desmanejos-que-estan-haciendo-en-el-municipio\/","name":"Federico Labarthe: \u201cEs una verg\u00fcenza los desmanejos que est\u00e1n haciendo en el municipio\u201d - Noticias Radio Reflejos","isPartOf":{"@id":"https:\/\/www.noticiasradioreflejos.com.ar\/2021\/#website"},"primaryImageOfPage":{"@id":"https:\/\/www.noticiasradioreflejos.com.ar\/2021\/federico-labarthe-es-una-verguenza-los-desmanejos-que-estan-haciendo-en-el-municipio\/#primaryimage"},"image":{"@id":"https:\/\/www.noticiasradioreflejos.com.ar\/2021\/federico-labarthe-es-una-verguenza-los-desmanejos-que-estan-haciendo-en-el-municipio\/#primaryimage"},"thumbnailUrl":"https:\/\/www.noticiasradioreflejos.com.ar\/2021\/wp-content\/uploads\/2023\/09\/dsc0030-1280x768.jpg_1600.jpg","datePublished":"2023-09-05T11:54:42+00:00","dateModified":"2023-09-05T11:56:06+00:00","author":{"@id":"https:\/\/www.noticiasradioreflejos.com.ar\/2021\/#\/schema\/person\/ad82545263dcc5ec0996818884fd5fb1"},"breadcrumb":{"@id":"https:\/\/www.noticiasradioreflejos.com.ar\/2021\/federico-labarthe-es-una-verguenza-los-desmanejos-que-estan-haciendo-en-el-municipio\/#breadcrumb"},"inLanguage":"es","potentialAction":[{"@type":"ReadAction","target":["https:\/\/www.noticiasradioreflejos.com.ar\/2021\/federico-labarthe-es-una-verguenza-los-desmanejos-que-estan-haciendo-en-el-municipio\/"]}]},{"@type":"ImageObject","inLanguage":"es","@id":"https:\/\/www.noticiasradioreflejos.com.ar\/2021\/federico-labarthe-es-una-verguenza-los-desmanejos-que-estan-haciendo-en-el-municipio\/#primaryimage","url":"https:\/\/www.noticiasradioreflejos.com.ar\/2021\/wp-content\/uploads\/2023\/09\/dsc0030-1280x768.jpg_1600.jpg","contentUrl":"https:\/\/www.noticiasradioreflejos.com.ar\/2021\/wp-content\/uploads\/2023\/09\/dsc0030-1280x768.jpg_1600.jpg","width":1600,"height":1067},{"@type":"BreadcrumbList","@id":"https:\/\/www.noticiasradioreflejos.com.ar\/2021\/federico-labarthe-es-una-verguenza-los-desmanejos-que-estan-haciendo-en-el-municipio\/#breadcrumb","itemListElement":[{"@type":"ListItem","position":1,"name":"Portada","item":"https:\/\/www.noticiasradioreflejos.com.ar\/2021\/"},{"@type":"ListItem","position":2,"name":"Federico Labarthe: \u201cEs una verg\u00fcenza los desmanejos que est\u00e1n haciendo en el municipio\u201d"}]},{"@type":"WebSite","@id":"https:\/\/www.noticiasradioreflejos.com.ar\/2021\/#website","url":"https:\/\/www.noticiasradioreflejos.com.ar\/2021\/","name":"Noticias Radio Reflejos","description":"Las noticias de mi comarca","potentialAction":[{"@type":"SearchAction","target":{"@type":"EntryPoint","urlTemplate":"https:\/\/www.noticiasradioreflejos.com.ar\/2021\/?s={search_term_string}"},"query-input":{"@type":"PropertyValueSpecification","valueRequired":true,"valueName":"search_term_string"}}],"inLanguage":"es"},{"@type":"Person","@id":"https:\/\/www.noticiasradioreflejos.com.ar\/2021\/#\/schema\/person\/ad82545263dcc5ec0996818884fd5fb1","name":"Arnaldo Botto","image":{"@type":"ImageObject","inLanguage":"es","@id":"https:\/\/www.noticiasradioreflejos.com.ar\/2021\/#\/schema\/person\/image\/","url":"https:\/\/secure.gravatar.com\/avatar\/55cb5e37c1efa326397366e6974cb338056df65cb50e7d64d1cf314e87504837?s=96&d=mm&r=g","contentUrl":"https:\/\/secure.gravatar.com\/avatar\/55cb5e37c1efa326397366e6974cb338056df65cb50e7d64d1cf314e87504837?s=96&d=mm&r=g","caption":"Arnaldo Botto"},"url":"https:\/\/www.noticiasradioreflejos.com.ar\/2021\/author\/arnaldo\/"}]}},"_links":{"self":[{"href":"https:\/\/www.noticiasradioreflejos.com.ar\/2021\/wp-json\/wp\/v2\/posts\/92453","targetHints":{"allow":["GET"]}}],"collection":[{"href":"https:\/\/www.noticiasradioreflejos.com.ar\/2021\/wp-json\/wp\/v2\/posts"}],"about":[{"href":"https:\/\/www.noticiasradioreflejos.com.ar\/2021\/wp-json\/wp\/v2\/types\/post"}],"author":[{"embeddable":true,"href":"https:\/\/www.noticiasradioreflejos.com.ar\/2021\/wp-json\/wp\/v2\/users\/3"}],"replies":[{"embeddable":true,"href":"https:\/\/www.noticiasradioreflejos.com.ar\/2021\/wp-json\/wp\/v2\/comments?post=92453"}],"version-history":[{"count":2,"href":"https:\/\/www.noticiasradioreflejos.com.ar\/2021\/wp-json\/wp\/v2\/posts\/92453\/revisions"}],"predecessor-version":[{"id":92456,"href":"https:\/\/www.noticiasradioreflejos.com.ar\/2021\/wp-json\/wp\/v2\/posts\/92453\/revisions\/92456"}],"wp:featuredmedia":[{"embeddable":true,"href":"https:\/\/www.noticiasradioreflejos.com.ar\/2021\/wp-json\/wp\/v2\/media\/92454"}],"wp:attachment":[{"href":"https:\/\/www.noticiasradioreflejos.com.ar\/2021\/wp-json\/wp\/v2\/media?parent=92453"}],"wp:term":[{"taxonomy":"category","embeddable":true,"href":"https:\/\/www.noticiasradioreflejos.com.ar\/2021\/wp-json\/wp\/v2\/categories?post=92453"},{"taxonomy":"post_tag","embeddable":true,"href":"https:\/\/www.noticiasradioreflejos.com.ar\/2021\/wp-json\/wp\/v2\/tags?post=92453"}],"curies":[{"name":"wp","href":"https:\/\/api.w.org\/{rel}","templated":true}]}}