{"id":92450,"date":"2023-09-05T11:30:25","date_gmt":"2023-09-05T11:30:25","guid":{"rendered":"https:\/\/www.noticiasradioreflejos.com.ar\/2021\/?p=92450"},"modified":"2023-09-05T11:30:25","modified_gmt":"2023-09-05T11:30:25","slug":"el-ministerio-de-salud-avanza-en-la-implementacion-de-la-receta-digital-a-nivel-nacional","status":"publish","type":"post","link":"https:\/\/www.noticiasradioreflejos.com.ar\/2021\/el-ministerio-de-salud-avanza-en-la-implementacion-de-la-receta-digital-a-nivel-nacional\/","title":{"rendered":"El Ministerio de Salud avanza en la implementaci\u00f3n de la receta digital a nivel nacional"},"content":{"rendered":"<p>La ministra de Salud, Carla Vizzotti, dio inicio hoy al Conectat\u00f3n, un evento orientado a equipos t\u00e9cnicos con el prop\u00f3sito de avanzar, de manera colaborativa, en la implementaci\u00f3n de una receta digital interoperable a nivel nacional, se inform\u00f3 oficialmente.<!--more--><\/p>\n<p>En el marco de la implementaci\u00f3n de la ley 27.553 de Recetas Electr\u00f3nicas o Digitales, la ministra Vizzotti, abri\u00f3 hoy el encuentro Conectat\u00f3n, que reuni\u00f3 a equipos t\u00e9cnicos en el Ministerio de Ciencia y Tecnolog\u00eda, con el fin de probar los procesos de validaci\u00f3n e interacci\u00f3n entre prescriptores, dispensadores, validadores y pacientes, para seguir avanzando en la implementaci\u00f3n de una receta digital interoperable a nivel nacional, inform\u00f3 un comunicado de la cartera sanitaria.<\/p>\n<p>En esta primera edici\u00f3n, denominada \u00abConectat\u00f3n RDIAr\u00bb, se busc\u00f3 testear en la Gu\u00eda de implementaci\u00f3n de la Receta Digital Interoperable (RDI) las interacciones de los diferentes actores del proyecto con el BUS de interoperabilidad y la interacci\u00f3n de los mismos.<\/p>\n<p>El encuentro cont\u00f3 con la asistencia t\u00e9cnica de los miembros de HL7 Argentina y constituy\u00f3 la primera de las varias interacciones que se prev\u00e9n para seguir avanzando en los contenidos de la gu\u00eda.<\/p>\n<p>\u00abEste encuentro tiene una importancia muy grande porque permite visibilizar el trabajo articulado y con mirada federal de todo un Gobierno\u00bb, dijo Vizzotti, quien remarc\u00f3 que se trata de un desarrollo que \u00abse viene haciendo con las provincias, con los subsectores del sistema de salud y pensando tambi\u00e9n al sector privado como un socio estrat\u00e9gico.<\/p>\n<p>\u00abNosotros pensamos a la salud como un eje de desarrollo. Por eso est\u00e1n sentados en esta mesa el Ministerio de Ciencia y Tecnolog\u00eda; la Secretar\u00eda de Industria y Desarrollo Productivo del Ministerio de Econom\u00eda, pensando incluir a las PyMES, startups y desarrolladores; y la Secretar\u00eda de Innovaci\u00f3n P\u00fablica de la Jefatura de Gabinete que desde el primer d\u00eda viene aportando soluciones\u00bb, manifest\u00f3 Vizzotti, quien agradeci\u00f3 adem\u00e1s el compromiso del equipo de inform\u00e1tica del Ministerio de Salud.<\/p>\n<p>En ese sentido, la titular de la cartera sanitaria realiz\u00f3 un repaso por las acciones llevadas adelante en la implementaci\u00f3n de la Ley de Receta Digital y la Historia de Salud Integrada, que busca centralizar en formato digital la informaci\u00f3n sanitaria de las personas y avanzar de esta manera en la integraci\u00f3n del sistema de salud.<\/p>\n<p>\u00abEl Estado necesita informaci\u00f3n para tomar decisiones. Y esa informaci\u00f3n tiene que tener trazabilidad, confidencialidad, y sobre todo tiene que tener ciberseguridad\u00bb, explic\u00f3 la ministra.<\/p>\n<p>\u00abCon mucho trabajo, consenso y marcos normativos, estamos haciendo que estas tecnolog\u00edas e innovaciones se transformen en realidades posibles. El objetivo es generar herramientas seguras, interoperables, que mejoren el trabajo de los equipos de salud y puedan hacer m\u00e1s f\u00e1cil la vida de la gente\u00bb, sintetiz\u00f3 la funcionaria.<\/p>\n<p>En ese marco, el subsecretario de Integraci\u00f3n de los Sistemas y Atenci\u00f3n Primaria, Fabi\u00e1n Puratich, inform\u00f3 el avance alcanzado con la Historia de Salud Integrada, que ya se est\u00e1 implementando en ocho provincias con la participaci\u00f3n de m\u00e1s de 600 efectores.<\/p>\n<p>A su vez, el funcionario valor\u00f3 el trabajo realizado por la Universidad del Centro y del Instituto Pladema, quienes lideran el desarrollo de la herramienta. \u00abRealmente se ha ido avanzando para que la salud digital sea la estrategia de la integraci\u00f3n de los sistemas de salud y para que estas pol\u00edticas p\u00fablicas, que realmente son muy necesarias, faciliten much\u00edsimo la vida de la gente\u00bb, afirm\u00f3.<\/p>\n<p>\u00abEsta medida es un hito para nuestro pa\u00eds, tiene que ver con la salud, con el empleo, con el conocimiento. Todo esto hace al desarrollo. Estamos viendo un nuevo ejemplo de la articulaci\u00f3n virtuosa entre las distintas \u00e1reas del sector p\u00fablico, el sector privado, las universidades y el acervo cient\u00edfico-tecnol\u00f3gico para crecer y poner en valor la industria nacional y el trabajo argentino\u00bb, dijo, a su turno, el secretario de Industria y Desarrollo Productivo, Jos\u00e9 Ignacio de Mendiguren.<\/p>\n<p>Por su parte, la secretaria de Innovaci\u00f3n P\u00fablica de la Jefatura de Gabinete de Ministros, Micaela S\u00e1nchez Malcolm, indic\u00f3 que \u00abla interoperabilidad garantiza la posibilidad de cooperar, de interactuar, de generar servicios que sean eficientes, transparentes y seguros. Servicios que nos garanticen que, estemos donde estemos, podamos integrarnos con soluciones que les permitan a las y los ciudadanos acceder a mejores servicios en relaci\u00f3n con la salud, la educaci\u00f3n y la conectividad.<\/p>\n<p>En febrero pasado, mediante Decreto 98\/2023 el Gobierno nacional reglament\u00f3 la ley 27.553 de Recetas Electr\u00f3nicas o Digitales, que tiene por objeto permitir que la prescripci\u00f3n y dispensa de medicamentos y toda otra indicaci\u00f3n puedan ser elaboradas digitalmente en todo el territorio nacional.<\/p>\n<p>En este marco, la implementaci\u00f3n de los servicios que permitan la comunicaci\u00f3n entre los diferentes actores del ecosistema se est\u00e1n poniendo en marcha de manera gradual, por lo que para avanzar en su consistencia y efectividad, se planific\u00f3 el encuentro Conectat\u00f3n como evento de comunicaci\u00f3n y prueba de los procesos de validaci\u00f3n e interacci\u00f3n entre los prescriptores, dispensadores, validadores y pacientes, abund\u00f3 el comunicado del Ministerio de Salud.<\/p>\n<p>La jornada tuvo como objetivos principales presentar y consensuar el proceso de Receta Digital Interoperable; revisar las interacciones propuestas para el proyecto y la Gu\u00eda de Implementaci\u00f3n planteada; probar en vivo las interacciones propuestas en la gu\u00eda, enriquecer su contenido y generar redes de contacto y colaboraci\u00f3n entre los actores del campo de la salud digital.<\/p>\n<p>Por parte del Ministerio de Salud, tambi\u00e9n formaron parte del encuentro el secretario de Calidad en Salud, Alejandro Collia; la subsecretaria de Articulaci\u00f3n Federal, Ver\u00f3nica De Cristofaro; y el subsecretario de Calidad, Regulaci\u00f3n y Fiscalizaci\u00f3n, Claudio Ortiz.<\/p>\n","protected":false},"excerpt":{"rendered":"<p>La ministra de Salud, Carla Vizzotti, dio inicio hoy al Conectat\u00f3n, un evento orientado a equipos t\u00e9cnicos con el prop\u00f3sito de avanzar, de manera colaborativa, en la implementaci\u00f3n de una receta digital interoperable a nivel nacional, se inform\u00f3 oficialmente.<\/p>\n","protected":false},"author":3,"featured_media":0,"comment_status":"closed","ping_status":"closed","sticky":false,"template":"","format":"standard","meta":{"footnotes":""},"categories":[58,24,30],"tags":[],"class_list":["post-92450","post","type-post","status-publish","format-standard","hentry","category-gobierno","category-politica","category-salud"],"yoast_head":"<!-- This site is optimized with the Yoast SEO plugin v25.9 - https:\/\/yoast.com\/wordpress\/plugins\/seo\/ -->\n<title>El Ministerio de Salud avanza en la implementaci\u00f3n de la receta digital a nivel nacional - Noticias Radio Reflejos<\/title>\n<meta name=\"robots\" content=\"index, follow, max-snippet:-1, max-image-preview:large, max-video-preview:-1\" \/>\n<link rel=\"canonical\" href=\"https:\/\/www.noticiasradioreflejos.com.ar\/2021\/el-ministerio-de-salud-avanza-en-la-implementacion-de-la-receta-digital-a-nivel-nacional\/\" \/>\n<meta property=\"og:locale\" content=\"es_ES\" \/>\n<meta property=\"og:type\" content=\"article\" \/>\n<meta property=\"og:title\" content=\"El Ministerio de Salud avanza en la implementaci\u00f3n de la receta digital a nivel nacional - Noticias Radio Reflejos\" \/>\n<meta property=\"og:description\" content=\"La ministra de Salud, Carla Vizzotti, dio inicio hoy al Conectat\u00f3n, un evento orientado a equipos t\u00e9cnicos con el prop\u00f3sito de avanzar, de manera colaborativa, en la implementaci\u00f3n de una receta digital interoperable a nivel nacional, se inform\u00f3 oficialmente.\" \/>\n<meta property=\"og:url\" content=\"https:\/\/www.noticiasradioreflejos.com.ar\/2021\/el-ministerio-de-salud-avanza-en-la-implementacion-de-la-receta-digital-a-nivel-nacional\/\" \/>\n<meta property=\"og:site_name\" content=\"Noticias Radio Reflejos\" \/>\n<meta property=\"article:published_time\" content=\"2023-09-05T11:30:25+00:00\" \/>\n<meta property=\"og:image\" content=\"https:\/\/www.noticiasradioreflejos.com.ar\/2021\/wp-content\/uploads\/2021\/07\/logosol300x200.png\" \/>\n\t<meta property=\"og:image:width\" content=\"300\" \/>\n\t<meta property=\"og:image:height\" content=\"200\" \/>\n\t<meta property=\"og:image:type\" content=\"image\/png\" \/>\n<meta name=\"author\" content=\"Arnaldo Botto\" \/>\n<meta name=\"twitter:card\" content=\"summary_large_image\" \/>\n<script type=\"application\/ld+json\" class=\"yoast-schema-graph\">{\"@context\":\"https:\/\/schema.org\",\"@graph\":[{\"@type\":\"WebPage\",\"@id\":\"https:\/\/www.noticiasradioreflejos.com.ar\/2021\/el-ministerio-de-salud-avanza-en-la-implementacion-de-la-receta-digital-a-nivel-nacional\/\",\"url\":\"https:\/\/www.noticiasradioreflejos.com.ar\/2021\/el-ministerio-de-salud-avanza-en-la-implementacion-de-la-receta-digital-a-nivel-nacional\/\",\"name\":\"El Ministerio de Salud avanza en la implementaci\u00f3n de la receta digital a nivel nacional - Noticias Radio Reflejos\",\"isPartOf\":{\"@id\":\"https:\/\/www.noticiasradioreflejos.com.ar\/2021\/#website\"},\"datePublished\":\"2023-09-05T11:30:25+00:00\",\"author\":{\"@id\":\"https:\/\/www.noticiasradioreflejos.com.ar\/2021\/#\/schema\/person\/ad82545263dcc5ec0996818884fd5fb1\"},\"breadcrumb\":{\"@id\":\"https:\/\/www.noticiasradioreflejos.com.ar\/2021\/el-ministerio-de-salud-avanza-en-la-implementacion-de-la-receta-digital-a-nivel-nacional\/#breadcrumb\"},\"inLanguage\":\"es\",\"potentialAction\":[{\"@type\":\"ReadAction\",\"target\":[\"https:\/\/www.noticiasradioreflejos.com.ar\/2021\/el-ministerio-de-salud-avanza-en-la-implementacion-de-la-receta-digital-a-nivel-nacional\/\"]}]},{\"@type\":\"BreadcrumbList\",\"@id\":\"https:\/\/www.noticiasradioreflejos.com.ar\/2021\/el-ministerio-de-salud-avanza-en-la-implementacion-de-la-receta-digital-a-nivel-nacional\/#breadcrumb\",\"itemListElement\":[{\"@type\":\"ListItem\",\"position\":1,\"name\":\"Portada\",\"item\":\"https:\/\/www.noticiasradioreflejos.com.ar\/2021\/\"},{\"@type\":\"ListItem\",\"position\":2,\"name\":\"El Ministerio de Salud avanza en la implementaci\u00f3n de la receta digital a nivel nacional\"}]},{\"@type\":\"WebSite\",\"@id\":\"https:\/\/www.noticiasradioreflejos.com.ar\/2021\/#website\",\"url\":\"https:\/\/www.noticiasradioreflejos.com.ar\/2021\/\",\"name\":\"Noticias Radio Reflejos\",\"description\":\"Las noticias de mi comarca\",\"potentialAction\":[{\"@type\":\"SearchAction\",\"target\":{\"@type\":\"EntryPoint\",\"urlTemplate\":\"https:\/\/www.noticiasradioreflejos.com.ar\/2021\/?s={search_term_string}\"},\"query-input\":{\"@type\":\"PropertyValueSpecification\",\"valueRequired\":true,\"valueName\":\"search_term_string\"}}],\"inLanguage\":\"es\"},{\"@type\":\"Person\",\"@id\":\"https:\/\/www.noticiasradioreflejos.com.ar\/2021\/#\/schema\/person\/ad82545263dcc5ec0996818884fd5fb1\",\"name\":\"Arnaldo Botto\",\"image\":{\"@type\":\"ImageObject\",\"inLanguage\":\"es\",\"@id\":\"https:\/\/www.noticiasradioreflejos.com.ar\/2021\/#\/schema\/person\/image\/\",\"url\":\"https:\/\/secure.gravatar.com\/avatar\/55cb5e37c1efa326397366e6974cb338056df65cb50e7d64d1cf314e87504837?s=96&d=mm&r=g\",\"contentUrl\":\"https:\/\/secure.gravatar.com\/avatar\/55cb5e37c1efa326397366e6974cb338056df65cb50e7d64d1cf314e87504837?s=96&d=mm&r=g\",\"caption\":\"Arnaldo Botto\"},\"url\":\"https:\/\/www.noticiasradioreflejos.com.ar\/2021\/author\/arnaldo\/\"}]}<\/script>\n<!-- \/ Yoast SEO plugin. -->","yoast_head_json":{"title":"El Ministerio de Salud avanza en la implementaci\u00f3n de la receta digital a nivel nacional - Noticias Radio Reflejos","robots":{"index":"index","follow":"follow","max-snippet":"max-snippet:-1","max-image-preview":"max-image-preview:large","max-video-preview":"max-video-preview:-1"},"canonical":"https:\/\/www.noticiasradioreflejos.com.ar\/2021\/el-ministerio-de-salud-avanza-en-la-implementacion-de-la-receta-digital-a-nivel-nacional\/","og_locale":"es_ES","og_type":"article","og_title":"El Ministerio de Salud avanza en la implementaci\u00f3n de la receta digital a nivel nacional - Noticias Radio Reflejos","og_description":"La ministra de Salud, Carla Vizzotti, dio inicio hoy al Conectat\u00f3n, un evento orientado a equipos t\u00e9cnicos con el prop\u00f3sito de avanzar, de manera colaborativa, en la implementaci\u00f3n de una receta digital interoperable a nivel nacional, se inform\u00f3 oficialmente.","og_url":"https:\/\/www.noticiasradioreflejos.com.ar\/2021\/el-ministerio-de-salud-avanza-en-la-implementacion-de-la-receta-digital-a-nivel-nacional\/","og_site_name":"Noticias Radio Reflejos","article_published_time":"2023-09-05T11:30:25+00:00","og_image":[{"width":300,"height":200,"url":"https:\/\/www.noticiasradioreflejos.com.ar\/2021\/wp-content\/uploads\/2021\/07\/logosol300x200.png","type":"image\/png"}],"author":"Arnaldo Botto","twitter_card":"summary_large_image","schema":{"@context":"https:\/\/schema.org","@graph":[{"@type":"WebPage","@id":"https:\/\/www.noticiasradioreflejos.com.ar\/2021\/el-ministerio-de-salud-avanza-en-la-implementacion-de-la-receta-digital-a-nivel-nacional\/","url":"https:\/\/www.noticiasradioreflejos.com.ar\/2021\/el-ministerio-de-salud-avanza-en-la-implementacion-de-la-receta-digital-a-nivel-nacional\/","name":"El Ministerio de Salud avanza en la implementaci\u00f3n de la receta digital a nivel nacional - Noticias Radio Reflejos","isPartOf":{"@id":"https:\/\/www.noticiasradioreflejos.com.ar\/2021\/#website"},"datePublished":"2023-09-05T11:30:25+00:00","author":{"@id":"https:\/\/www.noticiasradioreflejos.com.ar\/2021\/#\/schema\/person\/ad82545263dcc5ec0996818884fd5fb1"},"breadcrumb":{"@id":"https:\/\/www.noticiasradioreflejos.com.ar\/2021\/el-ministerio-de-salud-avanza-en-la-implementacion-de-la-receta-digital-a-nivel-nacional\/#breadcrumb"},"inLanguage":"es","potentialAction":[{"@type":"ReadAction","target":["https:\/\/www.noticiasradioreflejos.com.ar\/2021\/el-ministerio-de-salud-avanza-en-la-implementacion-de-la-receta-digital-a-nivel-nacional\/"]}]},{"@type":"BreadcrumbList","@id":"https:\/\/www.noticiasradioreflejos.com.ar\/2021\/el-ministerio-de-salud-avanza-en-la-implementacion-de-la-receta-digital-a-nivel-nacional\/#breadcrumb","itemListElement":[{"@type":"ListItem","position":1,"name":"Portada","item":"https:\/\/www.noticiasradioreflejos.com.ar\/2021\/"},{"@type":"ListItem","position":2,"name":"El Ministerio de Salud avanza en la implementaci\u00f3n de la receta digital a nivel nacional"}]},{"@type":"WebSite","@id":"https:\/\/www.noticiasradioreflejos.com.ar\/2021\/#website","url":"https:\/\/www.noticiasradioreflejos.com.ar\/2021\/","name":"Noticias Radio Reflejos","description":"Las noticias de mi comarca","potentialAction":[{"@type":"SearchAction","target":{"@type":"EntryPoint","urlTemplate":"https:\/\/www.noticiasradioreflejos.com.ar\/2021\/?s={search_term_string}"},"query-input":{"@type":"PropertyValueSpecification","valueRequired":true,"valueName":"search_term_string"}}],"inLanguage":"es"},{"@type":"Person","@id":"https:\/\/www.noticiasradioreflejos.com.ar\/2021\/#\/schema\/person\/ad82545263dcc5ec0996818884fd5fb1","name":"Arnaldo Botto","image":{"@type":"ImageObject","inLanguage":"es","@id":"https:\/\/www.noticiasradioreflejos.com.ar\/2021\/#\/schema\/person\/image\/","url":"https:\/\/secure.gravatar.com\/avatar\/55cb5e37c1efa326397366e6974cb338056df65cb50e7d64d1cf314e87504837?s=96&d=mm&r=g","contentUrl":"https:\/\/secure.gravatar.com\/avatar\/55cb5e37c1efa326397366e6974cb338056df65cb50e7d64d1cf314e87504837?s=96&d=mm&r=g","caption":"Arnaldo Botto"},"url":"https:\/\/www.noticiasradioreflejos.com.ar\/2021\/author\/arnaldo\/"}]}},"_links":{"self":[{"href":"https:\/\/www.noticiasradioreflejos.com.ar\/2021\/wp-json\/wp\/v2\/posts\/92450","targetHints":{"allow":["GET"]}}],"collection":[{"href":"https:\/\/www.noticiasradioreflejos.com.ar\/2021\/wp-json\/wp\/v2\/posts"}],"about":[{"href":"https:\/\/www.noticiasradioreflejos.com.ar\/2021\/wp-json\/wp\/v2\/types\/post"}],"author":[{"embeddable":true,"href":"https:\/\/www.noticiasradioreflejos.com.ar\/2021\/wp-json\/wp\/v2\/users\/3"}],"replies":[{"embeddable":true,"href":"https:\/\/www.noticiasradioreflejos.com.ar\/2021\/wp-json\/wp\/v2\/comments?post=92450"}],"version-history":[{"count":1,"href":"https:\/\/www.noticiasradioreflejos.com.ar\/2021\/wp-json\/wp\/v2\/posts\/92450\/revisions"}],"predecessor-version":[{"id":92452,"href":"https:\/\/www.noticiasradioreflejos.com.ar\/2021\/wp-json\/wp\/v2\/posts\/92450\/revisions\/92452"}],"wp:attachment":[{"href":"https:\/\/www.noticiasradioreflejos.com.ar\/2021\/wp-json\/wp\/v2\/media?parent=92450"}],"wp:term":[{"taxonomy":"category","embeddable":true,"href":"https:\/\/www.noticiasradioreflejos.com.ar\/2021\/wp-json\/wp\/v2\/categories?post=92450"},{"taxonomy":"post_tag","embeddable":true,"href":"https:\/\/www.noticiasradioreflejos.com.ar\/2021\/wp-json\/wp\/v2\/tags?post=92450"}],"curies":[{"name":"wp","href":"https:\/\/api.w.org\/{rel}","templated":true}]}}