{"id":92447,"date":"2023-09-05T11:02:57","date_gmt":"2023-09-05T11:02:57","guid":{"rendered":"https:\/\/www.noticiasradioreflejos.com.ar\/2021\/?p=92447"},"modified":"2023-09-05T11:02:57","modified_gmt":"2023-09-05T11:02:57","slug":"defensoria-bonaerense-resolvio-81-de-reclamos-por-internet-cable-y-telefonia-en-el-primer-semestre","status":"publish","type":"post","link":"https:\/\/www.noticiasradioreflejos.com.ar\/2021\/defensoria-bonaerense-resolvio-81-de-reclamos-por-internet-cable-y-telefonia-en-el-primer-semestre\/","title":{"rendered":"Defensor\u00eda bonaerense resolvi\u00f3 81% de reclamos por internet, cable y telefon\u00eda en el primer semestre"},"content":{"rendered":"<p>La Defensor\u00eda del Pueblo de la provincia de Buenos Aires cerr\u00f3 el primer semestre del a\u00f1o con un 81% de los reclamos por internet, cable y telefon\u00eda solucionados, se inform\u00f3 en un comunicado.<!--more--><\/p>\n<p>El organismo que conduce Guido Lorenzino mostr\u00f3 un alto nivel de respuesta ante estos inconvenientes, cuyo total se complet\u00f3 con un 14% de los casos derivados para que sean resueltos en otros \u00e1mbitos y apenas un 5% de los cuales no encontr\u00f3 soluci\u00f3n.<\/p>\n<p>La Defensor\u00eda toma estas quejas y los divide en tres grandes grupos: por problemas con el servicio t\u00e9cnico, que incluyen desde entrega de modem defectuoso, fallas en el servicio, instalaci\u00f3n sin \u00e9xito; por servicio comercial, que engloba el no otorgar la baja, errores con la facturaci\u00f3n; y otros inconvenientes que abarcan, por ejemplo, postes mal ubicados o que se hayan ca\u00eddo y que afecten la prestaci\u00f3n.<\/p>\n<p>De estos grupos, los reclamos por servicio comercial se solucionaron en un 86%; mientras que los vinculados al servicio t\u00e9cnico en un 77%; y los pertenecientes al tercer grupo se resolvieron en su totalidad.<\/p>\n<p>Desde el \u00e1rea de Consumidores y Usuarios de la Defensor\u00eda explicaron que una vez recibido el reclamo se lo analiza, se comunica con la empresa en b\u00fasqueda de una soluci\u00f3n y, en caso de no obtener respuesta positiva, se env\u00eda un oficio para para expresar la disconformidad y exigir un arreglo definitivo al problema.<\/p>\n<p>Para realizar una consulta o reclamo pod\u00e9s comunicarte con la Defensor\u00eda todos los d\u00edas las 24 horas, a trav\u00e9s del WhatsApp +54 9 221 358-1323; de la l\u00ednea gratuita 0800-222-5262; por redes sociales: @defensoriaPBA; y tambi\u00e9n por la p\u00e1gina web www.defensorba.org.ar.<\/p>\n","protected":false},"excerpt":{"rendered":"<p>La Defensor\u00eda del Pueblo de la provincia de Buenos Aires cerr\u00f3 el primer semestre del a\u00f1o con un 81% de los reclamos por internet, cable y telefon\u00eda solucionados, se inform\u00f3 en un comunicado.<\/p>\n","protected":false},"author":3,"featured_media":92448,"comment_status":"closed","ping_status":"closed","sticky":false,"template":"","format":"standard","meta":{"footnotes":""},"categories":[26],"tags":[],"class_list":["post-92447","post","type-post","status-publish","format-standard","has-post-thumbnail","hentry","category-sociedad"],"yoast_head":"<!-- This site is optimized with the Yoast SEO plugin v25.9 - https:\/\/yoast.com\/wordpress\/plugins\/seo\/ -->\n<title>Defensor\u00eda bonaerense resolvi\u00f3 81% de reclamos por internet, cable y telefon\u00eda en el primer semestre - Noticias Radio Reflejos<\/title>\n<meta name=\"robots\" content=\"index, follow, max-snippet:-1, max-image-preview:large, max-video-preview:-1\" \/>\n<link rel=\"canonical\" href=\"https:\/\/www.noticiasradioreflejos.com.ar\/2021\/defensoria-bonaerense-resolvio-81-de-reclamos-por-internet-cable-y-telefonia-en-el-primer-semestre\/\" \/>\n<meta property=\"og:locale\" content=\"es_ES\" \/>\n<meta property=\"og:type\" content=\"article\" \/>\n<meta property=\"og:title\" content=\"Defensor\u00eda bonaerense resolvi\u00f3 81% de reclamos por internet, cable y telefon\u00eda en el primer semestre - Noticias Radio Reflejos\" \/>\n<meta property=\"og:description\" content=\"La Defensor\u00eda del Pueblo de la provincia de Buenos Aires cerr\u00f3 el primer semestre del a\u00f1o con un 81% de los reclamos por internet, cable y telefon\u00eda solucionados, se inform\u00f3 en un comunicado.\" \/>\n<meta property=\"og:url\" content=\"https:\/\/www.noticiasradioreflejos.com.ar\/2021\/defensoria-bonaerense-resolvio-81-de-reclamos-por-internet-cable-y-telefonia-en-el-primer-semestre\/\" \/>\n<meta property=\"og:site_name\" content=\"Noticias Radio Reflejos\" \/>\n<meta property=\"article:published_time\" content=\"2023-09-05T11:02:57+00:00\" \/>\n<meta property=\"og:image\" content=\"https:\/\/www.noticiasradioreflejos.com.ar\/2021\/wp-content\/uploads\/2023\/09\/defensoria.jpg\" \/>\n\t<meta property=\"og:image:width\" content=\"880\" \/>\n\t<meta property=\"og:image:height\" content=\"493\" \/>\n\t<meta property=\"og:image:type\" content=\"image\/jpeg\" \/>\n<meta name=\"author\" content=\"Arnaldo Botto\" \/>\n<meta name=\"twitter:card\" content=\"summary_large_image\" \/>\n<script type=\"application\/ld+json\" class=\"yoast-schema-graph\">{\"@context\":\"https:\/\/schema.org\",\"@graph\":[{\"@type\":\"WebPage\",\"@id\":\"https:\/\/www.noticiasradioreflejos.com.ar\/2021\/defensoria-bonaerense-resolvio-81-de-reclamos-por-internet-cable-y-telefonia-en-el-primer-semestre\/\",\"url\":\"https:\/\/www.noticiasradioreflejos.com.ar\/2021\/defensoria-bonaerense-resolvio-81-de-reclamos-por-internet-cable-y-telefonia-en-el-primer-semestre\/\",\"name\":\"Defensor\u00eda bonaerense resolvi\u00f3 81% de reclamos por internet, cable y telefon\u00eda en el primer semestre - Noticias Radio Reflejos\",\"isPartOf\":{\"@id\":\"https:\/\/www.noticiasradioreflejos.com.ar\/2021\/#website\"},\"primaryImageOfPage\":{\"@id\":\"https:\/\/www.noticiasradioreflejos.com.ar\/2021\/defensoria-bonaerense-resolvio-81-de-reclamos-por-internet-cable-y-telefonia-en-el-primer-semestre\/#primaryimage\"},\"image\":{\"@id\":\"https:\/\/www.noticiasradioreflejos.com.ar\/2021\/defensoria-bonaerense-resolvio-81-de-reclamos-por-internet-cable-y-telefonia-en-el-primer-semestre\/#primaryimage\"},\"thumbnailUrl\":\"https:\/\/www.noticiasradioreflejos.com.ar\/2021\/wp-content\/uploads\/2023\/09\/defensoria.jpg\",\"datePublished\":\"2023-09-05T11:02:57+00:00\",\"author\":{\"@id\":\"https:\/\/www.noticiasradioreflejos.com.ar\/2021\/#\/schema\/person\/ad82545263dcc5ec0996818884fd5fb1\"},\"breadcrumb\":{\"@id\":\"https:\/\/www.noticiasradioreflejos.com.ar\/2021\/defensoria-bonaerense-resolvio-81-de-reclamos-por-internet-cable-y-telefonia-en-el-primer-semestre\/#breadcrumb\"},\"inLanguage\":\"es\",\"potentialAction\":[{\"@type\":\"ReadAction\",\"target\":[\"https:\/\/www.noticiasradioreflejos.com.ar\/2021\/defensoria-bonaerense-resolvio-81-de-reclamos-por-internet-cable-y-telefonia-en-el-primer-semestre\/\"]}]},{\"@type\":\"ImageObject\",\"inLanguage\":\"es\",\"@id\":\"https:\/\/www.noticiasradioreflejos.com.ar\/2021\/defensoria-bonaerense-resolvio-81-de-reclamos-por-internet-cable-y-telefonia-en-el-primer-semestre\/#primaryimage\",\"url\":\"https:\/\/www.noticiasradioreflejos.com.ar\/2021\/wp-content\/uploads\/2023\/09\/defensoria.jpg\",\"contentUrl\":\"https:\/\/www.noticiasradioreflejos.com.ar\/2021\/wp-content\/uploads\/2023\/09\/defensoria.jpg\",\"width\":880,\"height\":493},{\"@type\":\"BreadcrumbList\",\"@id\":\"https:\/\/www.noticiasradioreflejos.com.ar\/2021\/defensoria-bonaerense-resolvio-81-de-reclamos-por-internet-cable-y-telefonia-en-el-primer-semestre\/#breadcrumb\",\"itemListElement\":[{\"@type\":\"ListItem\",\"position\":1,\"name\":\"Portada\",\"item\":\"https:\/\/www.noticiasradioreflejos.com.ar\/2021\/\"},{\"@type\":\"ListItem\",\"position\":2,\"name\":\"Defensor\u00eda bonaerense resolvi\u00f3 81% de reclamos por internet, cable y telefon\u00eda en el primer semestre\"}]},{\"@type\":\"WebSite\",\"@id\":\"https:\/\/www.noticiasradioreflejos.com.ar\/2021\/#website\",\"url\":\"https:\/\/www.noticiasradioreflejos.com.ar\/2021\/\",\"name\":\"Noticias Radio Reflejos\",\"description\":\"Las noticias de mi comarca\",\"potentialAction\":[{\"@type\":\"SearchAction\",\"target\":{\"@type\":\"EntryPoint\",\"urlTemplate\":\"https:\/\/www.noticiasradioreflejos.com.ar\/2021\/?s={search_term_string}\"},\"query-input\":{\"@type\":\"PropertyValueSpecification\",\"valueRequired\":true,\"valueName\":\"search_term_string\"}}],\"inLanguage\":\"es\"},{\"@type\":\"Person\",\"@id\":\"https:\/\/www.noticiasradioreflejos.com.ar\/2021\/#\/schema\/person\/ad82545263dcc5ec0996818884fd5fb1\",\"name\":\"Arnaldo Botto\",\"image\":{\"@type\":\"ImageObject\",\"inLanguage\":\"es\",\"@id\":\"https:\/\/www.noticiasradioreflejos.com.ar\/2021\/#\/schema\/person\/image\/\",\"url\":\"https:\/\/secure.gravatar.com\/avatar\/55cb5e37c1efa326397366e6974cb338056df65cb50e7d64d1cf314e87504837?s=96&d=mm&r=g\",\"contentUrl\":\"https:\/\/secure.gravatar.com\/avatar\/55cb5e37c1efa326397366e6974cb338056df65cb50e7d64d1cf314e87504837?s=96&d=mm&r=g\",\"caption\":\"Arnaldo Botto\"},\"url\":\"https:\/\/www.noticiasradioreflejos.com.ar\/2021\/author\/arnaldo\/\"}]}<\/script>\n<!-- \/ Yoast SEO plugin. -->","yoast_head_json":{"title":"Defensor\u00eda bonaerense resolvi\u00f3 81% de reclamos por internet, cable y telefon\u00eda en el primer semestre - Noticias Radio Reflejos","robots":{"index":"index","follow":"follow","max-snippet":"max-snippet:-1","max-image-preview":"max-image-preview:large","max-video-preview":"max-video-preview:-1"},"canonical":"https:\/\/www.noticiasradioreflejos.com.ar\/2021\/defensoria-bonaerense-resolvio-81-de-reclamos-por-internet-cable-y-telefonia-en-el-primer-semestre\/","og_locale":"es_ES","og_type":"article","og_title":"Defensor\u00eda bonaerense resolvi\u00f3 81% de reclamos por internet, cable y telefon\u00eda en el primer semestre - Noticias Radio Reflejos","og_description":"La Defensor\u00eda del Pueblo de la provincia de Buenos Aires cerr\u00f3 el primer semestre del a\u00f1o con un 81% de los reclamos por internet, cable y telefon\u00eda solucionados, se inform\u00f3 en un comunicado.","og_url":"https:\/\/www.noticiasradioreflejos.com.ar\/2021\/defensoria-bonaerense-resolvio-81-de-reclamos-por-internet-cable-y-telefonia-en-el-primer-semestre\/","og_site_name":"Noticias Radio Reflejos","article_published_time":"2023-09-05T11:02:57+00:00","og_image":[{"width":880,"height":493,"url":"https:\/\/www.noticiasradioreflejos.com.ar\/2021\/wp-content\/uploads\/2023\/09\/defensoria.jpg","type":"image\/jpeg"}],"author":"Arnaldo Botto","twitter_card":"summary_large_image","schema":{"@context":"https:\/\/schema.org","@graph":[{"@type":"WebPage","@id":"https:\/\/www.noticiasradioreflejos.com.ar\/2021\/defensoria-bonaerense-resolvio-81-de-reclamos-por-internet-cable-y-telefonia-en-el-primer-semestre\/","url":"https:\/\/www.noticiasradioreflejos.com.ar\/2021\/defensoria-bonaerense-resolvio-81-de-reclamos-por-internet-cable-y-telefonia-en-el-primer-semestre\/","name":"Defensor\u00eda bonaerense resolvi\u00f3 81% de reclamos por internet, cable y telefon\u00eda en el primer semestre - Noticias Radio Reflejos","isPartOf":{"@id":"https:\/\/www.noticiasradioreflejos.com.ar\/2021\/#website"},"primaryImageOfPage":{"@id":"https:\/\/www.noticiasradioreflejos.com.ar\/2021\/defensoria-bonaerense-resolvio-81-de-reclamos-por-internet-cable-y-telefonia-en-el-primer-semestre\/#primaryimage"},"image":{"@id":"https:\/\/www.noticiasradioreflejos.com.ar\/2021\/defensoria-bonaerense-resolvio-81-de-reclamos-por-internet-cable-y-telefonia-en-el-primer-semestre\/#primaryimage"},"thumbnailUrl":"https:\/\/www.noticiasradioreflejos.com.ar\/2021\/wp-content\/uploads\/2023\/09\/defensoria.jpg","datePublished":"2023-09-05T11:02:57+00:00","author":{"@id":"https:\/\/www.noticiasradioreflejos.com.ar\/2021\/#\/schema\/person\/ad82545263dcc5ec0996818884fd5fb1"},"breadcrumb":{"@id":"https:\/\/www.noticiasradioreflejos.com.ar\/2021\/defensoria-bonaerense-resolvio-81-de-reclamos-por-internet-cable-y-telefonia-en-el-primer-semestre\/#breadcrumb"},"inLanguage":"es","potentialAction":[{"@type":"ReadAction","target":["https:\/\/www.noticiasradioreflejos.com.ar\/2021\/defensoria-bonaerense-resolvio-81-de-reclamos-por-internet-cable-y-telefonia-en-el-primer-semestre\/"]}]},{"@type":"ImageObject","inLanguage":"es","@id":"https:\/\/www.noticiasradioreflejos.com.ar\/2021\/defensoria-bonaerense-resolvio-81-de-reclamos-por-internet-cable-y-telefonia-en-el-primer-semestre\/#primaryimage","url":"https:\/\/www.noticiasradioreflejos.com.ar\/2021\/wp-content\/uploads\/2023\/09\/defensoria.jpg","contentUrl":"https:\/\/www.noticiasradioreflejos.com.ar\/2021\/wp-content\/uploads\/2023\/09\/defensoria.jpg","width":880,"height":493},{"@type":"BreadcrumbList","@id":"https:\/\/www.noticiasradioreflejos.com.ar\/2021\/defensoria-bonaerense-resolvio-81-de-reclamos-por-internet-cable-y-telefonia-en-el-primer-semestre\/#breadcrumb","itemListElement":[{"@type":"ListItem","position":1,"name":"Portada","item":"https:\/\/www.noticiasradioreflejos.com.ar\/2021\/"},{"@type":"ListItem","position":2,"name":"Defensor\u00eda bonaerense resolvi\u00f3 81% de reclamos por internet, cable y telefon\u00eda en el primer semestre"}]},{"@type":"WebSite","@id":"https:\/\/www.noticiasradioreflejos.com.ar\/2021\/#website","url":"https:\/\/www.noticiasradioreflejos.com.ar\/2021\/","name":"Noticias Radio Reflejos","description":"Las noticias de mi comarca","potentialAction":[{"@type":"SearchAction","target":{"@type":"EntryPoint","urlTemplate":"https:\/\/www.noticiasradioreflejos.com.ar\/2021\/?s={search_term_string}"},"query-input":{"@type":"PropertyValueSpecification","valueRequired":true,"valueName":"search_term_string"}}],"inLanguage":"es"},{"@type":"Person","@id":"https:\/\/www.noticiasradioreflejos.com.ar\/2021\/#\/schema\/person\/ad82545263dcc5ec0996818884fd5fb1","name":"Arnaldo Botto","image":{"@type":"ImageObject","inLanguage":"es","@id":"https:\/\/www.noticiasradioreflejos.com.ar\/2021\/#\/schema\/person\/image\/","url":"https:\/\/secure.gravatar.com\/avatar\/55cb5e37c1efa326397366e6974cb338056df65cb50e7d64d1cf314e87504837?s=96&d=mm&r=g","contentUrl":"https:\/\/secure.gravatar.com\/avatar\/55cb5e37c1efa326397366e6974cb338056df65cb50e7d64d1cf314e87504837?s=96&d=mm&r=g","caption":"Arnaldo Botto"},"url":"https:\/\/www.noticiasradioreflejos.com.ar\/2021\/author\/arnaldo\/"}]}},"_links":{"self":[{"href":"https:\/\/www.noticiasradioreflejos.com.ar\/2021\/wp-json\/wp\/v2\/posts\/92447","targetHints":{"allow":["GET"]}}],"collection":[{"href":"https:\/\/www.noticiasradioreflejos.com.ar\/2021\/wp-json\/wp\/v2\/posts"}],"about":[{"href":"https:\/\/www.noticiasradioreflejos.com.ar\/2021\/wp-json\/wp\/v2\/types\/post"}],"author":[{"embeddable":true,"href":"https:\/\/www.noticiasradioreflejos.com.ar\/2021\/wp-json\/wp\/v2\/users\/3"}],"replies":[{"embeddable":true,"href":"https:\/\/www.noticiasradioreflejos.com.ar\/2021\/wp-json\/wp\/v2\/comments?post=92447"}],"version-history":[{"count":1,"href":"https:\/\/www.noticiasradioreflejos.com.ar\/2021\/wp-json\/wp\/v2\/posts\/92447\/revisions"}],"predecessor-version":[{"id":92449,"href":"https:\/\/www.noticiasradioreflejos.com.ar\/2021\/wp-json\/wp\/v2\/posts\/92447\/revisions\/92449"}],"wp:featuredmedia":[{"embeddable":true,"href":"https:\/\/www.noticiasradioreflejos.com.ar\/2021\/wp-json\/wp\/v2\/media\/92448"}],"wp:attachment":[{"href":"https:\/\/www.noticiasradioreflejos.com.ar\/2021\/wp-json\/wp\/v2\/media?parent=92447"}],"wp:term":[{"taxonomy":"category","embeddable":true,"href":"https:\/\/www.noticiasradioreflejos.com.ar\/2021\/wp-json\/wp\/v2\/categories?post=92447"},{"taxonomy":"post_tag","embeddable":true,"href":"https:\/\/www.noticiasradioreflejos.com.ar\/2021\/wp-json\/wp\/v2\/tags?post=92447"}],"curies":[{"name":"wp","href":"https:\/\/api.w.org\/{rel}","templated":true}]}}