{"id":92433,"date":"2023-09-04T19:51:06","date_gmt":"2023-09-04T19:51:06","guid":{"rendered":"https:\/\/www.noticiasradioreflejos.com.ar\/2021\/?p=92433"},"modified":"2023-09-04T19:52:17","modified_gmt":"2023-09-04T19:52:17","slug":"al-sudoeste-de-la-provincia-de-buenos-aires-una-pequena-ave-encontro-un-oasis-para-salvarse-de-la-extincion","status":"publish","type":"post","link":"https:\/\/www.noticiasradioreflejos.com.ar\/2021\/al-sudoeste-de-la-provincia-de-buenos-aires-una-pequena-ave-encontro-un-oasis-para-salvarse-de-la-extincion\/","title":{"rendered":"Al sudoeste de la provincia de Buenos Aires, una peque\u00f1a ave encontr\u00f3 un oasis para salvarse de la extinci\u00f3n"},"content":{"rendered":"<div class=\"entry-header\">\n<div class=\"jeg_meta_container\">\n<div class=\"jeg_post_meta jeg_post_meta_1\">\n<div class=\"meta_left\">\n<div class=\"jeg_meta_date\">La Loica Pampeana es una ave t\u00edpica de Sudam\u00e9rica, oriunda de los pastizales pampeanos. Sin embargo, durante el \u00faltimo siglo ha mermado su poblaci\u00f3n y, seg\u00fan los expertos en conservaci\u00f3n, su situaci\u00f3n es \u201ccr\u00edtica\u201d.<\/div>\n<\/div>\n<\/div>\n<\/div>\n<\/div>\n<p><!--more--><\/p>\n<div class=\"entry-content no-share\">\n<div class=\"content-inner \">\n<p>A prop\u00f3sito, desde la ONG Aves Argentinas se trabaja en su conservaci\u00f3n, dada la alta probabilidad de extinci\u00f3n de la especie, siendo el ave perjudicada por la actividad agropecuaria y la urbanizaci\u00f3n al mismo tiempo.<\/p>\n<p>Para Aves Argentinas, que tiene 107 a\u00f1os de existencia y se registra como la ONG ambientalista m\u00e1s antigua en Am\u00e9rica del Sur, siempre ha sido prioridad conservar a la Loica Pampeana, una de las tres especies de aves de pecho colorado, junto a la Loica Com\u00fan y el Pecho Colorado Chico.<\/p>\n<p>Pues del lado brasile\u00f1o ya es una especie en extinci\u00f3n, y en Uruguay solo existe una poblaci\u00f3n muy reducida con riesgo de desaparecer. Por eso en 2021 realizaron un censo para conocer la situaci\u00f3n de la especie, confirm\u00e1ndose una significativa reducci\u00f3n de la poblaci\u00f3n en Argentina.<\/p>\n<p><img loading=\"lazy\" decoding=\"async\" class=\"alignnone size-full wp-image-147651\" src=\"https:\/\/bichosdecampo.com\/wp-content\/uploads\/2023\/08\/DSC_0936-scaled.jpg\" sizes=\"auto, (max-width: 2560px) 100vw, 2560px\" srcset=\"https:\/\/bichosdecampo.com\/wp-content\/uploads\/2023\/08\/DSC_0936-scaled.jpg 2560w, https:\/\/bichosdecampo.com\/wp-content\/uploads\/2023\/08\/DSC_0936-768x512.jpg 768w, https:\/\/bichosdecampo.com\/wp-content\/uploads\/2023\/08\/DSC_0936-1536x1024.jpg 1536w, https:\/\/bichosdecampo.com\/wp-content\/uploads\/2023\/08\/DSC_0936-2048x1365.jpg 2048w\" alt=\"\" width=\"2560\" height=\"1707\" data-pin-no-hover=\"true\" \/><\/p>\n<p>\u201cLa comparaci\u00f3n con los censos anteriores nos mostr\u00f3 que la especie hab\u00eda reducido su distribuci\u00f3n en un 80% desde la d\u00e9cada del \u00b490 y en un 30% desde la d\u00e9cada de 2010; y que sus n\u00fameros poblacionales hab\u00edan ca\u00eddo un 75% desde 1996\u201d, dio a conocer recientemente la instituci\u00f3n a trav\u00e9s de un comunicado de prensa. Seg\u00fan datos publicados por naturalistas, en 1881, la Loica Pampeana era una de las aves \u201cm\u00e1s vivas y abundantes\u201d de las pampas.<\/p>\n<p>Los pastizales naturales son el h\u00e1bitat de la Loica Pampeana. Las peque\u00f1as poblaciones que sobrevuelan el territorio nacional, se localizan en Saavedra, espec\u00edficamente en el predio de La Josefina en la estancia Caba\u00f1a Las Lilas, al sudoeste de la provincia de Buenos Aires, sitio donde se concentran las labores de conservaci\u00f3n que llevan a cabo la organizaci\u00f3n Aves Argentinas, voluntarios de la zona y la empresa ganadera Las Lilas.<\/p>\n<p><img loading=\"lazy\" decoding=\"async\" class=\"alignnone size-full wp-image-147655\" src=\"https:\/\/bichosdecampo.com\/wp-content\/uploads\/2023\/08\/Ph_-Damian-Ganime-1-scaled.jpg\" sizes=\"auto, (max-width: 2560px) 100vw, 2560px\" srcset=\"https:\/\/bichosdecampo.com\/wp-content\/uploads\/2023\/08\/Ph_-Damian-Ganime-1-scaled.jpg 2560w, https:\/\/bichosdecampo.com\/wp-content\/uploads\/2023\/08\/Ph_-Damian-Ganime-1-768x480.jpg 768w, https:\/\/bichosdecampo.com\/wp-content\/uploads\/2023\/08\/Ph_-Damian-Ganime-1-1536x960.jpg 1536w, https:\/\/bichosdecampo.com\/wp-content\/uploads\/2023\/08\/Ph_-Damian-Ganime-1-2048x1280.jpg 2048w\" alt=\"\" width=\"2560\" height=\"1600\" data-pin-no-hover=\"true\" \/><\/p>\n<p>A decir de Candelaria Neyra, coordinadora del Proyecto Loica Pampeana de Aves Argentinas, La Josefina es \u201cuno de los \u00faltimos refugios de invierno y reproductivos del especie en el mundo\u201d, cuyas aves forman sus nidos entre los meses de octubre y enero, ya que la Loica es un ave que precisa de pastizales bien conservados para alimentarse y reproducirse.<\/p>\n<p><img loading=\"lazy\" decoding=\"async\" class=\" wp-image-147649 alignnone\" src=\"https:\/\/bichosdecampo.com\/wp-content\/uploads\/2023\/08\/foto-beru-1-1-scaled.jpg\" sizes=\"auto, (max-width: 671px) 100vw, 671px\" srcset=\"https:\/\/bichosdecampo.com\/wp-content\/uploads\/2023\/08\/foto-beru-1-1-scaled.jpg 1998w, https:\/\/bichosdecampo.com\/wp-content\/uploads\/2023\/08\/foto-beru-1-1-768x984.jpg 768w, https:\/\/bichosdecampo.com\/wp-content\/uploads\/2023\/08\/foto-beru-1-1-1199x1536.jpg 1199w, https:\/\/bichosdecampo.com\/wp-content\/uploads\/2023\/08\/foto-beru-1-1-1598x2048.jpg 1598w\" alt=\"\" width=\"671\" height=\"860\" data-pin-no-hover=\"true\" \/><\/p>\n<p><strong>\u2013 \u00bfEn qu\u00e9 consisten las labores de conservaci\u00f3n de la Loica Pampeana al suroeste de la provincia de Buenos Aires?<\/strong><\/p>\n<p>\u2013 Estamos trabajando en la estancia La Josefina donde la mitad de su dimensi\u00f3n son pastizales naturales. En estos pastizales, hace a\u00f1os se encuentra la poblaci\u00f3n m\u00e1s grande que hoy queda en Argentina de la Loica Pampeana. En 2021 comenzamos a trabajar con la empresa due\u00f1a del campo, Las Lilas, para ver en qu\u00e9 estado estaba la poblaci\u00f3n de la especie y reducir la depredaci\u00f3n de la misma. La colocaci\u00f3n de jaulas sobre los nidos es una t\u00e9cnica de conservaci\u00f3n, probada anteriormente con otras especie de aves, que evita el ataque de zorrillos a los huevos y pichones.<\/p>\n<p><img loading=\"lazy\" decoding=\"async\" class=\"size-full wp-image-147652\" src=\"https:\/\/bichosdecampo.com\/wp-content\/uploads\/2023\/08\/11300337-scaled.jpg\" sizes=\"auto, (max-width: 2560px) 100vw, 2560px\" srcset=\"https:\/\/bichosdecampo.com\/wp-content\/uploads\/2023\/08\/11300337-scaled.jpg 2560w, https:\/\/bichosdecampo.com\/wp-content\/uploads\/2023\/08\/11300337-768x576.jpg 768w, https:\/\/bichosdecampo.com\/wp-content\/uploads\/2023\/08\/11300337-1536x1152.jpg 1536w, https:\/\/bichosdecampo.com\/wp-content\/uploads\/2023\/08\/11300337-2048x1536.jpg 2048w\" alt=\"\" width=\"2560\" height=\"1920\" data-pin-no-hover=\"true\" \/><\/p>\n<p>Si bien los resultados preliminares demostraron que muchos pichones lograron sobrevivir hasta abandonar el nido, Neyra explica a\u00a0<strong>Bichos de Campo<\/strong>\u00a0que esto no es sin\u00f3nimo de \u00e9xito, porque \u201ccuando una poblaci\u00f3n est\u00e1 muy amenazada de extinci\u00f3n, hay que ver si est\u00e1 reclutando juveniles para reproducirse y estos a su vez contin\u00faen aumentando la poblaci\u00f3n\u201d refiere.<\/p>\n<p><strong>\u2013 Ya son tres a\u00f1os consecutivos los que vienen trabajando desde Aves Argentinas para aumentar la poblaci\u00f3n de la Loica Pampeana \u00bfDurante el a\u00f1o en curso, qu\u00e9 estrategias tienen previstas, para que se mantengan o crezca la especie?<\/strong><\/p>\n<p>\u2013 Estamos trabajando para que haya juveniles, estos son imprescindibles para la reproducci\u00f3n. Adem\u00e1s estamos trabajando para que no haya un pastoreo muy intensivo en la zona donde nidifica la Loica. \u00a0La empresa Las Lilas se comprometi\u00f3 a clausurar un \u00e1rea de aproximadamente 30 hect\u00e1reas, donde se ha comprobado que las Loicas eligen para nidificar hace dos a\u00f1os consecutivos. La idea, es lograr que la poblaci\u00f3n reclute juveniles para la reproducci\u00f3n.<\/p>\n<div class=\"jeg_preview_slider gallery_1\" data-selector=\"gallery_1\">\n<div class=\"jeg_preview_holder\">\n<div class=\"jeg_preview_media\">\n<div class=\"jeg_preview_media_holder\">\n<h3><\/h3>\n<div class=\"fullscreen-switch\"><\/div>\n<div class=\"jeg_preview_media_content\">\n<div class=\"jeg_preview_media_content_holder_padding\">\n<div class=\"jeg_preview_media_content_holder\"><img decoding=\"async\" class=\"jeg_preview_hide\" src=\"https:\/\/bichosdecampo.com\/wp-content\/uploads\/2023\/08\/WhatsApp-Image-2023-08-30-at-09.05.08.jpeg\" \/><\/div>\n<\/div>\n<\/div>\n<\/div>\n<\/div>\n<div id=\"tns1-ow\" class=\"tns-outer\">\n<div id=\"tns1-mw\" class=\"tns-ovh\">\n<div id=\"tns1-iw\" class=\"tns-inner\">\n<div id=\"tns1\" class=\"jeg_preview_bottom_slider tns-slider tns-carousel tns-subpixel tns-calc tns-horizontal jeg_tns_active\">\n<div class=\"jeg_preview_item_thumbnail\"><\/div>\n<div class=\"jeg_preview_item_thumbnail\"><\/div>\n<div class=\"jeg_preview_item_thumbnail\">Candelaria Neyra enfatiza que las acciones de conservaci\u00f3n no son medibles a corto plazo, menos en una poblaci\u00f3n de aves que a la fecha apenas roza los 1000 ejemplares. Pero, asegura que es el campo La Josefina el lugar id\u00f3neo para conservar a la Loica Pampeana, y que siga siendo un ave de la fauna argentina.<\/div>\n<\/div>\n<\/div>\n<\/div>\n<\/div>\n<\/div>\n<\/div>\n<p>\u201cHemos visto que a la finca volvieron pichones que anillamos durante el invierno pasado. Algunos de los pichones que protegimos sobrevivieron y estaban dentro de la bandada. Un gran porcentaje de la poblaci\u00f3n de Argentina y del mundo est\u00e1 usando los pastizales de la Josefina durante el invierno\u201d, finaliz\u00f3 la especialista.<\/p>\n<p><a title=\"WhatsApp-Image-2023-08-30-at-09.05.10-1\" href=\"https:\/\/www.flickr.com\/photos\/182279889@N02\/53164441596\/in\/dateposted-public\/\" data-flickr-embed=\"true\" data-footer=\"true\"><img loading=\"lazy\" decoding=\"async\" src=\"https:\/\/live.staticflickr.com\/65535\/53164441596_3db2e5da26_c.jpg\" alt=\"WhatsApp-Image-2023-08-30-at-09.05.10-1\" width=\"800\" height=\"534\" \/><\/a><script async src=\"\/\/embedr.flickr.com\/assets\/client-code.js\" charset=\"utf-8\"><\/script><\/p>\n<div class=\"jeg_meta_author\"><img loading=\"lazy\" decoding=\"async\" class=\"avatar pp-user-avatar avatar-80 photo \" src=\"https:\/\/bichosdecampo.com\/wp-content\/uploads\/2023\/07\/ludmila-pavot.jpg\" alt=\"Liudmila Pavot\" width=\"80\" height=\"80\" data-del=\"avatar\" data-pin-no-hover=\"true\" \/>\u00a0<span class=\"meta_text\">por<\/span>\u00a0<a href=\"https:\/\/bichosdecampo.com\/author\/ludmila-pavot\/\">Liudmila Pavot<\/a> Bichos de Campo<\/div>\n<\/div>\n<\/div>\n","protected":false},"excerpt":{"rendered":"<p>La Loica Pampeana es una ave t\u00edpica de Sudam\u00e9rica, oriunda de los pastizales pampeanos. Sin embargo, durante el \u00faltimo siglo ha mermado su poblaci\u00f3n y, seg\u00fan los expertos en conservaci\u00f3n, su situaci\u00f3n es \u201ccr\u00edtica\u201d.<\/p>\n","protected":false},"author":3,"featured_media":92435,"comment_status":"closed","ping_status":"closed","sticky":false,"template":"","format":"standard","meta":{"footnotes":""},"categories":[46,26,33],"tags":[],"class_list":["post-92433","post","type-post","status-publish","format-standard","has-post-thumbnail","hentry","category-ciencia-y-tecnologia","category-sociedad","category-turismo"],"yoast_head":"<!-- This site is optimized with the Yoast SEO plugin v25.9 - https:\/\/yoast.com\/wordpress\/plugins\/seo\/ -->\n<title>Al sudoeste de la provincia de Buenos Aires, una peque\u00f1a ave encontr\u00f3 un oasis para salvarse de la extinci\u00f3n - Noticias Radio Reflejos<\/title>\n<meta name=\"robots\" content=\"index, follow, max-snippet:-1, max-image-preview:large, max-video-preview:-1\" \/>\n<link rel=\"canonical\" href=\"https:\/\/www.noticiasradioreflejos.com.ar\/2021\/al-sudoeste-de-la-provincia-de-buenos-aires-una-pequena-ave-encontro-un-oasis-para-salvarse-de-la-extincion\/\" \/>\n<meta property=\"og:locale\" content=\"es_ES\" \/>\n<meta property=\"og:type\" content=\"article\" \/>\n<meta property=\"og:title\" content=\"Al sudoeste de la provincia de Buenos Aires, una peque\u00f1a ave encontr\u00f3 un oasis para salvarse de la extinci\u00f3n - Noticias Radio Reflejos\" \/>\n<meta property=\"og:description\" content=\"La Loica Pampeana es una ave t\u00edpica de Sudam\u00e9rica, oriunda de los pastizales pampeanos. Sin embargo, durante el \u00faltimo siglo ha mermado su poblaci\u00f3n y, seg\u00fan los expertos en conservaci\u00f3n, su situaci\u00f3n es \u201ccr\u00edtica\u201d.\" \/>\n<meta property=\"og:url\" content=\"https:\/\/www.noticiasradioreflejos.com.ar\/2021\/al-sudoeste-de-la-provincia-de-buenos-aires-una-pequena-ave-encontro-un-oasis-para-salvarse-de-la-extincion\/\" \/>\n<meta property=\"og:site_name\" content=\"Noticias Radio Reflejos\" \/>\n<meta property=\"article:published_time\" content=\"2023-09-04T19:51:06+00:00\" \/>\n<meta property=\"article:modified_time\" content=\"2023-09-04T19:52:17+00:00\" \/>\n<meta property=\"og:image\" content=\"https:\/\/www.noticiasradioreflejos.com.ar\/2021\/wp-content\/uploads\/2023\/09\/Loica.jpeg\" \/>\n\t<meta property=\"og:image:width\" content=\"750\" \/>\n\t<meta property=\"og:image:height\" content=\"375\" \/>\n\t<meta property=\"og:image:type\" content=\"image\/jpeg\" \/>\n<meta name=\"author\" content=\"Arnaldo Botto\" \/>\n<meta name=\"twitter:card\" content=\"summary_large_image\" \/>\n<script type=\"application\/ld+json\" class=\"yoast-schema-graph\">{\"@context\":\"https:\/\/schema.org\",\"@graph\":[{\"@type\":\"WebPage\",\"@id\":\"https:\/\/www.noticiasradioreflejos.com.ar\/2021\/al-sudoeste-de-la-provincia-de-buenos-aires-una-pequena-ave-encontro-un-oasis-para-salvarse-de-la-extincion\/\",\"url\":\"https:\/\/www.noticiasradioreflejos.com.ar\/2021\/al-sudoeste-de-la-provincia-de-buenos-aires-una-pequena-ave-encontro-un-oasis-para-salvarse-de-la-extincion\/\",\"name\":\"Al sudoeste de la provincia de Buenos Aires, una peque\u00f1a ave encontr\u00f3 un oasis para salvarse de la extinci\u00f3n - Noticias Radio Reflejos\",\"isPartOf\":{\"@id\":\"https:\/\/www.noticiasradioreflejos.com.ar\/2021\/#website\"},\"primaryImageOfPage\":{\"@id\":\"https:\/\/www.noticiasradioreflejos.com.ar\/2021\/al-sudoeste-de-la-provincia-de-buenos-aires-una-pequena-ave-encontro-un-oasis-para-salvarse-de-la-extincion\/#primaryimage\"},\"image\":{\"@id\":\"https:\/\/www.noticiasradioreflejos.com.ar\/2021\/al-sudoeste-de-la-provincia-de-buenos-aires-una-pequena-ave-encontro-un-oasis-para-salvarse-de-la-extincion\/#primaryimage\"},\"thumbnailUrl\":\"https:\/\/www.noticiasradioreflejos.com.ar\/2021\/wp-content\/uploads\/2023\/09\/Loica.jpeg\",\"datePublished\":\"2023-09-04T19:51:06+00:00\",\"dateModified\":\"2023-09-04T19:52:17+00:00\",\"author\":{\"@id\":\"https:\/\/www.noticiasradioreflejos.com.ar\/2021\/#\/schema\/person\/ad82545263dcc5ec0996818884fd5fb1\"},\"breadcrumb\":{\"@id\":\"https:\/\/www.noticiasradioreflejos.com.ar\/2021\/al-sudoeste-de-la-provincia-de-buenos-aires-una-pequena-ave-encontro-un-oasis-para-salvarse-de-la-extincion\/#breadcrumb\"},\"inLanguage\":\"es\",\"potentialAction\":[{\"@type\":\"ReadAction\",\"target\":[\"https:\/\/www.noticiasradioreflejos.com.ar\/2021\/al-sudoeste-de-la-provincia-de-buenos-aires-una-pequena-ave-encontro-un-oasis-para-salvarse-de-la-extincion\/\"]}]},{\"@type\":\"ImageObject\",\"inLanguage\":\"es\",\"@id\":\"https:\/\/www.noticiasradioreflejos.com.ar\/2021\/al-sudoeste-de-la-provincia-de-buenos-aires-una-pequena-ave-encontro-un-oasis-para-salvarse-de-la-extincion\/#primaryimage\",\"url\":\"https:\/\/www.noticiasradioreflejos.com.ar\/2021\/wp-content\/uploads\/2023\/09\/Loica.jpeg\",\"contentUrl\":\"https:\/\/www.noticiasradioreflejos.com.ar\/2021\/wp-content\/uploads\/2023\/09\/Loica.jpeg\",\"width\":750,\"height\":375},{\"@type\":\"BreadcrumbList\",\"@id\":\"https:\/\/www.noticiasradioreflejos.com.ar\/2021\/al-sudoeste-de-la-provincia-de-buenos-aires-una-pequena-ave-encontro-un-oasis-para-salvarse-de-la-extincion\/#breadcrumb\",\"itemListElement\":[{\"@type\":\"ListItem\",\"position\":1,\"name\":\"Portada\",\"item\":\"https:\/\/www.noticiasradioreflejos.com.ar\/2021\/\"},{\"@type\":\"ListItem\",\"position\":2,\"name\":\"Al sudoeste de la provincia de Buenos Aires, una peque\u00f1a ave encontr\u00f3 un oasis para salvarse de la extinci\u00f3n\"}]},{\"@type\":\"WebSite\",\"@id\":\"https:\/\/www.noticiasradioreflejos.com.ar\/2021\/#website\",\"url\":\"https:\/\/www.noticiasradioreflejos.com.ar\/2021\/\",\"name\":\"Noticias Radio Reflejos\",\"description\":\"Las noticias de mi comarca\",\"potentialAction\":[{\"@type\":\"SearchAction\",\"target\":{\"@type\":\"EntryPoint\",\"urlTemplate\":\"https:\/\/www.noticiasradioreflejos.com.ar\/2021\/?s={search_term_string}\"},\"query-input\":{\"@type\":\"PropertyValueSpecification\",\"valueRequired\":true,\"valueName\":\"search_term_string\"}}],\"inLanguage\":\"es\"},{\"@type\":\"Person\",\"@id\":\"https:\/\/www.noticiasradioreflejos.com.ar\/2021\/#\/schema\/person\/ad82545263dcc5ec0996818884fd5fb1\",\"name\":\"Arnaldo Botto\",\"image\":{\"@type\":\"ImageObject\",\"inLanguage\":\"es\",\"@id\":\"https:\/\/www.noticiasradioreflejos.com.ar\/2021\/#\/schema\/person\/image\/\",\"url\":\"https:\/\/secure.gravatar.com\/avatar\/55cb5e37c1efa326397366e6974cb338056df65cb50e7d64d1cf314e87504837?s=96&d=mm&r=g\",\"contentUrl\":\"https:\/\/secure.gravatar.com\/avatar\/55cb5e37c1efa326397366e6974cb338056df65cb50e7d64d1cf314e87504837?s=96&d=mm&r=g\",\"caption\":\"Arnaldo Botto\"},\"url\":\"https:\/\/www.noticiasradioreflejos.com.ar\/2021\/author\/arnaldo\/\"}]}<\/script>\n<!-- \/ Yoast SEO plugin. -->","yoast_head_json":{"title":"Al sudoeste de la provincia de Buenos Aires, una peque\u00f1a ave encontr\u00f3 un oasis para salvarse de la extinci\u00f3n - Noticias Radio Reflejos","robots":{"index":"index","follow":"follow","max-snippet":"max-snippet:-1","max-image-preview":"max-image-preview:large","max-video-preview":"max-video-preview:-1"},"canonical":"https:\/\/www.noticiasradioreflejos.com.ar\/2021\/al-sudoeste-de-la-provincia-de-buenos-aires-una-pequena-ave-encontro-un-oasis-para-salvarse-de-la-extincion\/","og_locale":"es_ES","og_type":"article","og_title":"Al sudoeste de la provincia de Buenos Aires, una peque\u00f1a ave encontr\u00f3 un oasis para salvarse de la extinci\u00f3n - Noticias Radio Reflejos","og_description":"La Loica Pampeana es una ave t\u00edpica de Sudam\u00e9rica, oriunda de los pastizales pampeanos. Sin embargo, durante el \u00faltimo siglo ha mermado su poblaci\u00f3n y, seg\u00fan los expertos en conservaci\u00f3n, su situaci\u00f3n es \u201ccr\u00edtica\u201d.","og_url":"https:\/\/www.noticiasradioreflejos.com.ar\/2021\/al-sudoeste-de-la-provincia-de-buenos-aires-una-pequena-ave-encontro-un-oasis-para-salvarse-de-la-extincion\/","og_site_name":"Noticias Radio Reflejos","article_published_time":"2023-09-04T19:51:06+00:00","article_modified_time":"2023-09-04T19:52:17+00:00","og_image":[{"width":750,"height":375,"url":"https:\/\/www.noticiasradioreflejos.com.ar\/2021\/wp-content\/uploads\/2023\/09\/Loica.jpeg","type":"image\/jpeg"}],"author":"Arnaldo Botto","twitter_card":"summary_large_image","schema":{"@context":"https:\/\/schema.org","@graph":[{"@type":"WebPage","@id":"https:\/\/www.noticiasradioreflejos.com.ar\/2021\/al-sudoeste-de-la-provincia-de-buenos-aires-una-pequena-ave-encontro-un-oasis-para-salvarse-de-la-extincion\/","url":"https:\/\/www.noticiasradioreflejos.com.ar\/2021\/al-sudoeste-de-la-provincia-de-buenos-aires-una-pequena-ave-encontro-un-oasis-para-salvarse-de-la-extincion\/","name":"Al sudoeste de la provincia de Buenos Aires, una peque\u00f1a ave encontr\u00f3 un oasis para salvarse de la extinci\u00f3n - Noticias Radio Reflejos","isPartOf":{"@id":"https:\/\/www.noticiasradioreflejos.com.ar\/2021\/#website"},"primaryImageOfPage":{"@id":"https:\/\/www.noticiasradioreflejos.com.ar\/2021\/al-sudoeste-de-la-provincia-de-buenos-aires-una-pequena-ave-encontro-un-oasis-para-salvarse-de-la-extincion\/#primaryimage"},"image":{"@id":"https:\/\/www.noticiasradioreflejos.com.ar\/2021\/al-sudoeste-de-la-provincia-de-buenos-aires-una-pequena-ave-encontro-un-oasis-para-salvarse-de-la-extincion\/#primaryimage"},"thumbnailUrl":"https:\/\/www.noticiasradioreflejos.com.ar\/2021\/wp-content\/uploads\/2023\/09\/Loica.jpeg","datePublished":"2023-09-04T19:51:06+00:00","dateModified":"2023-09-04T19:52:17+00:00","author":{"@id":"https:\/\/www.noticiasradioreflejos.com.ar\/2021\/#\/schema\/person\/ad82545263dcc5ec0996818884fd5fb1"},"breadcrumb":{"@id":"https:\/\/www.noticiasradioreflejos.com.ar\/2021\/al-sudoeste-de-la-provincia-de-buenos-aires-una-pequena-ave-encontro-un-oasis-para-salvarse-de-la-extincion\/#breadcrumb"},"inLanguage":"es","potentialAction":[{"@type":"ReadAction","target":["https:\/\/www.noticiasradioreflejos.com.ar\/2021\/al-sudoeste-de-la-provincia-de-buenos-aires-una-pequena-ave-encontro-un-oasis-para-salvarse-de-la-extincion\/"]}]},{"@type":"ImageObject","inLanguage":"es","@id":"https:\/\/www.noticiasradioreflejos.com.ar\/2021\/al-sudoeste-de-la-provincia-de-buenos-aires-una-pequena-ave-encontro-un-oasis-para-salvarse-de-la-extincion\/#primaryimage","url":"https:\/\/www.noticiasradioreflejos.com.ar\/2021\/wp-content\/uploads\/2023\/09\/Loica.jpeg","contentUrl":"https:\/\/www.noticiasradioreflejos.com.ar\/2021\/wp-content\/uploads\/2023\/09\/Loica.jpeg","width":750,"height":375},{"@type":"BreadcrumbList","@id":"https:\/\/www.noticiasradioreflejos.com.ar\/2021\/al-sudoeste-de-la-provincia-de-buenos-aires-una-pequena-ave-encontro-un-oasis-para-salvarse-de-la-extincion\/#breadcrumb","itemListElement":[{"@type":"ListItem","position":1,"name":"Portada","item":"https:\/\/www.noticiasradioreflejos.com.ar\/2021\/"},{"@type":"ListItem","position":2,"name":"Al sudoeste de la provincia de Buenos Aires, una peque\u00f1a ave encontr\u00f3 un oasis para salvarse de la extinci\u00f3n"}]},{"@type":"WebSite","@id":"https:\/\/www.noticiasradioreflejos.com.ar\/2021\/#website","url":"https:\/\/www.noticiasradioreflejos.com.ar\/2021\/","name":"Noticias Radio Reflejos","description":"Las noticias de mi comarca","potentialAction":[{"@type":"SearchAction","target":{"@type":"EntryPoint","urlTemplate":"https:\/\/www.noticiasradioreflejos.com.ar\/2021\/?s={search_term_string}"},"query-input":{"@type":"PropertyValueSpecification","valueRequired":true,"valueName":"search_term_string"}}],"inLanguage":"es"},{"@type":"Person","@id":"https:\/\/www.noticiasradioreflejos.com.ar\/2021\/#\/schema\/person\/ad82545263dcc5ec0996818884fd5fb1","name":"Arnaldo Botto","image":{"@type":"ImageObject","inLanguage":"es","@id":"https:\/\/www.noticiasradioreflejos.com.ar\/2021\/#\/schema\/person\/image\/","url":"https:\/\/secure.gravatar.com\/avatar\/55cb5e37c1efa326397366e6974cb338056df65cb50e7d64d1cf314e87504837?s=96&d=mm&r=g","contentUrl":"https:\/\/secure.gravatar.com\/avatar\/55cb5e37c1efa326397366e6974cb338056df65cb50e7d64d1cf314e87504837?s=96&d=mm&r=g","caption":"Arnaldo Botto"},"url":"https:\/\/www.noticiasradioreflejos.com.ar\/2021\/author\/arnaldo\/"}]}},"_links":{"self":[{"href":"https:\/\/www.noticiasradioreflejos.com.ar\/2021\/wp-json\/wp\/v2\/posts\/92433","targetHints":{"allow":["GET"]}}],"collection":[{"href":"https:\/\/www.noticiasradioreflejos.com.ar\/2021\/wp-json\/wp\/v2\/posts"}],"about":[{"href":"https:\/\/www.noticiasradioreflejos.com.ar\/2021\/wp-json\/wp\/v2\/types\/post"}],"author":[{"embeddable":true,"href":"https:\/\/www.noticiasradioreflejos.com.ar\/2021\/wp-json\/wp\/v2\/users\/3"}],"replies":[{"embeddable":true,"href":"https:\/\/www.noticiasradioreflejos.com.ar\/2021\/wp-json\/wp\/v2\/comments?post=92433"}],"version-history":[{"count":1,"href":"https:\/\/www.noticiasradioreflejos.com.ar\/2021\/wp-json\/wp\/v2\/posts\/92433\/revisions"}],"predecessor-version":[{"id":92434,"href":"https:\/\/www.noticiasradioreflejos.com.ar\/2021\/wp-json\/wp\/v2\/posts\/92433\/revisions\/92434"}],"wp:featuredmedia":[{"embeddable":true,"href":"https:\/\/www.noticiasradioreflejos.com.ar\/2021\/wp-json\/wp\/v2\/media\/92435"}],"wp:attachment":[{"href":"https:\/\/www.noticiasradioreflejos.com.ar\/2021\/wp-json\/wp\/v2\/media?parent=92433"}],"wp:term":[{"taxonomy":"category","embeddable":true,"href":"https:\/\/www.noticiasradioreflejos.com.ar\/2021\/wp-json\/wp\/v2\/categories?post=92433"},{"taxonomy":"post_tag","embeddable":true,"href":"https:\/\/www.noticiasradioreflejos.com.ar\/2021\/wp-json\/wp\/v2\/tags?post=92433"}],"curies":[{"name":"wp","href":"https:\/\/api.w.org\/{rel}","templated":true}]}}