{"id":92423,"date":"2023-09-04T17:20:30","date_gmt":"2023-09-04T17:20:30","guid":{"rendered":"https:\/\/www.noticiasradioreflejos.com.ar\/2021\/?p=92423"},"modified":"2023-09-05T12:04:50","modified_gmt":"2023-09-05T12:04:50","slug":"sudamerica-rumbo-al-mundial-2026-un-campeon-siete-tecnicos-argentinos-seis-pasajes-y-un-repechaje","status":"publish","type":"post","link":"https:\/\/www.noticiasradioreflejos.com.ar\/2021\/sudamerica-rumbo-al-mundial-2026-un-campeon-siete-tecnicos-argentinos-seis-pasajes-y-un-repechaje\/","title":{"rendered":"Sudam\u00e9rica rumbo al Mundial 2026: un campe\u00f3n, siete t\u00e9cnicos argentinos, seis pasajes y un repechaje"},"content":{"rendered":"<p>Las Eliminatorias Sudamericanas para el Mundial Estados Unidos-Canad\u00e1-M\u00e9xico 2026 comenzar\u00e1n esta semana con el campe\u00f3n del mundo entre sus diez participantes, siete de ellos dirigidos por t\u00e9cnicos argentinos, en busca de las 6,5 plazas que recibi\u00f3 la Conmebol a partir del nuevo cupo determinado por la FIFA.<!--more--><\/p>\n<p>La clasificaci\u00f3n continental, primera del mapa internacional que se pone en marcha, se extender\u00e1 por espacio de dos a\u00f1os, entre septiembre de 2023 y el mismo mes de 2025, dividida en nueve ventanas de dos fechas cada una.<\/p>\n<p>La pr\u00f3xima Copa del Mundo, a disputarse en Norteam\u00e9rica con 48 pa\u00edses, ampli\u00f3 dos lugares para el f\u00fatbol sudamericano, que ahora contar\u00e1 con seis boletos directos y una chance de repechaje reservada para la s\u00e9ptima selecci\u00f3n.<\/p>\n<p>El cambio reduce a lo inveros\u00edmil una sorpresa con las potencias (Argentina, Brasil, Uruguay), aumenta la expectativa de los siempre aspirantes mundialistas (Colombia, Ecuador, Per\u00fa, Chile y Paraguay) y refuerza el sue\u00f1o de los m\u00e1s d\u00e9biles (Venezuela, Bolivia) de hacer historia con un acceso a la mayor fiesta del f\u00fatbol.<\/p>\n<p>Argentina inicia la competencia en un estado de plenitud despu\u00e9s de la conquista de su tercera estrella en Qatar. El ciclo de Lionel Scaloni goza de una vigorosa salud, por lo que estas eliminatorias marcar\u00e1n la continuidad de un proyecto que tiene a la Copa Am\u00e9rica 2024 como el pr\u00f3ximo gran desaf\u00edo.<\/p>\n<p>Para los dos primeros partidos, ante Ecuador y Bolivia, la \u00abAlbiceleste\u00bb contar\u00e1 con 22 de los 26 campeones del pasado Mundial. Solo faltan los lesionados Ger\u00f3nimo Rulli, Marcos Acu\u00f1a y Paulo Dybala y el \u00abPapu\u00bb Alejandro G\u00f3mez, al margen por decisi\u00f3n t\u00e9cnica.<\/p>\n<p>A los 36 a\u00f1os, Messi encarar\u00e1 su \u00faltima clasificaci\u00f3n para una Copa del Mundo, sin la certeza de completarla, pues su presencia en 2026 es toda una inc\u00f3gnita, seg\u00fan se desprende de sus propias palabras. De momento, al igual que \u00c1ngel Di Mar\u00eda, el capit\u00e1n proyecta su estad\u00eda en la Selecci\u00f3n hasta la pr\u00f3xima Copa Am\u00e9rica en Estados Unidos.<\/p>\n<p>Brasil tambi\u00e9n tiene a esa competencia continental como un faro en el horizonte pero por diferente motivo: significar\u00e1 el desembarco del entrenador italiano Carlo Ancelotti, elegido por la CBF como reemplazante definitivo de Tite una vez que finalice su contrato en Real Madrid.<\/p>\n<p>Hasta entonces, el \u00abScratch\u00bb ser\u00e1 conducido de forma interina por Fernando Diniz, actual t\u00e9cnico del Fluminense que persigue la primera Copa Libertadores de su historia.<\/p>\n<p>El entrenador, de 49 a\u00f1os, oriundo de Mina Gerais y reconocido por inclinaci\u00f3n al \u00abjogo bonito\u00bb, tendr\u00e1 a su cargo los seis primeros compromisos de las Eliminatorias Sudamericanas. El \u00faltimo ser\u00e1 justamente frente a Argentina en noviembre, de local.<\/p>\n<p>En su primera convocatoria, Diniz respet\u00f3 la base del plantel que lleg\u00f3 hasta los cuartos de final de Qatar. Neymar, a pesar de los pocos minutos jugados este a\u00f1o, se mantiene como el abanderado de la \u00abVerdeamarela\u00bb.<\/p>\n<p>Sin considerar a los lesionados Vin\u00edcius Jr. y \u00c9der Militao, las ausencias m\u00e1s resonantes en Brasil son la del excapit\u00e1n Thiago Silva (38), quien le puso punto final a su etapa en la selecci\u00f3n, y la de Lucas Paquet\u00e1, por ahora fuera de la consideraci\u00f3n por estar involucrado en una investigaci\u00f3n de apuestas ilegales en Inglaterra.<\/p>\n<p>Al mando del Marcelo Bielsa, Uruguay asume un per\u00edodo de renovaci\u00f3n que dejar\u00e1 en el recuerdo a la generaci\u00f3n semifinalista en Sud\u00e1frica 2010 y campeona de Am\u00e9rica al siguiente a\u00f1o en Argentina.<\/p>\n<p>Si bien los considera futbolistas convocables, el \u00abLoco\u00bb todav\u00eda no cit\u00f3 a las vacas sagradas de la \u00abCeleste\u00bb (Luis Su\u00e1rez y Edinson Cavani) ni tom\u00f3 contacto con ellos para comunicarle sus planes. Esa postura ya gener\u00f3 pol\u00e9mica del otro lado del charco y amenaza con transformarse en un tema dominante en un equipo con nuevos l\u00edderes: Jos\u00e9 Mar\u00eda Gim\u00e9nez (lesionado), Federico Valverde y Darwin N\u00fa\u00f1ez, a la cabeza.<\/p>\n<p>Ecuador, el cuarto pa\u00eds sudamericano que compiti\u00f3 en Qatar 2022, cerr\u00f3 la etapa del argentino Gustavo Alfaro y apost\u00f3 por otro t\u00e9cnico extranjero de distinto perfil: el espa\u00f1ol F\u00e9lix S\u00e1nchez Bas, formado en La Mas\u00eda del Barcelona.<\/p>\n<p>El catal\u00e1n, que condujo al seleccionado local en el pasado Mundial, mantuvo a 15 futbolistas en la convocatoria para el inicio de las Eliminatorias Sudamericanas, en las que deber\u00e1 pagar un descuento de tres puntos del TAS por el caso Byron Castillo que puso en suspenso su participaci\u00f3n en la pasada Copa del Mundo.<\/p>\n<p>El delantero Enner Valencia, semifinalista de la Libertadores con el Inter del \u00abChacho\u00bb Coudet, sigue como m\u00e1ximo referente de \u00abLa Tri\u00bb, que adem\u00e1s dispone de jerarqu\u00eda en Pervis Estupi\u00f1an (Brighton), Mois\u00e9s Caicedo (Chelsea) y Kendry P\u00e1ez (16 a\u00f1os), la nueva joya que deslumbra en Independiente del Valle y ya fue adquirida por Chelsea en 20 millones de euros.<\/p>\n<p>El \u00abMessi ecuatoriano\u00bb, como lo llaman, puede convertirse en el futbolista m\u00e1s joven en debutar en el seleccionado mayor si suma minutos en alguno de los dos primeros partidos ante Argentina y Uruguay.<\/p>\n<p>Invicta en el ciclo de N\u00e9stor Lorenzo, la Selecci\u00f3n Colombia va por una revancha tras quedar sin chances de acceder a Qatar 2022, a s\u00f3lo un punto del puesto de repesca.<\/p>\n<p>El antiguo colaborador de Jos\u00e9 Pekerman lleva un a\u00f1o en el cargo (seis triunfos, dos empates) y gestiona un plantel en el que sobresale la experiencia de Juan Guillermo Cuadrado (35) y el desequilibrio del atacante del Liverpool Luis D\u00edaz.<\/p>\n<p>Adem\u00e1s cuenta con futbolistas de reconocido pasado y presente en el f\u00fatbol argentino (James Rodr\u00edguez, Jorge Carrascal, Juanfer Quintero, Wilmar Barrios y Rafael Santos Borr\u00e9).<\/p>\n<p>Chile todav\u00eda se apoya en tres pilares de la generaci\u00f3n bicampeona de Am\u00e9rica en 2015 y 2016: Gary Medel (36), Arturo Vidal (36) y Alexis S\u00e1nchez (34). Con ellos, el argentino Eduardo Berizzo pretende apuntalar a un plantel con muchos recursos del f\u00fatbol local, sin la jerarqu\u00eda de a\u00f1os anteriores.<\/p>\n<p>Sobre la \u00abRoja\u00bb pesar\u00e1 la obligaci\u00f3n de conseguir el boleto al Mundial 2026 despu\u00e9s de su ausencia en Rusia y Qatar, como tambi\u00e9n le ocurrir\u00e1 a Paraguay, que no participa de la cita m\u00e1xima desde Sud\u00e1frica 2010.<\/p>\n<p>Guillermo Barros Schelotto ya trabaja desde el ciclo previo con un equipo que dispone como m\u00e1xima figura al ex Lan\u00fas Miguel Almir\u00f3n, actual futbolista del Newcastle United. En la \u00faltima citaci\u00f3n, el \u00abMellizo\u00bb se nutri\u00f3 con cuatro jugadores de la Liga Profesional: Santiago Rojas y Robert Rojas (Tigre), Gabriel \u00c1valos (Argentinos Juniors) y Ram\u00f3n Sosa (Talleres de C\u00f3rdoba).<\/p>\n<p>Tambi\u00e9n est\u00e1n Diego G\u00f3mez, compa\u00f1ero de Messi en Inter Miami, y otros jugadores familiares como los ex Boca Junior Alonso y Andr\u00e9s Cubas; Mat\u00edas Rojas, desvinculado recientemente de Racing, y Alejandro Romero Gamarra, formado en Hurac\u00e1n.<\/p>\n<p>Per\u00fa, de la mano de Juan Reynoso, afrontar\u00e1 el desaf\u00edo de medirse con la vara alta que coloc\u00f3 Ricardo Gareca en sus siete a\u00f1os de gesti\u00f3n, en la que clasific\u00f3 a la Copa del Mundo 2018 luego de 36 a\u00f1os de ausencia y qued\u00f3 en el umbral de la edici\u00f3n 2022, tras caer por penales en el repechaje.<\/p>\n<p>El argentino Gustavo Costas tiene acaso la tarea m\u00e1s dif\u00edcil al frente de Bolivia, un f\u00fatbol estancado, con escasez de recursos, crisis dirigencial y falencias de estructura. Su aventura depende de una local\u00eda perfecta en la altura de La Paz.<\/p>\n<p>Los bolivianos asumir\u00e1n un dur\u00edsimo comienzo con Brasil y Argentina como primeros rivales. El ex DT de Racing llam\u00f3 48 futbolistas, en su mayor\u00eda del medio local, entre los que no falta su goleador hist\u00f3rico: Marcelo Moreno Martins (36 a\u00f1os).<\/p>\n<p>El \u00abBocha\u00bb Fernando Batista, finalmente, cuenta con algo m\u00e1s de materia prima para intentarlo con Venezuela, que fue \u00faltimo en la pasada eliminatoria y nunca particip\u00f3 en un Mundial. El delantero Josef Mart\u00ednez, nuevo socio de Messi en la MLS, con un historial de 65 partidos y 15 tantos en la \u00abVinotinto\u00bb, fomenta las ilusiones junto al talentoso Yeferson Soteldo, del Santos de Brasil.<\/p>\n<p>(Por Fernando Bianculli).- T\u00e9lam<\/p>\n","protected":false},"excerpt":{"rendered":"<p>Las Eliminatorias Sudamericanas para el Mundial Estados Unidos-Canad\u00e1-M\u00e9xico 2026 comenzar\u00e1n esta semana con el campe\u00f3n del mundo entre sus diez participantes, siete de ellos dirigidos por t\u00e9cnicos argentinos, en busca de las 6,5 plazas que recibi\u00f3 la Conmebol a partir del nuevo cupo determinado por la FIFA.<\/p>\n","protected":false},"author":3,"featured_media":0,"comment_status":"closed","ping_status":"closed","sticky":false,"template":"","format":"standard","meta":{"footnotes":""},"categories":[27],"tags":[],"class_list":["post-92423","post","type-post","status-publish","format-standard","hentry","category-deportes"],"yoast_head":"<!-- This site is optimized with the Yoast SEO plugin v25.9 - https:\/\/yoast.com\/wordpress\/plugins\/seo\/ -->\n<title>Sudam\u00e9rica rumbo al Mundial 2026: un campe\u00f3n, siete t\u00e9cnicos argentinos, seis pasajes y un repechaje - Noticias Radio Reflejos<\/title>\n<meta name=\"robots\" content=\"index, follow, max-snippet:-1, max-image-preview:large, max-video-preview:-1\" \/>\n<link rel=\"canonical\" href=\"https:\/\/www.noticiasradioreflejos.com.ar\/2021\/sudamerica-rumbo-al-mundial-2026-un-campeon-siete-tecnicos-argentinos-seis-pasajes-y-un-repechaje\/\" \/>\n<meta property=\"og:locale\" content=\"es_ES\" \/>\n<meta property=\"og:type\" content=\"article\" \/>\n<meta property=\"og:title\" content=\"Sudam\u00e9rica rumbo al Mundial 2026: un campe\u00f3n, siete t\u00e9cnicos argentinos, seis pasajes y un repechaje - Noticias Radio Reflejos\" \/>\n<meta property=\"og:description\" content=\"Las Eliminatorias Sudamericanas para el Mundial Estados Unidos-Canad\u00e1-M\u00e9xico 2026 comenzar\u00e1n esta semana con el campe\u00f3n del mundo entre sus diez participantes, siete de ellos dirigidos por t\u00e9cnicos argentinos, en busca de las 6,5 plazas que recibi\u00f3 la Conmebol a partir del nuevo cupo determinado por la FIFA.\" \/>\n<meta property=\"og:url\" content=\"https:\/\/www.noticiasradioreflejos.com.ar\/2021\/sudamerica-rumbo-al-mundial-2026-un-campeon-siete-tecnicos-argentinos-seis-pasajes-y-un-repechaje\/\" \/>\n<meta property=\"og:site_name\" content=\"Noticias Radio Reflejos\" \/>\n<meta property=\"article:published_time\" content=\"2023-09-04T17:20:30+00:00\" \/>\n<meta property=\"article:modified_time\" content=\"2023-09-05T12:04:50+00:00\" \/>\n<meta property=\"og:image\" content=\"https:\/\/www.noticiasradioreflejos.com.ar\/2021\/wp-content\/uploads\/2021\/07\/logosol300x200.png\" \/>\n\t<meta property=\"og:image:width\" content=\"300\" \/>\n\t<meta property=\"og:image:height\" content=\"200\" \/>\n\t<meta property=\"og:image:type\" content=\"image\/png\" \/>\n<meta name=\"author\" content=\"Arnaldo Botto\" \/>\n<meta name=\"twitter:card\" content=\"summary_large_image\" \/>\n<script type=\"application\/ld+json\" class=\"yoast-schema-graph\">{\"@context\":\"https:\/\/schema.org\",\"@graph\":[{\"@type\":\"WebPage\",\"@id\":\"https:\/\/www.noticiasradioreflejos.com.ar\/2021\/sudamerica-rumbo-al-mundial-2026-un-campeon-siete-tecnicos-argentinos-seis-pasajes-y-un-repechaje\/\",\"url\":\"https:\/\/www.noticiasradioreflejos.com.ar\/2021\/sudamerica-rumbo-al-mundial-2026-un-campeon-siete-tecnicos-argentinos-seis-pasajes-y-un-repechaje\/\",\"name\":\"Sudam\u00e9rica rumbo al Mundial 2026: un campe\u00f3n, siete t\u00e9cnicos argentinos, seis pasajes y un repechaje - Noticias Radio Reflejos\",\"isPartOf\":{\"@id\":\"https:\/\/www.noticiasradioreflejos.com.ar\/2021\/#website\"},\"datePublished\":\"2023-09-04T17:20:30+00:00\",\"dateModified\":\"2023-09-05T12:04:50+00:00\",\"author\":{\"@id\":\"https:\/\/www.noticiasradioreflejos.com.ar\/2021\/#\/schema\/person\/ad82545263dcc5ec0996818884fd5fb1\"},\"breadcrumb\":{\"@id\":\"https:\/\/www.noticiasradioreflejos.com.ar\/2021\/sudamerica-rumbo-al-mundial-2026-un-campeon-siete-tecnicos-argentinos-seis-pasajes-y-un-repechaje\/#breadcrumb\"},\"inLanguage\":\"es\",\"potentialAction\":[{\"@type\":\"ReadAction\",\"target\":[\"https:\/\/www.noticiasradioreflejos.com.ar\/2021\/sudamerica-rumbo-al-mundial-2026-un-campeon-siete-tecnicos-argentinos-seis-pasajes-y-un-repechaje\/\"]}]},{\"@type\":\"BreadcrumbList\",\"@id\":\"https:\/\/www.noticiasradioreflejos.com.ar\/2021\/sudamerica-rumbo-al-mundial-2026-un-campeon-siete-tecnicos-argentinos-seis-pasajes-y-un-repechaje\/#breadcrumb\",\"itemListElement\":[{\"@type\":\"ListItem\",\"position\":1,\"name\":\"Portada\",\"item\":\"https:\/\/www.noticiasradioreflejos.com.ar\/2021\/\"},{\"@type\":\"ListItem\",\"position\":2,\"name\":\"Sudam\u00e9rica rumbo al Mundial 2026: un campe\u00f3n, siete t\u00e9cnicos argentinos, seis pasajes y un repechaje\"}]},{\"@type\":\"WebSite\",\"@id\":\"https:\/\/www.noticiasradioreflejos.com.ar\/2021\/#website\",\"url\":\"https:\/\/www.noticiasradioreflejos.com.ar\/2021\/\",\"name\":\"Noticias Radio Reflejos\",\"description\":\"Las noticias de mi comarca\",\"potentialAction\":[{\"@type\":\"SearchAction\",\"target\":{\"@type\":\"EntryPoint\",\"urlTemplate\":\"https:\/\/www.noticiasradioreflejos.com.ar\/2021\/?s={search_term_string}\"},\"query-input\":{\"@type\":\"PropertyValueSpecification\",\"valueRequired\":true,\"valueName\":\"search_term_string\"}}],\"inLanguage\":\"es\"},{\"@type\":\"Person\",\"@id\":\"https:\/\/www.noticiasradioreflejos.com.ar\/2021\/#\/schema\/person\/ad82545263dcc5ec0996818884fd5fb1\",\"name\":\"Arnaldo Botto\",\"image\":{\"@type\":\"ImageObject\",\"inLanguage\":\"es\",\"@id\":\"https:\/\/www.noticiasradioreflejos.com.ar\/2021\/#\/schema\/person\/image\/\",\"url\":\"https:\/\/secure.gravatar.com\/avatar\/55cb5e37c1efa326397366e6974cb338056df65cb50e7d64d1cf314e87504837?s=96&d=mm&r=g\",\"contentUrl\":\"https:\/\/secure.gravatar.com\/avatar\/55cb5e37c1efa326397366e6974cb338056df65cb50e7d64d1cf314e87504837?s=96&d=mm&r=g\",\"caption\":\"Arnaldo Botto\"},\"url\":\"https:\/\/www.noticiasradioreflejos.com.ar\/2021\/author\/arnaldo\/\"}]}<\/script>\n<!-- \/ Yoast SEO plugin. -->","yoast_head_json":{"title":"Sudam\u00e9rica rumbo al Mundial 2026: un campe\u00f3n, siete t\u00e9cnicos argentinos, seis pasajes y un repechaje - Noticias Radio Reflejos","robots":{"index":"index","follow":"follow","max-snippet":"max-snippet:-1","max-image-preview":"max-image-preview:large","max-video-preview":"max-video-preview:-1"},"canonical":"https:\/\/www.noticiasradioreflejos.com.ar\/2021\/sudamerica-rumbo-al-mundial-2026-un-campeon-siete-tecnicos-argentinos-seis-pasajes-y-un-repechaje\/","og_locale":"es_ES","og_type":"article","og_title":"Sudam\u00e9rica rumbo al Mundial 2026: un campe\u00f3n, siete t\u00e9cnicos argentinos, seis pasajes y un repechaje - Noticias Radio Reflejos","og_description":"Las Eliminatorias Sudamericanas para el Mundial Estados Unidos-Canad\u00e1-M\u00e9xico 2026 comenzar\u00e1n esta semana con el campe\u00f3n del mundo entre sus diez participantes, siete de ellos dirigidos por t\u00e9cnicos argentinos, en busca de las 6,5 plazas que recibi\u00f3 la Conmebol a partir del nuevo cupo determinado por la FIFA.","og_url":"https:\/\/www.noticiasradioreflejos.com.ar\/2021\/sudamerica-rumbo-al-mundial-2026-un-campeon-siete-tecnicos-argentinos-seis-pasajes-y-un-repechaje\/","og_site_name":"Noticias Radio Reflejos","article_published_time":"2023-09-04T17:20:30+00:00","article_modified_time":"2023-09-05T12:04:50+00:00","og_image":[{"width":300,"height":200,"url":"https:\/\/www.noticiasradioreflejos.com.ar\/2021\/wp-content\/uploads\/2021\/07\/logosol300x200.png","type":"image\/png"}],"author":"Arnaldo Botto","twitter_card":"summary_large_image","schema":{"@context":"https:\/\/schema.org","@graph":[{"@type":"WebPage","@id":"https:\/\/www.noticiasradioreflejos.com.ar\/2021\/sudamerica-rumbo-al-mundial-2026-un-campeon-siete-tecnicos-argentinos-seis-pasajes-y-un-repechaje\/","url":"https:\/\/www.noticiasradioreflejos.com.ar\/2021\/sudamerica-rumbo-al-mundial-2026-un-campeon-siete-tecnicos-argentinos-seis-pasajes-y-un-repechaje\/","name":"Sudam\u00e9rica rumbo al Mundial 2026: un campe\u00f3n, siete t\u00e9cnicos argentinos, seis pasajes y un repechaje - Noticias Radio Reflejos","isPartOf":{"@id":"https:\/\/www.noticiasradioreflejos.com.ar\/2021\/#website"},"datePublished":"2023-09-04T17:20:30+00:00","dateModified":"2023-09-05T12:04:50+00:00","author":{"@id":"https:\/\/www.noticiasradioreflejos.com.ar\/2021\/#\/schema\/person\/ad82545263dcc5ec0996818884fd5fb1"},"breadcrumb":{"@id":"https:\/\/www.noticiasradioreflejos.com.ar\/2021\/sudamerica-rumbo-al-mundial-2026-un-campeon-siete-tecnicos-argentinos-seis-pasajes-y-un-repechaje\/#breadcrumb"},"inLanguage":"es","potentialAction":[{"@type":"ReadAction","target":["https:\/\/www.noticiasradioreflejos.com.ar\/2021\/sudamerica-rumbo-al-mundial-2026-un-campeon-siete-tecnicos-argentinos-seis-pasajes-y-un-repechaje\/"]}]},{"@type":"BreadcrumbList","@id":"https:\/\/www.noticiasradioreflejos.com.ar\/2021\/sudamerica-rumbo-al-mundial-2026-un-campeon-siete-tecnicos-argentinos-seis-pasajes-y-un-repechaje\/#breadcrumb","itemListElement":[{"@type":"ListItem","position":1,"name":"Portada","item":"https:\/\/www.noticiasradioreflejos.com.ar\/2021\/"},{"@type":"ListItem","position":2,"name":"Sudam\u00e9rica rumbo al Mundial 2026: un campe\u00f3n, siete t\u00e9cnicos argentinos, seis pasajes y un repechaje"}]},{"@type":"WebSite","@id":"https:\/\/www.noticiasradioreflejos.com.ar\/2021\/#website","url":"https:\/\/www.noticiasradioreflejos.com.ar\/2021\/","name":"Noticias Radio Reflejos","description":"Las noticias de mi comarca","potentialAction":[{"@type":"SearchAction","target":{"@type":"EntryPoint","urlTemplate":"https:\/\/www.noticiasradioreflejos.com.ar\/2021\/?s={search_term_string}"},"query-input":{"@type":"PropertyValueSpecification","valueRequired":true,"valueName":"search_term_string"}}],"inLanguage":"es"},{"@type":"Person","@id":"https:\/\/www.noticiasradioreflejos.com.ar\/2021\/#\/schema\/person\/ad82545263dcc5ec0996818884fd5fb1","name":"Arnaldo Botto","image":{"@type":"ImageObject","inLanguage":"es","@id":"https:\/\/www.noticiasradioreflejos.com.ar\/2021\/#\/schema\/person\/image\/","url":"https:\/\/secure.gravatar.com\/avatar\/55cb5e37c1efa326397366e6974cb338056df65cb50e7d64d1cf314e87504837?s=96&d=mm&r=g","contentUrl":"https:\/\/secure.gravatar.com\/avatar\/55cb5e37c1efa326397366e6974cb338056df65cb50e7d64d1cf314e87504837?s=96&d=mm&r=g","caption":"Arnaldo Botto"},"url":"https:\/\/www.noticiasradioreflejos.com.ar\/2021\/author\/arnaldo\/"}]}},"_links":{"self":[{"href":"https:\/\/www.noticiasradioreflejos.com.ar\/2021\/wp-json\/wp\/v2\/posts\/92423","targetHints":{"allow":["GET"]}}],"collection":[{"href":"https:\/\/www.noticiasradioreflejos.com.ar\/2021\/wp-json\/wp\/v2\/posts"}],"about":[{"href":"https:\/\/www.noticiasradioreflejos.com.ar\/2021\/wp-json\/wp\/v2\/types\/post"}],"author":[{"embeddable":true,"href":"https:\/\/www.noticiasradioreflejos.com.ar\/2021\/wp-json\/wp\/v2\/users\/3"}],"replies":[{"embeddable":true,"href":"https:\/\/www.noticiasradioreflejos.com.ar\/2021\/wp-json\/wp\/v2\/comments?post=92423"}],"version-history":[{"count":2,"href":"https:\/\/www.noticiasradioreflejos.com.ar\/2021\/wp-json\/wp\/v2\/posts\/92423\/revisions"}],"predecessor-version":[{"id":92457,"href":"https:\/\/www.noticiasradioreflejos.com.ar\/2021\/wp-json\/wp\/v2\/posts\/92423\/revisions\/92457"}],"wp:attachment":[{"href":"https:\/\/www.noticiasradioreflejos.com.ar\/2021\/wp-json\/wp\/v2\/media?parent=92423"}],"wp:term":[{"taxonomy":"category","embeddable":true,"href":"https:\/\/www.noticiasradioreflejos.com.ar\/2021\/wp-json\/wp\/v2\/categories?post=92423"},{"taxonomy":"post_tag","embeddable":true,"href":"https:\/\/www.noticiasradioreflejos.com.ar\/2021\/wp-json\/wp\/v2\/tags?post=92423"}],"curies":[{"name":"wp","href":"https:\/\/api.w.org\/{rel}","templated":true}]}}