{"id":92420,"date":"2023-09-04T17:16:20","date_gmt":"2023-09-04T17:16:20","guid":{"rendered":"https:\/\/www.noticiasradioreflejos.com.ar\/2021\/?p=92420"},"modified":"2023-09-04T17:16:20","modified_gmt":"2023-09-04T17:16:20","slug":"las-seis-fechas-de-eliminatorias-sudamericanas-programadas-este-ano","status":"publish","type":"post","link":"https:\/\/www.noticiasradioreflejos.com.ar\/2021\/las-seis-fechas-de-eliminatorias-sudamericanas-programadas-este-ano\/","title":{"rendered":"Las seis fechas de Eliminatorias Sudamericanas programadas este a\u00f1o"},"content":{"rendered":"<p>Las Eliminatorias Sudamericanas rumbo al Mundial Estados Unidos-Canad\u00e1-M\u00e9xico 2026 completar\u00e1n este a\u00f1o su primer tercio de competencia con seis fechas agrupadas en tres ventanas FIFA en meses consecutivos.<!--more--><\/p>\n<p>El seleccionado argentino, defensor del t\u00edtulo obtenido en Qatar 2022, debutar\u00e1 este jueves con Ecuador de local y visitar\u00e1 el martes a Bolivia en La Paz; en octubre recibir\u00e1 a Paraguay y jugar\u00e1 ante Per\u00fa en Lima; mientras que cerrar\u00e1 el a\u00f1o con dos cl\u00e1sicos en noviembre: Uruguay en casa y Brasil en la tierra de los pentacampeones.<\/p>\n<p>Las siguientes son las fechas de las clasificaci\u00f3n mundialista a disputarse en 2023:<\/p>\n<p>= 1ra. fecha =<\/p>\n<p>. Jueves 7 de septiembre:<\/p>\n<p>19.30: Paraguay-Per\u00fa, en Ciudad del Este. \u00c1rbitro: Andr\u00e9s Matonte (Uruguay).<\/p>\n<p>20.00: Colombia-Venezuela, en Barranquilla. \u00c1rbitro: Anderson Daronco (Brasil).<\/p>\n<p>21.00 (TV P\u00fablica y TyC Sports): Argentina-Ecuador, en Buenos Aires. \u00c1rbitro: Wilmar Rold\u00e1n (Colombia).<\/p>\n<p>. Viernes 8 de septiembre:<\/p>\n<p>20.00 (TyC Sports): Uruguay-Chile, en Montevideo. \u00c1rbitro: Dar\u00edo Herrera (Argentina).<\/p>\n<p>21.45 (TyC Sports 2): Brasil-Bolivia, en Belem. \u00c1rbitro: Juan Gabriel Ben\u00edtez (Paraguay).<\/p>\n<p>= 2da. fecha =<\/p>\n<p>. Martes 12 de septiembre:<\/p>\n<p>17.00 (TV P\u00fablica y TyC Sports): Bolivia-Argentina, en La Paz. \u00c1rbitro: Esteban Ostojich (Uruguay).<\/p>\n<p>18.00: Ecuador-Uruguay, en Quito. \u00c1rbitro: Wilton Sampaio (Brasil).<\/p>\n<p>19.00: Venezuela-Paraguay, en Matur\u00edn. \u00c1rbitro: Andr\u00e9s Rojas (Colombia).<\/p>\n<p>22.30 (TyC Sports): Chile-Colombia, en Santiago. \u00c1rbitro: Jes\u00fas Valenzuela (Venezuela).<\/p>\n<p>23.00 (TyC Sports): Per\u00fa-Brasil, en Lima. \u00c1rbitro: Fernando Rapallini (Argentina).<\/p>\n<p>= 3ra. fecha =<\/p>\n<p>. Jueves 12 de octubre:<\/p>\n<p>17.00: Bolivia-Ecuador, en La Paz.<\/p>\n<p>17.30: Colombia-Uruguay, en Barranquilla.<\/p>\n<p>21.00: Argentina-Paraguay, en Buenos Aires.<\/p>\n<p>21.00: Chile-Per\u00fa, en Santiago.<\/p>\n<p>21.30: Brasil-Venezuela, en Cuiab\u00e1.<\/p>\n<p>= 4ta. fecha =<\/p>\n<p>. Martes 17 de octubre:<\/p>\n<p>18.30: Venezuela-Chile, en Matur\u00edn.<\/p>\n<p>20.30: Paraguay-Bolivia, en Ciudad del Este.<\/p>\n<p>20.30: Ecuador-Colombia, en Quito.<\/p>\n<p>21.00: Uruguay-Brasil, en Montevideo.<\/p>\n<p>23.00: Per\u00fa-Argentina, en Lima.<\/p>\n<p>= 5ta. fecha =<\/p>\n<p>. Noviembre (todav\u00eda no fue programada)<\/p>\n<p>Argentina-Uruguay<\/p>\n<p>Venezuela-Ecuador<\/p>\n<p>Bolivia-Per\u00fa<\/p>\n<p>Colombia-Brasil<\/p>\n<p>Chile-Paraguay<\/p>\n<p>= 6ta. fecha =<\/p>\n<p>. Noviembre (todav\u00eda no fue programada)<\/p>\n<p>Brasil-Argentina<\/p>\n<p>Uruguay-Bolivia<\/p>\n<p>Per\u00fa-Venezuela<\/p>\n<p>Paraguay-Colombia<\/p>\n<p>Ecuador-Chile<\/p>\n","protected":false},"excerpt":{"rendered":"<p>Las Eliminatorias Sudamericanas rumbo al Mundial Estados Unidos-Canad\u00e1-M\u00e9xico 2026 completar\u00e1n este a\u00f1o su primer tercio de competencia con seis fechas agrupadas en tres ventanas FIFA en meses consecutivos.<\/p>\n","protected":false},"author":3,"featured_media":0,"comment_status":"closed","ping_status":"closed","sticky":false,"template":"","format":"standard","meta":{"footnotes":""},"categories":[27],"tags":[],"class_list":["post-92420","post","type-post","status-publish","format-standard","hentry","category-deportes"],"yoast_head":"<!-- This site is optimized with the Yoast SEO plugin v25.9 - https:\/\/yoast.com\/wordpress\/plugins\/seo\/ -->\n<title>Las seis fechas de Eliminatorias Sudamericanas programadas este a\u00f1o - Noticias Radio Reflejos<\/title>\n<meta name=\"robots\" content=\"index, follow, max-snippet:-1, max-image-preview:large, max-video-preview:-1\" \/>\n<link rel=\"canonical\" href=\"https:\/\/www.noticiasradioreflejos.com.ar\/2021\/las-seis-fechas-de-eliminatorias-sudamericanas-programadas-este-ano\/\" \/>\n<meta property=\"og:locale\" content=\"es_ES\" \/>\n<meta property=\"og:type\" content=\"article\" \/>\n<meta property=\"og:title\" content=\"Las seis fechas de Eliminatorias Sudamericanas programadas este a\u00f1o - Noticias Radio Reflejos\" \/>\n<meta property=\"og:description\" content=\"Las Eliminatorias Sudamericanas rumbo al Mundial Estados Unidos-Canad\u00e1-M\u00e9xico 2026 completar\u00e1n este a\u00f1o su primer tercio de competencia con seis fechas agrupadas en tres ventanas FIFA en meses consecutivos.\" \/>\n<meta property=\"og:url\" content=\"https:\/\/www.noticiasradioreflejos.com.ar\/2021\/las-seis-fechas-de-eliminatorias-sudamericanas-programadas-este-ano\/\" \/>\n<meta property=\"og:site_name\" content=\"Noticias Radio Reflejos\" \/>\n<meta property=\"article:published_time\" content=\"2023-09-04T17:16:20+00:00\" \/>\n<meta property=\"og:image\" content=\"https:\/\/www.noticiasradioreflejos.com.ar\/2021\/wp-content\/uploads\/2021\/07\/logosol300x200.png\" \/>\n\t<meta property=\"og:image:width\" content=\"300\" \/>\n\t<meta property=\"og:image:height\" content=\"200\" \/>\n\t<meta property=\"og:image:type\" content=\"image\/png\" \/>\n<meta name=\"author\" content=\"Arnaldo Botto\" \/>\n<meta name=\"twitter:card\" content=\"summary_large_image\" \/>\n<script type=\"application\/ld+json\" class=\"yoast-schema-graph\">{\"@context\":\"https:\/\/schema.org\",\"@graph\":[{\"@type\":\"WebPage\",\"@id\":\"https:\/\/www.noticiasradioreflejos.com.ar\/2021\/las-seis-fechas-de-eliminatorias-sudamericanas-programadas-este-ano\/\",\"url\":\"https:\/\/www.noticiasradioreflejos.com.ar\/2021\/las-seis-fechas-de-eliminatorias-sudamericanas-programadas-este-ano\/\",\"name\":\"Las seis fechas de Eliminatorias Sudamericanas programadas este a\u00f1o - Noticias Radio Reflejos\",\"isPartOf\":{\"@id\":\"https:\/\/www.noticiasradioreflejos.com.ar\/2021\/#website\"},\"datePublished\":\"2023-09-04T17:16:20+00:00\",\"author\":{\"@id\":\"https:\/\/www.noticiasradioreflejos.com.ar\/2021\/#\/schema\/person\/ad82545263dcc5ec0996818884fd5fb1\"},\"breadcrumb\":{\"@id\":\"https:\/\/www.noticiasradioreflejos.com.ar\/2021\/las-seis-fechas-de-eliminatorias-sudamericanas-programadas-este-ano\/#breadcrumb\"},\"inLanguage\":\"es\",\"potentialAction\":[{\"@type\":\"ReadAction\",\"target\":[\"https:\/\/www.noticiasradioreflejos.com.ar\/2021\/las-seis-fechas-de-eliminatorias-sudamericanas-programadas-este-ano\/\"]}]},{\"@type\":\"BreadcrumbList\",\"@id\":\"https:\/\/www.noticiasradioreflejos.com.ar\/2021\/las-seis-fechas-de-eliminatorias-sudamericanas-programadas-este-ano\/#breadcrumb\",\"itemListElement\":[{\"@type\":\"ListItem\",\"position\":1,\"name\":\"Portada\",\"item\":\"https:\/\/www.noticiasradioreflejos.com.ar\/2021\/\"},{\"@type\":\"ListItem\",\"position\":2,\"name\":\"Las seis fechas de Eliminatorias Sudamericanas programadas este a\u00f1o\"}]},{\"@type\":\"WebSite\",\"@id\":\"https:\/\/www.noticiasradioreflejos.com.ar\/2021\/#website\",\"url\":\"https:\/\/www.noticiasradioreflejos.com.ar\/2021\/\",\"name\":\"Noticias Radio Reflejos\",\"description\":\"Las noticias de mi comarca\",\"potentialAction\":[{\"@type\":\"SearchAction\",\"target\":{\"@type\":\"EntryPoint\",\"urlTemplate\":\"https:\/\/www.noticiasradioreflejos.com.ar\/2021\/?s={search_term_string}\"},\"query-input\":{\"@type\":\"PropertyValueSpecification\",\"valueRequired\":true,\"valueName\":\"search_term_string\"}}],\"inLanguage\":\"es\"},{\"@type\":\"Person\",\"@id\":\"https:\/\/www.noticiasradioreflejos.com.ar\/2021\/#\/schema\/person\/ad82545263dcc5ec0996818884fd5fb1\",\"name\":\"Arnaldo Botto\",\"image\":{\"@type\":\"ImageObject\",\"inLanguage\":\"es\",\"@id\":\"https:\/\/www.noticiasradioreflejos.com.ar\/2021\/#\/schema\/person\/image\/\",\"url\":\"https:\/\/secure.gravatar.com\/avatar\/55cb5e37c1efa326397366e6974cb338056df65cb50e7d64d1cf314e87504837?s=96&d=mm&r=g\",\"contentUrl\":\"https:\/\/secure.gravatar.com\/avatar\/55cb5e37c1efa326397366e6974cb338056df65cb50e7d64d1cf314e87504837?s=96&d=mm&r=g\",\"caption\":\"Arnaldo Botto\"},\"url\":\"https:\/\/www.noticiasradioreflejos.com.ar\/2021\/author\/arnaldo\/\"}]}<\/script>\n<!-- \/ Yoast SEO plugin. -->","yoast_head_json":{"title":"Las seis fechas de Eliminatorias Sudamericanas programadas este a\u00f1o - Noticias Radio Reflejos","robots":{"index":"index","follow":"follow","max-snippet":"max-snippet:-1","max-image-preview":"max-image-preview:large","max-video-preview":"max-video-preview:-1"},"canonical":"https:\/\/www.noticiasradioreflejos.com.ar\/2021\/las-seis-fechas-de-eliminatorias-sudamericanas-programadas-este-ano\/","og_locale":"es_ES","og_type":"article","og_title":"Las seis fechas de Eliminatorias Sudamericanas programadas este a\u00f1o - Noticias Radio Reflejos","og_description":"Las Eliminatorias Sudamericanas rumbo al Mundial Estados Unidos-Canad\u00e1-M\u00e9xico 2026 completar\u00e1n este a\u00f1o su primer tercio de competencia con seis fechas agrupadas en tres ventanas FIFA en meses consecutivos.","og_url":"https:\/\/www.noticiasradioreflejos.com.ar\/2021\/las-seis-fechas-de-eliminatorias-sudamericanas-programadas-este-ano\/","og_site_name":"Noticias Radio Reflejos","article_published_time":"2023-09-04T17:16:20+00:00","og_image":[{"width":300,"height":200,"url":"https:\/\/www.noticiasradioreflejos.com.ar\/2021\/wp-content\/uploads\/2021\/07\/logosol300x200.png","type":"image\/png"}],"author":"Arnaldo Botto","twitter_card":"summary_large_image","schema":{"@context":"https:\/\/schema.org","@graph":[{"@type":"WebPage","@id":"https:\/\/www.noticiasradioreflejos.com.ar\/2021\/las-seis-fechas-de-eliminatorias-sudamericanas-programadas-este-ano\/","url":"https:\/\/www.noticiasradioreflejos.com.ar\/2021\/las-seis-fechas-de-eliminatorias-sudamericanas-programadas-este-ano\/","name":"Las seis fechas de Eliminatorias Sudamericanas programadas este a\u00f1o - Noticias Radio Reflejos","isPartOf":{"@id":"https:\/\/www.noticiasradioreflejos.com.ar\/2021\/#website"},"datePublished":"2023-09-04T17:16:20+00:00","author":{"@id":"https:\/\/www.noticiasradioreflejos.com.ar\/2021\/#\/schema\/person\/ad82545263dcc5ec0996818884fd5fb1"},"breadcrumb":{"@id":"https:\/\/www.noticiasradioreflejos.com.ar\/2021\/las-seis-fechas-de-eliminatorias-sudamericanas-programadas-este-ano\/#breadcrumb"},"inLanguage":"es","potentialAction":[{"@type":"ReadAction","target":["https:\/\/www.noticiasradioreflejos.com.ar\/2021\/las-seis-fechas-de-eliminatorias-sudamericanas-programadas-este-ano\/"]}]},{"@type":"BreadcrumbList","@id":"https:\/\/www.noticiasradioreflejos.com.ar\/2021\/las-seis-fechas-de-eliminatorias-sudamericanas-programadas-este-ano\/#breadcrumb","itemListElement":[{"@type":"ListItem","position":1,"name":"Portada","item":"https:\/\/www.noticiasradioreflejos.com.ar\/2021\/"},{"@type":"ListItem","position":2,"name":"Las seis fechas de Eliminatorias Sudamericanas programadas este a\u00f1o"}]},{"@type":"WebSite","@id":"https:\/\/www.noticiasradioreflejos.com.ar\/2021\/#website","url":"https:\/\/www.noticiasradioreflejos.com.ar\/2021\/","name":"Noticias Radio Reflejos","description":"Las noticias de mi comarca","potentialAction":[{"@type":"SearchAction","target":{"@type":"EntryPoint","urlTemplate":"https:\/\/www.noticiasradioreflejos.com.ar\/2021\/?s={search_term_string}"},"query-input":{"@type":"PropertyValueSpecification","valueRequired":true,"valueName":"search_term_string"}}],"inLanguage":"es"},{"@type":"Person","@id":"https:\/\/www.noticiasradioreflejos.com.ar\/2021\/#\/schema\/person\/ad82545263dcc5ec0996818884fd5fb1","name":"Arnaldo Botto","image":{"@type":"ImageObject","inLanguage":"es","@id":"https:\/\/www.noticiasradioreflejos.com.ar\/2021\/#\/schema\/person\/image\/","url":"https:\/\/secure.gravatar.com\/avatar\/55cb5e37c1efa326397366e6974cb338056df65cb50e7d64d1cf314e87504837?s=96&d=mm&r=g","contentUrl":"https:\/\/secure.gravatar.com\/avatar\/55cb5e37c1efa326397366e6974cb338056df65cb50e7d64d1cf314e87504837?s=96&d=mm&r=g","caption":"Arnaldo Botto"},"url":"https:\/\/www.noticiasradioreflejos.com.ar\/2021\/author\/arnaldo\/"}]}},"_links":{"self":[{"href":"https:\/\/www.noticiasradioreflejos.com.ar\/2021\/wp-json\/wp\/v2\/posts\/92420","targetHints":{"allow":["GET"]}}],"collection":[{"href":"https:\/\/www.noticiasradioreflejos.com.ar\/2021\/wp-json\/wp\/v2\/posts"}],"about":[{"href":"https:\/\/www.noticiasradioreflejos.com.ar\/2021\/wp-json\/wp\/v2\/types\/post"}],"author":[{"embeddable":true,"href":"https:\/\/www.noticiasradioreflejos.com.ar\/2021\/wp-json\/wp\/v2\/users\/3"}],"replies":[{"embeddable":true,"href":"https:\/\/www.noticiasradioreflejos.com.ar\/2021\/wp-json\/wp\/v2\/comments?post=92420"}],"version-history":[{"count":1,"href":"https:\/\/www.noticiasradioreflejos.com.ar\/2021\/wp-json\/wp\/v2\/posts\/92420\/revisions"}],"predecessor-version":[{"id":92422,"href":"https:\/\/www.noticiasradioreflejos.com.ar\/2021\/wp-json\/wp\/v2\/posts\/92420\/revisions\/92422"}],"wp:attachment":[{"href":"https:\/\/www.noticiasradioreflejos.com.ar\/2021\/wp-json\/wp\/v2\/media?parent=92420"}],"wp:term":[{"taxonomy":"category","embeddable":true,"href":"https:\/\/www.noticiasradioreflejos.com.ar\/2021\/wp-json\/wp\/v2\/categories?post=92420"},{"taxonomy":"post_tag","embeddable":true,"href":"https:\/\/www.noticiasradioreflejos.com.ar\/2021\/wp-json\/wp\/v2\/tags?post=92420"}],"curies":[{"name":"wp","href":"https:\/\/api.w.org\/{rel}","templated":true}]}}