{"id":92411,"date":"2023-09-04T16:38:42","date_gmt":"2023-09-04T16:38:42","guid":{"rendered":"https:\/\/www.noticiasradioreflejos.com.ar\/2021\/?p=92411"},"modified":"2023-09-04T16:40:07","modified_gmt":"2023-09-04T16:40:07","slug":"saldungaray-corono-su-123-aniversario-con-un-fin-de-semana-a-puro-festejos","status":"publish","type":"post","link":"https:\/\/www.noticiasradioreflejos.com.ar\/2021\/saldungaray-corono-su-123-aniversario-con-un-fin-de-semana-a-puro-festejos\/","title":{"rendered":"Saldungaray coron\u00f3 su 123\u00b0 aniversario con un fin de semana a puro festejos"},"content":{"rendered":"<p>Como es tradici\u00f3n, este domingo la comunidad de Saldungaray cerr\u00f3 los festejos por su 123 \u00b0 aniversario con un acto protocolar en la Plaza Independencia. <!--more--><\/p>\n<p><a title=\"aniversario11\" href=\"https:\/\/www.flickr.com\/photos\/182279889@N02\/53164189979\/in\/dateposted-public\/\" data-flickr-embed=\"true\"><img loading=\"lazy\" decoding=\"async\" src=\"https:\/\/live.staticflickr.com\/65535\/53164189979_939cd8e7ee_z.jpg\" alt=\"aniversario11\" width=\"640\" height=\"480\" \/><\/a><script async src=\"\/\/embedr.flickr.com\/assets\/client-code.js\" charset=\"utf-8\"><\/script><\/p>\n<p>La jornada, que estuvo encabezada por el intendente municipal Sergio Bordoni, inici\u00f3 con el izamiento del pabell\u00f3n nacional, la entonaci\u00f3n del Himno Nacional Argentino, que estuvo acompa\u00f1ado de la Banda Militar \u2018Cura Malal\u2019 de Pig\u00fc\u00e9; para darle luego lugar a las palabras alusivas.<\/p>\n<p><a title=\"aniversario15\" href=\"https:\/\/www.flickr.com\/photos\/182279889@N02\/53163398142\/in\/dateposted-public\/\" data-flickr-embed=\"true\"><img loading=\"lazy\" decoding=\"async\" src=\"https:\/\/live.staticflickr.com\/65535\/53163398142_20610f61f7_z.jpg\" alt=\"aniversario15\" width=\"640\" height=\"480\" \/><\/a><script async src=\"\/\/embedr.flickr.com\/assets\/client-code.js\" charset=\"utf-8\"><\/script><\/p>\n<p><a title=\"aniversario19\" href=\"https:\/\/www.flickr.com\/photos\/182279889@N02\/53163988441\/in\/dateposted-public\/\" data-flickr-embed=\"true\"><img loading=\"lazy\" decoding=\"async\" src=\"https:\/\/live.staticflickr.com\/65535\/53163988441_8b0ae53143_z.jpg\" alt=\"aniversario19\" width=\"640\" height=\"480\" \/><\/a><script async src=\"\/\/embedr.flickr.com\/assets\/client-code.js\" charset=\"utf-8\"><\/script><\/p>\n<p>En esta oportunidad, la alocuci\u00f3n estuvo a cargo del Secretario de Gobierno interino, Bruno Zacconi, quien expres\u00f3 \u201cSaldungaray tiene una particularidad, que la mencion\u00f3 el intendente el pasado martes, que es el compromiso de todos sus vecinos y vecinas. Hoy vemos un mont\u00f3n de vecinos que participan en instituciones d\u00eda a d\u00eda, y las instituciones son aquellas que mantienen a los pueblos vivos\u201d.<\/p>\n<p><a title=\"aniversario14\" href=\"https:\/\/www.flickr.com\/photos\/182279889@N02\/53164423030\/in\/dateposted-public\/\" data-flickr-embed=\"true\"><img loading=\"lazy\" decoding=\"async\" src=\"https:\/\/live.staticflickr.com\/65535\/53164423030_8d9ec2b2d1_z.jpg\" alt=\"aniversario14\" width=\"640\" height=\"480\" \/><\/a><script async src=\"\/\/embedr.flickr.com\/assets\/client-code.js\" charset=\"utf-8\"><\/script><\/p>\n<p>En ese sentido, Zacconi manifest\u00f3 \u201cEso siempre es importante y necesario valorarlo, para que, juntos, todos los vecinos vean el futuro con oportunidad, pero tambi\u00e9n con determinaci\u00f3n de donde quieren vivir, que pueblo quieren tener. Desde el gobierno municipal, pens\u00e1bamos que podemos hacer, que podemos aportar para que cada uno de los sue\u00f1os puedan concretarse; hemos trabajado fuertemente para que algunos de ellos puedan concretarse. Sigamos avanzando, miremos al futuro y sigamos trabajando d\u00eda a d\u00eda para que los habitantes de Saldungaray y los habitantes del distrito puedan vivir mejor\u201d.<\/p>\n<p><a title=\"aniversario\" href=\"https:\/\/www.flickr.com\/photos\/182279889@N02\/53164474693\/in\/dateposted-public\/\" data-flickr-embed=\"true\"><img loading=\"lazy\" decoding=\"async\" src=\"https:\/\/live.staticflickr.com\/65535\/53164474693_8110459bd5_z.jpg\" alt=\"aniversario\" width=\"640\" height=\"480\" \/><\/a><script async src=\"\/\/embedr.flickr.com\/assets\/client-code.js\" charset=\"utf-8\"><\/script><\/p>\n<p><a title=\"aniversario16\" href=\"https:\/\/www.flickr.com\/photos\/182279889@N02\/53164190344\/in\/dateposted-public\/\" data-flickr-embed=\"true\"><img loading=\"lazy\" decoding=\"async\" src=\"https:\/\/live.staticflickr.com\/65535\/53164190344_dedecd1e8b_z.jpg\" alt=\"aniversario16\" width=\"640\" height=\"480\" \/><\/a><script async src=\"\/\/embedr.flickr.com\/assets\/client-code.js\" charset=\"utf-8\"><\/script><\/p>\n<p><a title=\"aniversario12\" href=\"https:\/\/www.flickr.com\/photos\/182279889@N02\/53163988691\/in\/dateposted-public\/\" data-flickr-embed=\"true\"><img loading=\"lazy\" decoding=\"async\" src=\"https:\/\/live.staticflickr.com\/65535\/53163988691_cc9192a99b_z.jpg\" alt=\"aniversario12\" width=\"640\" height=\"480\" \/><\/a><script async src=\"\/\/embedr.flickr.com\/assets\/client-code.js\" charset=\"utf-8\"><\/script><\/p>\n<p>La programaci\u00f3n de los festejos, que contaron con paseo de artesanos y patio de comidas, continu\u00f3 con la presentaci\u00f3n de la pe\u00f1a folkl\u00f3rica Huinca Malal y, tras ello, el desfile de instituciones sobre la calle La Plata, tradicional en cada aniversario de la localidad saldungarense.<\/p>\n<p>Los festejos continuaron por la tarde, con la presentaci\u00f3n de artistas locales, con una gran variedad musical.<\/p>\n","protected":false},"excerpt":{"rendered":"<p>Como es tradici\u00f3n, este domingo la comunidad de Saldungaray cerr\u00f3 los festejos por su 123 \u00b0 aniversario con un acto protocolar en la Plaza Independencia.<\/p>\n","protected":false},"author":3,"featured_media":0,"comment_status":"closed","ping_status":"closed","sticky":false,"template":"","format":"standard","meta":{"footnotes":""},"categories":[28,26],"tags":[],"class_list":["post-92411","post","type-post","status-publish","format-standard","hentry","category-municipales","category-sociedad"],"yoast_head":"<!-- This site is optimized with the Yoast SEO plugin v25.9 - https:\/\/yoast.com\/wordpress\/plugins\/seo\/ -->\n<title>Saldungaray coron\u00f3 su 123\u00b0 aniversario con un fin de semana a puro festejos - Noticias Radio Reflejos<\/title>\n<meta name=\"robots\" content=\"index, follow, max-snippet:-1, max-image-preview:large, max-video-preview:-1\" \/>\n<link rel=\"canonical\" href=\"https:\/\/www.noticiasradioreflejos.com.ar\/2021\/saldungaray-corono-su-123-aniversario-con-un-fin-de-semana-a-puro-festejos\/\" \/>\n<meta property=\"og:locale\" content=\"es_ES\" \/>\n<meta property=\"og:type\" content=\"article\" \/>\n<meta property=\"og:title\" content=\"Saldungaray coron\u00f3 su 123\u00b0 aniversario con un fin de semana a puro festejos - Noticias Radio Reflejos\" \/>\n<meta property=\"og:description\" content=\"Como es tradici\u00f3n, este domingo la comunidad de Saldungaray cerr\u00f3 los festejos por su 123 \u00b0 aniversario con un acto protocolar en la Plaza Independencia.\" \/>\n<meta property=\"og:url\" content=\"https:\/\/www.noticiasradioreflejos.com.ar\/2021\/saldungaray-corono-su-123-aniversario-con-un-fin-de-semana-a-puro-festejos\/\" \/>\n<meta property=\"og:site_name\" content=\"Noticias Radio Reflejos\" \/>\n<meta property=\"article:published_time\" content=\"2023-09-04T16:38:42+00:00\" \/>\n<meta property=\"article:modified_time\" content=\"2023-09-04T16:40:07+00:00\" \/>\n<meta property=\"og:image\" content=\"https:\/\/live.staticflickr.com\/65535\/53164189979_939cd8e7ee_z.jpg\" \/>\n<meta name=\"author\" content=\"Arnaldo Botto\" \/>\n<meta name=\"twitter:card\" content=\"summary_large_image\" \/>\n<script type=\"application\/ld+json\" class=\"yoast-schema-graph\">{\"@context\":\"https:\/\/schema.org\",\"@graph\":[{\"@type\":\"WebPage\",\"@id\":\"https:\/\/www.noticiasradioreflejos.com.ar\/2021\/saldungaray-corono-su-123-aniversario-con-un-fin-de-semana-a-puro-festejos\/\",\"url\":\"https:\/\/www.noticiasradioreflejos.com.ar\/2021\/saldungaray-corono-su-123-aniversario-con-un-fin-de-semana-a-puro-festejos\/\",\"name\":\"Saldungaray coron\u00f3 su 123\u00b0 aniversario con un fin de semana a puro festejos - Noticias Radio Reflejos\",\"isPartOf\":{\"@id\":\"https:\/\/www.noticiasradioreflejos.com.ar\/2021\/#website\"},\"primaryImageOfPage\":{\"@id\":\"https:\/\/www.noticiasradioreflejos.com.ar\/2021\/saldungaray-corono-su-123-aniversario-con-un-fin-de-semana-a-puro-festejos\/#primaryimage\"},\"image\":{\"@id\":\"https:\/\/www.noticiasradioreflejos.com.ar\/2021\/saldungaray-corono-su-123-aniversario-con-un-fin-de-semana-a-puro-festejos\/#primaryimage\"},\"thumbnailUrl\":\"https:\/\/live.staticflickr.com\/65535\/53164189979_939cd8e7ee_z.jpg\",\"datePublished\":\"2023-09-04T16:38:42+00:00\",\"dateModified\":\"2023-09-04T16:40:07+00:00\",\"author\":{\"@id\":\"https:\/\/www.noticiasradioreflejos.com.ar\/2021\/#\/schema\/person\/ad82545263dcc5ec0996818884fd5fb1\"},\"breadcrumb\":{\"@id\":\"https:\/\/www.noticiasradioreflejos.com.ar\/2021\/saldungaray-corono-su-123-aniversario-con-un-fin-de-semana-a-puro-festejos\/#breadcrumb\"},\"inLanguage\":\"es\",\"potentialAction\":[{\"@type\":\"ReadAction\",\"target\":[\"https:\/\/www.noticiasradioreflejos.com.ar\/2021\/saldungaray-corono-su-123-aniversario-con-un-fin-de-semana-a-puro-festejos\/\"]}]},{\"@type\":\"ImageObject\",\"inLanguage\":\"es\",\"@id\":\"https:\/\/www.noticiasradioreflejos.com.ar\/2021\/saldungaray-corono-su-123-aniversario-con-un-fin-de-semana-a-puro-festejos\/#primaryimage\",\"url\":\"https:\/\/live.staticflickr.com\/65535\/53164189979_939cd8e7ee_z.jpg\",\"contentUrl\":\"https:\/\/live.staticflickr.com\/65535\/53164189979_939cd8e7ee_z.jpg\"},{\"@type\":\"BreadcrumbList\",\"@id\":\"https:\/\/www.noticiasradioreflejos.com.ar\/2021\/saldungaray-corono-su-123-aniversario-con-un-fin-de-semana-a-puro-festejos\/#breadcrumb\",\"itemListElement\":[{\"@type\":\"ListItem\",\"position\":1,\"name\":\"Portada\",\"item\":\"https:\/\/www.noticiasradioreflejos.com.ar\/2021\/\"},{\"@type\":\"ListItem\",\"position\":2,\"name\":\"Saldungaray coron\u00f3 su 123\u00b0 aniversario con un fin de semana a puro festejos\"}]},{\"@type\":\"WebSite\",\"@id\":\"https:\/\/www.noticiasradioreflejos.com.ar\/2021\/#website\",\"url\":\"https:\/\/www.noticiasradioreflejos.com.ar\/2021\/\",\"name\":\"Noticias Radio Reflejos\",\"description\":\"Las noticias de mi comarca\",\"potentialAction\":[{\"@type\":\"SearchAction\",\"target\":{\"@type\":\"EntryPoint\",\"urlTemplate\":\"https:\/\/www.noticiasradioreflejos.com.ar\/2021\/?s={search_term_string}\"},\"query-input\":{\"@type\":\"PropertyValueSpecification\",\"valueRequired\":true,\"valueName\":\"search_term_string\"}}],\"inLanguage\":\"es\"},{\"@type\":\"Person\",\"@id\":\"https:\/\/www.noticiasradioreflejos.com.ar\/2021\/#\/schema\/person\/ad82545263dcc5ec0996818884fd5fb1\",\"name\":\"Arnaldo Botto\",\"image\":{\"@type\":\"ImageObject\",\"inLanguage\":\"es\",\"@id\":\"https:\/\/www.noticiasradioreflejos.com.ar\/2021\/#\/schema\/person\/image\/\",\"url\":\"https:\/\/secure.gravatar.com\/avatar\/55cb5e37c1efa326397366e6974cb338056df65cb50e7d64d1cf314e87504837?s=96&d=mm&r=g\",\"contentUrl\":\"https:\/\/secure.gravatar.com\/avatar\/55cb5e37c1efa326397366e6974cb338056df65cb50e7d64d1cf314e87504837?s=96&d=mm&r=g\",\"caption\":\"Arnaldo Botto\"},\"url\":\"https:\/\/www.noticiasradioreflejos.com.ar\/2021\/author\/arnaldo\/\"}]}<\/script>\n<!-- \/ Yoast SEO plugin. -->","yoast_head_json":{"title":"Saldungaray coron\u00f3 su 123\u00b0 aniversario con un fin de semana a puro festejos - Noticias Radio Reflejos","robots":{"index":"index","follow":"follow","max-snippet":"max-snippet:-1","max-image-preview":"max-image-preview:large","max-video-preview":"max-video-preview:-1"},"canonical":"https:\/\/www.noticiasradioreflejos.com.ar\/2021\/saldungaray-corono-su-123-aniversario-con-un-fin-de-semana-a-puro-festejos\/","og_locale":"es_ES","og_type":"article","og_title":"Saldungaray coron\u00f3 su 123\u00b0 aniversario con un fin de semana a puro festejos - Noticias Radio Reflejos","og_description":"Como es tradici\u00f3n, este domingo la comunidad de Saldungaray cerr\u00f3 los festejos por su 123 \u00b0 aniversario con un acto protocolar en la Plaza Independencia.","og_url":"https:\/\/www.noticiasradioreflejos.com.ar\/2021\/saldungaray-corono-su-123-aniversario-con-un-fin-de-semana-a-puro-festejos\/","og_site_name":"Noticias Radio Reflejos","article_published_time":"2023-09-04T16:38:42+00:00","article_modified_time":"2023-09-04T16:40:07+00:00","og_image":[{"url":"https:\/\/live.staticflickr.com\/65535\/53164189979_939cd8e7ee_z.jpg","type":"","width":"","height":""}],"author":"Arnaldo Botto","twitter_card":"summary_large_image","schema":{"@context":"https:\/\/schema.org","@graph":[{"@type":"WebPage","@id":"https:\/\/www.noticiasradioreflejos.com.ar\/2021\/saldungaray-corono-su-123-aniversario-con-un-fin-de-semana-a-puro-festejos\/","url":"https:\/\/www.noticiasradioreflejos.com.ar\/2021\/saldungaray-corono-su-123-aniversario-con-un-fin-de-semana-a-puro-festejos\/","name":"Saldungaray coron\u00f3 su 123\u00b0 aniversario con un fin de semana a puro festejos - Noticias Radio Reflejos","isPartOf":{"@id":"https:\/\/www.noticiasradioreflejos.com.ar\/2021\/#website"},"primaryImageOfPage":{"@id":"https:\/\/www.noticiasradioreflejos.com.ar\/2021\/saldungaray-corono-su-123-aniversario-con-un-fin-de-semana-a-puro-festejos\/#primaryimage"},"image":{"@id":"https:\/\/www.noticiasradioreflejos.com.ar\/2021\/saldungaray-corono-su-123-aniversario-con-un-fin-de-semana-a-puro-festejos\/#primaryimage"},"thumbnailUrl":"https:\/\/live.staticflickr.com\/65535\/53164189979_939cd8e7ee_z.jpg","datePublished":"2023-09-04T16:38:42+00:00","dateModified":"2023-09-04T16:40:07+00:00","author":{"@id":"https:\/\/www.noticiasradioreflejos.com.ar\/2021\/#\/schema\/person\/ad82545263dcc5ec0996818884fd5fb1"},"breadcrumb":{"@id":"https:\/\/www.noticiasradioreflejos.com.ar\/2021\/saldungaray-corono-su-123-aniversario-con-un-fin-de-semana-a-puro-festejos\/#breadcrumb"},"inLanguage":"es","potentialAction":[{"@type":"ReadAction","target":["https:\/\/www.noticiasradioreflejos.com.ar\/2021\/saldungaray-corono-su-123-aniversario-con-un-fin-de-semana-a-puro-festejos\/"]}]},{"@type":"ImageObject","inLanguage":"es","@id":"https:\/\/www.noticiasradioreflejos.com.ar\/2021\/saldungaray-corono-su-123-aniversario-con-un-fin-de-semana-a-puro-festejos\/#primaryimage","url":"https:\/\/live.staticflickr.com\/65535\/53164189979_939cd8e7ee_z.jpg","contentUrl":"https:\/\/live.staticflickr.com\/65535\/53164189979_939cd8e7ee_z.jpg"},{"@type":"BreadcrumbList","@id":"https:\/\/www.noticiasradioreflejos.com.ar\/2021\/saldungaray-corono-su-123-aniversario-con-un-fin-de-semana-a-puro-festejos\/#breadcrumb","itemListElement":[{"@type":"ListItem","position":1,"name":"Portada","item":"https:\/\/www.noticiasradioreflejos.com.ar\/2021\/"},{"@type":"ListItem","position":2,"name":"Saldungaray coron\u00f3 su 123\u00b0 aniversario con un fin de semana a puro festejos"}]},{"@type":"WebSite","@id":"https:\/\/www.noticiasradioreflejos.com.ar\/2021\/#website","url":"https:\/\/www.noticiasradioreflejos.com.ar\/2021\/","name":"Noticias Radio Reflejos","description":"Las noticias de mi comarca","potentialAction":[{"@type":"SearchAction","target":{"@type":"EntryPoint","urlTemplate":"https:\/\/www.noticiasradioreflejos.com.ar\/2021\/?s={search_term_string}"},"query-input":{"@type":"PropertyValueSpecification","valueRequired":true,"valueName":"search_term_string"}}],"inLanguage":"es"},{"@type":"Person","@id":"https:\/\/www.noticiasradioreflejos.com.ar\/2021\/#\/schema\/person\/ad82545263dcc5ec0996818884fd5fb1","name":"Arnaldo Botto","image":{"@type":"ImageObject","inLanguage":"es","@id":"https:\/\/www.noticiasradioreflejos.com.ar\/2021\/#\/schema\/person\/image\/","url":"https:\/\/secure.gravatar.com\/avatar\/55cb5e37c1efa326397366e6974cb338056df65cb50e7d64d1cf314e87504837?s=96&d=mm&r=g","contentUrl":"https:\/\/secure.gravatar.com\/avatar\/55cb5e37c1efa326397366e6974cb338056df65cb50e7d64d1cf314e87504837?s=96&d=mm&r=g","caption":"Arnaldo Botto"},"url":"https:\/\/www.noticiasradioreflejos.com.ar\/2021\/author\/arnaldo\/"}]}},"_links":{"self":[{"href":"https:\/\/www.noticiasradioreflejos.com.ar\/2021\/wp-json\/wp\/v2\/posts\/92411","targetHints":{"allow":["GET"]}}],"collection":[{"href":"https:\/\/www.noticiasradioreflejos.com.ar\/2021\/wp-json\/wp\/v2\/posts"}],"about":[{"href":"https:\/\/www.noticiasradioreflejos.com.ar\/2021\/wp-json\/wp\/v2\/types\/post"}],"author":[{"embeddable":true,"href":"https:\/\/www.noticiasradioreflejos.com.ar\/2021\/wp-json\/wp\/v2\/users\/3"}],"replies":[{"embeddable":true,"href":"https:\/\/www.noticiasradioreflejos.com.ar\/2021\/wp-json\/wp\/v2\/comments?post=92411"}],"version-history":[{"count":2,"href":"https:\/\/www.noticiasradioreflejos.com.ar\/2021\/wp-json\/wp\/v2\/posts\/92411\/revisions"}],"predecessor-version":[{"id":92414,"href":"https:\/\/www.noticiasradioreflejos.com.ar\/2021\/wp-json\/wp\/v2\/posts\/92411\/revisions\/92414"}],"wp:attachment":[{"href":"https:\/\/www.noticiasradioreflejos.com.ar\/2021\/wp-json\/wp\/v2\/media?parent=92411"}],"wp:term":[{"taxonomy":"category","embeddable":true,"href":"https:\/\/www.noticiasradioreflejos.com.ar\/2021\/wp-json\/wp\/v2\/categories?post=92411"},{"taxonomy":"post_tag","embeddable":true,"href":"https:\/\/www.noticiasradioreflejos.com.ar\/2021\/wp-json\/wp\/v2\/tags?post=92411"}],"curies":[{"name":"wp","href":"https:\/\/api.w.org\/{rel}","templated":true}]}}