{"id":92405,"date":"2023-09-04T15:20:36","date_gmt":"2023-09-04T15:20:36","guid":{"rendered":"https:\/\/www.noticiasradioreflejos.com.ar\/2021\/?p=92405"},"modified":"2023-09-04T15:20:36","modified_gmt":"2023-09-04T15:20:36","slug":"choco-un-micro-que-viajaba-de-bahia-a-buenos-aires-tres-muertos","status":"publish","type":"post","link":"https:\/\/www.noticiasradioreflejos.com.ar\/2021\/choco-un-micro-que-viajaba-de-bahia-a-buenos-aires-tres-muertos\/","title":{"rendered":"Choc\u00f3 un micro que viajaba de Bah\u00eda a Buenos Aires: tres muertos"},"content":{"rendered":"<header id=\"mvp-post-head\" class=\"left relative\">Fue pasadas las 5 de la ma\u00f1ana, cerca de San Miguel del Monte. Colision\u00f3 de frente contra un utilitario.<\/p>\n<div class=\"mvp-author-info-wrap left relative\">\n<div class=\"mvp-author-info-text left relative\">\n<div class=\"mvp-author-info-name left relative\">\n<div id=\"st-1\" class=\"sharethis-inline-share-buttons st-left st-lang-es  st-inline-share-buttons st-animated\">\n<div class=\"st-btn st-last\" data-network=\"sharethis\"><\/div>\n<\/div>\n<\/div>\n<\/div>\n<\/div>\n<\/header>\n<p><!--more--><\/p>\n<div class=\"mvp-post-main-out left relative\">\n<div class=\"mvp-post-main-in\">\n<div id=\"mvp-post-content\" class=\"left relative\">\n<div id=\"mvp-post-feat-img\" class=\"left relative mvp-post-feat-img-wide2\"><img loading=\"lazy\" decoding=\"async\" class=\"attachment- size- wp-post-image\" src=\"https:\/\/www.labrujula24.com\/wp-content\/uploads\/2023\/09\/bondiii.jpg\" sizes=\"auto, (max-width: 1200px) 100vw, 1200px\" srcset=\"https:\/\/www.labrujula24.com\/wp-content\/uploads\/2023\/09\/bondiii.jpg 1200w, https:\/\/www.labrujula24.com\/wp-content\/uploads\/2023\/09\/bondiii-768x461.jpg 768w, https:\/\/www.labrujula24.com\/wp-content\/uploads\/2023\/09\/bondiii-1000x600.jpg 1000w, https:\/\/www.labrujula24.com\/wp-content\/uploads\/2023\/09\/bondiii-590x354.jpg 590w, https:\/\/www.labrujula24.com\/wp-content\/uploads\/2023\/09\/bondiii-400x240.jpg 400w\" alt=\"\" width=\"1200\" height=\"720\" \/><\/div>\n<div id=\"mvp-content-wrap\" class=\"left relative\">\n<div class=\"mvp-post-soc-out right relative\">\n<div class=\"mvp-post-soc-in\">\n<div id=\"mvp-content-body\" class=\"left relative\">\n<div id=\"mvp-content-body-top\" class=\"left relative\">\n<div id=\"mvp-content-main\" class=\"left relative\">\n<div id=\"textbody\">\n<p>Tres personas murieron y una result\u00f3 herida en un tr\u00e1gico choque frontal entre un micro de larga distancia y un veh\u00edculo utilitario en la Ruta Nacional N\u00b03, cerca de la localidad de San Miguel del Monte. El colectivo hab\u00eda partido de Bah\u00eda con destino Buenos Aires.<\/p>\n<p>Una de las v\u00edctimas fue el conductor del micro, identificado como Luis Palavecino. Las otras dos personas fallecidas, que viajaban en el veh\u00edculo utilitario, a\u00fan no han sido identificadas.<\/p>\n<div id=\"itb_mobile_intext_div\"><\/div>\n<p>El segundo conductor del transporte, Rogelio Benteveri, result\u00f3 ileso, mientras que uno de los pasajeros, que se llama Washington Rogelio, de 71 a\u00f1os, sufri\u00f3 heridas de diversa consideraci\u00f3n, aunque no se encuentra en riesgo de vida.<\/p>\n<figure class=\"wp-block-image size-full\"><img loading=\"lazy\" decoding=\"async\" class=\"wp-image-317456\" src=\"https:\/\/www.labrujula24.com\/wp-content\/uploads\/2023\/09\/vuelcoo-1.jpg\" sizes=\"auto, (max-width: 801px) 100vw, 801px\" srcset=\"https:\/\/www.labrujula24.com\/wp-content\/uploads\/2023\/09\/vuelcoo-1.jpg 801w, https:\/\/www.labrujula24.com\/wp-content\/uploads\/2023\/09\/vuelcoo-1-768x427.jpg 768w\" alt=\"\" width=\"801\" height=\"445\" \/><\/figure>\n<p>&nbsp;<\/p>\n<p class=\" aBigClassNameToAvoidCollisionInText\">El tr\u00e1gico suceso tuvo lugar poco antes de las 5:30 de la ma\u00f1ana en el kil\u00f3metro 120 de la Ruta Nacional N\u00b03. Las causas del choque est\u00e1n siendo investigadas. El impacto fue de gran violencia, lo que llev\u00f3 al micro a salirse de la ruta y detenerse sobre una zona parquizada cercana al camino. Por otro lado, el utilitario cruz\u00f3 la ruta y qued\u00f3 en la banquina del lado opuesto.<\/p>\n<div id=\"video\"><\/div>\n<p>Despu\u00e9s del accidente, las autoridades de la polic\u00eda y la Seguridad Vial de Corredores Viales cerraron la ruta para permitir que los bomberos trabajaran en el lugar y llevar a cabo las investigaciones judiciales pertinentes. El tr\u00e1fico fue desviado hacia la Ruta Provincial 41 mientras se realizaban las tareas necesarias en la escena del accidente.<\/p>\n<p><em>Con informaci\u00f3n de Central de Noticias<\/em><\/p>\n<\/div>\n<\/div>\n<\/div>\n<\/div>\n<\/div>\n<\/div>\n<\/div>\n<\/div>\n<\/div>\n<\/div>\n","protected":false},"excerpt":{"rendered":"<p>Fue pasadas las 5 de la ma\u00f1ana, cerca de San Miguel del Monte. Colision\u00f3 de frente contra un utilitario.<\/p>\n","protected":false},"author":3,"featured_media":0,"comment_status":"closed","ping_status":"closed","sticky":false,"template":"","format":"standard","meta":{"footnotes":""},"categories":[29],"tags":[],"class_list":["post-92405","post","type-post","status-publish","format-standard","hentry","category-policiales"],"yoast_head":"<!-- This site is optimized with the Yoast SEO plugin v25.9 - https:\/\/yoast.com\/wordpress\/plugins\/seo\/ -->\n<title>Choc\u00f3 un micro que viajaba de Bah\u00eda a Buenos Aires: tres muertos - Noticias Radio Reflejos<\/title>\n<meta name=\"robots\" content=\"index, follow, max-snippet:-1, max-image-preview:large, max-video-preview:-1\" \/>\n<link rel=\"canonical\" href=\"https:\/\/www.noticiasradioreflejos.com.ar\/2021\/choco-un-micro-que-viajaba-de-bahia-a-buenos-aires-tres-muertos\/\" \/>\n<meta property=\"og:locale\" content=\"es_ES\" \/>\n<meta property=\"og:type\" content=\"article\" \/>\n<meta property=\"og:title\" content=\"Choc\u00f3 un micro que viajaba de Bah\u00eda a Buenos Aires: tres muertos - Noticias Radio Reflejos\" \/>\n<meta property=\"og:description\" content=\"Fue pasadas las 5 de la ma\u00f1ana, cerca de San Miguel del Monte. Colision\u00f3 de frente contra un utilitario.\" \/>\n<meta property=\"og:url\" content=\"https:\/\/www.noticiasradioreflejos.com.ar\/2021\/choco-un-micro-que-viajaba-de-bahia-a-buenos-aires-tres-muertos\/\" \/>\n<meta property=\"og:site_name\" content=\"Noticias Radio Reflejos\" \/>\n<meta property=\"article:published_time\" content=\"2023-09-04T15:20:36+00:00\" \/>\n<meta property=\"og:image\" content=\"https:\/\/www.labrujula24.com\/wp-content\/uploads\/2023\/09\/bondiii.jpg\" \/>\n<meta name=\"author\" content=\"Arnaldo Botto\" \/>\n<meta name=\"twitter:card\" content=\"summary_large_image\" \/>\n<script type=\"application\/ld+json\" class=\"yoast-schema-graph\">{\"@context\":\"https:\/\/schema.org\",\"@graph\":[{\"@type\":\"WebPage\",\"@id\":\"https:\/\/www.noticiasradioreflejos.com.ar\/2021\/choco-un-micro-que-viajaba-de-bahia-a-buenos-aires-tres-muertos\/\",\"url\":\"https:\/\/www.noticiasradioreflejos.com.ar\/2021\/choco-un-micro-que-viajaba-de-bahia-a-buenos-aires-tres-muertos\/\",\"name\":\"Choc\u00f3 un micro que viajaba de Bah\u00eda a Buenos Aires: tres muertos - Noticias Radio Reflejos\",\"isPartOf\":{\"@id\":\"https:\/\/www.noticiasradioreflejos.com.ar\/2021\/#website\"},\"primaryImageOfPage\":{\"@id\":\"https:\/\/www.noticiasradioreflejos.com.ar\/2021\/choco-un-micro-que-viajaba-de-bahia-a-buenos-aires-tres-muertos\/#primaryimage\"},\"image\":{\"@id\":\"https:\/\/www.noticiasradioreflejos.com.ar\/2021\/choco-un-micro-que-viajaba-de-bahia-a-buenos-aires-tres-muertos\/#primaryimage\"},\"thumbnailUrl\":\"https:\/\/www.labrujula24.com\/wp-content\/uploads\/2023\/09\/bondiii.jpg\",\"datePublished\":\"2023-09-04T15:20:36+00:00\",\"author\":{\"@id\":\"https:\/\/www.noticiasradioreflejos.com.ar\/2021\/#\/schema\/person\/ad82545263dcc5ec0996818884fd5fb1\"},\"breadcrumb\":{\"@id\":\"https:\/\/www.noticiasradioreflejos.com.ar\/2021\/choco-un-micro-que-viajaba-de-bahia-a-buenos-aires-tres-muertos\/#breadcrumb\"},\"inLanguage\":\"es\",\"potentialAction\":[{\"@type\":\"ReadAction\",\"target\":[\"https:\/\/www.noticiasradioreflejos.com.ar\/2021\/choco-un-micro-que-viajaba-de-bahia-a-buenos-aires-tres-muertos\/\"]}]},{\"@type\":\"ImageObject\",\"inLanguage\":\"es\",\"@id\":\"https:\/\/www.noticiasradioreflejos.com.ar\/2021\/choco-un-micro-que-viajaba-de-bahia-a-buenos-aires-tres-muertos\/#primaryimage\",\"url\":\"https:\/\/www.labrujula24.com\/wp-content\/uploads\/2023\/09\/bondiii.jpg\",\"contentUrl\":\"https:\/\/www.labrujula24.com\/wp-content\/uploads\/2023\/09\/bondiii.jpg\"},{\"@type\":\"BreadcrumbList\",\"@id\":\"https:\/\/www.noticiasradioreflejos.com.ar\/2021\/choco-un-micro-que-viajaba-de-bahia-a-buenos-aires-tres-muertos\/#breadcrumb\",\"itemListElement\":[{\"@type\":\"ListItem\",\"position\":1,\"name\":\"Portada\",\"item\":\"https:\/\/www.noticiasradioreflejos.com.ar\/2021\/\"},{\"@type\":\"ListItem\",\"position\":2,\"name\":\"Choc\u00f3 un micro que viajaba de Bah\u00eda a Buenos Aires: tres muertos\"}]},{\"@type\":\"WebSite\",\"@id\":\"https:\/\/www.noticiasradioreflejos.com.ar\/2021\/#website\",\"url\":\"https:\/\/www.noticiasradioreflejos.com.ar\/2021\/\",\"name\":\"Noticias Radio Reflejos\",\"description\":\"Las noticias de mi comarca\",\"potentialAction\":[{\"@type\":\"SearchAction\",\"target\":{\"@type\":\"EntryPoint\",\"urlTemplate\":\"https:\/\/www.noticiasradioreflejos.com.ar\/2021\/?s={search_term_string}\"},\"query-input\":{\"@type\":\"PropertyValueSpecification\",\"valueRequired\":true,\"valueName\":\"search_term_string\"}}],\"inLanguage\":\"es\"},{\"@type\":\"Person\",\"@id\":\"https:\/\/www.noticiasradioreflejos.com.ar\/2021\/#\/schema\/person\/ad82545263dcc5ec0996818884fd5fb1\",\"name\":\"Arnaldo Botto\",\"image\":{\"@type\":\"ImageObject\",\"inLanguage\":\"es\",\"@id\":\"https:\/\/www.noticiasradioreflejos.com.ar\/2021\/#\/schema\/person\/image\/\",\"url\":\"https:\/\/secure.gravatar.com\/avatar\/55cb5e37c1efa326397366e6974cb338056df65cb50e7d64d1cf314e87504837?s=96&d=mm&r=g\",\"contentUrl\":\"https:\/\/secure.gravatar.com\/avatar\/55cb5e37c1efa326397366e6974cb338056df65cb50e7d64d1cf314e87504837?s=96&d=mm&r=g\",\"caption\":\"Arnaldo Botto\"},\"url\":\"https:\/\/www.noticiasradioreflejos.com.ar\/2021\/author\/arnaldo\/\"}]}<\/script>\n<!-- \/ Yoast SEO plugin. -->","yoast_head_json":{"title":"Choc\u00f3 un micro que viajaba de Bah\u00eda a Buenos Aires: tres muertos - Noticias Radio Reflejos","robots":{"index":"index","follow":"follow","max-snippet":"max-snippet:-1","max-image-preview":"max-image-preview:large","max-video-preview":"max-video-preview:-1"},"canonical":"https:\/\/www.noticiasradioreflejos.com.ar\/2021\/choco-un-micro-que-viajaba-de-bahia-a-buenos-aires-tres-muertos\/","og_locale":"es_ES","og_type":"article","og_title":"Choc\u00f3 un micro que viajaba de Bah\u00eda a Buenos Aires: tres muertos - Noticias Radio Reflejos","og_description":"Fue pasadas las 5 de la ma\u00f1ana, cerca de San Miguel del Monte. Colision\u00f3 de frente contra un utilitario.","og_url":"https:\/\/www.noticiasradioreflejos.com.ar\/2021\/choco-un-micro-que-viajaba-de-bahia-a-buenos-aires-tres-muertos\/","og_site_name":"Noticias Radio Reflejos","article_published_time":"2023-09-04T15:20:36+00:00","og_image":[{"url":"https:\/\/www.labrujula24.com\/wp-content\/uploads\/2023\/09\/bondiii.jpg","type":"","width":"","height":""}],"author":"Arnaldo Botto","twitter_card":"summary_large_image","schema":{"@context":"https:\/\/schema.org","@graph":[{"@type":"WebPage","@id":"https:\/\/www.noticiasradioreflejos.com.ar\/2021\/choco-un-micro-que-viajaba-de-bahia-a-buenos-aires-tres-muertos\/","url":"https:\/\/www.noticiasradioreflejos.com.ar\/2021\/choco-un-micro-que-viajaba-de-bahia-a-buenos-aires-tres-muertos\/","name":"Choc\u00f3 un micro que viajaba de Bah\u00eda a Buenos Aires: tres muertos - Noticias Radio Reflejos","isPartOf":{"@id":"https:\/\/www.noticiasradioreflejos.com.ar\/2021\/#website"},"primaryImageOfPage":{"@id":"https:\/\/www.noticiasradioreflejos.com.ar\/2021\/choco-un-micro-que-viajaba-de-bahia-a-buenos-aires-tres-muertos\/#primaryimage"},"image":{"@id":"https:\/\/www.noticiasradioreflejos.com.ar\/2021\/choco-un-micro-que-viajaba-de-bahia-a-buenos-aires-tres-muertos\/#primaryimage"},"thumbnailUrl":"https:\/\/www.labrujula24.com\/wp-content\/uploads\/2023\/09\/bondiii.jpg","datePublished":"2023-09-04T15:20:36+00:00","author":{"@id":"https:\/\/www.noticiasradioreflejos.com.ar\/2021\/#\/schema\/person\/ad82545263dcc5ec0996818884fd5fb1"},"breadcrumb":{"@id":"https:\/\/www.noticiasradioreflejos.com.ar\/2021\/choco-un-micro-que-viajaba-de-bahia-a-buenos-aires-tres-muertos\/#breadcrumb"},"inLanguage":"es","potentialAction":[{"@type":"ReadAction","target":["https:\/\/www.noticiasradioreflejos.com.ar\/2021\/choco-un-micro-que-viajaba-de-bahia-a-buenos-aires-tres-muertos\/"]}]},{"@type":"ImageObject","inLanguage":"es","@id":"https:\/\/www.noticiasradioreflejos.com.ar\/2021\/choco-un-micro-que-viajaba-de-bahia-a-buenos-aires-tres-muertos\/#primaryimage","url":"https:\/\/www.labrujula24.com\/wp-content\/uploads\/2023\/09\/bondiii.jpg","contentUrl":"https:\/\/www.labrujula24.com\/wp-content\/uploads\/2023\/09\/bondiii.jpg"},{"@type":"BreadcrumbList","@id":"https:\/\/www.noticiasradioreflejos.com.ar\/2021\/choco-un-micro-que-viajaba-de-bahia-a-buenos-aires-tres-muertos\/#breadcrumb","itemListElement":[{"@type":"ListItem","position":1,"name":"Portada","item":"https:\/\/www.noticiasradioreflejos.com.ar\/2021\/"},{"@type":"ListItem","position":2,"name":"Choc\u00f3 un micro que viajaba de Bah\u00eda a Buenos Aires: tres muertos"}]},{"@type":"WebSite","@id":"https:\/\/www.noticiasradioreflejos.com.ar\/2021\/#website","url":"https:\/\/www.noticiasradioreflejos.com.ar\/2021\/","name":"Noticias Radio Reflejos","description":"Las noticias de mi comarca","potentialAction":[{"@type":"SearchAction","target":{"@type":"EntryPoint","urlTemplate":"https:\/\/www.noticiasradioreflejos.com.ar\/2021\/?s={search_term_string}"},"query-input":{"@type":"PropertyValueSpecification","valueRequired":true,"valueName":"search_term_string"}}],"inLanguage":"es"},{"@type":"Person","@id":"https:\/\/www.noticiasradioreflejos.com.ar\/2021\/#\/schema\/person\/ad82545263dcc5ec0996818884fd5fb1","name":"Arnaldo Botto","image":{"@type":"ImageObject","inLanguage":"es","@id":"https:\/\/www.noticiasradioreflejos.com.ar\/2021\/#\/schema\/person\/image\/","url":"https:\/\/secure.gravatar.com\/avatar\/55cb5e37c1efa326397366e6974cb338056df65cb50e7d64d1cf314e87504837?s=96&d=mm&r=g","contentUrl":"https:\/\/secure.gravatar.com\/avatar\/55cb5e37c1efa326397366e6974cb338056df65cb50e7d64d1cf314e87504837?s=96&d=mm&r=g","caption":"Arnaldo Botto"},"url":"https:\/\/www.noticiasradioreflejos.com.ar\/2021\/author\/arnaldo\/"}]}},"_links":{"self":[{"href":"https:\/\/www.noticiasradioreflejos.com.ar\/2021\/wp-json\/wp\/v2\/posts\/92405","targetHints":{"allow":["GET"]}}],"collection":[{"href":"https:\/\/www.noticiasradioreflejos.com.ar\/2021\/wp-json\/wp\/v2\/posts"}],"about":[{"href":"https:\/\/www.noticiasradioreflejos.com.ar\/2021\/wp-json\/wp\/v2\/types\/post"}],"author":[{"embeddable":true,"href":"https:\/\/www.noticiasradioreflejos.com.ar\/2021\/wp-json\/wp\/v2\/users\/3"}],"replies":[{"embeddable":true,"href":"https:\/\/www.noticiasradioreflejos.com.ar\/2021\/wp-json\/wp\/v2\/comments?post=92405"}],"version-history":[{"count":1,"href":"https:\/\/www.noticiasradioreflejos.com.ar\/2021\/wp-json\/wp\/v2\/posts\/92405\/revisions"}],"predecessor-version":[{"id":92407,"href":"https:\/\/www.noticiasradioreflejos.com.ar\/2021\/wp-json\/wp\/v2\/posts\/92405\/revisions\/92407"}],"wp:attachment":[{"href":"https:\/\/www.noticiasradioreflejos.com.ar\/2021\/wp-json\/wp\/v2\/media?parent=92405"}],"wp:term":[{"taxonomy":"category","embeddable":true,"href":"https:\/\/www.noticiasradioreflejos.com.ar\/2021\/wp-json\/wp\/v2\/categories?post=92405"},{"taxonomy":"post_tag","embeddable":true,"href":"https:\/\/www.noticiasradioreflejos.com.ar\/2021\/wp-json\/wp\/v2\/tags?post=92405"}],"curies":[{"name":"wp","href":"https:\/\/api.w.org\/{rel}","templated":true}]}}