{"id":92356,"date":"2023-09-01T16:49:07","date_gmt":"2023-09-01T16:49:07","guid":{"rendered":"https:\/\/www.noticiasradioreflejos.com.ar\/2021\/?p=92356"},"modified":"2023-09-01T16:49:07","modified_gmt":"2023-09-01T16:49:07","slug":"anses-y-aerolineas-argentinas-haran-un-20-por-ciento-de-descuento-a-jubilados","status":"publish","type":"post","link":"https:\/\/www.noticiasradioreflejos.com.ar\/2021\/anses-y-aerolineas-argentinas-haran-un-20-por-ciento-de-descuento-a-jubilados\/","title":{"rendered":"ANSES y Aerol\u00edneas Argentinas har\u00e1n un 20 por ciento de descuento a Jubilados"},"content":{"rendered":"<p>La directora ejecutiva de ANSES, Fernanda Raverta, junto al presidente de Aerol\u00edneas Argentinas, Pablo Ceriani, anunciaron que la aerol\u00ednea de bandera otorgar\u00e1 un descuento especial del 20 por ciento para jubilados y pensionados de ANSES, quienes adem\u00e1s podr\u00e1n viajar con un acompa\u00f1ante beneficiario del mismo descuento.<!--more--><\/p>\n<p>Con vigencia hasta el 30 de noviembre de 2023 inclusive, rige para los 39 destinos y sus m\u00e1s de 47 tramos operados por Aerol\u00edneas Argentinas dentro del pa\u00eds.<\/p>\n<p>Para acceder al beneficio, las personas interesadas deber\u00e1n realizar la gesti\u00f3n \u00fanicamente a trav\u00e9s del Call Center (0810-222-86527), o bien, en cualquiera de las sucursales de la empresa de forma presencial.<\/p>\n<p>En este marco, Raverta expres\u00f3: \u201cComo Estado nacional nos enorgullece seguir acompa\u00f1ando a las y los argentinos con pol\u00edticas que brindan m\u00e1s derechos y nuevas posibilidades. En este caso, para que los jubilados y pensionados puedan visitar a su familia, disfrutar y viajar para conocer los infinitos y hermosos lugares que tiene nuestro pa\u00eds\u201d.<\/p>\n<p>\u201cSe trata de otra iniciativa para acercar Aerol\u00edneas Argentinas a cada vez m\u00e1s personas. Es uno de los compromisos que asumimos cuando nos hicimos cargo de esta gesti\u00f3n: una l\u00ednea a\u00e9rea m\u00e1s eficiente, con m\u00e1s vuelos, m\u00e1s destinos, mejor oferta y al alcance de todos y todas\u201d, explic\u00f3 Ceriani.<\/p>\n<p>Es importante mencionar que, semanas atr\u00e1s, se anunci\u00f3 la inclusi\u00f3n de Aerol\u00edneas en el programa Precios Justos y que, conjuntamente con la firma de dicho acuerdo, se incluy\u00f3 un programa de descuentos para jubilados y pensionados.<\/p>\n<p>Por \u00faltimo, para acceder al beneficio a los pasajeros se les solicitar\u00e1 el n\u00famero de CUIL para poder verificar el estatus jubilatorio al momento de la confecci\u00f3n de la reserva.<\/p>\n","protected":false},"excerpt":{"rendered":"<p>La directora ejecutiva de ANSES, Fernanda Raverta, junto al presidente de Aerol\u00edneas Argentinas, Pablo Ceriani, anunciaron que la aerol\u00ednea de bandera otorgar\u00e1 un descuento especial del 20 por ciento para jubilados y pensionados de ANSES, quienes adem\u00e1s podr\u00e1n viajar con un acompa\u00f1ante beneficiario del mismo descuento.<\/p>\n","protected":false},"author":3,"featured_media":0,"comment_status":"closed","ping_status":"closed","sticky":false,"template":"","format":"standard","meta":{"footnotes":""},"categories":[1],"tags":[],"class_list":["post-92356","post","type-post","status-publish","format-standard","hentry","category-sin-categoria"],"yoast_head":"<!-- This site is optimized with the Yoast SEO plugin v25.9 - https:\/\/yoast.com\/wordpress\/plugins\/seo\/ -->\n<title>ANSES y Aerol\u00edneas Argentinas har\u00e1n un 20 por ciento de descuento a Jubilados - Noticias Radio Reflejos<\/title>\n<meta name=\"robots\" content=\"index, follow, max-snippet:-1, max-image-preview:large, max-video-preview:-1\" \/>\n<link rel=\"canonical\" href=\"https:\/\/www.noticiasradioreflejos.com.ar\/2021\/anses-y-aerolineas-argentinas-haran-un-20-por-ciento-de-descuento-a-jubilados\/\" \/>\n<meta property=\"og:locale\" content=\"es_ES\" \/>\n<meta property=\"og:type\" content=\"article\" \/>\n<meta property=\"og:title\" content=\"ANSES y Aerol\u00edneas Argentinas har\u00e1n un 20 por ciento de descuento a Jubilados - Noticias Radio Reflejos\" \/>\n<meta property=\"og:description\" content=\"La directora ejecutiva de ANSES, Fernanda Raverta, junto al presidente de Aerol\u00edneas Argentinas, Pablo Ceriani, anunciaron que la aerol\u00ednea de bandera otorgar\u00e1 un descuento especial del 20 por ciento para jubilados y pensionados de ANSES, quienes adem\u00e1s podr\u00e1n viajar con un acompa\u00f1ante beneficiario del mismo descuento.\" \/>\n<meta property=\"og:url\" content=\"https:\/\/www.noticiasradioreflejos.com.ar\/2021\/anses-y-aerolineas-argentinas-haran-un-20-por-ciento-de-descuento-a-jubilados\/\" \/>\n<meta property=\"og:site_name\" content=\"Noticias Radio Reflejos\" \/>\n<meta property=\"article:published_time\" content=\"2023-09-01T16:49:07+00:00\" \/>\n<meta property=\"og:image\" content=\"https:\/\/www.noticiasradioreflejos.com.ar\/2021\/wp-content\/uploads\/2021\/07\/logosol300x200.png\" \/>\n\t<meta property=\"og:image:width\" content=\"300\" \/>\n\t<meta property=\"og:image:height\" content=\"200\" \/>\n\t<meta property=\"og:image:type\" content=\"image\/png\" \/>\n<meta name=\"author\" content=\"Arnaldo Botto\" \/>\n<meta name=\"twitter:card\" content=\"summary_large_image\" \/>\n<script type=\"application\/ld+json\" class=\"yoast-schema-graph\">{\"@context\":\"https:\/\/schema.org\",\"@graph\":[{\"@type\":\"WebPage\",\"@id\":\"https:\/\/www.noticiasradioreflejos.com.ar\/2021\/anses-y-aerolineas-argentinas-haran-un-20-por-ciento-de-descuento-a-jubilados\/\",\"url\":\"https:\/\/www.noticiasradioreflejos.com.ar\/2021\/anses-y-aerolineas-argentinas-haran-un-20-por-ciento-de-descuento-a-jubilados\/\",\"name\":\"ANSES y Aerol\u00edneas Argentinas har\u00e1n un 20 por ciento de descuento a Jubilados - Noticias Radio Reflejos\",\"isPartOf\":{\"@id\":\"https:\/\/www.noticiasradioreflejos.com.ar\/2021\/#website\"},\"datePublished\":\"2023-09-01T16:49:07+00:00\",\"author\":{\"@id\":\"https:\/\/www.noticiasradioreflejos.com.ar\/2021\/#\/schema\/person\/ad82545263dcc5ec0996818884fd5fb1\"},\"breadcrumb\":{\"@id\":\"https:\/\/www.noticiasradioreflejos.com.ar\/2021\/anses-y-aerolineas-argentinas-haran-un-20-por-ciento-de-descuento-a-jubilados\/#breadcrumb\"},\"inLanguage\":\"es\",\"potentialAction\":[{\"@type\":\"ReadAction\",\"target\":[\"https:\/\/www.noticiasradioreflejos.com.ar\/2021\/anses-y-aerolineas-argentinas-haran-un-20-por-ciento-de-descuento-a-jubilados\/\"]}]},{\"@type\":\"BreadcrumbList\",\"@id\":\"https:\/\/www.noticiasradioreflejos.com.ar\/2021\/anses-y-aerolineas-argentinas-haran-un-20-por-ciento-de-descuento-a-jubilados\/#breadcrumb\",\"itemListElement\":[{\"@type\":\"ListItem\",\"position\":1,\"name\":\"Portada\",\"item\":\"https:\/\/www.noticiasradioreflejos.com.ar\/2021\/\"},{\"@type\":\"ListItem\",\"position\":2,\"name\":\"ANSES y Aerol\u00edneas Argentinas har\u00e1n un 20 por ciento de descuento a Jubilados\"}]},{\"@type\":\"WebSite\",\"@id\":\"https:\/\/www.noticiasradioreflejos.com.ar\/2021\/#website\",\"url\":\"https:\/\/www.noticiasradioreflejos.com.ar\/2021\/\",\"name\":\"Noticias Radio Reflejos\",\"description\":\"Las noticias de mi comarca\",\"potentialAction\":[{\"@type\":\"SearchAction\",\"target\":{\"@type\":\"EntryPoint\",\"urlTemplate\":\"https:\/\/www.noticiasradioreflejos.com.ar\/2021\/?s={search_term_string}\"},\"query-input\":{\"@type\":\"PropertyValueSpecification\",\"valueRequired\":true,\"valueName\":\"search_term_string\"}}],\"inLanguage\":\"es\"},{\"@type\":\"Person\",\"@id\":\"https:\/\/www.noticiasradioreflejos.com.ar\/2021\/#\/schema\/person\/ad82545263dcc5ec0996818884fd5fb1\",\"name\":\"Arnaldo Botto\",\"image\":{\"@type\":\"ImageObject\",\"inLanguage\":\"es\",\"@id\":\"https:\/\/www.noticiasradioreflejos.com.ar\/2021\/#\/schema\/person\/image\/\",\"url\":\"https:\/\/secure.gravatar.com\/avatar\/55cb5e37c1efa326397366e6974cb338056df65cb50e7d64d1cf314e87504837?s=96&d=mm&r=g\",\"contentUrl\":\"https:\/\/secure.gravatar.com\/avatar\/55cb5e37c1efa326397366e6974cb338056df65cb50e7d64d1cf314e87504837?s=96&d=mm&r=g\",\"caption\":\"Arnaldo Botto\"},\"url\":\"https:\/\/www.noticiasradioreflejos.com.ar\/2021\/author\/arnaldo\/\"}]}<\/script>\n<!-- \/ Yoast SEO plugin. -->","yoast_head_json":{"title":"ANSES y Aerol\u00edneas Argentinas har\u00e1n un 20 por ciento de descuento a Jubilados - Noticias Radio Reflejos","robots":{"index":"index","follow":"follow","max-snippet":"max-snippet:-1","max-image-preview":"max-image-preview:large","max-video-preview":"max-video-preview:-1"},"canonical":"https:\/\/www.noticiasradioreflejos.com.ar\/2021\/anses-y-aerolineas-argentinas-haran-un-20-por-ciento-de-descuento-a-jubilados\/","og_locale":"es_ES","og_type":"article","og_title":"ANSES y Aerol\u00edneas Argentinas har\u00e1n un 20 por ciento de descuento a Jubilados - Noticias Radio Reflejos","og_description":"La directora ejecutiva de ANSES, Fernanda Raverta, junto al presidente de Aerol\u00edneas Argentinas, Pablo Ceriani, anunciaron que la aerol\u00ednea de bandera otorgar\u00e1 un descuento especial del 20 por ciento para jubilados y pensionados de ANSES, quienes adem\u00e1s podr\u00e1n viajar con un acompa\u00f1ante beneficiario del mismo descuento.","og_url":"https:\/\/www.noticiasradioreflejos.com.ar\/2021\/anses-y-aerolineas-argentinas-haran-un-20-por-ciento-de-descuento-a-jubilados\/","og_site_name":"Noticias Radio Reflejos","article_published_time":"2023-09-01T16:49:07+00:00","og_image":[{"width":300,"height":200,"url":"https:\/\/www.noticiasradioreflejos.com.ar\/2021\/wp-content\/uploads\/2021\/07\/logosol300x200.png","type":"image\/png"}],"author":"Arnaldo Botto","twitter_card":"summary_large_image","schema":{"@context":"https:\/\/schema.org","@graph":[{"@type":"WebPage","@id":"https:\/\/www.noticiasradioreflejos.com.ar\/2021\/anses-y-aerolineas-argentinas-haran-un-20-por-ciento-de-descuento-a-jubilados\/","url":"https:\/\/www.noticiasradioreflejos.com.ar\/2021\/anses-y-aerolineas-argentinas-haran-un-20-por-ciento-de-descuento-a-jubilados\/","name":"ANSES y Aerol\u00edneas Argentinas har\u00e1n un 20 por ciento de descuento a Jubilados - Noticias Radio Reflejos","isPartOf":{"@id":"https:\/\/www.noticiasradioreflejos.com.ar\/2021\/#website"},"datePublished":"2023-09-01T16:49:07+00:00","author":{"@id":"https:\/\/www.noticiasradioreflejos.com.ar\/2021\/#\/schema\/person\/ad82545263dcc5ec0996818884fd5fb1"},"breadcrumb":{"@id":"https:\/\/www.noticiasradioreflejos.com.ar\/2021\/anses-y-aerolineas-argentinas-haran-un-20-por-ciento-de-descuento-a-jubilados\/#breadcrumb"},"inLanguage":"es","potentialAction":[{"@type":"ReadAction","target":["https:\/\/www.noticiasradioreflejos.com.ar\/2021\/anses-y-aerolineas-argentinas-haran-un-20-por-ciento-de-descuento-a-jubilados\/"]}]},{"@type":"BreadcrumbList","@id":"https:\/\/www.noticiasradioreflejos.com.ar\/2021\/anses-y-aerolineas-argentinas-haran-un-20-por-ciento-de-descuento-a-jubilados\/#breadcrumb","itemListElement":[{"@type":"ListItem","position":1,"name":"Portada","item":"https:\/\/www.noticiasradioreflejos.com.ar\/2021\/"},{"@type":"ListItem","position":2,"name":"ANSES y Aerol\u00edneas Argentinas har\u00e1n un 20 por ciento de descuento a Jubilados"}]},{"@type":"WebSite","@id":"https:\/\/www.noticiasradioreflejos.com.ar\/2021\/#website","url":"https:\/\/www.noticiasradioreflejos.com.ar\/2021\/","name":"Noticias Radio Reflejos","description":"Las noticias de mi comarca","potentialAction":[{"@type":"SearchAction","target":{"@type":"EntryPoint","urlTemplate":"https:\/\/www.noticiasradioreflejos.com.ar\/2021\/?s={search_term_string}"},"query-input":{"@type":"PropertyValueSpecification","valueRequired":true,"valueName":"search_term_string"}}],"inLanguage":"es"},{"@type":"Person","@id":"https:\/\/www.noticiasradioreflejos.com.ar\/2021\/#\/schema\/person\/ad82545263dcc5ec0996818884fd5fb1","name":"Arnaldo Botto","image":{"@type":"ImageObject","inLanguage":"es","@id":"https:\/\/www.noticiasradioreflejos.com.ar\/2021\/#\/schema\/person\/image\/","url":"https:\/\/secure.gravatar.com\/avatar\/55cb5e37c1efa326397366e6974cb338056df65cb50e7d64d1cf314e87504837?s=96&d=mm&r=g","contentUrl":"https:\/\/secure.gravatar.com\/avatar\/55cb5e37c1efa326397366e6974cb338056df65cb50e7d64d1cf314e87504837?s=96&d=mm&r=g","caption":"Arnaldo Botto"},"url":"https:\/\/www.noticiasradioreflejos.com.ar\/2021\/author\/arnaldo\/"}]}},"_links":{"self":[{"href":"https:\/\/www.noticiasradioreflejos.com.ar\/2021\/wp-json\/wp\/v2\/posts\/92356","targetHints":{"allow":["GET"]}}],"collection":[{"href":"https:\/\/www.noticiasradioreflejos.com.ar\/2021\/wp-json\/wp\/v2\/posts"}],"about":[{"href":"https:\/\/www.noticiasradioreflejos.com.ar\/2021\/wp-json\/wp\/v2\/types\/post"}],"author":[{"embeddable":true,"href":"https:\/\/www.noticiasradioreflejos.com.ar\/2021\/wp-json\/wp\/v2\/users\/3"}],"replies":[{"embeddable":true,"href":"https:\/\/www.noticiasradioreflejos.com.ar\/2021\/wp-json\/wp\/v2\/comments?post=92356"}],"version-history":[{"count":1,"href":"https:\/\/www.noticiasradioreflejos.com.ar\/2021\/wp-json\/wp\/v2\/posts\/92356\/revisions"}],"predecessor-version":[{"id":92358,"href":"https:\/\/www.noticiasradioreflejos.com.ar\/2021\/wp-json\/wp\/v2\/posts\/92356\/revisions\/92358"}],"wp:attachment":[{"href":"https:\/\/www.noticiasradioreflejos.com.ar\/2021\/wp-json\/wp\/v2\/media?parent=92356"}],"wp:term":[{"taxonomy":"category","embeddable":true,"href":"https:\/\/www.noticiasradioreflejos.com.ar\/2021\/wp-json\/wp\/v2\/categories?post=92356"},{"taxonomy":"post_tag","embeddable":true,"href":"https:\/\/www.noticiasradioreflejos.com.ar\/2021\/wp-json\/wp\/v2\/tags?post=92356"}],"curies":[{"name":"wp","href":"https:\/\/api.w.org\/{rel}","templated":true}]}}