{"id":92116,"date":"2023-08-28T11:39:07","date_gmt":"2023-08-28T11:39:07","guid":{"rendered":"https:\/\/www.noticiasradioreflejos.com.ar\/2021\/?p=92116"},"modified":"2023-08-28T11:39:07","modified_gmt":"2023-08-28T11:39:07","slug":"la-industria-pyme-cayo-32-anual-en-julio","status":"publish","type":"post","link":"https:\/\/www.noticiasradioreflejos.com.ar\/2021\/la-industria-pyme-cayo-32-anual-en-julio\/","title":{"rendered":"La industria pyme cay\u00f3 3,2% anual en julio"},"content":{"rendered":"<p align=\"justify\">Por segundo mes consecutivo, la industria manufacturera pyme se retrajo. En el mes de julio present\u00f3 una variaci\u00f3n negativa de 3,2% frente al mismo mes del a\u00f1o anterior, y 2,6% en la comparaci\u00f3n con junio.<br \/>\nFue un mes at\u00edpico, marcado por la din\u00e1mica electoral, que afect\u00f3 la normalidad de muchas empresas. Por ejemplo, el 54% de las firmas consultadas declararon m\u00e1s problemas para reponer stocks que en el mes de junio.<!--more--><\/p>\n<p align=\"center\"><img loading=\"lazy\" decoding=\"async\" class=\"CToWUd a6T\" tabindex=\"0\" src=\"https:\/\/ci5.googleusercontent.com\/proxy\/3n6teLBkxzL0_7bzTjmyzmbXJv3x7rNF7Kt8w4uxCXe5fxWt0A6_0qeyGcsRe8ZpgO6HJuSEi5bQQtWULNkavsO9rNveE5K9XC4F6Aq5pBpkbSqcCww7c2426eyvlgGWEBeUtZiSUjhHkNAex_MdzKUAd1yleI20b2qCBVyYJwDsmslq1VPYCKofAFU6WmlA2KpBOA=s0-d-e1-ft#https:\/\/mailprensa.came.org.ar\/data\/1899c60d3e88c767f20949a98d5003460b14bf85\/media_files\/426\/original\/image-20230827104710-2.png\" width=\"1413\" height=\"368\" data-bit=\"iit\" \/><\/p>\n<p align=\"justify\">De todos modos, para los primeros siete meses del a\u00f1o, la industria pyme mantiene un crecimiento de 0,6% en comparaci\u00f3n con igual per\u00edodo de 2022.<\/p>\n<p align=\"center\"><img loading=\"lazy\" decoding=\"async\" class=\"CToWUd a6T\" tabindex=\"0\" src=\"https:\/\/ci4.googleusercontent.com\/proxy\/7l7OJYGho-us_iuUoLTUmTvOOmD3ztNP43J4iA-nYVHpgvHsPjWK2wV9d81XZssdRim8vvNqYqraU_RanC-UPz8Dd8BVoXUW7Vzdah-kYIHajU8ViT5f2FHWJSmLa_AGq4RePwpEwc_gh9EvdRrNxooEjCj_u7XLIKqFqG_E2Cie8F7jbU_q-_9ktYXhYOKsEZ3KeQ=s0-d-e1-ft#https:\/\/mailprensa.came.org.ar\/data\/1899c60d3e88c767f20949a98d5003460b14bf85\/media_files\/432\/original\/image-20230827104710-3.png\" width=\"1409\" height=\"961\" data-bit=\"iit\" \/><\/p>\n<p align=\"justify\">Las empresas arrancaron julio en calma, produciendo a pleno, pero sobre la segunda quincena del mes se comenzaron a tensar los mercados y los proveedores retacearon entregas de insumos por temor a pr\u00f3ximos aumentos. Las listas de precios tambi\u00e9n mostraron ajustes m\u00e1s fuertes, que las industrias debieron trasladar al precio de venta por el bajo margen para continuar absorbiendo incrementos.<br \/>\nLos empresarios consultados manifestaron que la variable pol\u00edtica fue la que mayor perjuicio les gener\u00f3, y hay temores sobre las dificultades para mejorar el panorama actual hasta fin de a\u00f1o.<br \/>\nEstos resultados surgen del \u00cdndice de Producci\u00f3n Industrial Pyme (IPIP) que elabora CAME, con una muestra que alcanz\u00f3 a 404 industrias pyme a nivel federal.<br \/>\nLa mejor performance en julio volvi\u00f3 a tenerla el rubro \u201cAlimentos y Bebidas\u201d, con un crecimiento anual de 4,4% en su producci\u00f3n, a precios constantes. La peor, ocurri\u00f3 en \u201cPapel e Impresiones\u201d, con una ca\u00edda interanual de 22,9% anual.<\/p>\n<p align=\"center\"><img loading=\"lazy\" decoding=\"async\" class=\"CToWUd a6T\" tabindex=\"0\" src=\"https:\/\/ci5.googleusercontent.com\/proxy\/mBSOy49mXQI_GyPKZV2GEzUp6VHjaiFyGk19t_nk8IHL3PL-iRGH0rdwvP5M98-YzUlpCGiF3LBrZygehJx05ozlxVqhxo-RNasQhIFblNrjbM6n7YzKCU6qJXzt8yRWgWiWPDMa43tg5nkxAGm0yfeEZC3cW1kYVe-I7ga5BL0uqMIotG3Wlgv3lG4sHY-beE6q2Q=s0-d-e1-ft#https:\/\/mailprensa.came.org.ar\/data\/1899c60d3e88c767f20949a98d5003460b14bf85\/media_files\/434\/original\/image-20230827104710-4.png\" width=\"1412\" height=\"970\" data-bit=\"iit\" \/><\/p>\n<p align=\"center\"><b>An\u00e1lisis sectorial<\/b><\/p>\n<p align=\"justify\">En t\u00e9rminos de variaci\u00f3n interanual acumulada de enero a julio, la situaci\u00f3n se repite: \u201cAlimentos y bebidas\u201d se destaca con la mejor performance con una variaci\u00f3n positiva del 5,3%, mientras que \u201cPapel e impresiones\u201d sufri\u00f3 una ca\u00edda del 14,8%, comparando con el mismo per\u00edodo del a\u00f1o pasado.<\/p>\n<p align=\"center\"><img loading=\"lazy\" decoding=\"async\" class=\"CToWUd a6T\" tabindex=\"0\" src=\"https:\/\/ci5.googleusercontent.com\/proxy\/Y2XDvtQFxYlXxHoVQMwwGbqcjKSpujurKJCZlMSKmLxG-QWxjY0UHL-m7op6yY8__8w5IcLYKGSxUL-KHy-tP2Dt0NQUlHSPVtAFh9FfD2qWwrD1pENUj4_DVdJn3IO7S5UfKrVnc-GfTaV2zR91MxKDhrYRh8ypy4hGVIfQ43ApyF2WAsSviJBd6LIxu0A45u0CbQ=s0-d-e1-ft#https:\/\/mailprensa.came.org.ar\/data\/1899c60d3e88c767f20949a98d5003460b14bf85\/media_files\/433\/original\/image-20230827104710-5.png\" width=\"1412\" height=\"1020\" data-bit=\"iit\" \/><\/p>\n<p align=\"justify\">\n<b>Alimentos y bebidas<\/b><\/p>\n<p align=\"center\"><img loading=\"lazy\" decoding=\"async\" class=\"CToWUd a6T\" tabindex=\"0\" src=\"https:\/\/ci6.googleusercontent.com\/proxy\/7B7STWX8l-iBvDB2GJj2WwU9cG-ZUQE6GWN8h2-0W92QA5EU5hoHAHmx5ekrvFn7etUpiiNBFqVNdaYFuriyHErDMQaMDuvTwi6jClhprZo_koM9xWOSVoaNMjsVPL6137NpmPD4QzIVr0IXyY3W90W5PBe3h6yg043_BWNuKBNLyrYcmuEACbvvMHSVovkTvZpd3w=s0-d-e1-ft#https:\/\/mailprensa.came.org.ar\/data\/1899c60d3e88c767f20949a98d5003460b14bf85\/media_files\/427\/original\/image-20230827104710-6.png\" width=\"1413\" height=\"368\" data-bit=\"iit\" \/><\/p>\n<p align=\"justify\">La producci\u00f3n creci\u00f3 4,4% anual en julio, a precios constantes, y acumula un aumento de 5,3% en los primeros siete meses del a\u00f1o (frente a igual per\u00edodo de 2022). En la comparaci\u00f3n mensual se retrajo 0,8%. Las industrias trabajaron en julio con 74,3% de su capacidad instalada, 1,2 puntos por encima de junio (72,9%). Hubo faltantes de harinas, caf\u00e9, az\u00facar y tapas pl\u00e1sticas para envases. Los empresarios consultados se mostraron preocupados porque se frenaron los pedidos de presupuestos y suponen que eso estar\u00eda denotando problemas de demanda que hasta ahora no se ve\u00edan.<br \/>\n\u201cLa producci\u00f3n se vio afectada todo el mes por la falta de repuestos importados. Crecimos, pero muy poco\u201d (F\u00e1brica de golosinas en la ciudad de Santa Fe).<br \/>\n\u201cHubo demasiada incertidumbre en el sector. Los proveedores no vend\u00edan insumos importados por m\u00e1s que los tuvieran; o bien, los entregan sin factura. Fue muy dif\u00edcil la comercializaci\u00f3n de nuestros productos en julio, y agosto est\u00e1 siendo peor\u201d (F\u00e1brica de alimentos para animales de Esperanza, en Santa Fe).<\/p>\n<p><b>Indumentaria y textil<\/b><\/p>\n<p align=\"center\"><img loading=\"lazy\" decoding=\"async\" class=\"CToWUd a6T\" tabindex=\"0\" src=\"https:\/\/ci3.googleusercontent.com\/proxy\/auBW0cJcWfgxr13hjkmfhDwqlc7YrNiz6WMr2SB83xIH21CIIow0WObd7ujM1cCF4SeRSwfQPOyAvJhw6xz7GEc5CWfskJfoeO4IoEqeAzCTATp4D62_RqHNt03xG8T8qoPhZ-yTrWC0_pgzS8OssHUn7u4t4EtAJx-bVsmTBYP1Cofg50dA6MvCC1vgjp_f9t41Ow=s0-d-e1-ft#https:\/\/mailprensa.came.org.ar\/data\/1899c60d3e88c767f20949a98d5003460b14bf85\/media_files\/431\/original\/image-20230827104710-7.png\" width=\"1413\" height=\"368\" data-bit=\"iit\" \/><\/p>\n<p align=\"justify\">La producci\u00f3n aument\u00f3 1,6% anual en julio, a precios constantes, y acumula un crecimiento de 1,4% en los primeros siete meses del a\u00f1o (frente a igual per\u00edodo de 2022). En la comparaci\u00f3n mensual tuvo una baja de 2,9%. Las industrias trabajaron en julio con 74% de su capacidad instalada. Las empresas manifestaron que la demanda se mantuvo firme, pero los problemas para conseguir insumos dificultaron la producci\u00f3n. Adjudicaron esa cuesti\u00f3n a los incrementos del d\u00f3lar y a las demoras en la aprobaci\u00f3n de las SIRA, que provocaron faltantes de elementos esenciales para producir.<br \/>\n\u201cNos quedamos sin repuestos importados para acondicionar las m\u00e1quinas que van saliendo por desperfectos\u201d (F\u00e1brica de hilados y tejidos en CABA).<br \/>\n\u201cDesde hace dos semanas que no tomamos nuevos pedidos porque no tenemos insumos. Las SIRA est\u00e1n trabadas y los proveedores nacionales nos entregan la mitad de las telas que pedimos\u201d (F\u00e1brica de la localidad de San Mart\u00edn en provincia de Buenos Aires).<\/p>\n<p><b>Maderas y muebles<\/b><\/p>\n<p align=\"center\"><img loading=\"lazy\" decoding=\"async\" class=\"CToWUd a6T\" tabindex=\"0\" src=\"https:\/\/ci6.googleusercontent.com\/proxy\/bnLbaq5XHBIz5W-EAhKMd9TRYPZoLN5wk7xH8SP6fjoYpAEw2B7dsckZikNELnNyOm9ScRmrV75nYmwhlKtma1aP1bHBtYiwPNY7oOq1q2kDOZjRHR-aYFuTxY7LzZweRKIFJi_SKfjLBgduFK2dgc2o2Y8HaRVigm3pHcZtHfrFU3lkRT-8HwSodfRrIjDxflSUcA=s0-d-e1-ft#https:\/\/mailprensa.came.org.ar\/data\/1899c60d3e88c767f20949a98d5003460b14bf85\/media_files\/428\/original\/image-20230827104710-8.png\" width=\"1413\" height=\"368\" data-bit=\"iit\" \/><\/p>\n<p align=\"justify\">La producci\u00f3n descendi\u00f3 4,8% anual en julio, a precios constantes, y acumula un aumento de 1,5% en los primeros siete meses del a\u00f1o (frente a igual per\u00edodo de 2022). En la comparaci\u00f3n mensual, la ca\u00edda alcanz\u00f3 al 7,9%. Las industrias trabajaron en julio con 75,5% de sus instalaciones, levemente por encima de junio (75,3%). El sector se movi\u00f3 con altibajos en el mes, en funci\u00f3n de los aumentos de precios. Hubo dificultades para conseguir insumos como pegamentos, clavos, barnices y algunas variedades de madera. La mitad de las empresas consultadas tuvieron m\u00e1s problemas para reponer stock que el mes anterior.<br \/>\n\u201cHay mucha incertidumbre para los pr\u00f3ximos meses. Las ventas disminuyeron debido al incremento en los precios\u201d (F\u00e1brica de muebles a medida de la ciudad de C\u00f3rdoba).<br \/>\n\u201cEst\u00e1 muy raro el mercado. Hemos tenido altibajos, pero este a\u00f1o esos altibajos se han acentuado m\u00e1s. En julio se vendi\u00f3 casi la mitad que en junio\u201d (F\u00e1brica de la ciudad de Tunuy\u00e1n, en Mendoza).<\/p>\n<p><b>Met\u00e1licos, maquinarias, equipos y material de transporte<\/b><\/p>\n<p align=\"center\"><img loading=\"lazy\" decoding=\"async\" class=\"CToWUd a6T\" tabindex=\"0\" src=\"https:\/\/ci5.googleusercontent.com\/proxy\/GDuZ4sWUXs77xitZc46-IGslTvngqiUVNzfF_ZiB05KFEzhEHgw06h74dlHxdGV0n9AFdI9FiyUbGNWb_Eh6h8y4X-6GxpeJBn3MZs43yu6MzFCIW8-iutGIiAmhnxNWsRh7WvBwz9P-AKkcw6sNWFB1tgLg--E6TB5kRz9ekaUGF1Qkzurp2e-zHXEkGA393EpQtg=s0-d-e1-ft#https:\/\/mailprensa.came.org.ar\/data\/1899c60d3e88c767f20949a98d5003460b14bf85\/media_files\/430\/original\/image-20230827104710-9.png\" width=\"1413\" height=\"368\" data-bit=\"iit\" \/><\/p>\n<p align=\"justify\">La producci\u00f3n se retrajo 4,2% anual en julio, a precios constantes, y se mantiene sin cambios en el acumulado del a\u00f1o. En la comparaci\u00f3n mensual se redujo 2,9%. Las industrias trabajaron en julio con 69,9% de su capacidad instalada, 0,6 puntos porcentuales por debajo de junio (70,5%). Continuaron los problemas para conseguir acero, cobre y otros insumos b\u00e1sicos. Los proveedores que cotizan a d\u00f3lar blue retacearon entregas. Hubo cambios de precios a diario, lo que gener\u00f3 demoras en la presentaci\u00f3n de presupuestos, seg\u00fan manifestaron algunas empresas consultadas.<br \/>\n\u201cLa situaci\u00f3n, desde hace varios meses, viene floja. Tuvimos problemas en la reposici\u00f3n de stock por demoras en las entregas de cobre y por falta de trabajadores calificados. Eso gener\u00f3 desfasajes en los tiempos de entrega y la fluidez con la que se trabaja habitualmente\u201d (F\u00e1brica de Rosario, en provincia de Santa Fe).<br \/>\n\u201cSe paralizaron las ventas y hubo muchos problemas para conseguir insumos\u201d (F\u00e1brica de maquinaria de Mar del Plata, en provincia de Buenos Aires).<\/p>\n<p><b>Productos qu\u00edmicos y pl\u00e1sticos<\/b><\/p>\n<p align=\"center\"><img loading=\"lazy\" decoding=\"async\" class=\"CToWUd a6T\" tabindex=\"0\" src=\"https:\/\/ci4.googleusercontent.com\/proxy\/wwTlUjA2jmo0ZBqfNmjkuxO6FyI1wQ45W6OV82BQKodG3h7I4GLuIwJCh8ZvR1iP0XPWv6-H9t-F1JTpFNkOhDqoCQHHoq6J1Rc9OGNo0_X00bi-1JfLmc0UByiABNNrUbXofSs7LDwLs_i0PiAx2dgLtfyg8-9qoHmKNZJ0WadtnvMQKIWbriDdsXuvyjKbNU1Y8QA=s0-d-e1-ft#https:\/\/mailprensa.came.org.ar\/data\/1899c60d3e88c767f20949a98d5003460b14bf85\/media_files\/429\/original\/image-20230827104710-10.png\" width=\"1413\" height=\"368\" data-bit=\"iit\" \/><\/p>\n<p align=\"justify\">La producci\u00f3n cay\u00f3 6,2% anual en julio, a precios constantes, y acumula un aumento de 0,7% en los primeros siete meses del a\u00f1o (frente a igual per\u00edodo de 2022). En la comparaci\u00f3n mensual tuvo una retracci\u00f3n de 3,3%. Las industrias trabajaron con 65,8% de su capacidad instalada, 2,3 puntos menos que en junio (68,1%). Las empresas reportaron faltantes de insumos y m\u00e1s dificultades en la cadena de pagos. El 65% de los empresarios manifest\u00f3 m\u00e1s problemas para reponer stocks que en junio. Los insumos, seg\u00fan se\u00f1alaron, llegaron con aumentos de hasta 40%.<br \/>\n\u201cAtravesamos una situaci\u00f3n preocupante de aumentos en impuestos, materia prima, cargas sociales y una baja considerable de ventas\u201d (Empresario de la ciudad de La Banda, en Santiago del Estero).<br \/>\n\u201cNuestras ventas dependen mucho del d\u00f3lar. Hoy est\u00e1 muy dif\u00edcil producir y comercializar fuera del pa\u00eds donde tenemos mercados\u201d (F\u00e1brica de la ciudad de Formosa).<\/p>\n<p><b>Papel, cart\u00f3n, edici\u00f3n e impresi\u00f3n<\/b><\/p>\n<p align=\"center\"><img loading=\"lazy\" decoding=\"async\" class=\"CToWUd a6T\" tabindex=\"0\" src=\"https:\/\/ci5.googleusercontent.com\/proxy\/TbMRESDQ-fPJ3Gi1NmdEVqElecr24F-ChrsnakMz6jR_2jGQ3Ppov27JBV1P4mf3Du_u5XJnab9wf04DfymSRMHgMdPQnML2KfTY1ZVp2oxmX_dJ4qXZvgvIzASzh6G70-70cUg2cwmM5o0ghy35zgdfgJ_UlnrtkmdKp3XHaCU2bsFxo8Rb8kmvcXl4WBErlE-dkd8=s0-d-e1-ft#https:\/\/mailprensa.came.org.ar\/data\/1899c60d3e88c767f20949a98d5003460b14bf85\/media_files\/435\/original\/image-20230827104710-11.png\" width=\"1413\" height=\"368\" data-bit=\"iit\" \/><\/p>\n<p align=\"justify\">La producci\u00f3n tuvo una ca\u00edda anual de 22,9%, a precios constantes, y en los primeros siete meses del a\u00f1o acumula una baja de 14,8% (frente a igual per\u00edodo de 2022). En la comparaci\u00f3n intermensual se observ\u00f3 un incremento de +0,5% respecto al mes anterior. Las industrias trabajaron en julio con 77,5% de su capacidad instalada, un nivel alto, pero 3 puntos menor a junio (80,5%). Se reportaron faltantes de tintas, adhesivos, cartulinas y otros papeles. Pero los incrementos de precios en los insumos fue la principal preocupaci\u00f3n de las empresas en el mes, especialmente sobre la \u00faltima semana.<br \/>\n\u201cEstamos muy afectados por las trabas para importar, nos falta materia prima para los trabajos. Es todo un desastre\u201d (Industria de ciudad de La Rioja).<br \/>\n\u201cTuvimos muchos problemas para conseguir productos, hubo cambios en los pagos de importaciones y eso atras\u00f3 entregas. Fueron muchos los inconvenientes que afectaron a todas las instancias de nuestra producci\u00f3n\u201d (empresa de la ciudad de Bah\u00eda Blanca, en provincia de Buenos Aires).<\/p>\n<p align=\"center\"><b>Reposici\u00f3n de stock<\/b><\/p>\n<p align=\"justify\">Consultados por la reposici\u00f3n de stock en el mes de julio, comparado con el mes anterior, en promedio el 53,8% de los industriales informaron haber tenido problemas. Por un lado, se destaca el caso del rubro \u201cQu\u00edmicos y pl\u00e1sticos\u201d que, de acuerdo con el 64,8% de los encuestados, se posicion\u00f3 como el sector con mayores dificultades para reponer su stock. Por otro lado, el rubro menos afectado por esta problem\u00e1tica fue el Textil, donde el 48% indic\u00f3 haber tenido dificultades para reponer.<\/p>\n","protected":false},"excerpt":{"rendered":"<p>Por segundo mes consecutivo, la industria manufacturera pyme se retrajo. En el mes de julio present\u00f3 una variaci\u00f3n negativa de 3,2% frente al mismo mes del a\u00f1o anterior, y 2,6% en la comparaci\u00f3n con junio. Fue un mes at\u00edpico, marcado por la din\u00e1mica electoral, que afect\u00f3 la normalidad de muchas empresas. Por ejemplo, el 54% [&hellip;]<\/p>\n","protected":false},"author":3,"featured_media":0,"comment_status":"closed","ping_status":"closed","sticky":false,"template":"","format":"standard","meta":{"footnotes":""},"categories":[36],"tags":[48],"class_list":["post-92116","post","type-post","status-publish","format-standard","hentry","category-economia","tag-destacada"],"yoast_head":"<!-- This site is optimized with the Yoast SEO plugin v25.9 - https:\/\/yoast.com\/wordpress\/plugins\/seo\/ -->\n<title>La industria pyme cay\u00f3 3,2% anual en julio - Noticias Radio Reflejos<\/title>\n<meta name=\"robots\" content=\"index, follow, max-snippet:-1, max-image-preview:large, max-video-preview:-1\" \/>\n<link rel=\"canonical\" href=\"https:\/\/www.noticiasradioreflejos.com.ar\/2021\/la-industria-pyme-cayo-32-anual-en-julio\/\" \/>\n<meta property=\"og:locale\" content=\"es_ES\" \/>\n<meta property=\"og:type\" content=\"article\" \/>\n<meta property=\"og:title\" content=\"La industria pyme cay\u00f3 3,2% anual en julio - Noticias Radio Reflejos\" \/>\n<meta property=\"og:description\" content=\"Por segundo mes consecutivo, la industria manufacturera pyme se retrajo. En el mes de julio present\u00f3 una variaci\u00f3n negativa de 3,2% frente al mismo mes del a\u00f1o anterior, y 2,6% en la comparaci\u00f3n con junio. Fue un mes at\u00edpico, marcado por la din\u00e1mica electoral, que afect\u00f3 la normalidad de muchas empresas. Por ejemplo, el 54% [&hellip;]\" \/>\n<meta property=\"og:url\" content=\"https:\/\/www.noticiasradioreflejos.com.ar\/2021\/la-industria-pyme-cayo-32-anual-en-julio\/\" \/>\n<meta property=\"og:site_name\" content=\"Noticias Radio Reflejos\" \/>\n<meta property=\"article:published_time\" content=\"2023-08-28T11:39:07+00:00\" \/>\n<meta property=\"og:image\" content=\"https:\/\/ci5.googleusercontent.com\/proxy\/3n6teLBkxzL0_7bzTjmyzmbXJv3x7rNF7Kt8w4uxCXe5fxWt0A6_0qeyGcsRe8ZpgO6HJuSEi5bQQtWULNkavsO9rNveE5K9XC4F6Aq5pBpkbSqcCww7c2426eyvlgGWEBeUtZiSUjhHkNAex_MdzKUAd1yleI20b2qCBVyYJwDsmslq1VPYCKofAFU6WmlA2KpBOA=s0-d-e1-ft#https:\/\/mailprensa.came.org.ar\/data\/1899c60d3e88c767f20949a98d5003460b14bf85\/media_files\/426\/original\/image-20230827104710-2.png\" \/>\n<meta name=\"author\" content=\"Arnaldo Botto\" \/>\n<meta name=\"twitter:card\" content=\"summary_large_image\" \/>\n<script type=\"application\/ld+json\" class=\"yoast-schema-graph\">{\"@context\":\"https:\/\/schema.org\",\"@graph\":[{\"@type\":\"WebPage\",\"@id\":\"https:\/\/www.noticiasradioreflejos.com.ar\/2021\/la-industria-pyme-cayo-32-anual-en-julio\/\",\"url\":\"https:\/\/www.noticiasradioreflejos.com.ar\/2021\/la-industria-pyme-cayo-32-anual-en-julio\/\",\"name\":\"La industria pyme cay\u00f3 3,2% anual en julio - Noticias Radio Reflejos\",\"isPartOf\":{\"@id\":\"https:\/\/www.noticiasradioreflejos.com.ar\/2021\/#website\"},\"primaryImageOfPage\":{\"@id\":\"https:\/\/www.noticiasradioreflejos.com.ar\/2021\/la-industria-pyme-cayo-32-anual-en-julio\/#primaryimage\"},\"image\":{\"@id\":\"https:\/\/www.noticiasradioreflejos.com.ar\/2021\/la-industria-pyme-cayo-32-anual-en-julio\/#primaryimage\"},\"thumbnailUrl\":\"https:\/\/ci5.googleusercontent.com\/proxy\/3n6teLBkxzL0_7bzTjmyzmbXJv3x7rNF7Kt8w4uxCXe5fxWt0A6_0qeyGcsRe8ZpgO6HJuSEi5bQQtWULNkavsO9rNveE5K9XC4F6Aq5pBpkbSqcCww7c2426eyvlgGWEBeUtZiSUjhHkNAex_MdzKUAd1yleI20b2qCBVyYJwDsmslq1VPYCKofAFU6WmlA2KpBOA=s0-d-e1-ft#https:\/\/mailprensa.came.org.ar\/data\/1899c60d3e88c767f20949a98d5003460b14bf85\/media_files\/426\/original\/image-20230827104710-2.png\",\"datePublished\":\"2023-08-28T11:39:07+00:00\",\"author\":{\"@id\":\"https:\/\/www.noticiasradioreflejos.com.ar\/2021\/#\/schema\/person\/ad82545263dcc5ec0996818884fd5fb1\"},\"breadcrumb\":{\"@id\":\"https:\/\/www.noticiasradioreflejos.com.ar\/2021\/la-industria-pyme-cayo-32-anual-en-julio\/#breadcrumb\"},\"inLanguage\":\"es\",\"potentialAction\":[{\"@type\":\"ReadAction\",\"target\":[\"https:\/\/www.noticiasradioreflejos.com.ar\/2021\/la-industria-pyme-cayo-32-anual-en-julio\/\"]}]},{\"@type\":\"ImageObject\",\"inLanguage\":\"es\",\"@id\":\"https:\/\/www.noticiasradioreflejos.com.ar\/2021\/la-industria-pyme-cayo-32-anual-en-julio\/#primaryimage\",\"url\":\"https:\/\/ci5.googleusercontent.com\/proxy\/3n6teLBkxzL0_7bzTjmyzmbXJv3x7rNF7Kt8w4uxCXe5fxWt0A6_0qeyGcsRe8ZpgO6HJuSEi5bQQtWULNkavsO9rNveE5K9XC4F6Aq5pBpkbSqcCww7c2426eyvlgGWEBeUtZiSUjhHkNAex_MdzKUAd1yleI20b2qCBVyYJwDsmslq1VPYCKofAFU6WmlA2KpBOA=s0-d-e1-ft#https:\/\/mailprensa.came.org.ar\/data\/1899c60d3e88c767f20949a98d5003460b14bf85\/media_files\/426\/original\/image-20230827104710-2.png\",\"contentUrl\":\"https:\/\/ci5.googleusercontent.com\/proxy\/3n6teLBkxzL0_7bzTjmyzmbXJv3x7rNF7Kt8w4uxCXe5fxWt0A6_0qeyGcsRe8ZpgO6HJuSEi5bQQtWULNkavsO9rNveE5K9XC4F6Aq5pBpkbSqcCww7c2426eyvlgGWEBeUtZiSUjhHkNAex_MdzKUAd1yleI20b2qCBVyYJwDsmslq1VPYCKofAFU6WmlA2KpBOA=s0-d-e1-ft#https:\/\/mailprensa.came.org.ar\/data\/1899c60d3e88c767f20949a98d5003460b14bf85\/media_files\/426\/original\/image-20230827104710-2.png\"},{\"@type\":\"BreadcrumbList\",\"@id\":\"https:\/\/www.noticiasradioreflejos.com.ar\/2021\/la-industria-pyme-cayo-32-anual-en-julio\/#breadcrumb\",\"itemListElement\":[{\"@type\":\"ListItem\",\"position\":1,\"name\":\"Portada\",\"item\":\"https:\/\/www.noticiasradioreflejos.com.ar\/2021\/\"},{\"@type\":\"ListItem\",\"position\":2,\"name\":\"La industria pyme cay\u00f3 3,2% anual en julio\"}]},{\"@type\":\"WebSite\",\"@id\":\"https:\/\/www.noticiasradioreflejos.com.ar\/2021\/#website\",\"url\":\"https:\/\/www.noticiasradioreflejos.com.ar\/2021\/\",\"name\":\"Noticias Radio Reflejos\",\"description\":\"Las noticias de mi comarca\",\"potentialAction\":[{\"@type\":\"SearchAction\",\"target\":{\"@type\":\"EntryPoint\",\"urlTemplate\":\"https:\/\/www.noticiasradioreflejos.com.ar\/2021\/?s={search_term_string}\"},\"query-input\":{\"@type\":\"PropertyValueSpecification\",\"valueRequired\":true,\"valueName\":\"search_term_string\"}}],\"inLanguage\":\"es\"},{\"@type\":\"Person\",\"@id\":\"https:\/\/www.noticiasradioreflejos.com.ar\/2021\/#\/schema\/person\/ad82545263dcc5ec0996818884fd5fb1\",\"name\":\"Arnaldo Botto\",\"image\":{\"@type\":\"ImageObject\",\"inLanguage\":\"es\",\"@id\":\"https:\/\/www.noticiasradioreflejos.com.ar\/2021\/#\/schema\/person\/image\/\",\"url\":\"https:\/\/secure.gravatar.com\/avatar\/55cb5e37c1efa326397366e6974cb338056df65cb50e7d64d1cf314e87504837?s=96&d=mm&r=g\",\"contentUrl\":\"https:\/\/secure.gravatar.com\/avatar\/55cb5e37c1efa326397366e6974cb338056df65cb50e7d64d1cf314e87504837?s=96&d=mm&r=g\",\"caption\":\"Arnaldo Botto\"},\"url\":\"https:\/\/www.noticiasradioreflejos.com.ar\/2021\/author\/arnaldo\/\"}]}<\/script>\n<!-- \/ Yoast SEO plugin. -->","yoast_head_json":{"title":"La industria pyme cay\u00f3 3,2% anual en julio - Noticias Radio Reflejos","robots":{"index":"index","follow":"follow","max-snippet":"max-snippet:-1","max-image-preview":"max-image-preview:large","max-video-preview":"max-video-preview:-1"},"canonical":"https:\/\/www.noticiasradioreflejos.com.ar\/2021\/la-industria-pyme-cayo-32-anual-en-julio\/","og_locale":"es_ES","og_type":"article","og_title":"La industria pyme cay\u00f3 3,2% anual en julio - Noticias Radio Reflejos","og_description":"Por segundo mes consecutivo, la industria manufacturera pyme se retrajo. En el mes de julio present\u00f3 una variaci\u00f3n negativa de 3,2% frente al mismo mes del a\u00f1o anterior, y 2,6% en la comparaci\u00f3n con junio. Fue un mes at\u00edpico, marcado por la din\u00e1mica electoral, que afect\u00f3 la normalidad de muchas empresas. Por ejemplo, el 54% [&hellip;]","og_url":"https:\/\/www.noticiasradioreflejos.com.ar\/2021\/la-industria-pyme-cayo-32-anual-en-julio\/","og_site_name":"Noticias Radio Reflejos","article_published_time":"2023-08-28T11:39:07+00:00","og_image":[{"url":"https:\/\/ci5.googleusercontent.com\/proxy\/3n6teLBkxzL0_7bzTjmyzmbXJv3x7rNF7Kt8w4uxCXe5fxWt0A6_0qeyGcsRe8ZpgO6HJuSEi5bQQtWULNkavsO9rNveE5K9XC4F6Aq5pBpkbSqcCww7c2426eyvlgGWEBeUtZiSUjhHkNAex_MdzKUAd1yleI20b2qCBVyYJwDsmslq1VPYCKofAFU6WmlA2KpBOA=s0-d-e1-ft#https:\/\/mailprensa.came.org.ar\/data\/1899c60d3e88c767f20949a98d5003460b14bf85\/media_files\/426\/original\/image-20230827104710-2.png","type":"","width":"","height":""}],"author":"Arnaldo Botto","twitter_card":"summary_large_image","schema":{"@context":"https:\/\/schema.org","@graph":[{"@type":"WebPage","@id":"https:\/\/www.noticiasradioreflejos.com.ar\/2021\/la-industria-pyme-cayo-32-anual-en-julio\/","url":"https:\/\/www.noticiasradioreflejos.com.ar\/2021\/la-industria-pyme-cayo-32-anual-en-julio\/","name":"La industria pyme cay\u00f3 3,2% anual en julio - Noticias Radio Reflejos","isPartOf":{"@id":"https:\/\/www.noticiasradioreflejos.com.ar\/2021\/#website"},"primaryImageOfPage":{"@id":"https:\/\/www.noticiasradioreflejos.com.ar\/2021\/la-industria-pyme-cayo-32-anual-en-julio\/#primaryimage"},"image":{"@id":"https:\/\/www.noticiasradioreflejos.com.ar\/2021\/la-industria-pyme-cayo-32-anual-en-julio\/#primaryimage"},"thumbnailUrl":"https:\/\/ci5.googleusercontent.com\/proxy\/3n6teLBkxzL0_7bzTjmyzmbXJv3x7rNF7Kt8w4uxCXe5fxWt0A6_0qeyGcsRe8ZpgO6HJuSEi5bQQtWULNkavsO9rNveE5K9XC4F6Aq5pBpkbSqcCww7c2426eyvlgGWEBeUtZiSUjhHkNAex_MdzKUAd1yleI20b2qCBVyYJwDsmslq1VPYCKofAFU6WmlA2KpBOA=s0-d-e1-ft#https:\/\/mailprensa.came.org.ar\/data\/1899c60d3e88c767f20949a98d5003460b14bf85\/media_files\/426\/original\/image-20230827104710-2.png","datePublished":"2023-08-28T11:39:07+00:00","author":{"@id":"https:\/\/www.noticiasradioreflejos.com.ar\/2021\/#\/schema\/person\/ad82545263dcc5ec0996818884fd5fb1"},"breadcrumb":{"@id":"https:\/\/www.noticiasradioreflejos.com.ar\/2021\/la-industria-pyme-cayo-32-anual-en-julio\/#breadcrumb"},"inLanguage":"es","potentialAction":[{"@type":"ReadAction","target":["https:\/\/www.noticiasradioreflejos.com.ar\/2021\/la-industria-pyme-cayo-32-anual-en-julio\/"]}]},{"@type":"ImageObject","inLanguage":"es","@id":"https:\/\/www.noticiasradioreflejos.com.ar\/2021\/la-industria-pyme-cayo-32-anual-en-julio\/#primaryimage","url":"https:\/\/ci5.googleusercontent.com\/proxy\/3n6teLBkxzL0_7bzTjmyzmbXJv3x7rNF7Kt8w4uxCXe5fxWt0A6_0qeyGcsRe8ZpgO6HJuSEi5bQQtWULNkavsO9rNveE5K9XC4F6Aq5pBpkbSqcCww7c2426eyvlgGWEBeUtZiSUjhHkNAex_MdzKUAd1yleI20b2qCBVyYJwDsmslq1VPYCKofAFU6WmlA2KpBOA=s0-d-e1-ft#https:\/\/mailprensa.came.org.ar\/data\/1899c60d3e88c767f20949a98d5003460b14bf85\/media_files\/426\/original\/image-20230827104710-2.png","contentUrl":"https:\/\/ci5.googleusercontent.com\/proxy\/3n6teLBkxzL0_7bzTjmyzmbXJv3x7rNF7Kt8w4uxCXe5fxWt0A6_0qeyGcsRe8ZpgO6HJuSEi5bQQtWULNkavsO9rNveE5K9XC4F6Aq5pBpkbSqcCww7c2426eyvlgGWEBeUtZiSUjhHkNAex_MdzKUAd1yleI20b2qCBVyYJwDsmslq1VPYCKofAFU6WmlA2KpBOA=s0-d-e1-ft#https:\/\/mailprensa.came.org.ar\/data\/1899c60d3e88c767f20949a98d5003460b14bf85\/media_files\/426\/original\/image-20230827104710-2.png"},{"@type":"BreadcrumbList","@id":"https:\/\/www.noticiasradioreflejos.com.ar\/2021\/la-industria-pyme-cayo-32-anual-en-julio\/#breadcrumb","itemListElement":[{"@type":"ListItem","position":1,"name":"Portada","item":"https:\/\/www.noticiasradioreflejos.com.ar\/2021\/"},{"@type":"ListItem","position":2,"name":"La industria pyme cay\u00f3 3,2% anual en julio"}]},{"@type":"WebSite","@id":"https:\/\/www.noticiasradioreflejos.com.ar\/2021\/#website","url":"https:\/\/www.noticiasradioreflejos.com.ar\/2021\/","name":"Noticias Radio Reflejos","description":"Las noticias de mi comarca","potentialAction":[{"@type":"SearchAction","target":{"@type":"EntryPoint","urlTemplate":"https:\/\/www.noticiasradioreflejos.com.ar\/2021\/?s={search_term_string}"},"query-input":{"@type":"PropertyValueSpecification","valueRequired":true,"valueName":"search_term_string"}}],"inLanguage":"es"},{"@type":"Person","@id":"https:\/\/www.noticiasradioreflejos.com.ar\/2021\/#\/schema\/person\/ad82545263dcc5ec0996818884fd5fb1","name":"Arnaldo Botto","image":{"@type":"ImageObject","inLanguage":"es","@id":"https:\/\/www.noticiasradioreflejos.com.ar\/2021\/#\/schema\/person\/image\/","url":"https:\/\/secure.gravatar.com\/avatar\/55cb5e37c1efa326397366e6974cb338056df65cb50e7d64d1cf314e87504837?s=96&d=mm&r=g","contentUrl":"https:\/\/secure.gravatar.com\/avatar\/55cb5e37c1efa326397366e6974cb338056df65cb50e7d64d1cf314e87504837?s=96&d=mm&r=g","caption":"Arnaldo Botto"},"url":"https:\/\/www.noticiasradioreflejos.com.ar\/2021\/author\/arnaldo\/"}]}},"_links":{"self":[{"href":"https:\/\/www.noticiasradioreflejos.com.ar\/2021\/wp-json\/wp\/v2\/posts\/92116","targetHints":{"allow":["GET"]}}],"collection":[{"href":"https:\/\/www.noticiasradioreflejos.com.ar\/2021\/wp-json\/wp\/v2\/posts"}],"about":[{"href":"https:\/\/www.noticiasradioreflejos.com.ar\/2021\/wp-json\/wp\/v2\/types\/post"}],"author":[{"embeddable":true,"href":"https:\/\/www.noticiasradioreflejos.com.ar\/2021\/wp-json\/wp\/v2\/users\/3"}],"replies":[{"embeddable":true,"href":"https:\/\/www.noticiasradioreflejos.com.ar\/2021\/wp-json\/wp\/v2\/comments?post=92116"}],"version-history":[{"count":1,"href":"https:\/\/www.noticiasradioreflejos.com.ar\/2021\/wp-json\/wp\/v2\/posts\/92116\/revisions"}],"predecessor-version":[{"id":92118,"href":"https:\/\/www.noticiasradioreflejos.com.ar\/2021\/wp-json\/wp\/v2\/posts\/92116\/revisions\/92118"}],"wp:attachment":[{"href":"https:\/\/www.noticiasradioreflejos.com.ar\/2021\/wp-json\/wp\/v2\/media?parent=92116"}],"wp:term":[{"taxonomy":"category","embeddable":true,"href":"https:\/\/www.noticiasradioreflejos.com.ar\/2021\/wp-json\/wp\/v2\/categories?post=92116"},{"taxonomy":"post_tag","embeddable":true,"href":"https:\/\/www.noticiasradioreflejos.com.ar\/2021\/wp-json\/wp\/v2\/tags?post=92116"}],"curies":[{"name":"wp","href":"https:\/\/api.w.org\/{rel}","templated":true}]}}