{"id":92094,"date":"2023-08-26T17:45:56","date_gmt":"2023-08-26T17:45:56","guid":{"rendered":"https:\/\/www.noticiasradioreflejos.com.ar\/2021\/?p=92094"},"modified":"2023-08-26T17:47:09","modified_gmt":"2023-08-26T17:47:09","slug":"la-batalla-cultural-la-manipulacion-del-saber-nacional","status":"publish","type":"post","link":"https:\/\/www.noticiasradioreflejos.com.ar\/2021\/la-batalla-cultural-la-manipulacion-del-saber-nacional\/","title":{"rendered":"LA BATALLA CULTURAL, la manipulaci\u00f3n del saber nacional."},"content":{"rendered":"<p style=\"font-weight: 400;\">En este agitado escenario del S.XXI nos encontramos en un momento en el que el individualismo y el ego\u00edsmo avanzan a pasos agigantados, reduciendo la esencia humana a un mero bienestar material, sin considerar lo que sucede a nuestro alrededor. A excepci\u00f3n de un reducido grupo de amigos y familiares, se percibe al resto de la comunidad como enemigos. Todo esto ocurre en medio de una batalla cultural que, aparentemente, no estamos comprendiendo.<!--more--><\/p>\n<p style=\"font-weight: 400;\">La referencia a una batalla cultural no se manifiesta en una confrontaci\u00f3n armada o f\u00edsica, sino a una lucha de ideas y valores que tiene lugar en el \u00e1mbito de la cultura y la educaci\u00f3n. Nuestra comunidad nacional est\u00e1 formada por un conjunto de mentalidades y creencias sostenidas por ideas, valores y convicciones compartidas que nos proporciona una identidad colectiva y una visi\u00f3n del mundo com\u00fan. Es lo que nos hace ser argentinos, y no cualquier otro pa\u00eds. Esta ideolog\u00eda del pueblo, en contraposici\u00f3n a lo que se gesta en laboratorios acad\u00e9micos europeos como el liberalismo y el progresismo o Socialismo S.XXI, es la que nos constituye en una Naci\u00f3n con una organizaci\u00f3n pol\u00edtica, social y cultural.<\/p>\n<p style=\"font-weight: 400;\">Deconstruir, demoler met\u00f3dica y organizadamente algo para darle una nueva estructura es la nueva estrategia de la colonialidad, para reemplazar nuestros valores y creencias por un nuevo relato fragmentario y rupturista en el que se imponen corrientes tribales como el feminismo, el ecologismo, el pacifismo, el indigenismo, el anarquismo, el internacionalismo, lo antinacional, el antihispanismo, el antifederalismo, entre otros. Estos colectivos proponen formas de organizaci\u00f3n social, pol\u00edtica, econ\u00f3mica y cultural en las que el sentido de comunidad nacional se diluye con el globalismo.<\/p>\n<p style=\"font-weight: 400;\">Estamos ante un escenario que busca generar una conciencia fragmentada, centrada en minor\u00edas, que termina siendo funcional a los intereses de esta nueva colonialidad. Como resultado, esta lucha de identidades se desarrolla en el terreno de la educaci\u00f3n, la cultura y la comunicaci\u00f3n, con el prop\u00f3sito de inculcar una mentalidad que priorice el bienestar individualista por encima del colectivo nacional.<\/p>\n<p style=\"font-weight: 400;\">De esta manera, se pretende infundir valores fundamentados en el ego\u00edsmo, el individualismo, la falta de solidaridad y la indiferencia en la construcci\u00f3n de la ciudad del globalismo. Para lograrlo, se busca impulsar un cambio en el comportamiento de las personas como parte de un proceso pol\u00edtico y social impuesto y aceptado como \u00fanica opci\u00f3n v\u00e1lida para una vida en libertad individual, sin preocupaci\u00f3n por nuestros semejantes.<\/p>\n<p style=\"font-weight: 400;\">Todo este desarrollo surge desde una estrategia de Ingenier\u00eda Social para desplegar estos dispositivos de falsificaci\u00f3n. La ingenier\u00eda social, dentro del campo de batalla cultural, se refiere a la manipulaci\u00f3n de ideas, creencias y emociones de las personas, con el fin de promover una determinada agenda pol\u00edtica e ideol\u00f3gica. Evidentemente, esta estrategia se basa en la comprensi\u00f3n de c\u00f3mo funciona la psicolog\u00eda de nuestro pueblo y c\u00f3mo influir en ella para lograr cambios cient\u00edficamente determinados y controlados.<\/p>\n<p style=\"font-weight: 400;\">Esta ingenier\u00eda busca implantarse en la percepci\u00f3n de la realidad de las personas, utilizando t\u00e9cnicas como la propaganda, la desinformaci\u00f3n, la manipulaci\u00f3n emocional, la censura, la ridiculizaci\u00f3n de posturas contrarias y otras t\u00e1cticas similares. El objetivo es moldear la opini\u00f3n p\u00fablica y promover determinados valores, creencias o visiones que beneficien al poder colonialista.<\/p>\n<p style=\"font-weight: 400;\">Para enfrentar esta Guerra Cultural se requiere del compromiso de todos para fortalecer la educaci\u00f3n que promueva valores solidarios, sentido de pertenencia y responsabilidad hacia el bienestar de las mayor\u00edas, formando buenos argentinos que cuestionen los relatos establecidos y busquen alternativas m\u00e1s justas y humanas, siendo capaces de resistir a cualquier intento de fragmentaci\u00f3n.<\/p>\n<p style=\"font-weight: 400;\">En \u00faltima instancia, esta Guerra se convierte en una batalla por la preservaci\u00f3n de nuestra identidad colectiva y valores compartidos que constituyen nuestra comunidad nacional organizada, comprometida con la justicia, la libertad y la solidaridad.<\/p>\n<p style=\"font-weight: 400;\">Por \u00faltimo, recordaremos al sevillano Antonio de Nebrija, padre de la gram\u00e1tica castellana, quien sosten\u00eda hace ya 500 a\u00f1os que las palabras son m\u00e1s que simples herramientas comunicativas; son los cimientos del pensamiento y la cultura. Y la gram\u00e1tica es el arma contra la ignorancia y el estancamiento en el conocimiento, convirti\u00e9ndose as\u00ed, las palabras y sus normas y reglas para hablar y escribir, en un medio para romper las cadenas de la subordinaci\u00f3n y la opresi\u00f3n, al permitir a las personas expresarse con claridad y convicci\u00f3n.<\/p>\n<p style=\"font-weight: 400;\">No obstante, el proceso colonialista est\u00e1 trabajando para despojarnos de las palabras y mantener este r\u00e9gimen de subordinaci\u00f3n. Hoy nos est\u00e1n imponiendo una forma de hablar que no solo est\u00e1 desvalorizando y marginando nuestra lengua castellana, sino que al desconocerse las terminolog\u00edas no podemos comprendernos. Sin comunicaci\u00f3n no hay unidad de concepci\u00f3n, que es lo que permite a las mayor\u00edas actuar en unidad de acci\u00f3n y, de esta modo, frenar los intentos de fracturar, embrutecer e insectificar a nuestro pueblo.<\/p>\n<p>&nbsp;<\/p>\n<p>&nbsp;<\/p>\n<p style=\"font-weight: 400;\"><em><strong>Luis Gotte<\/strong><\/em><\/p>\n<p style=\"font-weight: 400;\"><em><strong>La peque\u00f1a trinchera<\/strong><\/em><\/p>\n<p style=\"font-weight: 400;\"><em><strong>Co-autor de \u201cBuenos Ayres Humana, la hora de tu comunidad\u201d Ed. Fabro, 2022<\/strong><\/em><\/p>\n<p style=\"font-weight: 400;\"><em><strong>Mar del Plata<\/strong><\/em><\/p>\n<p style=\"font-weight: 400;\"><em><strong><a href=\"mailto:luisgotte@gmail.com\">luisgotte@gmail.com<\/a><\/strong><\/em><\/p>\n<p style=\"font-weight: 400;\"><em><strong>D.N.I. 20041255<\/strong><\/em><\/p>\n","protected":false},"excerpt":{"rendered":"<p>En este agitado escenario del S.XXI nos encontramos en un momento en el que el individualismo y el ego\u00edsmo avanzan a pasos agigantados, reduciendo la esencia humana a un mero bienestar material, sin considerar lo que sucede a nuestro alrededor. A excepci\u00f3n de un reducido grupo de amigos y familiares, se percibe al resto de [&hellip;]<\/p>\n","protected":false},"author":3,"featured_media":92095,"comment_status":"closed","ping_status":"closed","sticky":false,"template":"","format":"standard","meta":{"footnotes":""},"categories":[24,26],"tags":[],"class_list":["post-92094","post","type-post","status-publish","format-standard","has-post-thumbnail","hentry","category-politica","category-sociedad"],"yoast_head":"<!-- This site is optimized with the Yoast SEO plugin v25.9 - https:\/\/yoast.com\/wordpress\/plugins\/seo\/ -->\n<title>LA BATALLA CULTURAL, la manipulaci\u00f3n del saber nacional. - Noticias Radio Reflejos<\/title>\n<meta name=\"robots\" content=\"index, follow, max-snippet:-1, max-image-preview:large, max-video-preview:-1\" \/>\n<link rel=\"canonical\" href=\"https:\/\/www.noticiasradioreflejos.com.ar\/2021\/la-batalla-cultural-la-manipulacion-del-saber-nacional\/\" \/>\n<meta property=\"og:locale\" content=\"es_ES\" \/>\n<meta property=\"og:type\" content=\"article\" \/>\n<meta property=\"og:title\" content=\"LA BATALLA CULTURAL, la manipulaci\u00f3n del saber nacional. - Noticias Radio Reflejos\" \/>\n<meta property=\"og:description\" content=\"En este agitado escenario del S.XXI nos encontramos en un momento en el que el individualismo y el ego\u00edsmo avanzan a pasos agigantados, reduciendo la esencia humana a un mero bienestar material, sin considerar lo que sucede a nuestro alrededor. A excepci\u00f3n de un reducido grupo de amigos y familiares, se percibe al resto de [&hellip;]\" \/>\n<meta property=\"og:url\" content=\"https:\/\/www.noticiasradioreflejos.com.ar\/2021\/la-batalla-cultural-la-manipulacion-del-saber-nacional\/\" \/>\n<meta property=\"og:site_name\" content=\"Noticias Radio Reflejos\" \/>\n<meta property=\"article:published_time\" content=\"2023-08-26T17:45:56+00:00\" \/>\n<meta property=\"article:modified_time\" content=\"2023-08-26T17:47:09+00:00\" \/>\n<meta property=\"og:image\" content=\"https:\/\/www.noticiasradioreflejos.com.ar\/2021\/wp-content\/uploads\/2023\/08\/image-1.png\" \/>\n\t<meta property=\"og:image:width\" content=\"750\" \/>\n\t<meta property=\"og:image:height\" content=\"410\" \/>\n\t<meta property=\"og:image:type\" content=\"image\/png\" \/>\n<meta name=\"author\" content=\"Arnaldo Botto\" \/>\n<meta name=\"twitter:card\" content=\"summary_large_image\" \/>\n<script type=\"application\/ld+json\" class=\"yoast-schema-graph\">{\"@context\":\"https:\/\/schema.org\",\"@graph\":[{\"@type\":\"WebPage\",\"@id\":\"https:\/\/www.noticiasradioreflejos.com.ar\/2021\/la-batalla-cultural-la-manipulacion-del-saber-nacional\/\",\"url\":\"https:\/\/www.noticiasradioreflejos.com.ar\/2021\/la-batalla-cultural-la-manipulacion-del-saber-nacional\/\",\"name\":\"LA BATALLA CULTURAL, la manipulaci\u00f3n del saber nacional. - Noticias Radio Reflejos\",\"isPartOf\":{\"@id\":\"https:\/\/www.noticiasradioreflejos.com.ar\/2021\/#website\"},\"primaryImageOfPage\":{\"@id\":\"https:\/\/www.noticiasradioreflejos.com.ar\/2021\/la-batalla-cultural-la-manipulacion-del-saber-nacional\/#primaryimage\"},\"image\":{\"@id\":\"https:\/\/www.noticiasradioreflejos.com.ar\/2021\/la-batalla-cultural-la-manipulacion-del-saber-nacional\/#primaryimage\"},\"thumbnailUrl\":\"https:\/\/www.noticiasradioreflejos.com.ar\/2021\/wp-content\/uploads\/2023\/08\/image-1.png\",\"datePublished\":\"2023-08-26T17:45:56+00:00\",\"dateModified\":\"2023-08-26T17:47:09+00:00\",\"author\":{\"@id\":\"https:\/\/www.noticiasradioreflejos.com.ar\/2021\/#\/schema\/person\/ad82545263dcc5ec0996818884fd5fb1\"},\"breadcrumb\":{\"@id\":\"https:\/\/www.noticiasradioreflejos.com.ar\/2021\/la-batalla-cultural-la-manipulacion-del-saber-nacional\/#breadcrumb\"},\"inLanguage\":\"es\",\"potentialAction\":[{\"@type\":\"ReadAction\",\"target\":[\"https:\/\/www.noticiasradioreflejos.com.ar\/2021\/la-batalla-cultural-la-manipulacion-del-saber-nacional\/\"]}]},{\"@type\":\"ImageObject\",\"inLanguage\":\"es\",\"@id\":\"https:\/\/www.noticiasradioreflejos.com.ar\/2021\/la-batalla-cultural-la-manipulacion-del-saber-nacional\/#primaryimage\",\"url\":\"https:\/\/www.noticiasradioreflejos.com.ar\/2021\/wp-content\/uploads\/2023\/08\/image-1.png\",\"contentUrl\":\"https:\/\/www.noticiasradioreflejos.com.ar\/2021\/wp-content\/uploads\/2023\/08\/image-1.png\",\"width\":750,\"height\":410},{\"@type\":\"BreadcrumbList\",\"@id\":\"https:\/\/www.noticiasradioreflejos.com.ar\/2021\/la-batalla-cultural-la-manipulacion-del-saber-nacional\/#breadcrumb\",\"itemListElement\":[{\"@type\":\"ListItem\",\"position\":1,\"name\":\"Portada\",\"item\":\"https:\/\/www.noticiasradioreflejos.com.ar\/2021\/\"},{\"@type\":\"ListItem\",\"position\":2,\"name\":\"LA BATALLA CULTURAL, la manipulaci\u00f3n del saber nacional.\"}]},{\"@type\":\"WebSite\",\"@id\":\"https:\/\/www.noticiasradioreflejos.com.ar\/2021\/#website\",\"url\":\"https:\/\/www.noticiasradioreflejos.com.ar\/2021\/\",\"name\":\"Noticias Radio Reflejos\",\"description\":\"Las noticias de mi comarca\",\"potentialAction\":[{\"@type\":\"SearchAction\",\"target\":{\"@type\":\"EntryPoint\",\"urlTemplate\":\"https:\/\/www.noticiasradioreflejos.com.ar\/2021\/?s={search_term_string}\"},\"query-input\":{\"@type\":\"PropertyValueSpecification\",\"valueRequired\":true,\"valueName\":\"search_term_string\"}}],\"inLanguage\":\"es\"},{\"@type\":\"Person\",\"@id\":\"https:\/\/www.noticiasradioreflejos.com.ar\/2021\/#\/schema\/person\/ad82545263dcc5ec0996818884fd5fb1\",\"name\":\"Arnaldo Botto\",\"image\":{\"@type\":\"ImageObject\",\"inLanguage\":\"es\",\"@id\":\"https:\/\/www.noticiasradioreflejos.com.ar\/2021\/#\/schema\/person\/image\/\",\"url\":\"https:\/\/secure.gravatar.com\/avatar\/55cb5e37c1efa326397366e6974cb338056df65cb50e7d64d1cf314e87504837?s=96&d=mm&r=g\",\"contentUrl\":\"https:\/\/secure.gravatar.com\/avatar\/55cb5e37c1efa326397366e6974cb338056df65cb50e7d64d1cf314e87504837?s=96&d=mm&r=g\",\"caption\":\"Arnaldo Botto\"},\"url\":\"https:\/\/www.noticiasradioreflejos.com.ar\/2021\/author\/arnaldo\/\"}]}<\/script>\n<!-- \/ Yoast SEO plugin. -->","yoast_head_json":{"title":"LA BATALLA CULTURAL, la manipulaci\u00f3n del saber nacional. - Noticias Radio Reflejos","robots":{"index":"index","follow":"follow","max-snippet":"max-snippet:-1","max-image-preview":"max-image-preview:large","max-video-preview":"max-video-preview:-1"},"canonical":"https:\/\/www.noticiasradioreflejos.com.ar\/2021\/la-batalla-cultural-la-manipulacion-del-saber-nacional\/","og_locale":"es_ES","og_type":"article","og_title":"LA BATALLA CULTURAL, la manipulaci\u00f3n del saber nacional. - Noticias Radio Reflejos","og_description":"En este agitado escenario del S.XXI nos encontramos en un momento en el que el individualismo y el ego\u00edsmo avanzan a pasos agigantados, reduciendo la esencia humana a un mero bienestar material, sin considerar lo que sucede a nuestro alrededor. A excepci\u00f3n de un reducido grupo de amigos y familiares, se percibe al resto de [&hellip;]","og_url":"https:\/\/www.noticiasradioreflejos.com.ar\/2021\/la-batalla-cultural-la-manipulacion-del-saber-nacional\/","og_site_name":"Noticias Radio Reflejos","article_published_time":"2023-08-26T17:45:56+00:00","article_modified_time":"2023-08-26T17:47:09+00:00","og_image":[{"width":750,"height":410,"url":"https:\/\/www.noticiasradioreflejos.com.ar\/2021\/wp-content\/uploads\/2023\/08\/image-1.png","type":"image\/png"}],"author":"Arnaldo Botto","twitter_card":"summary_large_image","schema":{"@context":"https:\/\/schema.org","@graph":[{"@type":"WebPage","@id":"https:\/\/www.noticiasradioreflejos.com.ar\/2021\/la-batalla-cultural-la-manipulacion-del-saber-nacional\/","url":"https:\/\/www.noticiasradioreflejos.com.ar\/2021\/la-batalla-cultural-la-manipulacion-del-saber-nacional\/","name":"LA BATALLA CULTURAL, la manipulaci\u00f3n del saber nacional. - Noticias Radio Reflejos","isPartOf":{"@id":"https:\/\/www.noticiasradioreflejos.com.ar\/2021\/#website"},"primaryImageOfPage":{"@id":"https:\/\/www.noticiasradioreflejos.com.ar\/2021\/la-batalla-cultural-la-manipulacion-del-saber-nacional\/#primaryimage"},"image":{"@id":"https:\/\/www.noticiasradioreflejos.com.ar\/2021\/la-batalla-cultural-la-manipulacion-del-saber-nacional\/#primaryimage"},"thumbnailUrl":"https:\/\/www.noticiasradioreflejos.com.ar\/2021\/wp-content\/uploads\/2023\/08\/image-1.png","datePublished":"2023-08-26T17:45:56+00:00","dateModified":"2023-08-26T17:47:09+00:00","author":{"@id":"https:\/\/www.noticiasradioreflejos.com.ar\/2021\/#\/schema\/person\/ad82545263dcc5ec0996818884fd5fb1"},"breadcrumb":{"@id":"https:\/\/www.noticiasradioreflejos.com.ar\/2021\/la-batalla-cultural-la-manipulacion-del-saber-nacional\/#breadcrumb"},"inLanguage":"es","potentialAction":[{"@type":"ReadAction","target":["https:\/\/www.noticiasradioreflejos.com.ar\/2021\/la-batalla-cultural-la-manipulacion-del-saber-nacional\/"]}]},{"@type":"ImageObject","inLanguage":"es","@id":"https:\/\/www.noticiasradioreflejos.com.ar\/2021\/la-batalla-cultural-la-manipulacion-del-saber-nacional\/#primaryimage","url":"https:\/\/www.noticiasradioreflejos.com.ar\/2021\/wp-content\/uploads\/2023\/08\/image-1.png","contentUrl":"https:\/\/www.noticiasradioreflejos.com.ar\/2021\/wp-content\/uploads\/2023\/08\/image-1.png","width":750,"height":410},{"@type":"BreadcrumbList","@id":"https:\/\/www.noticiasradioreflejos.com.ar\/2021\/la-batalla-cultural-la-manipulacion-del-saber-nacional\/#breadcrumb","itemListElement":[{"@type":"ListItem","position":1,"name":"Portada","item":"https:\/\/www.noticiasradioreflejos.com.ar\/2021\/"},{"@type":"ListItem","position":2,"name":"LA BATALLA CULTURAL, la manipulaci\u00f3n del saber nacional."}]},{"@type":"WebSite","@id":"https:\/\/www.noticiasradioreflejos.com.ar\/2021\/#website","url":"https:\/\/www.noticiasradioreflejos.com.ar\/2021\/","name":"Noticias Radio Reflejos","description":"Las noticias de mi comarca","potentialAction":[{"@type":"SearchAction","target":{"@type":"EntryPoint","urlTemplate":"https:\/\/www.noticiasradioreflejos.com.ar\/2021\/?s={search_term_string}"},"query-input":{"@type":"PropertyValueSpecification","valueRequired":true,"valueName":"search_term_string"}}],"inLanguage":"es"},{"@type":"Person","@id":"https:\/\/www.noticiasradioreflejos.com.ar\/2021\/#\/schema\/person\/ad82545263dcc5ec0996818884fd5fb1","name":"Arnaldo Botto","image":{"@type":"ImageObject","inLanguage":"es","@id":"https:\/\/www.noticiasradioreflejos.com.ar\/2021\/#\/schema\/person\/image\/","url":"https:\/\/secure.gravatar.com\/avatar\/55cb5e37c1efa326397366e6974cb338056df65cb50e7d64d1cf314e87504837?s=96&d=mm&r=g","contentUrl":"https:\/\/secure.gravatar.com\/avatar\/55cb5e37c1efa326397366e6974cb338056df65cb50e7d64d1cf314e87504837?s=96&d=mm&r=g","caption":"Arnaldo Botto"},"url":"https:\/\/www.noticiasradioreflejos.com.ar\/2021\/author\/arnaldo\/"}]}},"_links":{"self":[{"href":"https:\/\/www.noticiasradioreflejos.com.ar\/2021\/wp-json\/wp\/v2\/posts\/92094","targetHints":{"allow":["GET"]}}],"collection":[{"href":"https:\/\/www.noticiasradioreflejos.com.ar\/2021\/wp-json\/wp\/v2\/posts"}],"about":[{"href":"https:\/\/www.noticiasradioreflejos.com.ar\/2021\/wp-json\/wp\/v2\/types\/post"}],"author":[{"embeddable":true,"href":"https:\/\/www.noticiasradioreflejos.com.ar\/2021\/wp-json\/wp\/v2\/users\/3"}],"replies":[{"embeddable":true,"href":"https:\/\/www.noticiasradioreflejos.com.ar\/2021\/wp-json\/wp\/v2\/comments?post=92094"}],"version-history":[{"count":2,"href":"https:\/\/www.noticiasradioreflejos.com.ar\/2021\/wp-json\/wp\/v2\/posts\/92094\/revisions"}],"predecessor-version":[{"id":92097,"href":"https:\/\/www.noticiasradioreflejos.com.ar\/2021\/wp-json\/wp\/v2\/posts\/92094\/revisions\/92097"}],"wp:featuredmedia":[{"embeddable":true,"href":"https:\/\/www.noticiasradioreflejos.com.ar\/2021\/wp-json\/wp\/v2\/media\/92095"}],"wp:attachment":[{"href":"https:\/\/www.noticiasradioreflejos.com.ar\/2021\/wp-json\/wp\/v2\/media?parent=92094"}],"wp:term":[{"taxonomy":"category","embeddable":true,"href":"https:\/\/www.noticiasradioreflejos.com.ar\/2021\/wp-json\/wp\/v2\/categories?post=92094"},{"taxonomy":"post_tag","embeddable":true,"href":"https:\/\/www.noticiasradioreflejos.com.ar\/2021\/wp-json\/wp\/v2\/tags?post=92094"}],"curies":[{"name":"wp","href":"https:\/\/api.w.org\/{rel}","templated":true}]}}