{"id":9208,"date":"2017-04-18T12:20:58","date_gmt":"2017-04-18T15:20:58","guid":{"rendered":"http:\/\/noticiasradioreflejos.com.ar\/noticias\/?p=9208"},"modified":"2017-04-18T12:20:58","modified_gmt":"2017-04-18T15:20:58","slug":"el-hcd-sesiona-hoy-martes-18-de-abril","status":"publish","type":"post","link":"https:\/\/www.noticiasradioreflejos.com.ar\/2021\/el-hcd-sesiona-hoy-martes-18-de-abril\/","title":{"rendered":"El HCD sesiona hoy martes 18 de abril"},"content":{"rendered":"<p>El Honorable Concejo Deliberante sesionar\u00e1 hoy martes 18 de abril a las 19:00 horas con la siguiente orden del d\u00eda.<!--more--><br \/>\n<strong>1.- Aprobaci\u00f3n de las Actas N\u00ba 1012\/17 y 1013\/17<\/strong>.&#8212;&#8212;&#8212;&#8212;&#8212;&#8212;&#8212;&#8212;&#8212;&#8212;&#8212;&#8212;&#8212;-<br \/>\n<strong>2.- Comunicaciones Oficiales: <\/strong>&#8212;&#8212;&#8212;&#8212;&#8212;&#8212;&#8212;&#8212;&#8212;&#8212;&#8212;&#8212;&#8212;&#8212;&#8212;&#8212;&#8212;&#8212;&#8212;&#8212;&#8212;&#8212;-<br \/>\n#<strong><u>Expte. <\/u><\/strong><strong><u>N\u00ba 014\/17:<\/u><\/strong> &#8211; D.E. \u2013 Incremento Salarial \u2013 Ejercicio 2017.&#8212;&#8212;&#8212;&#8212;&#8212;&#8212;&#8212;&#8212;<br \/>\n#<strong><u>Expte. <\/u><\/strong><strong><u>N\u00ba 104\/17:<\/u><\/strong> &#8211; D.E. \u2013 Eximici\u00f3n de tasas por Servicios P\u00fablicos Urbanos y Servicios Sanitarios a Jubilados y Pensionados.&#8212;&#8212;&#8212;&#8212;&#8212;&#8212;&#8212;&#8212;&#8212;&#8212;&#8212;&#8212;&#8212;&#8212;&#8212;-<br \/>\n#<strong><u>Expte. <\/u><\/strong><strong><u>N\u00ba 105\/17:<\/u><\/strong> &#8211; D.E. \u2013 Eximici\u00f3n de tasas por Servicios P\u00fablicos Urbanos y Servicios Sanitarios a Discapacitados.&#8212;&#8212;&#8212;&#8212;&#8212;&#8212;&#8212;&#8212;&#8212;&#8212;&#8212;&#8212;&#8212;&#8212;&#8212;&#8212;&#8212;&#8212;&#8212;&#8211;<br \/>\n<strong>3.-Dict\u00e1menes de las Comisiones<\/strong>: &#8212;&#8212;&#8212;&#8212;&#8212;&#8212;&#8212;&#8212;&#8212;&#8212;&#8212;&#8212;&#8212;&#8212;&#8212;&#8212;&#8212;&#8212;&#8212;&#8212;-<br \/>\n#<strong><u>Expte. <\/u><\/strong><strong><u>N\u00ba 357\/16:<\/u><\/strong> &#8211; O.P. \u2013 \u201cBalc\u00f3n del Golf S.R.L. S\/solicitud estudio p\/aprobaci\u00f3n edilicia ampliaci\u00f3n de caba\u00f1as\u201d.&#8212;&#8212;&#8212;&#8212;&#8212;&#8212;&#8212;&#8212;&#8212;&#8212;&#8212;&#8212;&#8212;&#8212;&#8212;&#8212;-<br \/>\n#<strong><u>Expte. <\/u><\/strong><strong><u>N\u00ba 361\/16:<\/u><\/strong> &#8211; Turismo solicitud de Ordenanza regulaci\u00f3n de actividad guiada en cuatriciclos.&#8212;&#8212;&#8212;&#8212;&#8212;&#8212;&#8212;&#8212;&#8212;&#8212;&#8212;&#8212;&#8212;&#8212;&#8212;&#8212;&#8212;&#8212;&#8212;&#8212;&#8212;&#8212;&#8212;&#8212;&#8212;&#8212;&#8211;<br \/>\n#<strong><u>Expte. <\/u><\/strong><strong><u>N\u00ba 401\/16:<\/u><\/strong> &#8211; A.L. \u2013 Pedido de Informe Predio \u201cCastillo de Moncada\u201d.&#8212;&#8212;&#8211;<br \/>\n#<strong><u>Expte. <\/u><\/strong><strong><u>N\u00ba 082\/17:<\/u><\/strong> &#8211; D.E. &#8211; Modificaci\u00f3n del Anexo I de la Ordenanza \u00a0\u00a0\u00a0\u00a0\u00a0\u00a0\u00a0\u00a0\u00a0\u00a0\u00a0\u00a0\u00a0\u00a0\u00a0\u00a0\u00a0\u00a0N\u00ba 1863\/07 FOMEPRO.&#8212;&#8212;&#8212;&#8212;&#8212;&#8212;&#8212;&#8212;&#8212;&#8212;&#8212;&#8212;&#8212;&#8212;&#8212;&#8212;&#8212;&#8212;&#8212;&#8212;&#8212;&#8212;&#8212;&#8212;&#8212;&#8212;<br \/>\n#<strong><u>Expte. <\/u><\/strong><strong><u>N\u00ba 090\/17:<\/u><\/strong> &#8211; D.E. &#8211; Secretar\u00eda de Turismo \u2013 Proyecto de Ordenanza: Regulaci\u00f3n del servicio de Alquiler de bicicletas.&#8212;&#8212;&#8212;&#8212;&#8212;&#8212;&#8212;&#8212;&#8212;&#8212;&#8212;&#8212;&#8212;&#8212;&#8212;-<br \/>\n#<strong><u>Expte. <\/u><\/strong><strong><u>N\u00ba 091\/17:<\/u><\/strong> &#8211; D.E. \u2013 Secretar\u00eda de Turismo: Proyecto de Ordenanza: Regulaci\u00f3n de las actividades enmarcadas bajo la denominaci\u00f3n \u201cTurismo Activo\u201d.&#8212;&#8212;&#8212;&#8212;&#8212;&#8212;&#8212;&#8212;&#8212;&#8212;&#8212;&#8212;&#8212;&#8212;&#8212;&#8212;&#8212;&#8212;&#8212;&#8212;&#8212;&#8212;&#8212;&#8212;&#8212;&#8212;&#8212;&#8212;&#8212;&#8212;&#8212;&#8212;&#8212;-<br \/>\n#<strong><u>Expte. <\/u><\/strong><strong><u>N\u00ba 6803\/16:<\/u><\/strong> &#8211; Bloques F.P.C. y S. y Cambiemos Bs. As. \u2013 Proyecto de Ordenanza: Declarar a la loica pampeana y sus h\u00e1bitats como emblemas del Distrito de Tornquist.&#8212;&#8212;&#8212;&#8212;&#8212;&#8212;&#8212;&#8212;&#8212;&#8212;&#8212;&#8212;&#8212;&#8212;&#8212;&#8212;&#8212;&#8212;&#8212;&#8212;&#8212;&#8212;&#8212;&#8212;&#8212;&#8212;&#8212;-<br \/>\n#<strong><u>Expte. <\/u><\/strong><strong><u>N\u00ba 6843\/16:<\/u><\/strong> &#8211; Bloques F.P.C. y S. y Cambiemos Bs. As. \u2013 Proyecto de Ordenanza: Tenencia responsable de mascotas (Deroga Ordenanza N\u00ba 2797\/15).-<br \/>\n#<strong><u>Expte. <\/u><\/strong><strong><u>N\u00ba 6845\/16:<\/u><\/strong> &#8211; Bloque F.P.V. \u2013 Pedido de Informe: Ref. estado de las cuentas de los fondos rotatorios a la fecha y aplicaci\u00f3n de programas referidos a la producci\u00f3n en el Partido de Tornquist.&#8212;&#8212;&#8212;&#8212;&#8212;&#8212;&#8212;&#8212;&#8212;&#8212;&#8212;&#8212;&#8212;&#8212;&#8212;&#8212;&#8212;&#8212;&#8212;&#8211;<br \/>\n#<strong><u>Expte. <\/u><\/strong><strong><u>N\u00ba 6886\/16:<\/u><\/strong> &#8211; Bloques F.P.V. y P.J. \u2013 Ref. Consulta al H.T.C. sobre Licitaci\u00f3n P\u00fablica de la Unidad Fiscal \u201cBalneario Parque Norte\u201d.&#8212;&#8212;&#8212;&#8212;&#8212;&#8212;&#8212;&#8212;-<br \/>\n#<strong><u>Expte. <\/u><\/strong><strong><u>N\u00ba 6888\/16:<\/u><\/strong> &#8211; Bloque F.P.V. \u2013 Proyecto de Ordenanza: Dispone que jubilados y pensionados residentes en el distrito tengan acceso y permanencia gratuita en eventos culturales y espect\u00e1culos que se realicen en instalaciones municipales o eventos organizados por el Municipio.&#8212;&#8212;&#8212;&#8212;&#8212;&#8212;&#8212;&#8212;&#8212;&#8212;&#8212;&#8212;&#8212;&#8211;<br \/>\n#<strong><u>Expte. <\/u><\/strong><strong><u>N\u00ba 6891\/16:<\/u><\/strong> &#8211; Bloque Corriente Renovadora &#8211; Proyecto De Ordenanza: Crea el \u201cPrograma de Rese\u00f1as Digitales para el Distrito de Tornquist\u201d.&#8212;&#8212;&#8212;&#8212;&#8212;&#8211;<br \/>\n#<strong><u>Expte. <\/u><\/strong><strong><u>N\u00ba 6897\/16:<\/u><\/strong> &#8211; Bloques F.P.V. y P.J. \u2013 Solicita consulta al H.T.C. Ref. Expte. N\u00ba 214\/16, Caratulado: \u201c- D.E.- Llamado a Licitaci\u00f3n P\u00fablica para la concesi\u00f3n y explotaci\u00f3n tur\u00edstica de la Unidad Fiscal \u201cParque Omar Cleppe\u201d &#8211; Saldungaray Distrito de Tornquist. Licitaci\u00f3n P\u00fablica N\u00ba 02\/16\u201d.&#8212;&#8212;&#8212;&#8212;&#8212;&#8212;&#8212;&#8212;&#8211;<br \/>\n#<strong><u>Expte. <\/u><\/strong><strong><u>N\u00ba 6900\/16:<\/u><\/strong> &#8211; Bloque F.P.C. y S. y Cambiemos Bs. As. \u2013 Proyecto de Ordenanza: Eximir del pago de la tasa municipal para la tramitaci\u00f3n de la licencia de conducir a todos los mayores de 70 a\u00f1os.&#8212;&#8212;&#8212;&#8212;&#8212;&#8212;&#8212;&#8212;&#8212;&#8212;&#8212;&#8212;&#8212;&#8212;&#8212;&#8212;&#8211;<br \/>\n#<strong><u>Expte. <\/u><\/strong><strong><u>N\u00ba 6902\/16:<\/u><\/strong> &#8211; N.P. &#8211; Asociaci\u00f3n de Prestadores Tur\u00edsticos de Villa Ventana: Ref. contramano de la primera cuadra de la calle Tres Picos de Villa Ventana.&#8212;&#8212;&#8212;&#8212;&#8212;&#8212;&#8212;&#8212;&#8212;&#8212;&#8212;&#8212;&#8212;&#8212;&#8212;&#8212;&#8212;&#8212;&#8212;&#8212;&#8212;&#8212;&#8212;&#8212;&#8212;&#8212;&#8212;&#8212;&#8212;&#8212;&#8212;&#8212;&#8211;<br \/>\n#<strong><u>Expte. <\/u><\/strong><strong><u>N\u00ba 6907\/16:<\/u><\/strong> &#8211; H.C.D. \u2013 Proyecto de Ordenanza: Creaci\u00f3n de la Bandera Oficial del Distrito de Tornquist.&#8212;&#8212;&#8212;&#8212;&#8212;&#8212;&#8212;&#8212;&#8212;&#8212;&#8212;&#8212;&#8212;&#8212;&#8212;&#8212;&#8212;&#8212;&#8212;&#8212;&#8212;&#8212;&#8211;<br \/>\n#<strong><u>Expte. <\/u><\/strong><strong><u>N\u00ba 6909\/16:<\/u><\/strong> &#8211; Bloque F.P.C. y S., Cambiemos Bs. As. y Corriente Renovadora \u2013 Proyecto de Ordenanza: Declara al Distrito de Tornquist libre de toda exploraci\u00f3n o explotaci\u00f3n no convencional de hidrocarburos a trav\u00e9s de la t\u00e9cnica de fractura hidr\u00e1ulica (Fracking) o gasificaci\u00f3n subterr\u00e1nea del Carb\u00f3n (UCG). (Deroga Ordenanza N\u00ba 2599\/13).&#8212;&#8212;&#8212;&#8212;&#8212;&#8212;&#8212;&#8212;&#8212;&#8212;&#8212;&#8212;&#8212;&#8212;&#8212;&#8212;&#8212;&#8212;&#8211;<br \/>\n#<strong><u>Expte. <\/u><\/strong><strong><u>N\u00ba 6912\/16:<\/u><\/strong> &#8211; N.P.- Frente Popular 25 de Febrero \u2013 Ref. respuesta de Ferrobaires a los reclamos de la comunidad.&#8212;&#8212;&#8212;&#8212;&#8212;&#8212;&#8212;&#8212;&#8212;&#8212;&#8212;&#8212;&#8212;&#8212;&#8212;&#8212;&#8212;<br \/>\n#<strong><u>Expte. <\/u><\/strong><strong><u>N\u00ba 6915\/16:<\/u><\/strong> &#8211; H.C.D. \u2013 Realizar Consulta al H.T.C. (Licencia Sr. Ezequiel Gabella).&#8212;&#8212;&#8212;&#8212;&#8212;&#8212;&#8212;&#8212;&#8212;&#8212;&#8212;&#8212;&#8212;&#8212;&#8212;&#8212;&#8212;&#8212;&#8212;&#8212;&#8212;&#8212;&#8212;&#8212;&#8212;&#8212;&#8212;&#8212;&#8212;&#8212;&#8212;&#8212;&#8211;<br \/>\n#<strong><u>Expte. <\/u><\/strong><strong><u>N\u00ba 6916\/17:<\/u><\/strong> &#8211; N.P. \u2013 Dardo Fern\u00e1ndez: Solicita aprobaci\u00f3n tarifas de las piletas municipales de Sa. de la Ventana.&#8212;&#8212;&#8212;&#8212;&#8212;&#8212;&#8212;&#8212;&#8212;&#8212;&#8212;&#8212;&#8212;&#8212;&#8212;&#8212;&#8212;&#8212;-<br \/>\n#<strong><u>Expte. <\/u><\/strong><strong><u>N\u00ba 6821\/17:<\/u><\/strong> &#8211; Bloques F.P.C. y S. y Cambiemos Bs. As \u2013 Minuta de Comunicaci\u00f3n: Solicita la colocaci\u00f3n de carteler\u00eda de reducci\u00f3n de velocidad y advertencia en establecimiento educativo ubicado en Ruta Provincia N\u00ba 76 y Acceso Norte a la localidad de Tornquist.&#8212;&#8212;&#8212;&#8212;&#8212;&#8212;&#8212;&#8212;&#8212;&#8212;&#8212;&#8212;&#8212;&#8212;&#8212;&#8212;&#8212;&#8212;-<br \/>\n#<strong><u>Expte. <\/u><\/strong><strong><u>N\u00ba 6922\/17:<\/u><\/strong> &#8211; Bloque F.P.V. \u2013 Concejal Ant\u00f3n: Pedido de Informe: Solicita se informen las acciones tomadas para concluir la obra de energizaci\u00f3n del Acueducto Sauce Grande y El Pinar.&#8212;&#8212;&#8212;&#8212;&#8212;&#8212;&#8212;&#8212;&#8212;&#8212;&#8212;&#8212;&#8212;&#8212;&#8212;&#8212;&#8212;&#8212;&#8212;&#8212;-<br \/>\n#<strong><u>Expte. <\/u><\/strong><strong><u>N\u00ba 6923\/17:<\/u><\/strong> &#8211; Bloque F.P.C. y S., Cambiemos Bs. As. y Corriente Renovadora \u2013 Proyecto de Ordenanza: Ref. creaci\u00f3n Oficina Municipal de Informaci\u00f3n al Consumidor (OMIC) dentro de la estructura administrativa del H.C.D. de Tornquist.&#8212;&#8212;&#8212;&#8212;&#8212;&#8212;&#8212;&#8212;&#8212;&#8212;&#8212;&#8212;&#8212;&#8212;&#8212;&#8212;&#8212;&#8212;&#8212;&#8212;&#8212;&#8212;&#8212;&#8212;&#8212;&#8212;&#8212;&#8211;<br \/>\n#<strong><u>Expte. <\/u><\/strong><strong><u>N\u00ba 6924\/17:<\/u><\/strong> &#8211; N.P. \u2013 Asociaci\u00f3n de Fomento B\u00ba Parque Golf: Ref. Complejo \u201cBalc\u00f3n Del Golf\u201d \u2013 Construcci\u00f3n de Caba\u00f1as.&#8212;&#8212;&#8212;&#8212;&#8212;&#8212;&#8212;&#8212;&#8212;&#8212;&#8212;&#8211;<br \/>\n#<strong><u>Expte. <\/u><\/strong><strong><u>N\u00ba 6925\/17:<\/u><\/strong> &#8211; N.P. \u2013 Juan Antonio Castro \u2013 Ref. competencia desleal en temas de salud y fiscalizaci\u00f3n de residencias geri\u00e1tricas.&#8212;&#8212;&#8212;&#8212;&#8212;&#8212;&#8212;&#8212;&#8212;&#8212;&#8212;&#8211;<br \/>\n#<strong><u>Expte. <\/u><\/strong><strong><u>N\u00ba 6927\/17:<\/u><\/strong> &#8211; N.P. \u2013 Eleonora Nyez \u2013 Equinoterapia Chasic\u00f3: Solicita se declare de Inter\u00e9s Municipal el evento III Corre-Caminata por la Integraci\u00f3n.&#8212;&#8212;&#8212;<br \/>\n#<strong><u>Expte. <\/u><\/strong><strong><u>N\u00ba 6928\/17:<\/u><\/strong> &#8211; N.P. \u2013 Arq. Roberto Bardeci: Ref. quema de pastos y ramas secas en Villa Ventana.&#8212;&#8212;&#8212;&#8212;&#8212;&#8212;&#8212;&#8212;&#8212;&#8212;&#8212;&#8212;&#8212;&#8212;&#8212;&#8212;&#8212;&#8212;&#8212;&#8212;&#8212;&#8212;&#8212;&#8212;&#8212;&#8212;-<br \/>\n#<strong><u>Expte. <\/u><\/strong><strong><u>N\u00ba 6929\/17:<\/u><\/strong> &#8211; N.P. \u2013 Roc\u00edo Bel\u00e9n Fr\u00edas \u2013 Solicita ser tenida en cuenta para obtener un terreno.&#8212;&#8212;&#8212;&#8212;&#8212;&#8212;&#8212;&#8212;&#8212;&#8212;&#8212;&#8212;&#8212;&#8212;&#8212;&#8212;&#8212;&#8212;&#8212;&#8212;&#8212;&#8212;&#8212;&#8212;&#8212;&#8212;<br \/>\n#<strong><u>Expte. <\/u><\/strong><strong><u>N\u00ba 6930\/17:<\/u><\/strong> &#8211; N.P.- Frente Popular 25 de Febrero: S\/Plan de Arbolado P\u00fablico.&#8212;&#8212;&#8212;&#8212;&#8212;&#8212;&#8212;&#8212;&#8212;&#8212;&#8212;&#8212;&#8212;&#8212;&#8212;&#8212;&#8212;&#8212;&#8212;&#8212;&#8212;&#8212;&#8212;&#8212;&#8212;&#8212;&#8212;&#8212;&#8212;&#8212;&#8212;&#8212;&#8212;<br \/>\n<strong>4.- Proyectos Presentados.<\/strong>&#8212;&#8212;&#8212;&#8212;&#8212;&#8212;&#8212;&#8212;&#8212;&#8212;&#8212;&#8212;&#8212;&#8212;&#8212;&#8212;&#8212;&#8212;&#8212;&#8212;&#8212;&#8212;&#8212;&#8212;<br \/>\n<strong>5.- Asuntos Particulares.<\/strong> &#8212;&#8212;&#8212;&#8212;&#8212;&#8212;&#8212;&#8212;&#8212;&#8212;&#8212;&#8212;&#8212;&#8212;&#8212;&#8212;&#8212;&#8212;&#8212;&#8212;&#8212;&#8212;&#8212;&#8212;&#8211;<br \/>\n<strong><u>DIA DE LA SESION:<\/u><\/strong> 18 de abril de 2017.-<br \/>\n<strong><u>HORA DE COMIENZO:<\/u><\/strong> 19:00 Hs.<\/p>\n<ol>\n<li><strong> Valentina Nyez Gustavo Moroncini<\/strong><\/li>\n<\/ol>\n<p><strong>\u00a0\u00a0\u00a0\u00a0\u00a0 \u00a0\u00a0\u00a0\u00a0Secretaria\u00a0\u00a0\u00a0\u00a0\u00a0\u00a0\u00a0\u00a0\u00a0\u00a0\u00a0\u00a0\u00a0\u00a0\u00a0\u00a0\u00a0\u00a0\u00a0\u00a0\u00a0\u00a0\u00a0\u00a0\u00a0\u00a0\u00a0\u00a0\u00a0\u00a0\u00a0\u00a0\u00a0\u00a0\u00a0\u00a0\u00a0\u00a0\u00a0\u00a0\u00a0\u00a0\u00a0\u00a0\u00a0\u00a0\u00a0\u00a0\u00a0\u00a0\u00a0\u00a0\u00a0\u00a0\u00a0\u00a0\u00a0\u00a0\u00a0\u00a0\u00a0\u00a0\u00a0\u00a0\u00a0\u00a0\u00a0 Presidente<\/strong><br \/>\n<strong>\u00a0\u00a0\u00a0\u00a0\u00a0\u00a0\u00a0\u00a0\u00a0\u00a0\u00a0\u00a0\u00a0\u00a0\u00a0 H.C.D.\u00a0\u00a0\u00a0\u00a0\u00a0\u00a0\u00a0\u00a0\u00a0\u00a0\u00a0\u00a0\u00a0\u00a0\u00a0\u00a0\u00a0\u00a0\u00a0\u00a0\u00a0\u00a0\u00a0\u00a0\u00a0\u00a0\u00a0\u00a0\u00a0\u00a0\u00a0\u00a0\u00a0\u00a0\u00a0\u00a0\u00a0\u00a0\u00a0\u00a0\u00a0\u00a0\u00a0\u00a0\u00a0\u00a0\u00a0\u00a0\u00a0\u00a0\u00a0\u00a0\u00a0\u00a0\u00a0\u00a0\u00a0\u00a0\u00a0\u00a0\u00a0\u00a0\u00a0\u00a0\u00a0\u00a0\u00a0\u00a0\u00a0\u00a0\u00a0\u00a0\u00a0\u00a0\u00a0 H.C.D.<\/strong><br \/>\n&nbsp;<\/p>\n","protected":false},"excerpt":{"rendered":"<p>El Honorable Concejo Deliberante sesionar\u00e1 hoy martes 18 de abril a las 19:00 horas con la siguiente orden del d\u00eda.<\/p>\n","protected":false},"author":3,"featured_media":0,"comment_status":"closed","ping_status":"open","sticky":false,"template":"","format":"standard","meta":{"footnotes":""},"categories":[28],"tags":[],"class_list":["post-9208","post","type-post","status-publish","format-standard","hentry","category-municipales"],"yoast_head":"<!-- This site is optimized with the Yoast SEO plugin v25.9 - https:\/\/yoast.com\/wordpress\/plugins\/seo\/ -->\n<title>El HCD sesiona hoy martes 18 de abril - Noticias Radio Reflejos<\/title>\n<meta name=\"robots\" content=\"index, follow, max-snippet:-1, max-image-preview:large, max-video-preview:-1\" \/>\n<link rel=\"canonical\" href=\"https:\/\/www.noticiasradioreflejos.com.ar\/2021\/el-hcd-sesiona-hoy-martes-18-de-abril\/\" \/>\n<meta property=\"og:locale\" content=\"es_ES\" \/>\n<meta property=\"og:type\" content=\"article\" \/>\n<meta property=\"og:title\" content=\"El HCD sesiona hoy martes 18 de abril - Noticias Radio Reflejos\" \/>\n<meta property=\"og:description\" content=\"El Honorable Concejo Deliberante sesionar\u00e1 hoy martes 18 de abril a las 19:00 horas con la siguiente orden del d\u00eda.\" \/>\n<meta property=\"og:url\" content=\"https:\/\/www.noticiasradioreflejos.com.ar\/2021\/el-hcd-sesiona-hoy-martes-18-de-abril\/\" \/>\n<meta property=\"og:site_name\" content=\"Noticias Radio Reflejos\" \/>\n<meta property=\"article:published_time\" content=\"2017-04-18T15:20:58+00:00\" \/>\n<meta property=\"og:image\" content=\"https:\/\/www.noticiasradioreflejos.com.ar\/2021\/wp-content\/uploads\/2021\/07\/logosol300x200.png\" \/>\n\t<meta property=\"og:image:width\" content=\"300\" \/>\n\t<meta property=\"og:image:height\" content=\"200\" \/>\n\t<meta property=\"og:image:type\" content=\"image\/png\" \/>\n<meta name=\"author\" content=\"Arnaldo Botto\" \/>\n<meta name=\"twitter:card\" content=\"summary_large_image\" \/>\n<script type=\"application\/ld+json\" class=\"yoast-schema-graph\">{\"@context\":\"https:\/\/schema.org\",\"@graph\":[{\"@type\":\"WebPage\",\"@id\":\"https:\/\/www.noticiasradioreflejos.com.ar\/2021\/el-hcd-sesiona-hoy-martes-18-de-abril\/\",\"url\":\"https:\/\/www.noticiasradioreflejos.com.ar\/2021\/el-hcd-sesiona-hoy-martes-18-de-abril\/\",\"name\":\"El HCD sesiona hoy martes 18 de abril - Noticias Radio Reflejos\",\"isPartOf\":{\"@id\":\"https:\/\/www.noticiasradioreflejos.com.ar\/2021\/#website\"},\"datePublished\":\"2017-04-18T15:20:58+00:00\",\"author\":{\"@id\":\"https:\/\/www.noticiasradioreflejos.com.ar\/2021\/#\/schema\/person\/ad82545263dcc5ec0996818884fd5fb1\"},\"breadcrumb\":{\"@id\":\"https:\/\/www.noticiasradioreflejos.com.ar\/2021\/el-hcd-sesiona-hoy-martes-18-de-abril\/#breadcrumb\"},\"inLanguage\":\"es\",\"potentialAction\":[{\"@type\":\"ReadAction\",\"target\":[\"https:\/\/www.noticiasradioreflejos.com.ar\/2021\/el-hcd-sesiona-hoy-martes-18-de-abril\/\"]}]},{\"@type\":\"BreadcrumbList\",\"@id\":\"https:\/\/www.noticiasradioreflejos.com.ar\/2021\/el-hcd-sesiona-hoy-martes-18-de-abril\/#breadcrumb\",\"itemListElement\":[{\"@type\":\"ListItem\",\"position\":1,\"name\":\"Portada\",\"item\":\"https:\/\/www.noticiasradioreflejos.com.ar\/2021\/\"},{\"@type\":\"ListItem\",\"position\":2,\"name\":\"El HCD sesiona hoy martes 18 de abril\"}]},{\"@type\":\"WebSite\",\"@id\":\"https:\/\/www.noticiasradioreflejos.com.ar\/2021\/#website\",\"url\":\"https:\/\/www.noticiasradioreflejos.com.ar\/2021\/\",\"name\":\"Noticias Radio Reflejos\",\"description\":\"Las noticias de mi comarca\",\"potentialAction\":[{\"@type\":\"SearchAction\",\"target\":{\"@type\":\"EntryPoint\",\"urlTemplate\":\"https:\/\/www.noticiasradioreflejos.com.ar\/2021\/?s={search_term_string}\"},\"query-input\":{\"@type\":\"PropertyValueSpecification\",\"valueRequired\":true,\"valueName\":\"search_term_string\"}}],\"inLanguage\":\"es\"},{\"@type\":\"Person\",\"@id\":\"https:\/\/www.noticiasradioreflejos.com.ar\/2021\/#\/schema\/person\/ad82545263dcc5ec0996818884fd5fb1\",\"name\":\"Arnaldo Botto\",\"image\":{\"@type\":\"ImageObject\",\"inLanguage\":\"es\",\"@id\":\"https:\/\/www.noticiasradioreflejos.com.ar\/2021\/#\/schema\/person\/image\/\",\"url\":\"https:\/\/secure.gravatar.com\/avatar\/55cb5e37c1efa326397366e6974cb338056df65cb50e7d64d1cf314e87504837?s=96&d=mm&r=g\",\"contentUrl\":\"https:\/\/secure.gravatar.com\/avatar\/55cb5e37c1efa326397366e6974cb338056df65cb50e7d64d1cf314e87504837?s=96&d=mm&r=g\",\"caption\":\"Arnaldo Botto\"},\"url\":\"https:\/\/www.noticiasradioreflejos.com.ar\/2021\/author\/arnaldo\/\"}]}<\/script>\n<!-- \/ Yoast SEO plugin. -->","yoast_head_json":{"title":"El HCD sesiona hoy martes 18 de abril - Noticias Radio Reflejos","robots":{"index":"index","follow":"follow","max-snippet":"max-snippet:-1","max-image-preview":"max-image-preview:large","max-video-preview":"max-video-preview:-1"},"canonical":"https:\/\/www.noticiasradioreflejos.com.ar\/2021\/el-hcd-sesiona-hoy-martes-18-de-abril\/","og_locale":"es_ES","og_type":"article","og_title":"El HCD sesiona hoy martes 18 de abril - Noticias Radio Reflejos","og_description":"El Honorable Concejo Deliberante sesionar\u00e1 hoy martes 18 de abril a las 19:00 horas con la siguiente orden del d\u00eda.","og_url":"https:\/\/www.noticiasradioreflejos.com.ar\/2021\/el-hcd-sesiona-hoy-martes-18-de-abril\/","og_site_name":"Noticias Radio Reflejos","article_published_time":"2017-04-18T15:20:58+00:00","og_image":[{"width":300,"height":200,"url":"https:\/\/www.noticiasradioreflejos.com.ar\/2021\/wp-content\/uploads\/2021\/07\/logosol300x200.png","type":"image\/png"}],"author":"Arnaldo Botto","twitter_card":"summary_large_image","schema":{"@context":"https:\/\/schema.org","@graph":[{"@type":"WebPage","@id":"https:\/\/www.noticiasradioreflejos.com.ar\/2021\/el-hcd-sesiona-hoy-martes-18-de-abril\/","url":"https:\/\/www.noticiasradioreflejos.com.ar\/2021\/el-hcd-sesiona-hoy-martes-18-de-abril\/","name":"El HCD sesiona hoy martes 18 de abril - Noticias Radio Reflejos","isPartOf":{"@id":"https:\/\/www.noticiasradioreflejos.com.ar\/2021\/#website"},"datePublished":"2017-04-18T15:20:58+00:00","author":{"@id":"https:\/\/www.noticiasradioreflejos.com.ar\/2021\/#\/schema\/person\/ad82545263dcc5ec0996818884fd5fb1"},"breadcrumb":{"@id":"https:\/\/www.noticiasradioreflejos.com.ar\/2021\/el-hcd-sesiona-hoy-martes-18-de-abril\/#breadcrumb"},"inLanguage":"es","potentialAction":[{"@type":"ReadAction","target":["https:\/\/www.noticiasradioreflejos.com.ar\/2021\/el-hcd-sesiona-hoy-martes-18-de-abril\/"]}]},{"@type":"BreadcrumbList","@id":"https:\/\/www.noticiasradioreflejos.com.ar\/2021\/el-hcd-sesiona-hoy-martes-18-de-abril\/#breadcrumb","itemListElement":[{"@type":"ListItem","position":1,"name":"Portada","item":"https:\/\/www.noticiasradioreflejos.com.ar\/2021\/"},{"@type":"ListItem","position":2,"name":"El HCD sesiona hoy martes 18 de abril"}]},{"@type":"WebSite","@id":"https:\/\/www.noticiasradioreflejos.com.ar\/2021\/#website","url":"https:\/\/www.noticiasradioreflejos.com.ar\/2021\/","name":"Noticias Radio Reflejos","description":"Las noticias de mi comarca","potentialAction":[{"@type":"SearchAction","target":{"@type":"EntryPoint","urlTemplate":"https:\/\/www.noticiasradioreflejos.com.ar\/2021\/?s={search_term_string}"},"query-input":{"@type":"PropertyValueSpecification","valueRequired":true,"valueName":"search_term_string"}}],"inLanguage":"es"},{"@type":"Person","@id":"https:\/\/www.noticiasradioreflejos.com.ar\/2021\/#\/schema\/person\/ad82545263dcc5ec0996818884fd5fb1","name":"Arnaldo Botto","image":{"@type":"ImageObject","inLanguage":"es","@id":"https:\/\/www.noticiasradioreflejos.com.ar\/2021\/#\/schema\/person\/image\/","url":"https:\/\/secure.gravatar.com\/avatar\/55cb5e37c1efa326397366e6974cb338056df65cb50e7d64d1cf314e87504837?s=96&d=mm&r=g","contentUrl":"https:\/\/secure.gravatar.com\/avatar\/55cb5e37c1efa326397366e6974cb338056df65cb50e7d64d1cf314e87504837?s=96&d=mm&r=g","caption":"Arnaldo Botto"},"url":"https:\/\/www.noticiasradioreflejos.com.ar\/2021\/author\/arnaldo\/"}]}},"_links":{"self":[{"href":"https:\/\/www.noticiasradioreflejos.com.ar\/2021\/wp-json\/wp\/v2\/posts\/9208","targetHints":{"allow":["GET"]}}],"collection":[{"href":"https:\/\/www.noticiasradioreflejos.com.ar\/2021\/wp-json\/wp\/v2\/posts"}],"about":[{"href":"https:\/\/www.noticiasradioreflejos.com.ar\/2021\/wp-json\/wp\/v2\/types\/post"}],"author":[{"embeddable":true,"href":"https:\/\/www.noticiasradioreflejos.com.ar\/2021\/wp-json\/wp\/v2\/users\/3"}],"replies":[{"embeddable":true,"href":"https:\/\/www.noticiasradioreflejos.com.ar\/2021\/wp-json\/wp\/v2\/comments?post=9208"}],"version-history":[{"count":0,"href":"https:\/\/www.noticiasradioreflejos.com.ar\/2021\/wp-json\/wp\/v2\/posts\/9208\/revisions"}],"wp:attachment":[{"href":"https:\/\/www.noticiasradioreflejos.com.ar\/2021\/wp-json\/wp\/v2\/media?parent=9208"}],"wp:term":[{"taxonomy":"category","embeddable":true,"href":"https:\/\/www.noticiasradioreflejos.com.ar\/2021\/wp-json\/wp\/v2\/categories?post=9208"},{"taxonomy":"post_tag","embeddable":true,"href":"https:\/\/www.noticiasradioreflejos.com.ar\/2021\/wp-json\/wp\/v2\/tags?post=9208"}],"curies":[{"name":"wp","href":"https:\/\/api.w.org\/{rel}","templated":true}]}}