{"id":92065,"date":"2023-08-25T13:51:56","date_gmt":"2023-08-25T13:51:56","guid":{"rendered":"https:\/\/www.noticiasradioreflejos.com.ar\/2021\/?p=92065"},"modified":"2023-08-25T13:51:56","modified_gmt":"2023-08-25T13:51:56","slug":"influenza-aviar-confirman-nuevos-brotes-de-lobos-marinos-en-necochea","status":"publish","type":"post","link":"https:\/\/www.noticiasradioreflejos.com.ar\/2021\/influenza-aviar-confirman-nuevos-brotes-de-lobos-marinos-en-necochea\/","title":{"rendered":"Influenza Aviar: Confirman nuevos brotes de lobos marinos en Necochea"},"content":{"rendered":"<p>El laboratorio del Senasa diagnostic\u00f3 este jueves que los lobos marinos encontrados muertos en Necochea (Buenos Aires) y Puerto Loyola (Santa Cruz) se deben \u201ca nuevos casos de Influenza Aviar Altamente Pat\u00f3gena (IAAP) H5\u201c.<!--more--><\/p>\n<p>\u201cNos acaban de confirmar que los resultados del laboratorio de las muestras extra\u00eddas de los animales fallecidos han dado positivo\u201d, afirm\u00f3 la secretaria de Salud de Necochea, Andrea Perestiuk.<\/p>\n<p>Consultada sobre el contagio de lobos marinos a seres humanos, Perestiuk neg\u00f3 esta posibilidad y asegur\u00f3 en declaraciones a T\u00e9lam Radio que \u00ablo m\u00e1s importante de todo es advertir a la poblaci\u00f3n que ni ning\u00fan individuo, ni sus mascotas se acerquen a los animales que est\u00e1n en esta situaci\u00f3n\u201d.<\/p>\n<p>Apenas conocida la situaci\u00f3n, la municipalidad de Necochea a cargo de Arturo Rojas, organiz\u00f3 una mesa interdisciplinaria en la que intervinieron diferentes \u00e1reas de la comuna, el Consorcio de Gesti\u00f3n de Puerto Quequ\u00e9n y la Prefectura Naval Argentina, \u201cen un trabajo articulado con los organismos oficiales de incumbencia para llevar informaci\u00f3n cient\u00edfica, clara y precisa a la poblaci\u00f3n\u201d, resalt\u00f3.<\/p>\n<p>Por otra parte, la secretaria de Salud expres\u00f3 que \u201cestamos resolviendo las pr\u00f3ximas medidas que se van a tomar, habida cuenta que hay situaciones muy particulares en nuestro distrito que tiene que ver con la ubicaci\u00f3n de los lobos, \u00e1reas comerciales, \u00e1reas de visitas tur\u00edsticas y de nuestra ciudadan\u00eda que frecuentemente transita por esas playas\u201d.<\/p>\n<p>En caso de observarse la presencia o sospecha de signos cl\u00ednicos compatibles con influenza aviar, se solicita notificar al Senasa concurriendo a cualquiera de sus oficinas; por medio de la aplicaci\u00f3n \u00abNotificaciones Senasa\u00bb, enviando un correo electr\u00f3nico a notificaciones@senasa.gob.ar; ingresando al apartado \u00abAvisa al Senasa\u00bb de la p\u00e1gina web del organismo o enviando un whatsapp al 11-5700-5704.<\/p>\n<p><iframe loading=\"lazy\" width=\"100%\" height=\"166\" scrolling=\"no\" frameborder=\"no\" allow=\"autoplay\" src=\"https:\/\/w.soundcloud.com\/player\/?url=https%3A\/\/api.soundcloud.com\/tracks\/1600965153&#038;color=%23ff5500&#038;auto_play=false&#038;hide_related=false&#038;show_comments=true&#038;show_user=true&#038;show_reposts=false&#038;show_teaser=true\"><\/iframe><\/p>\n<div style=\"font-size: 10px; color: #cccccc;line-break: anywhere;word-break: normal;overflow: hidden;white-space: nowrap;text-overflow: ellipsis; font-family: Interstate,Lucida Grande,Lucida Sans Unicode,Lucida Sans,Garuda,Verdana,Tahoma,sans-serif;font-weight: 100;\"><a href=\"https:\/\/soundcloud.com\/fmreflejos-103-7\" title=\"fmreflejos 103.7\" target=\"_blank\" style=\"color: #cccccc; text-decoration: none;\" rel=\"noopener\">fmreflejos 103.7<\/a> \u00b7 <a href=\"https:\/\/soundcloud.com\/fmreflejos-103-7\/25-08-2023-influenza-aviar-confirman-nuevos-brotes-de-lobos-marinos-en-necochea\" title=\"25 - 08 - 2023 Influenza Aviar Confirman Nuevos Brotes De Lobos Marinos En Necochea\" target=\"_blank\" style=\"color: #cccccc; text-decoration: none;\" rel=\"noopener\">25 &#8211; 08 &#8211; 2023 Influenza Aviar Confirman Nuevos Brotes De Lobos Marinos En Necochea<\/a><\/div>\n","protected":false},"excerpt":{"rendered":"<p>El laboratorio del Senasa diagnostic\u00f3 este jueves que los lobos marinos encontrados muertos en Necochea (Buenos Aires) y Puerto Loyola (Santa Cruz) se deben \u201ca nuevos casos de Influenza Aviar Altamente Pat\u00f3gena (IAAP) H5\u201c.<\/p>\n","protected":false},"author":3,"featured_media":92066,"comment_status":"closed","ping_status":"closed","sticky":false,"template":"","format":"standard","meta":{"footnotes":""},"categories":[46,30],"tags":[48],"class_list":["post-92065","post","type-post","status-publish","format-standard","has-post-thumbnail","hentry","category-ciencia-y-tecnologia","category-salud","tag-destacada"],"yoast_head":"<!-- This site is optimized with the Yoast SEO plugin v25.9 - https:\/\/yoast.com\/wordpress\/plugins\/seo\/ -->\n<title>Influenza Aviar: Confirman nuevos brotes de lobos marinos en Necochea - Noticias Radio Reflejos<\/title>\n<meta name=\"robots\" content=\"index, follow, max-snippet:-1, max-image-preview:large, max-video-preview:-1\" \/>\n<link rel=\"canonical\" href=\"https:\/\/www.noticiasradioreflejos.com.ar\/2021\/influenza-aviar-confirman-nuevos-brotes-de-lobos-marinos-en-necochea\/\" \/>\n<meta property=\"og:locale\" content=\"es_ES\" \/>\n<meta property=\"og:type\" content=\"article\" \/>\n<meta property=\"og:title\" content=\"Influenza Aviar: Confirman nuevos brotes de lobos marinos en Necochea - Noticias Radio Reflejos\" \/>\n<meta property=\"og:description\" content=\"El laboratorio del Senasa diagnostic\u00f3 este jueves que los lobos marinos encontrados muertos en Necochea (Buenos Aires) y Puerto Loyola (Santa Cruz) se deben \u201ca nuevos casos de Influenza Aviar Altamente Pat\u00f3gena (IAAP) H5\u201c.\" \/>\n<meta property=\"og:url\" content=\"https:\/\/www.noticiasradioreflejos.com.ar\/2021\/influenza-aviar-confirman-nuevos-brotes-de-lobos-marinos-en-necochea\/\" \/>\n<meta property=\"og:site_name\" content=\"Noticias Radio Reflejos\" \/>\n<meta property=\"article:published_time\" content=\"2023-08-25T13:51:56+00:00\" \/>\n<meta property=\"og:image\" content=\"https:\/\/www.noticiasradioreflejos.com.ar\/2021\/wp-content\/uploads\/2023\/08\/Lobos-marinos-muertos.jpg\" \/>\n\t<meta property=\"og:image:width\" content=\"1038\" \/>\n\t<meta property=\"og:image:height\" content=\"634\" \/>\n\t<meta property=\"og:image:type\" content=\"image\/jpeg\" \/>\n<meta name=\"author\" content=\"Arnaldo Botto\" \/>\n<meta name=\"twitter:card\" content=\"summary_large_image\" \/>\n<script type=\"application\/ld+json\" class=\"yoast-schema-graph\">{\"@context\":\"https:\/\/schema.org\",\"@graph\":[{\"@type\":\"WebPage\",\"@id\":\"https:\/\/www.noticiasradioreflejos.com.ar\/2021\/influenza-aviar-confirman-nuevos-brotes-de-lobos-marinos-en-necochea\/\",\"url\":\"https:\/\/www.noticiasradioreflejos.com.ar\/2021\/influenza-aviar-confirman-nuevos-brotes-de-lobos-marinos-en-necochea\/\",\"name\":\"Influenza Aviar: Confirman nuevos brotes de lobos marinos en Necochea - Noticias Radio Reflejos\",\"isPartOf\":{\"@id\":\"https:\/\/www.noticiasradioreflejos.com.ar\/2021\/#website\"},\"primaryImageOfPage\":{\"@id\":\"https:\/\/www.noticiasradioreflejos.com.ar\/2021\/influenza-aviar-confirman-nuevos-brotes-de-lobos-marinos-en-necochea\/#primaryimage\"},\"image\":{\"@id\":\"https:\/\/www.noticiasradioreflejos.com.ar\/2021\/influenza-aviar-confirman-nuevos-brotes-de-lobos-marinos-en-necochea\/#primaryimage\"},\"thumbnailUrl\":\"https:\/\/www.noticiasradioreflejos.com.ar\/2021\/wp-content\/uploads\/2023\/08\/Lobos-marinos-muertos.jpg\",\"datePublished\":\"2023-08-25T13:51:56+00:00\",\"author\":{\"@id\":\"https:\/\/www.noticiasradioreflejos.com.ar\/2021\/#\/schema\/person\/ad82545263dcc5ec0996818884fd5fb1\"},\"breadcrumb\":{\"@id\":\"https:\/\/www.noticiasradioreflejos.com.ar\/2021\/influenza-aviar-confirman-nuevos-brotes-de-lobos-marinos-en-necochea\/#breadcrumb\"},\"inLanguage\":\"es\",\"potentialAction\":[{\"@type\":\"ReadAction\",\"target\":[\"https:\/\/www.noticiasradioreflejos.com.ar\/2021\/influenza-aviar-confirman-nuevos-brotes-de-lobos-marinos-en-necochea\/\"]}]},{\"@type\":\"ImageObject\",\"inLanguage\":\"es\",\"@id\":\"https:\/\/www.noticiasradioreflejos.com.ar\/2021\/influenza-aviar-confirman-nuevos-brotes-de-lobos-marinos-en-necochea\/#primaryimage\",\"url\":\"https:\/\/www.noticiasradioreflejos.com.ar\/2021\/wp-content\/uploads\/2023\/08\/Lobos-marinos-muertos.jpg\",\"contentUrl\":\"https:\/\/www.noticiasradioreflejos.com.ar\/2021\/wp-content\/uploads\/2023\/08\/Lobos-marinos-muertos.jpg\",\"width\":1038,\"height\":634},{\"@type\":\"BreadcrumbList\",\"@id\":\"https:\/\/www.noticiasradioreflejos.com.ar\/2021\/influenza-aviar-confirman-nuevos-brotes-de-lobos-marinos-en-necochea\/#breadcrumb\",\"itemListElement\":[{\"@type\":\"ListItem\",\"position\":1,\"name\":\"Portada\",\"item\":\"https:\/\/www.noticiasradioreflejos.com.ar\/2021\/\"},{\"@type\":\"ListItem\",\"position\":2,\"name\":\"Influenza Aviar: Confirman nuevos brotes de lobos marinos en Necochea\"}]},{\"@type\":\"WebSite\",\"@id\":\"https:\/\/www.noticiasradioreflejos.com.ar\/2021\/#website\",\"url\":\"https:\/\/www.noticiasradioreflejos.com.ar\/2021\/\",\"name\":\"Noticias Radio Reflejos\",\"description\":\"Las noticias de mi comarca\",\"potentialAction\":[{\"@type\":\"SearchAction\",\"target\":{\"@type\":\"EntryPoint\",\"urlTemplate\":\"https:\/\/www.noticiasradioreflejos.com.ar\/2021\/?s={search_term_string}\"},\"query-input\":{\"@type\":\"PropertyValueSpecification\",\"valueRequired\":true,\"valueName\":\"search_term_string\"}}],\"inLanguage\":\"es\"},{\"@type\":\"Person\",\"@id\":\"https:\/\/www.noticiasradioreflejos.com.ar\/2021\/#\/schema\/person\/ad82545263dcc5ec0996818884fd5fb1\",\"name\":\"Arnaldo Botto\",\"image\":{\"@type\":\"ImageObject\",\"inLanguage\":\"es\",\"@id\":\"https:\/\/www.noticiasradioreflejos.com.ar\/2021\/#\/schema\/person\/image\/\",\"url\":\"https:\/\/secure.gravatar.com\/avatar\/55cb5e37c1efa326397366e6974cb338056df65cb50e7d64d1cf314e87504837?s=96&d=mm&r=g\",\"contentUrl\":\"https:\/\/secure.gravatar.com\/avatar\/55cb5e37c1efa326397366e6974cb338056df65cb50e7d64d1cf314e87504837?s=96&d=mm&r=g\",\"caption\":\"Arnaldo Botto\"},\"url\":\"https:\/\/www.noticiasradioreflejos.com.ar\/2021\/author\/arnaldo\/\"}]}<\/script>\n<!-- \/ Yoast SEO plugin. -->","yoast_head_json":{"title":"Influenza Aviar: Confirman nuevos brotes de lobos marinos en Necochea - Noticias Radio Reflejos","robots":{"index":"index","follow":"follow","max-snippet":"max-snippet:-1","max-image-preview":"max-image-preview:large","max-video-preview":"max-video-preview:-1"},"canonical":"https:\/\/www.noticiasradioreflejos.com.ar\/2021\/influenza-aviar-confirman-nuevos-brotes-de-lobos-marinos-en-necochea\/","og_locale":"es_ES","og_type":"article","og_title":"Influenza Aviar: Confirman nuevos brotes de lobos marinos en Necochea - Noticias Radio Reflejos","og_description":"El laboratorio del Senasa diagnostic\u00f3 este jueves que los lobos marinos encontrados muertos en Necochea (Buenos Aires) y Puerto Loyola (Santa Cruz) se deben \u201ca nuevos casos de Influenza Aviar Altamente Pat\u00f3gena (IAAP) H5\u201c.","og_url":"https:\/\/www.noticiasradioreflejos.com.ar\/2021\/influenza-aviar-confirman-nuevos-brotes-de-lobos-marinos-en-necochea\/","og_site_name":"Noticias Radio Reflejos","article_published_time":"2023-08-25T13:51:56+00:00","og_image":[{"width":1038,"height":634,"url":"https:\/\/www.noticiasradioreflejos.com.ar\/2021\/wp-content\/uploads\/2023\/08\/Lobos-marinos-muertos.jpg","type":"image\/jpeg"}],"author":"Arnaldo Botto","twitter_card":"summary_large_image","schema":{"@context":"https:\/\/schema.org","@graph":[{"@type":"WebPage","@id":"https:\/\/www.noticiasradioreflejos.com.ar\/2021\/influenza-aviar-confirman-nuevos-brotes-de-lobos-marinos-en-necochea\/","url":"https:\/\/www.noticiasradioreflejos.com.ar\/2021\/influenza-aviar-confirman-nuevos-brotes-de-lobos-marinos-en-necochea\/","name":"Influenza Aviar: Confirman nuevos brotes de lobos marinos en Necochea - Noticias Radio Reflejos","isPartOf":{"@id":"https:\/\/www.noticiasradioreflejos.com.ar\/2021\/#website"},"primaryImageOfPage":{"@id":"https:\/\/www.noticiasradioreflejos.com.ar\/2021\/influenza-aviar-confirman-nuevos-brotes-de-lobos-marinos-en-necochea\/#primaryimage"},"image":{"@id":"https:\/\/www.noticiasradioreflejos.com.ar\/2021\/influenza-aviar-confirman-nuevos-brotes-de-lobos-marinos-en-necochea\/#primaryimage"},"thumbnailUrl":"https:\/\/www.noticiasradioreflejos.com.ar\/2021\/wp-content\/uploads\/2023\/08\/Lobos-marinos-muertos.jpg","datePublished":"2023-08-25T13:51:56+00:00","author":{"@id":"https:\/\/www.noticiasradioreflejos.com.ar\/2021\/#\/schema\/person\/ad82545263dcc5ec0996818884fd5fb1"},"breadcrumb":{"@id":"https:\/\/www.noticiasradioreflejos.com.ar\/2021\/influenza-aviar-confirman-nuevos-brotes-de-lobos-marinos-en-necochea\/#breadcrumb"},"inLanguage":"es","potentialAction":[{"@type":"ReadAction","target":["https:\/\/www.noticiasradioreflejos.com.ar\/2021\/influenza-aviar-confirman-nuevos-brotes-de-lobos-marinos-en-necochea\/"]}]},{"@type":"ImageObject","inLanguage":"es","@id":"https:\/\/www.noticiasradioreflejos.com.ar\/2021\/influenza-aviar-confirman-nuevos-brotes-de-lobos-marinos-en-necochea\/#primaryimage","url":"https:\/\/www.noticiasradioreflejos.com.ar\/2021\/wp-content\/uploads\/2023\/08\/Lobos-marinos-muertos.jpg","contentUrl":"https:\/\/www.noticiasradioreflejos.com.ar\/2021\/wp-content\/uploads\/2023\/08\/Lobos-marinos-muertos.jpg","width":1038,"height":634},{"@type":"BreadcrumbList","@id":"https:\/\/www.noticiasradioreflejos.com.ar\/2021\/influenza-aviar-confirman-nuevos-brotes-de-lobos-marinos-en-necochea\/#breadcrumb","itemListElement":[{"@type":"ListItem","position":1,"name":"Portada","item":"https:\/\/www.noticiasradioreflejos.com.ar\/2021\/"},{"@type":"ListItem","position":2,"name":"Influenza Aviar: Confirman nuevos brotes de lobos marinos en Necochea"}]},{"@type":"WebSite","@id":"https:\/\/www.noticiasradioreflejos.com.ar\/2021\/#website","url":"https:\/\/www.noticiasradioreflejos.com.ar\/2021\/","name":"Noticias Radio Reflejos","description":"Las noticias de mi comarca","potentialAction":[{"@type":"SearchAction","target":{"@type":"EntryPoint","urlTemplate":"https:\/\/www.noticiasradioreflejos.com.ar\/2021\/?s={search_term_string}"},"query-input":{"@type":"PropertyValueSpecification","valueRequired":true,"valueName":"search_term_string"}}],"inLanguage":"es"},{"@type":"Person","@id":"https:\/\/www.noticiasradioreflejos.com.ar\/2021\/#\/schema\/person\/ad82545263dcc5ec0996818884fd5fb1","name":"Arnaldo Botto","image":{"@type":"ImageObject","inLanguage":"es","@id":"https:\/\/www.noticiasradioreflejos.com.ar\/2021\/#\/schema\/person\/image\/","url":"https:\/\/secure.gravatar.com\/avatar\/55cb5e37c1efa326397366e6974cb338056df65cb50e7d64d1cf314e87504837?s=96&d=mm&r=g","contentUrl":"https:\/\/secure.gravatar.com\/avatar\/55cb5e37c1efa326397366e6974cb338056df65cb50e7d64d1cf314e87504837?s=96&d=mm&r=g","caption":"Arnaldo Botto"},"url":"https:\/\/www.noticiasradioreflejos.com.ar\/2021\/author\/arnaldo\/"}]}},"_links":{"self":[{"href":"https:\/\/www.noticiasradioreflejos.com.ar\/2021\/wp-json\/wp\/v2\/posts\/92065","targetHints":{"allow":["GET"]}}],"collection":[{"href":"https:\/\/www.noticiasradioreflejos.com.ar\/2021\/wp-json\/wp\/v2\/posts"}],"about":[{"href":"https:\/\/www.noticiasradioreflejos.com.ar\/2021\/wp-json\/wp\/v2\/types\/post"}],"author":[{"embeddable":true,"href":"https:\/\/www.noticiasradioreflejos.com.ar\/2021\/wp-json\/wp\/v2\/users\/3"}],"replies":[{"embeddable":true,"href":"https:\/\/www.noticiasradioreflejos.com.ar\/2021\/wp-json\/wp\/v2\/comments?post=92065"}],"version-history":[{"count":1,"href":"https:\/\/www.noticiasradioreflejos.com.ar\/2021\/wp-json\/wp\/v2\/posts\/92065\/revisions"}],"predecessor-version":[{"id":92067,"href":"https:\/\/www.noticiasradioreflejos.com.ar\/2021\/wp-json\/wp\/v2\/posts\/92065\/revisions\/92067"}],"wp:featuredmedia":[{"embeddable":true,"href":"https:\/\/www.noticiasradioreflejos.com.ar\/2021\/wp-json\/wp\/v2\/media\/92066"}],"wp:attachment":[{"href":"https:\/\/www.noticiasradioreflejos.com.ar\/2021\/wp-json\/wp\/v2\/media?parent=92065"}],"wp:term":[{"taxonomy":"category","embeddable":true,"href":"https:\/\/www.noticiasradioreflejos.com.ar\/2021\/wp-json\/wp\/v2\/categories?post=92065"},{"taxonomy":"post_tag","embeddable":true,"href":"https:\/\/www.noticiasradioreflejos.com.ar\/2021\/wp-json\/wp\/v2\/tags?post=92065"}],"curies":[{"name":"wp","href":"https:\/\/api.w.org\/{rel}","templated":true}]}}