{"id":92048,"date":"2023-08-24T20:18:55","date_gmt":"2023-08-24T20:18:55","guid":{"rendered":"https:\/\/www.noticiasradioreflejos.com.ar\/2021\/?p=92048"},"modified":"2023-08-24T20:18:55","modified_gmt":"2023-08-24T20:18:55","slug":"se-elevo-a-juicio-la-causa-contra-pablo-cuchan-por-haber-agredido-a-una-mujer-en-bahia-blanca","status":"publish","type":"post","link":"https:\/\/www.noticiasradioreflejos.com.ar\/2021\/se-elevo-a-juicio-la-causa-contra-pablo-cuchan-por-haber-agredido-a-una-mujer-en-bahia-blanca\/","title":{"rendered":"Se elev\u00f3 a juicio la causa contra Pablo Cuch\u00e1n por haber agredido a una mujer en Bah\u00eda Blanca"},"content":{"rendered":"<section class=\"banner__single-post bg-grey-light-three banner-single-2 banner__standard\">\n<div class=\"container\">\n<p>Se dio por finalizada la investigaci\u00f3n realizada por la\u00a0<strong>UFIJ N.\u00ba 14 a cargo del fiscal Marcelo Romero Jard\u00edn<\/strong>\u00a0y se elev\u00f3 a juicio la causa que se le sigue a Pablo V\u00edctor Cuch\u00e1n por lesiones leves agravadas por el v\u00ednculo y por mediar violencia de g\u00e9nero (dos hechos) en concurso real con amenazas.<\/p>\n<div class=\"row align-items-center\">\n<div class=\"col-lg-6\"><img decoding=\"async\" class=\"img-fluid\" src=\"https:\/\/agenciadenoticiasjudiciales.com\/wp-content\/uploads\/2022\/05\/tribunales4-1200x1200.jpeg\" alt=\"\" \/><\/div>\n<\/div>\n<\/div>\n<\/section>\n<p><!--more--><\/p>\n<div class=\"post-single-wrapper p-t-xs-60\">\n<div class=\"container\">\n<div class=\"social-share-sticky\">\n<div class=\"shared-counts-wrap sidebar-top style-icon\"><\/div>\n<\/div>\n<div class=\"row\">\n<div class=\"col-xl-8 axil-main\">\n<div class=\"theiaStickySidebar\">\n<article class=\"post-details\">Se dio por finalizada la investigaci\u00f3n realizada por la\u00a0<strong>UFIJ N.\u00ba 14 a cargo del fiscal Marcelo Romero Jard\u00edn<\/strong>\u00a0y se elev\u00f3 a juicio la causa que se le sigue a Pablo V\u00edctor Cuch\u00e1n por lesiones leves agravadas por el v\u00ednculo y por mediar violencia de g\u00e9nero (dos hechos) en concurso real con amenazas.<\/p>\n<p>Seg\u00fan la causa, durante los primeros d\u00edas del mes de abril del presente a\u00f1o, Cuch\u00e1n forceje\u00f3 con la v\u00edctima gener\u00e1ndole lesiones de car\u00e1cter leve en su cuerpo.<\/p>\n<p>Adem\u00e1s, el d\u00eda 21 de abril pasado, Cuch\u00e1n hab\u00eda ingresado al domicilio de la v\u00edctima a quien sujet\u00f3 del cuello con sus manos y le tap\u00f3 la boca para impedir sus gritos, hecho que le ocasion\u00f3 lesiones de car\u00e1cter leve.<\/p>\n<p>Tambi\u00e9n se lo acusa de que, en esas mismas circunstancias, atemoriz\u00f3 a la mujer al proferirle diversas amenazas de muerte.<\/p>\n<p>La causa qued\u00f3 radicada en el Juzgado Correccional N.\u00ba 1, quien ser\u00e1 el encargado de fijar la fecha para la concreci\u00f3n del juicio oral, si las partes no acordaran ninguna resoluci\u00f3n alternativa del conflicto.<\/p>\n<\/article>\n<\/div>\n<\/div>\n<\/div>\n<\/div>\n<\/div>\n","protected":false},"excerpt":{"rendered":"<p>Se dio por finalizada la investigaci\u00f3n realizada por la\u00a0UFIJ N.\u00ba 14 a cargo del fiscal Marcelo Romero Jard\u00edn\u00a0y se elev\u00f3 a juicio la causa que se le sigue a Pablo V\u00edctor Cuch\u00e1n por lesiones leves agravadas por el v\u00ednculo y por mediar violencia de g\u00e9nero (dos hechos) en concurso real con amenazas.<\/p>\n","protected":false},"author":3,"featured_media":87122,"comment_status":"closed","ping_status":"closed","sticky":false,"template":"","format":"standard","meta":{"footnotes":""},"categories":[57],"tags":[],"class_list":["post-92048","post","type-post","status-publish","format-standard","has-post-thumbnail","hentry","category-judiciales"],"yoast_head":"<!-- This site is optimized with the Yoast SEO plugin v25.9 - https:\/\/yoast.com\/wordpress\/plugins\/seo\/ -->\n<title>Se elev\u00f3 a juicio la causa contra Pablo Cuch\u00e1n por haber agredido a una mujer en Bah\u00eda Blanca - Noticias Radio Reflejos<\/title>\n<meta name=\"robots\" content=\"index, follow, max-snippet:-1, max-image-preview:large, max-video-preview:-1\" \/>\n<link rel=\"canonical\" href=\"https:\/\/www.noticiasradioreflejos.com.ar\/2021\/se-elevo-a-juicio-la-causa-contra-pablo-cuchan-por-haber-agredido-a-una-mujer-en-bahia-blanca\/\" \/>\n<meta property=\"og:locale\" content=\"es_ES\" \/>\n<meta property=\"og:type\" content=\"article\" \/>\n<meta property=\"og:title\" content=\"Se elev\u00f3 a juicio la causa contra Pablo Cuch\u00e1n por haber agredido a una mujer en Bah\u00eda Blanca - Noticias Radio Reflejos\" \/>\n<meta property=\"og:description\" content=\"Se dio por finalizada la investigaci\u00f3n realizada por la\u00a0UFIJ N.\u00ba 14 a cargo del fiscal Marcelo Romero Jard\u00edn\u00a0y se elev\u00f3 a juicio la causa que se le sigue a Pablo V\u00edctor Cuch\u00e1n por lesiones leves agravadas por el v\u00ednculo y por mediar violencia de g\u00e9nero (dos hechos) en concurso real con amenazas.\" \/>\n<meta property=\"og:url\" content=\"https:\/\/www.noticiasradioreflejos.com.ar\/2021\/se-elevo-a-juicio-la-causa-contra-pablo-cuchan-por-haber-agredido-a-una-mujer-en-bahia-blanca\/\" \/>\n<meta property=\"og:site_name\" content=\"Noticias Radio Reflejos\" \/>\n<meta property=\"article:published_time\" content=\"2023-08-24T20:18:55+00:00\" \/>\n<meta property=\"og:image\" content=\"https:\/\/www.noticiasradioreflejos.com.ar\/2021\/wp-content\/uploads\/2023\/04\/Cuchan.jpg\" \/>\n\t<meta property=\"og:image:width\" content=\"1030\" \/>\n\t<meta property=\"og:image:height\" content=\"564\" \/>\n\t<meta property=\"og:image:type\" content=\"image\/jpeg\" \/>\n<meta name=\"author\" content=\"Arnaldo Botto\" \/>\n<meta name=\"twitter:card\" content=\"summary_large_image\" \/>\n<script type=\"application\/ld+json\" class=\"yoast-schema-graph\">{\"@context\":\"https:\/\/schema.org\",\"@graph\":[{\"@type\":\"WebPage\",\"@id\":\"https:\/\/www.noticiasradioreflejos.com.ar\/2021\/se-elevo-a-juicio-la-causa-contra-pablo-cuchan-por-haber-agredido-a-una-mujer-en-bahia-blanca\/\",\"url\":\"https:\/\/www.noticiasradioreflejos.com.ar\/2021\/se-elevo-a-juicio-la-causa-contra-pablo-cuchan-por-haber-agredido-a-una-mujer-en-bahia-blanca\/\",\"name\":\"Se elev\u00f3 a juicio la causa contra Pablo Cuch\u00e1n por haber agredido a una mujer en Bah\u00eda Blanca - Noticias Radio Reflejos\",\"isPartOf\":{\"@id\":\"https:\/\/www.noticiasradioreflejos.com.ar\/2021\/#website\"},\"primaryImageOfPage\":{\"@id\":\"https:\/\/www.noticiasradioreflejos.com.ar\/2021\/se-elevo-a-juicio-la-causa-contra-pablo-cuchan-por-haber-agredido-a-una-mujer-en-bahia-blanca\/#primaryimage\"},\"image\":{\"@id\":\"https:\/\/www.noticiasradioreflejos.com.ar\/2021\/se-elevo-a-juicio-la-causa-contra-pablo-cuchan-por-haber-agredido-a-una-mujer-en-bahia-blanca\/#primaryimage\"},\"thumbnailUrl\":\"https:\/\/www.noticiasradioreflejos.com.ar\/2021\/wp-content\/uploads\/2023\/04\/Cuchan.jpg\",\"datePublished\":\"2023-08-24T20:18:55+00:00\",\"author\":{\"@id\":\"https:\/\/www.noticiasradioreflejos.com.ar\/2021\/#\/schema\/person\/ad82545263dcc5ec0996818884fd5fb1\"},\"breadcrumb\":{\"@id\":\"https:\/\/www.noticiasradioreflejos.com.ar\/2021\/se-elevo-a-juicio-la-causa-contra-pablo-cuchan-por-haber-agredido-a-una-mujer-en-bahia-blanca\/#breadcrumb\"},\"inLanguage\":\"es\",\"potentialAction\":[{\"@type\":\"ReadAction\",\"target\":[\"https:\/\/www.noticiasradioreflejos.com.ar\/2021\/se-elevo-a-juicio-la-causa-contra-pablo-cuchan-por-haber-agredido-a-una-mujer-en-bahia-blanca\/\"]}]},{\"@type\":\"ImageObject\",\"inLanguage\":\"es\",\"@id\":\"https:\/\/www.noticiasradioreflejos.com.ar\/2021\/se-elevo-a-juicio-la-causa-contra-pablo-cuchan-por-haber-agredido-a-una-mujer-en-bahia-blanca\/#primaryimage\",\"url\":\"https:\/\/www.noticiasradioreflejos.com.ar\/2021\/wp-content\/uploads\/2023\/04\/Cuchan.jpg\",\"contentUrl\":\"https:\/\/www.noticiasradioreflejos.com.ar\/2021\/wp-content\/uploads\/2023\/04\/Cuchan.jpg\",\"width\":1030,\"height\":564},{\"@type\":\"BreadcrumbList\",\"@id\":\"https:\/\/www.noticiasradioreflejos.com.ar\/2021\/se-elevo-a-juicio-la-causa-contra-pablo-cuchan-por-haber-agredido-a-una-mujer-en-bahia-blanca\/#breadcrumb\",\"itemListElement\":[{\"@type\":\"ListItem\",\"position\":1,\"name\":\"Portada\",\"item\":\"https:\/\/www.noticiasradioreflejos.com.ar\/2021\/\"},{\"@type\":\"ListItem\",\"position\":2,\"name\":\"Se elev\u00f3 a juicio la causa contra Pablo Cuch\u00e1n por haber agredido a una mujer en Bah\u00eda Blanca\"}]},{\"@type\":\"WebSite\",\"@id\":\"https:\/\/www.noticiasradioreflejos.com.ar\/2021\/#website\",\"url\":\"https:\/\/www.noticiasradioreflejos.com.ar\/2021\/\",\"name\":\"Noticias Radio Reflejos\",\"description\":\"Las noticias de mi comarca\",\"potentialAction\":[{\"@type\":\"SearchAction\",\"target\":{\"@type\":\"EntryPoint\",\"urlTemplate\":\"https:\/\/www.noticiasradioreflejos.com.ar\/2021\/?s={search_term_string}\"},\"query-input\":{\"@type\":\"PropertyValueSpecification\",\"valueRequired\":true,\"valueName\":\"search_term_string\"}}],\"inLanguage\":\"es\"},{\"@type\":\"Person\",\"@id\":\"https:\/\/www.noticiasradioreflejos.com.ar\/2021\/#\/schema\/person\/ad82545263dcc5ec0996818884fd5fb1\",\"name\":\"Arnaldo Botto\",\"image\":{\"@type\":\"ImageObject\",\"inLanguage\":\"es\",\"@id\":\"https:\/\/www.noticiasradioreflejos.com.ar\/2021\/#\/schema\/person\/image\/\",\"url\":\"https:\/\/secure.gravatar.com\/avatar\/55cb5e37c1efa326397366e6974cb338056df65cb50e7d64d1cf314e87504837?s=96&d=mm&r=g\",\"contentUrl\":\"https:\/\/secure.gravatar.com\/avatar\/55cb5e37c1efa326397366e6974cb338056df65cb50e7d64d1cf314e87504837?s=96&d=mm&r=g\",\"caption\":\"Arnaldo Botto\"},\"url\":\"https:\/\/www.noticiasradioreflejos.com.ar\/2021\/author\/arnaldo\/\"}]}<\/script>\n<!-- \/ Yoast SEO plugin. -->","yoast_head_json":{"title":"Se elev\u00f3 a juicio la causa contra Pablo Cuch\u00e1n por haber agredido a una mujer en Bah\u00eda Blanca - Noticias Radio Reflejos","robots":{"index":"index","follow":"follow","max-snippet":"max-snippet:-1","max-image-preview":"max-image-preview:large","max-video-preview":"max-video-preview:-1"},"canonical":"https:\/\/www.noticiasradioreflejos.com.ar\/2021\/se-elevo-a-juicio-la-causa-contra-pablo-cuchan-por-haber-agredido-a-una-mujer-en-bahia-blanca\/","og_locale":"es_ES","og_type":"article","og_title":"Se elev\u00f3 a juicio la causa contra Pablo Cuch\u00e1n por haber agredido a una mujer en Bah\u00eda Blanca - Noticias Radio Reflejos","og_description":"Se dio por finalizada la investigaci\u00f3n realizada por la\u00a0UFIJ N.\u00ba 14 a cargo del fiscal Marcelo Romero Jard\u00edn\u00a0y se elev\u00f3 a juicio la causa que se le sigue a Pablo V\u00edctor Cuch\u00e1n por lesiones leves agravadas por el v\u00ednculo y por mediar violencia de g\u00e9nero (dos hechos) en concurso real con amenazas.","og_url":"https:\/\/www.noticiasradioreflejos.com.ar\/2021\/se-elevo-a-juicio-la-causa-contra-pablo-cuchan-por-haber-agredido-a-una-mujer-en-bahia-blanca\/","og_site_name":"Noticias Radio Reflejos","article_published_time":"2023-08-24T20:18:55+00:00","og_image":[{"width":1030,"height":564,"url":"https:\/\/www.noticiasradioreflejos.com.ar\/2021\/wp-content\/uploads\/2023\/04\/Cuchan.jpg","type":"image\/jpeg"}],"author":"Arnaldo Botto","twitter_card":"summary_large_image","schema":{"@context":"https:\/\/schema.org","@graph":[{"@type":"WebPage","@id":"https:\/\/www.noticiasradioreflejos.com.ar\/2021\/se-elevo-a-juicio-la-causa-contra-pablo-cuchan-por-haber-agredido-a-una-mujer-en-bahia-blanca\/","url":"https:\/\/www.noticiasradioreflejos.com.ar\/2021\/se-elevo-a-juicio-la-causa-contra-pablo-cuchan-por-haber-agredido-a-una-mujer-en-bahia-blanca\/","name":"Se elev\u00f3 a juicio la causa contra Pablo Cuch\u00e1n por haber agredido a una mujer en Bah\u00eda Blanca - Noticias Radio Reflejos","isPartOf":{"@id":"https:\/\/www.noticiasradioreflejos.com.ar\/2021\/#website"},"primaryImageOfPage":{"@id":"https:\/\/www.noticiasradioreflejos.com.ar\/2021\/se-elevo-a-juicio-la-causa-contra-pablo-cuchan-por-haber-agredido-a-una-mujer-en-bahia-blanca\/#primaryimage"},"image":{"@id":"https:\/\/www.noticiasradioreflejos.com.ar\/2021\/se-elevo-a-juicio-la-causa-contra-pablo-cuchan-por-haber-agredido-a-una-mujer-en-bahia-blanca\/#primaryimage"},"thumbnailUrl":"https:\/\/www.noticiasradioreflejos.com.ar\/2021\/wp-content\/uploads\/2023\/04\/Cuchan.jpg","datePublished":"2023-08-24T20:18:55+00:00","author":{"@id":"https:\/\/www.noticiasradioreflejos.com.ar\/2021\/#\/schema\/person\/ad82545263dcc5ec0996818884fd5fb1"},"breadcrumb":{"@id":"https:\/\/www.noticiasradioreflejos.com.ar\/2021\/se-elevo-a-juicio-la-causa-contra-pablo-cuchan-por-haber-agredido-a-una-mujer-en-bahia-blanca\/#breadcrumb"},"inLanguage":"es","potentialAction":[{"@type":"ReadAction","target":["https:\/\/www.noticiasradioreflejos.com.ar\/2021\/se-elevo-a-juicio-la-causa-contra-pablo-cuchan-por-haber-agredido-a-una-mujer-en-bahia-blanca\/"]}]},{"@type":"ImageObject","inLanguage":"es","@id":"https:\/\/www.noticiasradioreflejos.com.ar\/2021\/se-elevo-a-juicio-la-causa-contra-pablo-cuchan-por-haber-agredido-a-una-mujer-en-bahia-blanca\/#primaryimage","url":"https:\/\/www.noticiasradioreflejos.com.ar\/2021\/wp-content\/uploads\/2023\/04\/Cuchan.jpg","contentUrl":"https:\/\/www.noticiasradioreflejos.com.ar\/2021\/wp-content\/uploads\/2023\/04\/Cuchan.jpg","width":1030,"height":564},{"@type":"BreadcrumbList","@id":"https:\/\/www.noticiasradioreflejos.com.ar\/2021\/se-elevo-a-juicio-la-causa-contra-pablo-cuchan-por-haber-agredido-a-una-mujer-en-bahia-blanca\/#breadcrumb","itemListElement":[{"@type":"ListItem","position":1,"name":"Portada","item":"https:\/\/www.noticiasradioreflejos.com.ar\/2021\/"},{"@type":"ListItem","position":2,"name":"Se elev\u00f3 a juicio la causa contra Pablo Cuch\u00e1n por haber agredido a una mujer en Bah\u00eda Blanca"}]},{"@type":"WebSite","@id":"https:\/\/www.noticiasradioreflejos.com.ar\/2021\/#website","url":"https:\/\/www.noticiasradioreflejos.com.ar\/2021\/","name":"Noticias Radio Reflejos","description":"Las noticias de mi comarca","potentialAction":[{"@type":"SearchAction","target":{"@type":"EntryPoint","urlTemplate":"https:\/\/www.noticiasradioreflejos.com.ar\/2021\/?s={search_term_string}"},"query-input":{"@type":"PropertyValueSpecification","valueRequired":true,"valueName":"search_term_string"}}],"inLanguage":"es"},{"@type":"Person","@id":"https:\/\/www.noticiasradioreflejos.com.ar\/2021\/#\/schema\/person\/ad82545263dcc5ec0996818884fd5fb1","name":"Arnaldo Botto","image":{"@type":"ImageObject","inLanguage":"es","@id":"https:\/\/www.noticiasradioreflejos.com.ar\/2021\/#\/schema\/person\/image\/","url":"https:\/\/secure.gravatar.com\/avatar\/55cb5e37c1efa326397366e6974cb338056df65cb50e7d64d1cf314e87504837?s=96&d=mm&r=g","contentUrl":"https:\/\/secure.gravatar.com\/avatar\/55cb5e37c1efa326397366e6974cb338056df65cb50e7d64d1cf314e87504837?s=96&d=mm&r=g","caption":"Arnaldo Botto"},"url":"https:\/\/www.noticiasradioreflejos.com.ar\/2021\/author\/arnaldo\/"}]}},"_links":{"self":[{"href":"https:\/\/www.noticiasradioreflejos.com.ar\/2021\/wp-json\/wp\/v2\/posts\/92048","targetHints":{"allow":["GET"]}}],"collection":[{"href":"https:\/\/www.noticiasradioreflejos.com.ar\/2021\/wp-json\/wp\/v2\/posts"}],"about":[{"href":"https:\/\/www.noticiasradioreflejos.com.ar\/2021\/wp-json\/wp\/v2\/types\/post"}],"author":[{"embeddable":true,"href":"https:\/\/www.noticiasradioreflejos.com.ar\/2021\/wp-json\/wp\/v2\/users\/3"}],"replies":[{"embeddable":true,"href":"https:\/\/www.noticiasradioreflejos.com.ar\/2021\/wp-json\/wp\/v2\/comments?post=92048"}],"version-history":[{"count":1,"href":"https:\/\/www.noticiasradioreflejos.com.ar\/2021\/wp-json\/wp\/v2\/posts\/92048\/revisions"}],"predecessor-version":[{"id":92049,"href":"https:\/\/www.noticiasradioreflejos.com.ar\/2021\/wp-json\/wp\/v2\/posts\/92048\/revisions\/92049"}],"wp:featuredmedia":[{"embeddable":true,"href":"https:\/\/www.noticiasradioreflejos.com.ar\/2021\/wp-json\/wp\/v2\/media\/87122"}],"wp:attachment":[{"href":"https:\/\/www.noticiasradioreflejos.com.ar\/2021\/wp-json\/wp\/v2\/media?parent=92048"}],"wp:term":[{"taxonomy":"category","embeddable":true,"href":"https:\/\/www.noticiasradioreflejos.com.ar\/2021\/wp-json\/wp\/v2\/categories?post=92048"},{"taxonomy":"post_tag","embeddable":true,"href":"https:\/\/www.noticiasradioreflejos.com.ar\/2021\/wp-json\/wp\/v2\/tags?post=92048"}],"curies":[{"name":"wp","href":"https:\/\/api.w.org\/{rel}","templated":true}]}}