{"id":92039,"date":"2023-08-24T20:05:45","date_gmt":"2023-08-24T20:05:45","guid":{"rendered":"https:\/\/www.noticiasradioreflejos.com.ar\/2021\/?p=92039"},"modified":"2023-08-24T20:05:45","modified_gmt":"2023-08-24T20:05:45","slug":"la-mona-jimenez-evoluciona-favorablemente-y-podria-recibir-el-alta-entre-hoy-y-manana","status":"publish","type":"post","link":"https:\/\/www.noticiasradioreflejos.com.ar\/2021\/la-mona-jimenez-evoluciona-favorablemente-y-podria-recibir-el-alta-entre-hoy-y-manana\/","title":{"rendered":"La \u00abMona\u00bb Jim\u00e9nez evoluciona favorablemente y podr\u00eda recibir el alta entre hoy y ma\u00f1ana"},"content":{"rendered":"<p>El cuartetero cordob\u00e9s Carlos \u00abLa Mona\u00bb Jim\u00e9nez contin\u00faa internado en la terapia intensiva de una cl\u00ednica de la ciudad de C\u00f3rdoba y evoluciona favorablemente, seg\u00fan indicaron sus familiares, por lo que podr\u00eda recibir el alta entre hoy y ma\u00f1ana.<!--more--><\/p>\n<p>En las primeras horas de ayer el m\u00fasico fue derivado desde su domicilio hasta el Instituto Modelo de Cardiolog\u00eda, donde arrib\u00f3 con un cuadro \u201cisqu\u00e9mico\u201d, seg\u00fan aclar\u00f3 hoy Carli Jim\u00e9nez, hijo del artista, en declaraciones a medios locales.<\/p>\n<p>En primera instancia trascendi\u00f3 que podr\u00eda haber sufrido un principio de ACV, aunque la familia no confirm\u00f3 ese diagn\u00f3stico, ni tampoco desde el nosocomio dieron informaci\u00f3n oficial.<\/p>\n<p>\u00abNo se puede decir que es un ACV. Tenemos que esperar los resultados finales de los estudios, que demoran 24 horas y a\u00fan no los tenemos. Los m\u00e9dicos hablaron de algo de isqu\u00e9mico\u00bb, dijo el hijo.<\/p>\n<p>A la vez que aclar\u00f3 que \u201cnunca se desmay\u00f3, ni perdi\u00f3 el conocimiento\u201d.<\/p>\n<p>A principios de agosto pasado Jim\u00e9nez hab\u00eda sido intervenido quir\u00fargicamente debido a un fuerte dolor abdominal.<\/p>\n<p>\u00abLa Mona\u00bb Jim\u00e9nez tiene 72 a\u00f1os y se mantiene arriba de los escenarios desde 1967. Desde entonces grab\u00f3 m\u00e1s de 90 discos.<\/p>\n","protected":false},"excerpt":{"rendered":"<p>El cuartetero cordob\u00e9s Carlos \u00abLa Mona\u00bb Jim\u00e9nez contin\u00faa internado en la terapia intensiva de una cl\u00ednica de la ciudad de C\u00f3rdoba y evoluciona favorablemente, seg\u00fan indicaron sus familiares, por lo que podr\u00eda recibir el alta entre hoy y ma\u00f1ana.<\/p>\n","protected":false},"author":3,"featured_media":0,"comment_status":"closed","ping_status":"closed","sticky":false,"template":"","format":"standard","meta":{"footnotes":""},"categories":[26],"tags":[],"class_list":["post-92039","post","type-post","status-publish","format-standard","hentry","category-sociedad"],"yoast_head":"<!-- This site is optimized with the Yoast SEO plugin v25.9 - https:\/\/yoast.com\/wordpress\/plugins\/seo\/ -->\n<title>La &quot;Mona&quot; Jim\u00e9nez evoluciona favorablemente y podr\u00eda recibir el alta entre hoy y ma\u00f1ana - Noticias Radio Reflejos<\/title>\n<meta name=\"robots\" content=\"index, follow, max-snippet:-1, max-image-preview:large, max-video-preview:-1\" \/>\n<link rel=\"canonical\" href=\"https:\/\/www.noticiasradioreflejos.com.ar\/2021\/la-mona-jimenez-evoluciona-favorablemente-y-podria-recibir-el-alta-entre-hoy-y-manana\/\" \/>\n<meta property=\"og:locale\" content=\"es_ES\" \/>\n<meta property=\"og:type\" content=\"article\" \/>\n<meta property=\"og:title\" content=\"La &quot;Mona&quot; Jim\u00e9nez evoluciona favorablemente y podr\u00eda recibir el alta entre hoy y ma\u00f1ana - Noticias Radio Reflejos\" \/>\n<meta property=\"og:description\" content=\"El cuartetero cordob\u00e9s Carlos \u00abLa Mona\u00bb Jim\u00e9nez contin\u00faa internado en la terapia intensiva de una cl\u00ednica de la ciudad de C\u00f3rdoba y evoluciona favorablemente, seg\u00fan indicaron sus familiares, por lo que podr\u00eda recibir el alta entre hoy y ma\u00f1ana.\" \/>\n<meta property=\"og:url\" content=\"https:\/\/www.noticiasradioreflejos.com.ar\/2021\/la-mona-jimenez-evoluciona-favorablemente-y-podria-recibir-el-alta-entre-hoy-y-manana\/\" \/>\n<meta property=\"og:site_name\" content=\"Noticias Radio Reflejos\" \/>\n<meta property=\"article:published_time\" content=\"2023-08-24T20:05:45+00:00\" \/>\n<meta property=\"og:image\" content=\"https:\/\/www.noticiasradioreflejos.com.ar\/2021\/wp-content\/uploads\/2021\/07\/logosol300x200.png\" \/>\n\t<meta property=\"og:image:width\" content=\"300\" \/>\n\t<meta property=\"og:image:height\" content=\"200\" \/>\n\t<meta property=\"og:image:type\" content=\"image\/png\" \/>\n<meta name=\"author\" content=\"Arnaldo Botto\" \/>\n<meta name=\"twitter:card\" content=\"summary_large_image\" \/>\n<script type=\"application\/ld+json\" class=\"yoast-schema-graph\">{\"@context\":\"https:\/\/schema.org\",\"@graph\":[{\"@type\":\"WebPage\",\"@id\":\"https:\/\/www.noticiasradioreflejos.com.ar\/2021\/la-mona-jimenez-evoluciona-favorablemente-y-podria-recibir-el-alta-entre-hoy-y-manana\/\",\"url\":\"https:\/\/www.noticiasradioreflejos.com.ar\/2021\/la-mona-jimenez-evoluciona-favorablemente-y-podria-recibir-el-alta-entre-hoy-y-manana\/\",\"name\":\"La \\\"Mona\\\" Jim\u00e9nez evoluciona favorablemente y podr\u00eda recibir el alta entre hoy y ma\u00f1ana - Noticias Radio Reflejos\",\"isPartOf\":{\"@id\":\"https:\/\/www.noticiasradioreflejos.com.ar\/2021\/#website\"},\"datePublished\":\"2023-08-24T20:05:45+00:00\",\"author\":{\"@id\":\"https:\/\/www.noticiasradioreflejos.com.ar\/2021\/#\/schema\/person\/ad82545263dcc5ec0996818884fd5fb1\"},\"breadcrumb\":{\"@id\":\"https:\/\/www.noticiasradioreflejos.com.ar\/2021\/la-mona-jimenez-evoluciona-favorablemente-y-podria-recibir-el-alta-entre-hoy-y-manana\/#breadcrumb\"},\"inLanguage\":\"es\",\"potentialAction\":[{\"@type\":\"ReadAction\",\"target\":[\"https:\/\/www.noticiasradioreflejos.com.ar\/2021\/la-mona-jimenez-evoluciona-favorablemente-y-podria-recibir-el-alta-entre-hoy-y-manana\/\"]}]},{\"@type\":\"BreadcrumbList\",\"@id\":\"https:\/\/www.noticiasradioreflejos.com.ar\/2021\/la-mona-jimenez-evoluciona-favorablemente-y-podria-recibir-el-alta-entre-hoy-y-manana\/#breadcrumb\",\"itemListElement\":[{\"@type\":\"ListItem\",\"position\":1,\"name\":\"Portada\",\"item\":\"https:\/\/www.noticiasradioreflejos.com.ar\/2021\/\"},{\"@type\":\"ListItem\",\"position\":2,\"name\":\"La \u00abMona\u00bb Jim\u00e9nez evoluciona favorablemente y podr\u00eda recibir el alta entre hoy y ma\u00f1ana\"}]},{\"@type\":\"WebSite\",\"@id\":\"https:\/\/www.noticiasradioreflejos.com.ar\/2021\/#website\",\"url\":\"https:\/\/www.noticiasradioreflejos.com.ar\/2021\/\",\"name\":\"Noticias Radio Reflejos\",\"description\":\"Las noticias de mi comarca\",\"potentialAction\":[{\"@type\":\"SearchAction\",\"target\":{\"@type\":\"EntryPoint\",\"urlTemplate\":\"https:\/\/www.noticiasradioreflejos.com.ar\/2021\/?s={search_term_string}\"},\"query-input\":{\"@type\":\"PropertyValueSpecification\",\"valueRequired\":true,\"valueName\":\"search_term_string\"}}],\"inLanguage\":\"es\"},{\"@type\":\"Person\",\"@id\":\"https:\/\/www.noticiasradioreflejos.com.ar\/2021\/#\/schema\/person\/ad82545263dcc5ec0996818884fd5fb1\",\"name\":\"Arnaldo Botto\",\"image\":{\"@type\":\"ImageObject\",\"inLanguage\":\"es\",\"@id\":\"https:\/\/www.noticiasradioreflejos.com.ar\/2021\/#\/schema\/person\/image\/\",\"url\":\"https:\/\/secure.gravatar.com\/avatar\/55cb5e37c1efa326397366e6974cb338056df65cb50e7d64d1cf314e87504837?s=96&d=mm&r=g\",\"contentUrl\":\"https:\/\/secure.gravatar.com\/avatar\/55cb5e37c1efa326397366e6974cb338056df65cb50e7d64d1cf314e87504837?s=96&d=mm&r=g\",\"caption\":\"Arnaldo Botto\"},\"url\":\"https:\/\/www.noticiasradioreflejos.com.ar\/2021\/author\/arnaldo\/\"}]}<\/script>\n<!-- \/ Yoast SEO plugin. -->","yoast_head_json":{"title":"La \"Mona\" Jim\u00e9nez evoluciona favorablemente y podr\u00eda recibir el alta entre hoy y ma\u00f1ana - Noticias Radio Reflejos","robots":{"index":"index","follow":"follow","max-snippet":"max-snippet:-1","max-image-preview":"max-image-preview:large","max-video-preview":"max-video-preview:-1"},"canonical":"https:\/\/www.noticiasradioreflejos.com.ar\/2021\/la-mona-jimenez-evoluciona-favorablemente-y-podria-recibir-el-alta-entre-hoy-y-manana\/","og_locale":"es_ES","og_type":"article","og_title":"La \"Mona\" Jim\u00e9nez evoluciona favorablemente y podr\u00eda recibir el alta entre hoy y ma\u00f1ana - Noticias Radio Reflejos","og_description":"El cuartetero cordob\u00e9s Carlos \u00abLa Mona\u00bb Jim\u00e9nez contin\u00faa internado en la terapia intensiva de una cl\u00ednica de la ciudad de C\u00f3rdoba y evoluciona favorablemente, seg\u00fan indicaron sus familiares, por lo que podr\u00eda recibir el alta entre hoy y ma\u00f1ana.","og_url":"https:\/\/www.noticiasradioreflejos.com.ar\/2021\/la-mona-jimenez-evoluciona-favorablemente-y-podria-recibir-el-alta-entre-hoy-y-manana\/","og_site_name":"Noticias Radio Reflejos","article_published_time":"2023-08-24T20:05:45+00:00","og_image":[{"width":300,"height":200,"url":"https:\/\/www.noticiasradioreflejos.com.ar\/2021\/wp-content\/uploads\/2021\/07\/logosol300x200.png","type":"image\/png"}],"author":"Arnaldo Botto","twitter_card":"summary_large_image","schema":{"@context":"https:\/\/schema.org","@graph":[{"@type":"WebPage","@id":"https:\/\/www.noticiasradioreflejos.com.ar\/2021\/la-mona-jimenez-evoluciona-favorablemente-y-podria-recibir-el-alta-entre-hoy-y-manana\/","url":"https:\/\/www.noticiasradioreflejos.com.ar\/2021\/la-mona-jimenez-evoluciona-favorablemente-y-podria-recibir-el-alta-entre-hoy-y-manana\/","name":"La \"Mona\" Jim\u00e9nez evoluciona favorablemente y podr\u00eda recibir el alta entre hoy y ma\u00f1ana - Noticias Radio Reflejos","isPartOf":{"@id":"https:\/\/www.noticiasradioreflejos.com.ar\/2021\/#website"},"datePublished":"2023-08-24T20:05:45+00:00","author":{"@id":"https:\/\/www.noticiasradioreflejos.com.ar\/2021\/#\/schema\/person\/ad82545263dcc5ec0996818884fd5fb1"},"breadcrumb":{"@id":"https:\/\/www.noticiasradioreflejos.com.ar\/2021\/la-mona-jimenez-evoluciona-favorablemente-y-podria-recibir-el-alta-entre-hoy-y-manana\/#breadcrumb"},"inLanguage":"es","potentialAction":[{"@type":"ReadAction","target":["https:\/\/www.noticiasradioreflejos.com.ar\/2021\/la-mona-jimenez-evoluciona-favorablemente-y-podria-recibir-el-alta-entre-hoy-y-manana\/"]}]},{"@type":"BreadcrumbList","@id":"https:\/\/www.noticiasradioreflejos.com.ar\/2021\/la-mona-jimenez-evoluciona-favorablemente-y-podria-recibir-el-alta-entre-hoy-y-manana\/#breadcrumb","itemListElement":[{"@type":"ListItem","position":1,"name":"Portada","item":"https:\/\/www.noticiasradioreflejos.com.ar\/2021\/"},{"@type":"ListItem","position":2,"name":"La \u00abMona\u00bb Jim\u00e9nez evoluciona favorablemente y podr\u00eda recibir el alta entre hoy y ma\u00f1ana"}]},{"@type":"WebSite","@id":"https:\/\/www.noticiasradioreflejos.com.ar\/2021\/#website","url":"https:\/\/www.noticiasradioreflejos.com.ar\/2021\/","name":"Noticias Radio Reflejos","description":"Las noticias de mi comarca","potentialAction":[{"@type":"SearchAction","target":{"@type":"EntryPoint","urlTemplate":"https:\/\/www.noticiasradioreflejos.com.ar\/2021\/?s={search_term_string}"},"query-input":{"@type":"PropertyValueSpecification","valueRequired":true,"valueName":"search_term_string"}}],"inLanguage":"es"},{"@type":"Person","@id":"https:\/\/www.noticiasradioreflejos.com.ar\/2021\/#\/schema\/person\/ad82545263dcc5ec0996818884fd5fb1","name":"Arnaldo Botto","image":{"@type":"ImageObject","inLanguage":"es","@id":"https:\/\/www.noticiasradioreflejos.com.ar\/2021\/#\/schema\/person\/image\/","url":"https:\/\/secure.gravatar.com\/avatar\/55cb5e37c1efa326397366e6974cb338056df65cb50e7d64d1cf314e87504837?s=96&d=mm&r=g","contentUrl":"https:\/\/secure.gravatar.com\/avatar\/55cb5e37c1efa326397366e6974cb338056df65cb50e7d64d1cf314e87504837?s=96&d=mm&r=g","caption":"Arnaldo Botto"},"url":"https:\/\/www.noticiasradioreflejos.com.ar\/2021\/author\/arnaldo\/"}]}},"_links":{"self":[{"href":"https:\/\/www.noticiasradioreflejos.com.ar\/2021\/wp-json\/wp\/v2\/posts\/92039","targetHints":{"allow":["GET"]}}],"collection":[{"href":"https:\/\/www.noticiasradioreflejos.com.ar\/2021\/wp-json\/wp\/v2\/posts"}],"about":[{"href":"https:\/\/www.noticiasradioreflejos.com.ar\/2021\/wp-json\/wp\/v2\/types\/post"}],"author":[{"embeddable":true,"href":"https:\/\/www.noticiasradioreflejos.com.ar\/2021\/wp-json\/wp\/v2\/users\/3"}],"replies":[{"embeddable":true,"href":"https:\/\/www.noticiasradioreflejos.com.ar\/2021\/wp-json\/wp\/v2\/comments?post=92039"}],"version-history":[{"count":1,"href":"https:\/\/www.noticiasradioreflejos.com.ar\/2021\/wp-json\/wp\/v2\/posts\/92039\/revisions"}],"predecessor-version":[{"id":92041,"href":"https:\/\/www.noticiasradioreflejos.com.ar\/2021\/wp-json\/wp\/v2\/posts\/92039\/revisions\/92041"}],"wp:attachment":[{"href":"https:\/\/www.noticiasradioreflejos.com.ar\/2021\/wp-json\/wp\/v2\/media?parent=92039"}],"wp:term":[{"taxonomy":"category","embeddable":true,"href":"https:\/\/www.noticiasradioreflejos.com.ar\/2021\/wp-json\/wp\/v2\/categories?post=92039"},{"taxonomy":"post_tag","embeddable":true,"href":"https:\/\/www.noticiasradioreflejos.com.ar\/2021\/wp-json\/wp\/v2\/tags?post=92039"}],"curies":[{"name":"wp","href":"https:\/\/api.w.org\/{rel}","templated":true}]}}