{"id":92033,"date":"2023-08-24T19:58:08","date_gmt":"2023-08-24T19:58:08","guid":{"rendered":"https:\/\/www.noticiasradioreflejos.com.ar\/2021\/?p=92033"},"modified":"2023-08-24T19:58:08","modified_gmt":"2023-08-24T19:58:08","slug":"marian-farias-gomez-para-muchos-los-artistas-somos-tarados-que-no-podes-hablar-de-politica","status":"publish","type":"post","link":"https:\/\/www.noticiasradioreflejos.com.ar\/2021\/marian-farias-gomez-para-muchos-los-artistas-somos-tarados-que-no-podes-hablar-de-politica\/","title":{"rendered":"Marian Far\u00edas G\u00f3mez: \u201cpara muchos los artistas somos tarados que no podes hablar de pol\u00edtica\u201d"},"content":{"rendered":"<p>La hermana del Chango Far\u00edas Gomez record\u00f3 al c\u00e9lebre artista en un nuevo aniversario de su partida, y al mismo tiempo aprovech\u00f3 para cuestionar al arco opositor que se present\u00f3 en las PASO.<!--more--><\/p>\n<p>Marian Far\u00edas G\u00f3mez es una referente de nuestro folklore, en parte por todo lo transitado, y en parte tambi\u00e9n por haber compartido la vida con su hermano, el c\u00e9lebre Chango.<\/p>\n<p><a data-flickr-embed=\"true\" data-footer=\"true\" href=\"https:\/\/www.flickr.com\/photos\/182279889@N02\/53139648755\/in\/dateposted-public\/\" title=\"WhatsApp Image 2023-08-24 at 12.22.57\"><img loading=\"lazy\" decoding=\"async\" src=\"https:\/\/live.staticflickr.com\/65535\/53139648755_7e394b3a23_o.jpg\" width=\"650\" height=\"420\" alt=\"WhatsApp Image 2023-08-24 at 12.22.57\"\/><\/a><script async src=\"\/\/embedr.flickr.com\/assets\/client-code.js\" charset=\"utf-8\"><\/script><\/p>\n<p>Es por eso que en una nueva entrega de <strong>Tiempo Educativo<\/strong>, asegur\u00f3 que \u201cno necesito generalmente un d\u00eda para acordarme de \u00e9l porque est\u00e1 siempre presente, no solo como m\u00fasico sino como hermanos. Fuimos muy unidos los cinco. \u00c9l era el mayor. Nuestros padres siempre lo pon\u00edan de referencia por ser el primero\u201d.<\/p>\n<p>A sus ojos \u201cChango fue el que nos guiaba a todos. Era un hombre tal vez poco demostrativo en dar un abrazo o un beso, pero s\u00ed en la protecci\u00f3n. Lo recuerdo todos los d\u00edas. A m\u00ed me gustaba mucho como cantaba. \u00c9l hizo el \u00faltimo disco, Chango sin arreglos, porque lo hinch\u00e9 para que saque su \u00e1lbum\u201d.<\/p>\n<p>Cerrando esa descripci\u00f3n con el hecho de que \u201c\u00e9l era un tipo muy especial, yo era la \u00fanica que lo encarrilaba. Era terriblemente caprichoso y auto referencial\u201d.<\/p>\n<p>En otro pasaje de la charla, y volc\u00e1ndose a la actualidad, asegur\u00f3 que \u201cen el 70% de los programas se habla del chisme art\u00edstico, est\u00e1n todo el tiempo pendiente, ahora cuando opinamos de pol\u00edtica no, somos tarados, no podemos opinar de pol\u00edtica. Los artistas en general fueron los gestores en general de que vuelva la democracia. Se olvidan de eso\u201d.<\/p>\n<p>Y cargando contra la oposici\u00f3n pol\u00edtica asegur\u00f3 que \u201clo que quieren es que el estado se retire de todo, no solo de lo art\u00edstico. Quieren vender todo. Ellos, tanto Milei como Bullrich, siempre hablan de privatizar, de entregar el pa\u00eds. Porque es la \u00fanica forma que pueden hacer algo, porque son empleados de las fuerzas internacionales. Mientras tanto, los artistas en general y el pueblo, se muera de hambre\u201d.<\/p>\n<p>Concluyendo en que \u201ctanto las fuerzas opositoras, como los grandes empresarios, siguen entregando el pa\u00eds y mientras tanto se quejan de nosotros\u201d.<\/p>\n<p><iframe loading=\"lazy\" width=\"100%\" height=\"166\" scrolling=\"no\" frameborder=\"no\" allow=\"autoplay\" src=\"https:\/\/w.soundcloud.com\/player\/?url=https%3A\/\/api.soundcloud.com\/tracks\/1600214049&#038;color=%23ff5500&#038;auto_play=false&#038;hide_related=false&#038;show_comments=true&#038;show_user=true&#038;show_reposts=false&#038;show_teaser=true\"><\/iframe><\/p>\n<div style=\"font-size: 10px; color: #cccccc;line-break: anywhere;word-break: normal;overflow: hidden;white-space: nowrap;text-overflow: ellipsis; font-family: Interstate,Lucida Grande,Lucida Sans Unicode,Lucida Sans,Garuda,Verdana,Tahoma,sans-serif;font-weight: 100;\"><a href=\"https:\/\/soundcloud.com\/fmreflejos-103-7\" title=\"fmreflejos 103.7\" target=\"_blank\" style=\"color: #cccccc; text-decoration: none;\" rel=\"noopener\">fmreflejos 103.7<\/a> \u00b7 <a href=\"https:\/\/soundcloud.com\/fmreflejos-103-7\/marian-farias-gomez-en-tiempo-educativo\" title=\"Marian Farias Gomez en tiempo educativo\" target=\"_blank\" style=\"color: #cccccc; text-decoration: none;\" rel=\"noopener\">Marian Farias Gomez en tiempo educativo<\/a><\/div>\n","protected":false},"excerpt":{"rendered":"<p>La hermana del Chango Far\u00edas Gomez record\u00f3 al c\u00e9lebre artista en un nuevo aniversario de su partida, y al mismo tiempo aprovech\u00f3 para cuestionar al arco opositor que se present\u00f3 en las PASO.<\/p>\n","protected":false},"author":3,"featured_media":0,"comment_status":"closed","ping_status":"closed","sticky":false,"template":"","format":"standard","meta":{"footnotes":""},"categories":[35,34],"tags":[48],"class_list":["post-92033","post","type-post","status-publish","format-standard","hentry","category-cultura","category-educacion","tag-destacada"],"yoast_head":"<!-- This site is optimized with the Yoast SEO plugin v25.9 - https:\/\/yoast.com\/wordpress\/plugins\/seo\/ -->\n<title>Marian Far\u00edas G\u00f3mez: \u201cpara muchos los artistas somos tarados que no podes hablar de pol\u00edtica\u201d - Noticias Radio Reflejos<\/title>\n<meta name=\"robots\" content=\"index, follow, max-snippet:-1, max-image-preview:large, max-video-preview:-1\" \/>\n<link rel=\"canonical\" href=\"https:\/\/www.noticiasradioreflejos.com.ar\/2021\/marian-farias-gomez-para-muchos-los-artistas-somos-tarados-que-no-podes-hablar-de-politica\/\" \/>\n<meta property=\"og:locale\" content=\"es_ES\" \/>\n<meta property=\"og:type\" content=\"article\" \/>\n<meta property=\"og:title\" content=\"Marian Far\u00edas G\u00f3mez: \u201cpara muchos los artistas somos tarados que no podes hablar de pol\u00edtica\u201d - Noticias Radio Reflejos\" \/>\n<meta property=\"og:description\" content=\"La hermana del Chango Far\u00edas Gomez record\u00f3 al c\u00e9lebre artista en un nuevo aniversario de su partida, y al mismo tiempo aprovech\u00f3 para cuestionar al arco opositor que se present\u00f3 en las PASO.\" \/>\n<meta property=\"og:url\" content=\"https:\/\/www.noticiasradioreflejos.com.ar\/2021\/marian-farias-gomez-para-muchos-los-artistas-somos-tarados-que-no-podes-hablar-de-politica\/\" \/>\n<meta property=\"og:site_name\" content=\"Noticias Radio Reflejos\" \/>\n<meta property=\"article:published_time\" content=\"2023-08-24T19:58:08+00:00\" \/>\n<meta property=\"og:image\" content=\"https:\/\/live.staticflickr.com\/65535\/53139648755_7e394b3a23_o.jpg\" \/>\n<meta name=\"author\" content=\"Arnaldo Botto\" \/>\n<meta name=\"twitter:card\" content=\"summary_large_image\" \/>\n<script type=\"application\/ld+json\" class=\"yoast-schema-graph\">{\"@context\":\"https:\/\/schema.org\",\"@graph\":[{\"@type\":\"WebPage\",\"@id\":\"https:\/\/www.noticiasradioreflejos.com.ar\/2021\/marian-farias-gomez-para-muchos-los-artistas-somos-tarados-que-no-podes-hablar-de-politica\/\",\"url\":\"https:\/\/www.noticiasradioreflejos.com.ar\/2021\/marian-farias-gomez-para-muchos-los-artistas-somos-tarados-que-no-podes-hablar-de-politica\/\",\"name\":\"Marian Far\u00edas G\u00f3mez: \u201cpara muchos los artistas somos tarados que no podes hablar de pol\u00edtica\u201d - Noticias Radio Reflejos\",\"isPartOf\":{\"@id\":\"https:\/\/www.noticiasradioreflejos.com.ar\/2021\/#website\"},\"primaryImageOfPage\":{\"@id\":\"https:\/\/www.noticiasradioreflejos.com.ar\/2021\/marian-farias-gomez-para-muchos-los-artistas-somos-tarados-que-no-podes-hablar-de-politica\/#primaryimage\"},\"image\":{\"@id\":\"https:\/\/www.noticiasradioreflejos.com.ar\/2021\/marian-farias-gomez-para-muchos-los-artistas-somos-tarados-que-no-podes-hablar-de-politica\/#primaryimage\"},\"thumbnailUrl\":\"https:\/\/live.staticflickr.com\/65535\/53139648755_7e394b3a23_o.jpg\",\"datePublished\":\"2023-08-24T19:58:08+00:00\",\"author\":{\"@id\":\"https:\/\/www.noticiasradioreflejos.com.ar\/2021\/#\/schema\/person\/ad82545263dcc5ec0996818884fd5fb1\"},\"breadcrumb\":{\"@id\":\"https:\/\/www.noticiasradioreflejos.com.ar\/2021\/marian-farias-gomez-para-muchos-los-artistas-somos-tarados-que-no-podes-hablar-de-politica\/#breadcrumb\"},\"inLanguage\":\"es\",\"potentialAction\":[{\"@type\":\"ReadAction\",\"target\":[\"https:\/\/www.noticiasradioreflejos.com.ar\/2021\/marian-farias-gomez-para-muchos-los-artistas-somos-tarados-que-no-podes-hablar-de-politica\/\"]}]},{\"@type\":\"ImageObject\",\"inLanguage\":\"es\",\"@id\":\"https:\/\/www.noticiasradioreflejos.com.ar\/2021\/marian-farias-gomez-para-muchos-los-artistas-somos-tarados-que-no-podes-hablar-de-politica\/#primaryimage\",\"url\":\"https:\/\/live.staticflickr.com\/65535\/53139648755_7e394b3a23_o.jpg\",\"contentUrl\":\"https:\/\/live.staticflickr.com\/65535\/53139648755_7e394b3a23_o.jpg\"},{\"@type\":\"BreadcrumbList\",\"@id\":\"https:\/\/www.noticiasradioreflejos.com.ar\/2021\/marian-farias-gomez-para-muchos-los-artistas-somos-tarados-que-no-podes-hablar-de-politica\/#breadcrumb\",\"itemListElement\":[{\"@type\":\"ListItem\",\"position\":1,\"name\":\"Portada\",\"item\":\"https:\/\/www.noticiasradioreflejos.com.ar\/2021\/\"},{\"@type\":\"ListItem\",\"position\":2,\"name\":\"Marian Far\u00edas G\u00f3mez: \u201cpara muchos los artistas somos tarados que no podes hablar de pol\u00edtica\u201d\"}]},{\"@type\":\"WebSite\",\"@id\":\"https:\/\/www.noticiasradioreflejos.com.ar\/2021\/#website\",\"url\":\"https:\/\/www.noticiasradioreflejos.com.ar\/2021\/\",\"name\":\"Noticias Radio Reflejos\",\"description\":\"Las noticias de mi comarca\",\"potentialAction\":[{\"@type\":\"SearchAction\",\"target\":{\"@type\":\"EntryPoint\",\"urlTemplate\":\"https:\/\/www.noticiasradioreflejos.com.ar\/2021\/?s={search_term_string}\"},\"query-input\":{\"@type\":\"PropertyValueSpecification\",\"valueRequired\":true,\"valueName\":\"search_term_string\"}}],\"inLanguage\":\"es\"},{\"@type\":\"Person\",\"@id\":\"https:\/\/www.noticiasradioreflejos.com.ar\/2021\/#\/schema\/person\/ad82545263dcc5ec0996818884fd5fb1\",\"name\":\"Arnaldo Botto\",\"image\":{\"@type\":\"ImageObject\",\"inLanguage\":\"es\",\"@id\":\"https:\/\/www.noticiasradioreflejos.com.ar\/2021\/#\/schema\/person\/image\/\",\"url\":\"https:\/\/secure.gravatar.com\/avatar\/55cb5e37c1efa326397366e6974cb338056df65cb50e7d64d1cf314e87504837?s=96&d=mm&r=g\",\"contentUrl\":\"https:\/\/secure.gravatar.com\/avatar\/55cb5e37c1efa326397366e6974cb338056df65cb50e7d64d1cf314e87504837?s=96&d=mm&r=g\",\"caption\":\"Arnaldo Botto\"},\"url\":\"https:\/\/www.noticiasradioreflejos.com.ar\/2021\/author\/arnaldo\/\"}]}<\/script>\n<!-- \/ Yoast SEO plugin. -->","yoast_head_json":{"title":"Marian Far\u00edas G\u00f3mez: \u201cpara muchos los artistas somos tarados que no podes hablar de pol\u00edtica\u201d - Noticias Radio Reflejos","robots":{"index":"index","follow":"follow","max-snippet":"max-snippet:-1","max-image-preview":"max-image-preview:large","max-video-preview":"max-video-preview:-1"},"canonical":"https:\/\/www.noticiasradioreflejos.com.ar\/2021\/marian-farias-gomez-para-muchos-los-artistas-somos-tarados-que-no-podes-hablar-de-politica\/","og_locale":"es_ES","og_type":"article","og_title":"Marian Far\u00edas G\u00f3mez: \u201cpara muchos los artistas somos tarados que no podes hablar de pol\u00edtica\u201d - Noticias Radio Reflejos","og_description":"La hermana del Chango Far\u00edas Gomez record\u00f3 al c\u00e9lebre artista en un nuevo aniversario de su partida, y al mismo tiempo aprovech\u00f3 para cuestionar al arco opositor que se present\u00f3 en las PASO.","og_url":"https:\/\/www.noticiasradioreflejos.com.ar\/2021\/marian-farias-gomez-para-muchos-los-artistas-somos-tarados-que-no-podes-hablar-de-politica\/","og_site_name":"Noticias Radio Reflejos","article_published_time":"2023-08-24T19:58:08+00:00","og_image":[{"url":"https:\/\/live.staticflickr.com\/65535\/53139648755_7e394b3a23_o.jpg","type":"","width":"","height":""}],"author":"Arnaldo Botto","twitter_card":"summary_large_image","schema":{"@context":"https:\/\/schema.org","@graph":[{"@type":"WebPage","@id":"https:\/\/www.noticiasradioreflejos.com.ar\/2021\/marian-farias-gomez-para-muchos-los-artistas-somos-tarados-que-no-podes-hablar-de-politica\/","url":"https:\/\/www.noticiasradioreflejos.com.ar\/2021\/marian-farias-gomez-para-muchos-los-artistas-somos-tarados-que-no-podes-hablar-de-politica\/","name":"Marian Far\u00edas G\u00f3mez: \u201cpara muchos los artistas somos tarados que no podes hablar de pol\u00edtica\u201d - Noticias Radio Reflejos","isPartOf":{"@id":"https:\/\/www.noticiasradioreflejos.com.ar\/2021\/#website"},"primaryImageOfPage":{"@id":"https:\/\/www.noticiasradioreflejos.com.ar\/2021\/marian-farias-gomez-para-muchos-los-artistas-somos-tarados-que-no-podes-hablar-de-politica\/#primaryimage"},"image":{"@id":"https:\/\/www.noticiasradioreflejos.com.ar\/2021\/marian-farias-gomez-para-muchos-los-artistas-somos-tarados-que-no-podes-hablar-de-politica\/#primaryimage"},"thumbnailUrl":"https:\/\/live.staticflickr.com\/65535\/53139648755_7e394b3a23_o.jpg","datePublished":"2023-08-24T19:58:08+00:00","author":{"@id":"https:\/\/www.noticiasradioreflejos.com.ar\/2021\/#\/schema\/person\/ad82545263dcc5ec0996818884fd5fb1"},"breadcrumb":{"@id":"https:\/\/www.noticiasradioreflejos.com.ar\/2021\/marian-farias-gomez-para-muchos-los-artistas-somos-tarados-que-no-podes-hablar-de-politica\/#breadcrumb"},"inLanguage":"es","potentialAction":[{"@type":"ReadAction","target":["https:\/\/www.noticiasradioreflejos.com.ar\/2021\/marian-farias-gomez-para-muchos-los-artistas-somos-tarados-que-no-podes-hablar-de-politica\/"]}]},{"@type":"ImageObject","inLanguage":"es","@id":"https:\/\/www.noticiasradioreflejos.com.ar\/2021\/marian-farias-gomez-para-muchos-los-artistas-somos-tarados-que-no-podes-hablar-de-politica\/#primaryimage","url":"https:\/\/live.staticflickr.com\/65535\/53139648755_7e394b3a23_o.jpg","contentUrl":"https:\/\/live.staticflickr.com\/65535\/53139648755_7e394b3a23_o.jpg"},{"@type":"BreadcrumbList","@id":"https:\/\/www.noticiasradioreflejos.com.ar\/2021\/marian-farias-gomez-para-muchos-los-artistas-somos-tarados-que-no-podes-hablar-de-politica\/#breadcrumb","itemListElement":[{"@type":"ListItem","position":1,"name":"Portada","item":"https:\/\/www.noticiasradioreflejos.com.ar\/2021\/"},{"@type":"ListItem","position":2,"name":"Marian Far\u00edas G\u00f3mez: \u201cpara muchos los artistas somos tarados que no podes hablar de pol\u00edtica\u201d"}]},{"@type":"WebSite","@id":"https:\/\/www.noticiasradioreflejos.com.ar\/2021\/#website","url":"https:\/\/www.noticiasradioreflejos.com.ar\/2021\/","name":"Noticias Radio Reflejos","description":"Las noticias de mi comarca","potentialAction":[{"@type":"SearchAction","target":{"@type":"EntryPoint","urlTemplate":"https:\/\/www.noticiasradioreflejos.com.ar\/2021\/?s={search_term_string}"},"query-input":{"@type":"PropertyValueSpecification","valueRequired":true,"valueName":"search_term_string"}}],"inLanguage":"es"},{"@type":"Person","@id":"https:\/\/www.noticiasradioreflejos.com.ar\/2021\/#\/schema\/person\/ad82545263dcc5ec0996818884fd5fb1","name":"Arnaldo Botto","image":{"@type":"ImageObject","inLanguage":"es","@id":"https:\/\/www.noticiasradioreflejos.com.ar\/2021\/#\/schema\/person\/image\/","url":"https:\/\/secure.gravatar.com\/avatar\/55cb5e37c1efa326397366e6974cb338056df65cb50e7d64d1cf314e87504837?s=96&d=mm&r=g","contentUrl":"https:\/\/secure.gravatar.com\/avatar\/55cb5e37c1efa326397366e6974cb338056df65cb50e7d64d1cf314e87504837?s=96&d=mm&r=g","caption":"Arnaldo Botto"},"url":"https:\/\/www.noticiasradioreflejos.com.ar\/2021\/author\/arnaldo\/"}]}},"_links":{"self":[{"href":"https:\/\/www.noticiasradioreflejos.com.ar\/2021\/wp-json\/wp\/v2\/posts\/92033","targetHints":{"allow":["GET"]}}],"collection":[{"href":"https:\/\/www.noticiasradioreflejos.com.ar\/2021\/wp-json\/wp\/v2\/posts"}],"about":[{"href":"https:\/\/www.noticiasradioreflejos.com.ar\/2021\/wp-json\/wp\/v2\/types\/post"}],"author":[{"embeddable":true,"href":"https:\/\/www.noticiasradioreflejos.com.ar\/2021\/wp-json\/wp\/v2\/users\/3"}],"replies":[{"embeddable":true,"href":"https:\/\/www.noticiasradioreflejos.com.ar\/2021\/wp-json\/wp\/v2\/comments?post=92033"}],"version-history":[{"count":2,"href":"https:\/\/www.noticiasradioreflejos.com.ar\/2021\/wp-json\/wp\/v2\/posts\/92033\/revisions"}],"predecessor-version":[{"id":92036,"href":"https:\/\/www.noticiasradioreflejos.com.ar\/2021\/wp-json\/wp\/v2\/posts\/92033\/revisions\/92036"}],"wp:attachment":[{"href":"https:\/\/www.noticiasradioreflejos.com.ar\/2021\/wp-json\/wp\/v2\/media?parent=92033"}],"wp:term":[{"taxonomy":"category","embeddable":true,"href":"https:\/\/www.noticiasradioreflejos.com.ar\/2021\/wp-json\/wp\/v2\/categories?post=92033"},{"taxonomy":"post_tag","embeddable":true,"href":"https:\/\/www.noticiasradioreflejos.com.ar\/2021\/wp-json\/wp\/v2\/tags?post=92033"}],"curies":[{"name":"wp","href":"https:\/\/api.w.org\/{rel}","templated":true}]}}