{"id":92011,"date":"2023-08-24T11:58:39","date_gmt":"2023-08-24T11:58:39","guid":{"rendered":"https:\/\/www.noticiasradioreflejos.com.ar\/2021\/?p=92011"},"modified":"2023-08-24T12:01:22","modified_gmt":"2023-08-24T12:01:22","slug":"descubren-construcciones-incaicas-en-el-valle-de-catamarca","status":"publish","type":"post","link":"https:\/\/www.noticiasradioreflejos.com.ar\/2021\/descubren-construcciones-incaicas-en-el-valle-de-catamarca\/","title":{"rendered":"Descubren construcciones incaicas en el valle de Catamarca"},"content":{"rendered":"<div class=\"section-2-col article-header\">\n<div class=\"col 2-col\">\n<p class=\"h3\">Son espacios agr\u00edcolas de gran envergadura, con habitaciones y caminer\u00eda, que marcan la presencia incaica en relaci\u00f3n con los v\u00ednculos entre ambas laderas, que comprenden los departamentos Pom\u00e1n y Capital de la provincia de Catamarca.<\/p>\n<p>Investigadores de la <b>Universidad Nacional de Catamarca<\/b>, hallaron construcciones atribuidas a la expansi\u00f3n del<b>\u00a0imperio incaico<\/b>, en el departamento\u00a0<b>Capital de Catamarca.<\/b>\u00a0Este trabajo fue presentado en la mesa de\u00a0<b>Tawantinsuyu,<\/b>\u00a0en el XXI Congreso Nacional de Arqueolog\u00eda Argentina, que se llev\u00f3 a cabo en la provincia de\u00a0<b>Corrientes\u00a0<\/b>durante los d\u00edas 10 al 14 de julio.<\/p>\n<\/div>\n<\/div>\n<div class=\"section-2-col article-main-content\">\n<div class=\"col 2-col\">\n<div class=\"article-main-content article-text \">\n<p>\u201cEl hallazgo se realiz\u00f3 en la\u00a0<b>quebrada de El Tala<\/b>\u00a0y presenta excelentes condiciones\u201c, afirm\u00f3 el arque\u00f3logo Ezequiel Fonseca, se\u00f1alando que se tratan de una gran superficie de andenes de cultivo, donde cada uno mide cerca de 100 m de largo y generan en el paisaje una visi\u00f3n como verdaderas escaleras gigantes, donde los muros de contenci\u00f3n evitan que las lluvias arrastren la tierra y sus cultivos al fondo de la quebrada.<\/p>\n<div id=\"talkFireEvent\"><\/div>\n<h2>\u00bfC\u00f3mo se determina si son incas o no?<\/h2>\n<p>Fonseca explic\u00f3 que \u201ccomo todos sabemos que en el NOA hab\u00eda poblaciones diversas con sus conflictos previos a la llegada de los incas, y a\u00fan sigue siendo controversial su ingreso a la regi\u00f3n, pero se estima entre 1.380 y 1.420 DC, fueron una sociedad estatal que utiliz\u00f3 diversas estrategias de dominaci\u00f3n, f\u00edsica y simb\u00f3lica, donde tambi\u00e9n hubo negociaciones intensas y alianzas con las poblaciones locales. Los incas expresaron su presencia por medio de una arquitectura que segu\u00eda determinados patrones, son estructuras en formas de rect\u00e1ngulo, los caminos calzados que aparecen despedrados y con piedras marcado a los lados, terrazas y andenes de cultivo de grandes dimensiones\u201d<\/p>\n<p>\u201cAdem\u00e1s de las caracter\u00edsticas arquitect\u00f3nicas, hemos podido determinar la producci\u00f3n de alimentos, por la presencia de almidones en los sedimentos, donde los an\u00e1lisis dieron como resultados\u00a0<i>S<b>olanum tuberosum<\/b><\/i><b>\u00a0(papa) y\u00a0<i>Zea mays<\/i>\u00a0(ma\u00edz),\u00a0<\/b>dado que la zona presenta excelentes condiciones agron\u00f3micas, por su concentraci\u00f3n de humedad y horas de insolaci\u00f3n. Tambi\u00e9n se hallaron restos de cam\u00e9lidos de gran porte y fragmentos cer\u00e1micos pintados en negro sobre rojo, con iconograf\u00eda de l\u00ednea fina (rombos y tri\u00e1ngulos en hilera) que derivar\u00edan del estilo incaico\u201d, resumi\u00f3 Fonseca.<\/p>\n<div align=\"center\">\n<div class=\"embedded-entity\" data-embed-button=\"media_image_button\" data-entity-embed-display=\"view_mode:media.single_media_image_460\" data-entity-type=\"media\" data-entity-uuid=\"b9d3cefa-1a39-49c9-be0b-06bd94c602ba\" data-langcode=\"es\">\n<article class=\"media media--type-image media--view-mode-single-media-image-460\">\n<div class=\"field field--name-field-media-image field--type-image field--label-hidden field__item\"><img loading=\"lazy\" decoding=\"async\" class=\"image-style-width960\" src=\"https:\/\/images.pagina12.com.ar\/styles\/width960\/public\/2023-08\/760017-whatsapp-20image-202023-08-08-20at-2012-12-42-20-281-29.jpeg?itok=eLM73n3f\" width=\"617\" height=\"545\" \/><\/div>\n<\/article>\n<\/div>\n<\/div>\n<p>Este tipo de evidencia permite sostener que los incas ocuparon los sectores altos de la ladera oriental del\u00a0<b>Ambato-Machao<\/b>, dado que no se ten\u00eda registro para esta zona de dicha ocupaci\u00f3n y de estructuras de estas caracter\u00edsticas.<\/p>\n<p>Pero tambi\u00e9n, debemos tener en cuenta que el departamento\u00a0<b>Pom\u00e1n<\/b>\u00a0form\u00f3 parte la de lo que fue la provincia de<b><i>Quire-Quire<\/i>,\u00a0<\/b>siendo la frontera sudoriental<i>del\u00a0<b>Collasuyu<\/b><\/i><b>.\u00a0<\/b>Donde hubo v\u00ednculos entre los incas y las poblaciones locales, al otro lado de las sierras Ambato-Manchao. All\u00ed tenemos registrados diversos sitios incaicos muy complejos que conjugan espacios agr\u00edcolas, caminos, ushnus, kallankas, intihuatanas, en las localidades de\u00a0<b>Rinc\u00f3n, San Miguel, Saujil, Sij\u00e1n, Mutqu\u00edn,<\/b>\u00a0etc.; que manifiestan este v\u00ednculo a trav\u00e9s de su cultura material entre lo local y la presencia de los que nosotros consideramos mitimaes, asociando la alfarer\u00eda existente de los estilos\u00a0<b>Bel\u00e9n y Yocavil.<\/b><\/p>\n<p>Estos mitimaes eran miembros de un grupo de pobladores que durante el predomino de los incas fueron trasladados a lugares estrat\u00e9gicos para cumplir tareas a su servicio; pod\u00edan cultivar la tierra, defender las fronteras o realizar cualquier otra tarea; la elecci\u00f3n por parte de las autoridades pod\u00eda suponer una distinci\u00f3n o un castigo para el elegido.<\/p>\n<p>Dado este tipo de evidencias y su importancias las investigaciones contin\u00faan, tenemos pensado para septiembre realizar varios vuelos con dron para un estudio\u00a0<b>aerofotogram\u00e9trico\u00a0<\/b>en ambas laderas del Ambato-Manchao, esto implica tomar centenares de fotos desde una altura media, que ser\u00e1n georreferenciadas y permitir\u00e1n armar una especie de mapa del lugar.<\/p>\n<p>Los estudios en estos sitios se realizan desde 2018 por un grupo de investigaci\u00f3n pertenecientes al GEA-UNCA (Grupo de Estudios Arqueol\u00f3gicos-UNCA) conformado por\u00a0<b>Hugo Puentes<\/b>\u00a0(Docente\/Investigador de la EDA-UNCA);\u00a0<b>Ezequiel Fonseca,<\/b>\u00a0(Docente\/Investigador de la Facultad de Humanidades y Escuela de Arqueolog\u00eda-Universidad Nacional de Catamarca);\u00a0<b>Roxana Fiant<\/b>\u00a0(EDA-UNCA);<b>\u00a0Cristian Meli\u00e1n<\/b>\u00a0(Director de la Direcci\u00f3n Provincial de Antropolog\u00eda Catamarca) y\u00a0<b>Claudio Caraffini<\/b>\u00a0(LAHR-EDA-UNCA).<\/p>\n<p>&nbsp;<\/p>\n<p>Tambi\u00e9n est\u00e1n programadas excavaciones en el sitio Rinc\u00f3n de Malcasco (Saujil), donde se est\u00e1 trabajando con un equipo interdisciplinario, que incluye a vecinos de Saujil como D<b>aniel \u201cToto\u201d Nieva, Sonia Romero, Araceli Aguilera y el Ing. Ricardo Arga\u00f1araz<\/b>, ellos vienen realizando un interesante trabajo de pertenencia identitaria en la zona, desmalezando y acondicionando el sitio para que los todos lo conozcan y lo cuiden, se\u00f1al\u00f3 Fonseca.<\/p>\n<\/div>\n<\/div>\n<\/div>\n<p>&nbsp;<\/p>\n<p><strong>Fuente: P\u00c1GINA 12<\/strong><\/p>\n","protected":false},"excerpt":{"rendered":"<p>Son espacios agr\u00edcolas de gran envergadura, con habitaciones y caminer\u00eda, que marcan la presencia incaica en relaci\u00f3n con los v\u00ednculos entre ambas laderas, que comprenden los departamentos Pom\u00e1n y Capital de la provincia de Catamarca. Investigadores de la Universidad Nacional de Catamarca, hallaron construcciones atribuidas a la expansi\u00f3n del\u00a0imperio incaico, en el departamento\u00a0Capital de Catamarca.\u00a0Este [&hellip;]<\/p>\n","protected":false},"author":3,"featured_media":0,"comment_status":"closed","ping_status":"closed","sticky":false,"template":"","format":"standard","meta":{"footnotes":""},"categories":[46],"tags":[],"class_list":["post-92011","post","type-post","status-publish","format-standard","hentry","category-ciencia-y-tecnologia"],"yoast_head":"<!-- This site is optimized with the Yoast SEO plugin v25.9 - https:\/\/yoast.com\/wordpress\/plugins\/seo\/ -->\n<title>Descubren construcciones incaicas en el valle de Catamarca - Noticias Radio Reflejos<\/title>\n<meta name=\"robots\" content=\"index, follow, max-snippet:-1, max-image-preview:large, max-video-preview:-1\" \/>\n<link rel=\"canonical\" href=\"https:\/\/www.noticiasradioreflejos.com.ar\/2021\/descubren-construcciones-incaicas-en-el-valle-de-catamarca\/\" \/>\n<meta property=\"og:locale\" content=\"es_ES\" \/>\n<meta property=\"og:type\" content=\"article\" \/>\n<meta property=\"og:title\" content=\"Descubren construcciones incaicas en el valle de Catamarca - Noticias Radio Reflejos\" \/>\n<meta property=\"og:description\" content=\"Son espacios agr\u00edcolas de gran envergadura, con habitaciones y caminer\u00eda, que marcan la presencia incaica en relaci\u00f3n con los v\u00ednculos entre ambas laderas, que comprenden los departamentos Pom\u00e1n y Capital de la provincia de Catamarca. Investigadores de la Universidad Nacional de Catamarca, hallaron construcciones atribuidas a la expansi\u00f3n del\u00a0imperio incaico, en el departamento\u00a0Capital de Catamarca.\u00a0Este [&hellip;]\" \/>\n<meta property=\"og:url\" content=\"https:\/\/www.noticiasradioreflejos.com.ar\/2021\/descubren-construcciones-incaicas-en-el-valle-de-catamarca\/\" \/>\n<meta property=\"og:site_name\" content=\"Noticias Radio Reflejos\" \/>\n<meta property=\"article:published_time\" content=\"2023-08-24T11:58:39+00:00\" \/>\n<meta property=\"article:modified_time\" content=\"2023-08-24T12:01:22+00:00\" \/>\n<meta property=\"og:image\" content=\"https:\/\/images.pagina12.com.ar\/styles\/width960\/public\/2023-08\/760017-whatsapp-20image-202023-08-08-20at-2012-12-42-20-281-29.jpeg?itok=eLM73n3f\" \/>\n<meta name=\"author\" content=\"Arnaldo Botto\" \/>\n<meta name=\"twitter:card\" content=\"summary_large_image\" \/>\n<script type=\"application\/ld+json\" class=\"yoast-schema-graph\">{\"@context\":\"https:\/\/schema.org\",\"@graph\":[{\"@type\":\"WebPage\",\"@id\":\"https:\/\/www.noticiasradioreflejos.com.ar\/2021\/descubren-construcciones-incaicas-en-el-valle-de-catamarca\/\",\"url\":\"https:\/\/www.noticiasradioreflejos.com.ar\/2021\/descubren-construcciones-incaicas-en-el-valle-de-catamarca\/\",\"name\":\"Descubren construcciones incaicas en el valle de Catamarca - Noticias Radio Reflejos\",\"isPartOf\":{\"@id\":\"https:\/\/www.noticiasradioreflejos.com.ar\/2021\/#website\"},\"primaryImageOfPage\":{\"@id\":\"https:\/\/www.noticiasradioreflejos.com.ar\/2021\/descubren-construcciones-incaicas-en-el-valle-de-catamarca\/#primaryimage\"},\"image\":{\"@id\":\"https:\/\/www.noticiasradioreflejos.com.ar\/2021\/descubren-construcciones-incaicas-en-el-valle-de-catamarca\/#primaryimage\"},\"thumbnailUrl\":\"https:\/\/images.pagina12.com.ar\/styles\/width960\/public\/2023-08\/760017-whatsapp-20image-202023-08-08-20at-2012-12-42-20-281-29.jpeg?itok=eLM73n3f\",\"datePublished\":\"2023-08-24T11:58:39+00:00\",\"dateModified\":\"2023-08-24T12:01:22+00:00\",\"author\":{\"@id\":\"https:\/\/www.noticiasradioreflejos.com.ar\/2021\/#\/schema\/person\/ad82545263dcc5ec0996818884fd5fb1\"},\"breadcrumb\":{\"@id\":\"https:\/\/www.noticiasradioreflejos.com.ar\/2021\/descubren-construcciones-incaicas-en-el-valle-de-catamarca\/#breadcrumb\"},\"inLanguage\":\"es\",\"potentialAction\":[{\"@type\":\"ReadAction\",\"target\":[\"https:\/\/www.noticiasradioreflejos.com.ar\/2021\/descubren-construcciones-incaicas-en-el-valle-de-catamarca\/\"]}]},{\"@type\":\"ImageObject\",\"inLanguage\":\"es\",\"@id\":\"https:\/\/www.noticiasradioreflejos.com.ar\/2021\/descubren-construcciones-incaicas-en-el-valle-de-catamarca\/#primaryimage\",\"url\":\"https:\/\/images.pagina12.com.ar\/styles\/width960\/public\/2023-08\/760017-whatsapp-20image-202023-08-08-20at-2012-12-42-20-281-29.jpeg?itok=eLM73n3f\",\"contentUrl\":\"https:\/\/images.pagina12.com.ar\/styles\/width960\/public\/2023-08\/760017-whatsapp-20image-202023-08-08-20at-2012-12-42-20-281-29.jpeg?itok=eLM73n3f\"},{\"@type\":\"BreadcrumbList\",\"@id\":\"https:\/\/www.noticiasradioreflejos.com.ar\/2021\/descubren-construcciones-incaicas-en-el-valle-de-catamarca\/#breadcrumb\",\"itemListElement\":[{\"@type\":\"ListItem\",\"position\":1,\"name\":\"Portada\",\"item\":\"https:\/\/www.noticiasradioreflejos.com.ar\/2021\/\"},{\"@type\":\"ListItem\",\"position\":2,\"name\":\"Descubren construcciones incaicas en el valle de Catamarca\"}]},{\"@type\":\"WebSite\",\"@id\":\"https:\/\/www.noticiasradioreflejos.com.ar\/2021\/#website\",\"url\":\"https:\/\/www.noticiasradioreflejos.com.ar\/2021\/\",\"name\":\"Noticias Radio Reflejos\",\"description\":\"Las noticias de mi comarca\",\"potentialAction\":[{\"@type\":\"SearchAction\",\"target\":{\"@type\":\"EntryPoint\",\"urlTemplate\":\"https:\/\/www.noticiasradioreflejos.com.ar\/2021\/?s={search_term_string}\"},\"query-input\":{\"@type\":\"PropertyValueSpecification\",\"valueRequired\":true,\"valueName\":\"search_term_string\"}}],\"inLanguage\":\"es\"},{\"@type\":\"Person\",\"@id\":\"https:\/\/www.noticiasradioreflejos.com.ar\/2021\/#\/schema\/person\/ad82545263dcc5ec0996818884fd5fb1\",\"name\":\"Arnaldo Botto\",\"image\":{\"@type\":\"ImageObject\",\"inLanguage\":\"es\",\"@id\":\"https:\/\/www.noticiasradioreflejos.com.ar\/2021\/#\/schema\/person\/image\/\",\"url\":\"https:\/\/secure.gravatar.com\/avatar\/55cb5e37c1efa326397366e6974cb338056df65cb50e7d64d1cf314e87504837?s=96&d=mm&r=g\",\"contentUrl\":\"https:\/\/secure.gravatar.com\/avatar\/55cb5e37c1efa326397366e6974cb338056df65cb50e7d64d1cf314e87504837?s=96&d=mm&r=g\",\"caption\":\"Arnaldo Botto\"},\"url\":\"https:\/\/www.noticiasradioreflejos.com.ar\/2021\/author\/arnaldo\/\"}]}<\/script>\n<!-- \/ Yoast SEO plugin. -->","yoast_head_json":{"title":"Descubren construcciones incaicas en el valle de Catamarca - Noticias Radio Reflejos","robots":{"index":"index","follow":"follow","max-snippet":"max-snippet:-1","max-image-preview":"max-image-preview:large","max-video-preview":"max-video-preview:-1"},"canonical":"https:\/\/www.noticiasradioreflejos.com.ar\/2021\/descubren-construcciones-incaicas-en-el-valle-de-catamarca\/","og_locale":"es_ES","og_type":"article","og_title":"Descubren construcciones incaicas en el valle de Catamarca - Noticias Radio Reflejos","og_description":"Son espacios agr\u00edcolas de gran envergadura, con habitaciones y caminer\u00eda, que marcan la presencia incaica en relaci\u00f3n con los v\u00ednculos entre ambas laderas, que comprenden los departamentos Pom\u00e1n y Capital de la provincia de Catamarca. Investigadores de la Universidad Nacional de Catamarca, hallaron construcciones atribuidas a la expansi\u00f3n del\u00a0imperio incaico, en el departamento\u00a0Capital de Catamarca.\u00a0Este [&hellip;]","og_url":"https:\/\/www.noticiasradioreflejos.com.ar\/2021\/descubren-construcciones-incaicas-en-el-valle-de-catamarca\/","og_site_name":"Noticias Radio Reflejos","article_published_time":"2023-08-24T11:58:39+00:00","article_modified_time":"2023-08-24T12:01:22+00:00","og_image":[{"url":"https:\/\/images.pagina12.com.ar\/styles\/width960\/public\/2023-08\/760017-whatsapp-20image-202023-08-08-20at-2012-12-42-20-281-29.jpeg?itok=eLM73n3f","type":"","width":"","height":""}],"author":"Arnaldo Botto","twitter_card":"summary_large_image","schema":{"@context":"https:\/\/schema.org","@graph":[{"@type":"WebPage","@id":"https:\/\/www.noticiasradioreflejos.com.ar\/2021\/descubren-construcciones-incaicas-en-el-valle-de-catamarca\/","url":"https:\/\/www.noticiasradioreflejos.com.ar\/2021\/descubren-construcciones-incaicas-en-el-valle-de-catamarca\/","name":"Descubren construcciones incaicas en el valle de Catamarca - Noticias Radio Reflejos","isPartOf":{"@id":"https:\/\/www.noticiasradioreflejos.com.ar\/2021\/#website"},"primaryImageOfPage":{"@id":"https:\/\/www.noticiasradioreflejos.com.ar\/2021\/descubren-construcciones-incaicas-en-el-valle-de-catamarca\/#primaryimage"},"image":{"@id":"https:\/\/www.noticiasradioreflejos.com.ar\/2021\/descubren-construcciones-incaicas-en-el-valle-de-catamarca\/#primaryimage"},"thumbnailUrl":"https:\/\/images.pagina12.com.ar\/styles\/width960\/public\/2023-08\/760017-whatsapp-20image-202023-08-08-20at-2012-12-42-20-281-29.jpeg?itok=eLM73n3f","datePublished":"2023-08-24T11:58:39+00:00","dateModified":"2023-08-24T12:01:22+00:00","author":{"@id":"https:\/\/www.noticiasradioreflejos.com.ar\/2021\/#\/schema\/person\/ad82545263dcc5ec0996818884fd5fb1"},"breadcrumb":{"@id":"https:\/\/www.noticiasradioreflejos.com.ar\/2021\/descubren-construcciones-incaicas-en-el-valle-de-catamarca\/#breadcrumb"},"inLanguage":"es","potentialAction":[{"@type":"ReadAction","target":["https:\/\/www.noticiasradioreflejos.com.ar\/2021\/descubren-construcciones-incaicas-en-el-valle-de-catamarca\/"]}]},{"@type":"ImageObject","inLanguage":"es","@id":"https:\/\/www.noticiasradioreflejos.com.ar\/2021\/descubren-construcciones-incaicas-en-el-valle-de-catamarca\/#primaryimage","url":"https:\/\/images.pagina12.com.ar\/styles\/width960\/public\/2023-08\/760017-whatsapp-20image-202023-08-08-20at-2012-12-42-20-281-29.jpeg?itok=eLM73n3f","contentUrl":"https:\/\/images.pagina12.com.ar\/styles\/width960\/public\/2023-08\/760017-whatsapp-20image-202023-08-08-20at-2012-12-42-20-281-29.jpeg?itok=eLM73n3f"},{"@type":"BreadcrumbList","@id":"https:\/\/www.noticiasradioreflejos.com.ar\/2021\/descubren-construcciones-incaicas-en-el-valle-de-catamarca\/#breadcrumb","itemListElement":[{"@type":"ListItem","position":1,"name":"Portada","item":"https:\/\/www.noticiasradioreflejos.com.ar\/2021\/"},{"@type":"ListItem","position":2,"name":"Descubren construcciones incaicas en el valle de Catamarca"}]},{"@type":"WebSite","@id":"https:\/\/www.noticiasradioreflejos.com.ar\/2021\/#website","url":"https:\/\/www.noticiasradioreflejos.com.ar\/2021\/","name":"Noticias Radio Reflejos","description":"Las noticias de mi comarca","potentialAction":[{"@type":"SearchAction","target":{"@type":"EntryPoint","urlTemplate":"https:\/\/www.noticiasradioreflejos.com.ar\/2021\/?s={search_term_string}"},"query-input":{"@type":"PropertyValueSpecification","valueRequired":true,"valueName":"search_term_string"}}],"inLanguage":"es"},{"@type":"Person","@id":"https:\/\/www.noticiasradioreflejos.com.ar\/2021\/#\/schema\/person\/ad82545263dcc5ec0996818884fd5fb1","name":"Arnaldo Botto","image":{"@type":"ImageObject","inLanguage":"es","@id":"https:\/\/www.noticiasradioreflejos.com.ar\/2021\/#\/schema\/person\/image\/","url":"https:\/\/secure.gravatar.com\/avatar\/55cb5e37c1efa326397366e6974cb338056df65cb50e7d64d1cf314e87504837?s=96&d=mm&r=g","contentUrl":"https:\/\/secure.gravatar.com\/avatar\/55cb5e37c1efa326397366e6974cb338056df65cb50e7d64d1cf314e87504837?s=96&d=mm&r=g","caption":"Arnaldo Botto"},"url":"https:\/\/www.noticiasradioreflejos.com.ar\/2021\/author\/arnaldo\/"}]}},"_links":{"self":[{"href":"https:\/\/www.noticiasradioreflejos.com.ar\/2021\/wp-json\/wp\/v2\/posts\/92011","targetHints":{"allow":["GET"]}}],"collection":[{"href":"https:\/\/www.noticiasradioreflejos.com.ar\/2021\/wp-json\/wp\/v2\/posts"}],"about":[{"href":"https:\/\/www.noticiasradioreflejos.com.ar\/2021\/wp-json\/wp\/v2\/types\/post"}],"author":[{"embeddable":true,"href":"https:\/\/www.noticiasradioreflejos.com.ar\/2021\/wp-json\/wp\/v2\/users\/3"}],"replies":[{"embeddable":true,"href":"https:\/\/www.noticiasradioreflejos.com.ar\/2021\/wp-json\/wp\/v2\/comments?post=92011"}],"version-history":[{"count":2,"href":"https:\/\/www.noticiasradioreflejos.com.ar\/2021\/wp-json\/wp\/v2\/posts\/92011\/revisions"}],"predecessor-version":[{"id":92014,"href":"https:\/\/www.noticiasradioreflejos.com.ar\/2021\/wp-json\/wp\/v2\/posts\/92011\/revisions\/92014"}],"wp:attachment":[{"href":"https:\/\/www.noticiasradioreflejos.com.ar\/2021\/wp-json\/wp\/v2\/media?parent=92011"}],"wp:term":[{"taxonomy":"category","embeddable":true,"href":"https:\/\/www.noticiasradioreflejos.com.ar\/2021\/wp-json\/wp\/v2\/categories?post=92011"},{"taxonomy":"post_tag","embeddable":true,"href":"https:\/\/www.noticiasradioreflejos.com.ar\/2021\/wp-json\/wp\/v2\/tags?post=92011"}],"curies":[{"name":"wp","href":"https:\/\/api.w.org\/{rel}","templated":true}]}}