{"id":91929,"date":"2023-08-22T20:20:25","date_gmt":"2023-08-22T20:20:25","guid":{"rendered":"https:\/\/www.noticiasradioreflejos.com.ar\/2021\/?p=91929"},"modified":"2023-08-22T20:20:25","modified_gmt":"2023-08-22T20:20:25","slug":"leo-davis-me-hubiese-gustado-tener-mayor-participacion","status":"publish","type":"post","link":"https:\/\/www.noticiasradioreflejos.com.ar\/2021\/leo-davis-me-hubiese-gustado-tener-mayor-participacion\/","title":{"rendered":"Leo Davis: \u201cMe hubiese gustado tener mayor participaci\u00f3n\u201d"},"content":{"rendered":"<p>El precandidato a intendente por Juntos por el Cambio analiz\u00f3 las PASO y el resultado obtenido. \u201cEsperaba un poco m\u00e1s de votos en Saldungaray\u201d afirm\u00f3.<!--more--><\/p>\n<p>Las PASO a\u00fan dejan tela para cortar. En esta ocasi\u00f3n quien se expres\u00f3 fue Leonardo Davis, quien compiti\u00f3 como pre candidato a intendente por el espacio que encabezaba Horacio Rodr\u00edguez Larreta.<\/p>\n<p>Al respecto asegur\u00f3 que \u201cvuelvo a m\u00ed d\u00eda a d\u00eda, a mi empresa que llevamos adelante con mi se\u00f1ora, as\u00ed que ahora a dedicarle el tiempo que necesita el negocio, m\u00e1s all\u00e1 de que In\u00e9s, la se\u00f1ora que me reemplaz\u00f3 este tiempo, lo hizo de forma maravillosa\u201d.<\/p>\n<p>En relaci\u00f3n a su elecci\u00f3n, afirm\u00f3 que \u201ccomo experiencia a m\u00ed me encant\u00f3. En cuanto a los resultados me hubiese gustado tener mayor participaci\u00f3n. Me fue bien en Saldunga, esperaba un poquito m\u00e1s. La participaci\u00f3n de Trankels hizo que muchos de mis votantes, teniendo el muy buen recuerdo de su intendencia, hizo que lo votaran a \u00e9l\u201d.<\/p>\n<p>Continuando con el an\u00e1lisis, enfatiz\u00f3 en que \u201cdentro de Juntos, la gente se volc\u00f3 m\u00e1s al voto de Patricia, por lo tanto, quienes est\u00e1bamos del lado de Horacio casi que no competimos. Entre los dos no llegamos al 10% de los votos. La gente primero eligi\u00f3 a Milei, luego el oficialismo y despu\u00e9s por Patricia. Si las cosas hubiesen sido al rev\u00e9s, si la gente hubiese elegido a Horacio, quiz\u00e1s estar\u00edamos hablando de otra cosa\u201d.<\/p>\n<p>Por \u00faltimo, y repasando el camino recorrido, acot\u00f3 que \u201cescuch\u00e9 a la gente respecto a sus necesidades y tom\u00e9 nota. Lo de Milei fue una manifestaci\u00f3n masiva que hay que prestarle atenci\u00f3n. Seguramente los que quedaron tienen mucho para dar, y ahora hay que saber orientarse para elegir lo mejor posible\u201d.<\/p>\n<p><iframe loading=\"lazy\" width=\"100%\" height=\"166\" scrolling=\"no\" frameborder=\"no\" allow=\"autoplay\" src=\"https:\/\/w.soundcloud.com\/player\/?url=https%3A\/\/api.soundcloud.com\/tracks\/1598699919&#038;color=%23ff5500&#038;auto_play=false&#038;hide_related=false&#038;show_comments=true&#038;show_user=true&#038;show_reposts=false&#038;show_teaser=true\"><\/iframe><\/p>\n<div style=\"font-size: 10px; color: #cccccc;line-break: anywhere;word-break: normal;overflow: hidden;white-space: nowrap;text-overflow: ellipsis; font-family: Interstate,Lucida Grande,Lucida Sans Unicode,Lucida Sans,Garuda,Verdana,Tahoma,sans-serif;font-weight: 100;\"><a href=\"https:\/\/soundcloud.com\/fmreflejos-103-7\" title=\"fmreflejos 103.7\" target=\"_blank\" style=\"color: #cccccc; text-decoration: none;\" rel=\"noopener\">fmreflejos 103.7<\/a> \u00b7 <a href=\"https:\/\/soundcloud.com\/fmreflejos-103-7\/leo-davis-22-8\" title=\"Leo Davis 22 - 8\" target=\"_blank\" style=\"color: #cccccc; text-decoration: none;\" rel=\"noopener\">Leo Davis 22 &#8211; 8<\/a><\/div>\n","protected":false},"excerpt":{"rendered":"<p>El precandidato a intendente por Juntos por el Cambio analiz\u00f3 las PASO y el resultado obtenido. \u201cEsperaba un poco m\u00e1s de votos en Saldungaray\u201d afirm\u00f3.<\/p>\n","protected":false},"author":3,"featured_media":0,"comment_status":"closed","ping_status":"closed","sticky":false,"template":"","format":"standard","meta":{"footnotes":""},"categories":[24],"tags":[48],"class_list":["post-91929","post","type-post","status-publish","format-standard","hentry","category-politica","tag-destacada"],"yoast_head":"<!-- This site is optimized with the Yoast SEO plugin v25.9 - https:\/\/yoast.com\/wordpress\/plugins\/seo\/ -->\n<title>Leo Davis: \u201cMe hubiese gustado tener mayor participaci\u00f3n\u201d - Noticias Radio Reflejos<\/title>\n<meta name=\"robots\" content=\"index, follow, max-snippet:-1, max-image-preview:large, max-video-preview:-1\" \/>\n<link rel=\"canonical\" href=\"https:\/\/www.noticiasradioreflejos.com.ar\/2021\/leo-davis-me-hubiese-gustado-tener-mayor-participacion\/\" \/>\n<meta property=\"og:locale\" content=\"es_ES\" \/>\n<meta property=\"og:type\" content=\"article\" \/>\n<meta property=\"og:title\" content=\"Leo Davis: \u201cMe hubiese gustado tener mayor participaci\u00f3n\u201d - Noticias Radio Reflejos\" \/>\n<meta property=\"og:description\" content=\"El precandidato a intendente por Juntos por el Cambio analiz\u00f3 las PASO y el resultado obtenido. \u201cEsperaba un poco m\u00e1s de votos en Saldungaray\u201d afirm\u00f3.\" \/>\n<meta property=\"og:url\" content=\"https:\/\/www.noticiasradioreflejos.com.ar\/2021\/leo-davis-me-hubiese-gustado-tener-mayor-participacion\/\" \/>\n<meta property=\"og:site_name\" content=\"Noticias Radio Reflejos\" \/>\n<meta property=\"article:published_time\" content=\"2023-08-22T20:20:25+00:00\" \/>\n<meta property=\"og:image\" content=\"https:\/\/www.noticiasradioreflejos.com.ar\/2021\/wp-content\/uploads\/2021\/07\/logosol300x200.png\" \/>\n\t<meta property=\"og:image:width\" content=\"300\" \/>\n\t<meta property=\"og:image:height\" content=\"200\" \/>\n\t<meta property=\"og:image:type\" content=\"image\/png\" \/>\n<meta name=\"author\" content=\"Arnaldo Botto\" \/>\n<meta name=\"twitter:card\" content=\"summary_large_image\" \/>\n<script type=\"application\/ld+json\" class=\"yoast-schema-graph\">{\"@context\":\"https:\/\/schema.org\",\"@graph\":[{\"@type\":\"WebPage\",\"@id\":\"https:\/\/www.noticiasradioreflejos.com.ar\/2021\/leo-davis-me-hubiese-gustado-tener-mayor-participacion\/\",\"url\":\"https:\/\/www.noticiasradioreflejos.com.ar\/2021\/leo-davis-me-hubiese-gustado-tener-mayor-participacion\/\",\"name\":\"Leo Davis: \u201cMe hubiese gustado tener mayor participaci\u00f3n\u201d - Noticias Radio Reflejos\",\"isPartOf\":{\"@id\":\"https:\/\/www.noticiasradioreflejos.com.ar\/2021\/#website\"},\"datePublished\":\"2023-08-22T20:20:25+00:00\",\"author\":{\"@id\":\"https:\/\/www.noticiasradioreflejos.com.ar\/2021\/#\/schema\/person\/ad82545263dcc5ec0996818884fd5fb1\"},\"breadcrumb\":{\"@id\":\"https:\/\/www.noticiasradioreflejos.com.ar\/2021\/leo-davis-me-hubiese-gustado-tener-mayor-participacion\/#breadcrumb\"},\"inLanguage\":\"es\",\"potentialAction\":[{\"@type\":\"ReadAction\",\"target\":[\"https:\/\/www.noticiasradioreflejos.com.ar\/2021\/leo-davis-me-hubiese-gustado-tener-mayor-participacion\/\"]}]},{\"@type\":\"BreadcrumbList\",\"@id\":\"https:\/\/www.noticiasradioreflejos.com.ar\/2021\/leo-davis-me-hubiese-gustado-tener-mayor-participacion\/#breadcrumb\",\"itemListElement\":[{\"@type\":\"ListItem\",\"position\":1,\"name\":\"Portada\",\"item\":\"https:\/\/www.noticiasradioreflejos.com.ar\/2021\/\"},{\"@type\":\"ListItem\",\"position\":2,\"name\":\"Leo Davis: \u201cMe hubiese gustado tener mayor participaci\u00f3n\u201d\"}]},{\"@type\":\"WebSite\",\"@id\":\"https:\/\/www.noticiasradioreflejos.com.ar\/2021\/#website\",\"url\":\"https:\/\/www.noticiasradioreflejos.com.ar\/2021\/\",\"name\":\"Noticias Radio Reflejos\",\"description\":\"Las noticias de mi comarca\",\"potentialAction\":[{\"@type\":\"SearchAction\",\"target\":{\"@type\":\"EntryPoint\",\"urlTemplate\":\"https:\/\/www.noticiasradioreflejos.com.ar\/2021\/?s={search_term_string}\"},\"query-input\":{\"@type\":\"PropertyValueSpecification\",\"valueRequired\":true,\"valueName\":\"search_term_string\"}}],\"inLanguage\":\"es\"},{\"@type\":\"Person\",\"@id\":\"https:\/\/www.noticiasradioreflejos.com.ar\/2021\/#\/schema\/person\/ad82545263dcc5ec0996818884fd5fb1\",\"name\":\"Arnaldo Botto\",\"image\":{\"@type\":\"ImageObject\",\"inLanguage\":\"es\",\"@id\":\"https:\/\/www.noticiasradioreflejos.com.ar\/2021\/#\/schema\/person\/image\/\",\"url\":\"https:\/\/secure.gravatar.com\/avatar\/55cb5e37c1efa326397366e6974cb338056df65cb50e7d64d1cf314e87504837?s=96&d=mm&r=g\",\"contentUrl\":\"https:\/\/secure.gravatar.com\/avatar\/55cb5e37c1efa326397366e6974cb338056df65cb50e7d64d1cf314e87504837?s=96&d=mm&r=g\",\"caption\":\"Arnaldo Botto\"},\"url\":\"https:\/\/www.noticiasradioreflejos.com.ar\/2021\/author\/arnaldo\/\"}]}<\/script>\n<!-- \/ Yoast SEO plugin. -->","yoast_head_json":{"title":"Leo Davis: \u201cMe hubiese gustado tener mayor participaci\u00f3n\u201d - Noticias Radio Reflejos","robots":{"index":"index","follow":"follow","max-snippet":"max-snippet:-1","max-image-preview":"max-image-preview:large","max-video-preview":"max-video-preview:-1"},"canonical":"https:\/\/www.noticiasradioreflejos.com.ar\/2021\/leo-davis-me-hubiese-gustado-tener-mayor-participacion\/","og_locale":"es_ES","og_type":"article","og_title":"Leo Davis: \u201cMe hubiese gustado tener mayor participaci\u00f3n\u201d - Noticias Radio Reflejos","og_description":"El precandidato a intendente por Juntos por el Cambio analiz\u00f3 las PASO y el resultado obtenido. \u201cEsperaba un poco m\u00e1s de votos en Saldungaray\u201d afirm\u00f3.","og_url":"https:\/\/www.noticiasradioreflejos.com.ar\/2021\/leo-davis-me-hubiese-gustado-tener-mayor-participacion\/","og_site_name":"Noticias Radio Reflejos","article_published_time":"2023-08-22T20:20:25+00:00","og_image":[{"width":300,"height":200,"url":"https:\/\/www.noticiasradioreflejos.com.ar\/2021\/wp-content\/uploads\/2021\/07\/logosol300x200.png","type":"image\/png"}],"author":"Arnaldo Botto","twitter_card":"summary_large_image","schema":{"@context":"https:\/\/schema.org","@graph":[{"@type":"WebPage","@id":"https:\/\/www.noticiasradioreflejos.com.ar\/2021\/leo-davis-me-hubiese-gustado-tener-mayor-participacion\/","url":"https:\/\/www.noticiasradioreflejos.com.ar\/2021\/leo-davis-me-hubiese-gustado-tener-mayor-participacion\/","name":"Leo Davis: \u201cMe hubiese gustado tener mayor participaci\u00f3n\u201d - Noticias Radio Reflejos","isPartOf":{"@id":"https:\/\/www.noticiasradioreflejos.com.ar\/2021\/#website"},"datePublished":"2023-08-22T20:20:25+00:00","author":{"@id":"https:\/\/www.noticiasradioreflejos.com.ar\/2021\/#\/schema\/person\/ad82545263dcc5ec0996818884fd5fb1"},"breadcrumb":{"@id":"https:\/\/www.noticiasradioreflejos.com.ar\/2021\/leo-davis-me-hubiese-gustado-tener-mayor-participacion\/#breadcrumb"},"inLanguage":"es","potentialAction":[{"@type":"ReadAction","target":["https:\/\/www.noticiasradioreflejos.com.ar\/2021\/leo-davis-me-hubiese-gustado-tener-mayor-participacion\/"]}]},{"@type":"BreadcrumbList","@id":"https:\/\/www.noticiasradioreflejos.com.ar\/2021\/leo-davis-me-hubiese-gustado-tener-mayor-participacion\/#breadcrumb","itemListElement":[{"@type":"ListItem","position":1,"name":"Portada","item":"https:\/\/www.noticiasradioreflejos.com.ar\/2021\/"},{"@type":"ListItem","position":2,"name":"Leo Davis: \u201cMe hubiese gustado tener mayor participaci\u00f3n\u201d"}]},{"@type":"WebSite","@id":"https:\/\/www.noticiasradioreflejos.com.ar\/2021\/#website","url":"https:\/\/www.noticiasradioreflejos.com.ar\/2021\/","name":"Noticias Radio Reflejos","description":"Las noticias de mi comarca","potentialAction":[{"@type":"SearchAction","target":{"@type":"EntryPoint","urlTemplate":"https:\/\/www.noticiasradioreflejos.com.ar\/2021\/?s={search_term_string}"},"query-input":{"@type":"PropertyValueSpecification","valueRequired":true,"valueName":"search_term_string"}}],"inLanguage":"es"},{"@type":"Person","@id":"https:\/\/www.noticiasradioreflejos.com.ar\/2021\/#\/schema\/person\/ad82545263dcc5ec0996818884fd5fb1","name":"Arnaldo Botto","image":{"@type":"ImageObject","inLanguage":"es","@id":"https:\/\/www.noticiasradioreflejos.com.ar\/2021\/#\/schema\/person\/image\/","url":"https:\/\/secure.gravatar.com\/avatar\/55cb5e37c1efa326397366e6974cb338056df65cb50e7d64d1cf314e87504837?s=96&d=mm&r=g","contentUrl":"https:\/\/secure.gravatar.com\/avatar\/55cb5e37c1efa326397366e6974cb338056df65cb50e7d64d1cf314e87504837?s=96&d=mm&r=g","caption":"Arnaldo Botto"},"url":"https:\/\/www.noticiasradioreflejos.com.ar\/2021\/author\/arnaldo\/"}]}},"_links":{"self":[{"href":"https:\/\/www.noticiasradioreflejos.com.ar\/2021\/wp-json\/wp\/v2\/posts\/91929","targetHints":{"allow":["GET"]}}],"collection":[{"href":"https:\/\/www.noticiasradioreflejos.com.ar\/2021\/wp-json\/wp\/v2\/posts"}],"about":[{"href":"https:\/\/www.noticiasradioreflejos.com.ar\/2021\/wp-json\/wp\/v2\/types\/post"}],"author":[{"embeddable":true,"href":"https:\/\/www.noticiasradioreflejos.com.ar\/2021\/wp-json\/wp\/v2\/users\/3"}],"replies":[{"embeddable":true,"href":"https:\/\/www.noticiasradioreflejos.com.ar\/2021\/wp-json\/wp\/v2\/comments?post=91929"}],"version-history":[{"count":2,"href":"https:\/\/www.noticiasradioreflejos.com.ar\/2021\/wp-json\/wp\/v2\/posts\/91929\/revisions"}],"predecessor-version":[{"id":91935,"href":"https:\/\/www.noticiasradioreflejos.com.ar\/2021\/wp-json\/wp\/v2\/posts\/91929\/revisions\/91935"}],"wp:attachment":[{"href":"https:\/\/www.noticiasradioreflejos.com.ar\/2021\/wp-json\/wp\/v2\/media?parent=91929"}],"wp:term":[{"taxonomy":"category","embeddable":true,"href":"https:\/\/www.noticiasradioreflejos.com.ar\/2021\/wp-json\/wp\/v2\/categories?post=91929"},{"taxonomy":"post_tag","embeddable":true,"href":"https:\/\/www.noticiasradioreflejos.com.ar\/2021\/wp-json\/wp\/v2\/tags?post=91929"}],"curies":[{"name":"wp","href":"https:\/\/api.w.org\/{rel}","templated":true}]}}