{"id":91925,"date":"2023-08-22T20:07:39","date_gmt":"2023-08-22T20:07:39","guid":{"rendered":"https:\/\/www.noticiasradioreflejos.com.ar\/2021\/?p=91925"},"modified":"2023-08-22T20:07:39","modified_gmt":"2023-08-22T20:07:39","slug":"se-viene-la-tercera-edicion-del-desafio-del-canadon","status":"publish","type":"post","link":"https:\/\/www.noticiasradioreflejos.com.ar\/2021\/se-viene-la-tercera-edicion-del-desafio-del-canadon\/","title":{"rendered":"Se viene la tercera edici\u00f3n del Desaf\u00edo del Ca\u00f1ad\u00f3n"},"content":{"rendered":"<p>El evento de mountain bike organizado por la Agrupaci\u00f3n Ciclistas de Saldungaray se dar\u00e1 el 8 de octubre. \u201cSiempre buscamos promocionar la localidad a trav\u00e9s de la actividad\u201d asegur\u00f3 Javier Canale, uno de sus organizadores.<!--more--><\/p>\n<p>El pr\u00f3ximo 8 de octubre se llevar\u00e1 adelante en Saldungaray la tercera edici\u00f3n del Desaf\u00edo del Ca\u00f1ad\u00f3n, una competencia de mountain bike que re\u00fane a cientos de corredores de distintos puntos del pa\u00eds.<\/p>\n<p><a data-flickr-embed=\"true\" data-footer=\"true\" href=\"https:\/\/www.flickr.com\/photos\/182279889@N02\/53134404527\/in\/dateposted-public\/\" title=\"WhatsApp Image 2023-08-18 at 11.07.41\"><img loading=\"lazy\" decoding=\"async\" src=\"https:\/\/live.staticflickr.com\/65535\/53134404527_9d02957ef3_c.jpg\" width=\"800\" height=\"538\" alt=\"WhatsApp Image 2023-08-18 at 11.07.41\"\/><\/a><script async src=\"\/\/embedr.flickr.com\/assets\/client-code.js\" charset=\"utf-8\"><\/script><\/p>\n<p>Al respecto uno de sus organizadores, Javier Canale, coment\u00f3 que \u201cse vuelve a repetir la carrera de mountain bike en Saldungaray. Este a\u00f1o habr\u00e1 muchas novedades. Se modificaron los circuitos y cambi\u00f3 el lugar de largada\u201d.<\/p>\n<p>Haciendo un poco de historia mencion\u00f3 que \u201cla primera edici\u00f3n fue con el comienzo de la agrupaci\u00f3n, el 25 de agosto del 2021. Ah\u00ed llevamos adelante la primera, que se larg\u00f3 en el aeroclub y corrieron 180 personas. La distancia eran 60 y 40 kil\u00f3metros. La segunda edici\u00f3n fue con 230 corredores, pero la concentraci\u00f3n se hizo en el mismo predio del ferrocarril\u201d.<\/p>\n<p>Y de la mano con esto afirm\u00f3 que \u201ceste a\u00f1o la concentraci\u00f3n, la largada y llegada se har\u00e1 en la bodega Saldungaray. Tenemos que agradecer a Manuel Parra por prestarnos las instalaciones. De nuevo habr\u00e1 dos circuitos; uno competitivo y otro promocional. En este \u00faltimo la distancia es m\u00e1s corta\u201d.<\/p>\n<p>Dando m\u00e1s detalles aclar\u00f3 que \u201cel competitivo este a\u00f1o, antes de volver a la T de Mar\u00edn, van a ir hasta Estomba y de ah\u00ed van a venir bordeando las v\u00edas hasta llegar a la bodega. Antes van a pasar por el ca\u00f1ad\u00f3n, el abra de los vascos, pegan la vuelta por el cerro Sombra de Toro. Son 62 kil\u00f3metros. El promocional es de 40 kil\u00f3metros\u201d.<\/p>\n<p>Seg\u00fan reconoci\u00f3 \u201cen cada carrera buscamos que se conozca la localidad, por eso siempre buscamos hacer las largadas en puntos tur\u00edsticos. Los caminos los est\u00e1n manteniendo. No tendremos muchas complicaciones. Esperemos que est\u00e9 lindo para el d\u00eda del evento\u201d.<\/p>\n<p>Por \u00faltimo confirm\u00f3 que \u201ceste a\u00f1o pondremos un precio promocional de $4500 en inscripci\u00f3n. Eso te da un kit de hidrataci\u00f3n, seguro y la posibilidad de estar en el predio de la bodega. La inscripci\u00f3n es a trav\u00e9s de la web de Bah\u00eda Corre. El que pague el d\u00eda del evento, pagar\u00e1 un poco m\u00e1s; $6000\u201d.<\/p>\n<p><iframe loading=\"lazy\" width=\"100%\" height=\"166\" scrolling=\"no\" frameborder=\"no\" allow=\"autoplay\" src=\"https:\/\/w.soundcloud.com\/player\/?url=https%3A\/\/api.soundcloud.com\/tracks\/1598633190&#038;color=%23ff5500&#038;auto_play=false&#038;hide_related=false&#038;show_comments=true&#038;show_user=true&#038;show_reposts=false&#038;show_teaser=true\"><\/iframe><\/p>\n<div style=\"font-size: 10px; color: #cccccc;line-break: anywhere;word-break: normal;overflow: hidden;white-space: nowrap;text-overflow: ellipsis; font-family: Interstate,Lucida Grande,Lucida Sans Unicode,Lucida Sans,Garuda,Verdana,Tahoma,sans-serif;font-weight: 100;\"><a href=\"https:\/\/soundcloud.com\/fmreflejos-103-7\" title=\"fmreflejos 103.7\" target=\"_blank\" style=\"color: #cccccc; text-decoration: none;\" rel=\"noopener\">fmreflejos 103.7<\/a> \u00b7 <a href=\"https:\/\/soundcloud.com\/fmreflejos-103-7\/javier-canale-22-8\" title=\"Javier Canale 22 - 8\" target=\"_blank\" style=\"color: #cccccc; text-decoration: none;\" rel=\"noopener\">Javier Canale 22 &#8211; 8<\/a><\/div>\n<p><a data-flickr-embed=\"true\" data-footer=\"true\" href=\"https:\/\/www.flickr.com\/photos\/182279889@N02\/53135408195\/in\/dateposted-public\/\" title=\"WhatsApp Image 2023-08-18 at 11.07.41 (1)\"><img loading=\"lazy\" decoding=\"async\" src=\"https:\/\/live.staticflickr.com\/65535\/53135408195_4c316118cf_c.jpg\" width=\"593\" height=\"800\" alt=\"WhatsApp Image 2023-08-18 at 11.07.41 (1)\"\/><\/a><script async src=\"\/\/embedr.flickr.com\/assets\/client-code.js\" charset=\"utf-8\"><\/script><\/p>\n","protected":false},"excerpt":{"rendered":"<p>El evento de mountain bike organizado por la Agrupaci\u00f3n Ciclistas de Saldungaray se dar\u00e1 el 8 de octubre. \u201cSiempre buscamos promocionar la localidad a trav\u00e9s de la actividad\u201d asegur\u00f3 Javier Canale, uno de sus organizadores.<\/p>\n","protected":false},"author":3,"featured_media":0,"comment_status":"closed","ping_status":"closed","sticky":false,"template":"","format":"standard","meta":{"footnotes":""},"categories":[27],"tags":[48],"class_list":["post-91925","post","type-post","status-publish","format-standard","hentry","category-deportes","tag-destacada"],"yoast_head":"<!-- This site is optimized with the Yoast SEO plugin v25.9 - https:\/\/yoast.com\/wordpress\/plugins\/seo\/ -->\n<title>Se viene la tercera edici\u00f3n del Desaf\u00edo del Ca\u00f1ad\u00f3n - Noticias Radio Reflejos<\/title>\n<meta name=\"robots\" content=\"index, follow, max-snippet:-1, max-image-preview:large, max-video-preview:-1\" \/>\n<link rel=\"canonical\" href=\"https:\/\/www.noticiasradioreflejos.com.ar\/2021\/se-viene-la-tercera-edicion-del-desafio-del-canadon\/\" \/>\n<meta property=\"og:locale\" content=\"es_ES\" \/>\n<meta property=\"og:type\" content=\"article\" \/>\n<meta property=\"og:title\" content=\"Se viene la tercera edici\u00f3n del Desaf\u00edo del Ca\u00f1ad\u00f3n - Noticias Radio Reflejos\" \/>\n<meta property=\"og:description\" content=\"El evento de mountain bike organizado por la Agrupaci\u00f3n Ciclistas de Saldungaray se dar\u00e1 el 8 de octubre. \u201cSiempre buscamos promocionar la localidad a trav\u00e9s de la actividad\u201d asegur\u00f3 Javier Canale, uno de sus organizadores.\" \/>\n<meta property=\"og:url\" content=\"https:\/\/www.noticiasradioreflejos.com.ar\/2021\/se-viene-la-tercera-edicion-del-desafio-del-canadon\/\" \/>\n<meta property=\"og:site_name\" content=\"Noticias Radio Reflejos\" \/>\n<meta property=\"article:published_time\" content=\"2023-08-22T20:07:39+00:00\" \/>\n<meta property=\"og:image\" content=\"https:\/\/live.staticflickr.com\/65535\/53134404527_9d02957ef3_c.jpg\" \/>\n<meta name=\"author\" content=\"Arnaldo Botto\" \/>\n<meta name=\"twitter:card\" content=\"summary_large_image\" \/>\n<script type=\"application\/ld+json\" class=\"yoast-schema-graph\">{\"@context\":\"https:\/\/schema.org\",\"@graph\":[{\"@type\":\"WebPage\",\"@id\":\"https:\/\/www.noticiasradioreflejos.com.ar\/2021\/se-viene-la-tercera-edicion-del-desafio-del-canadon\/\",\"url\":\"https:\/\/www.noticiasradioreflejos.com.ar\/2021\/se-viene-la-tercera-edicion-del-desafio-del-canadon\/\",\"name\":\"Se viene la tercera edici\u00f3n del Desaf\u00edo del Ca\u00f1ad\u00f3n - Noticias Radio Reflejos\",\"isPartOf\":{\"@id\":\"https:\/\/www.noticiasradioreflejos.com.ar\/2021\/#website\"},\"primaryImageOfPage\":{\"@id\":\"https:\/\/www.noticiasradioreflejos.com.ar\/2021\/se-viene-la-tercera-edicion-del-desafio-del-canadon\/#primaryimage\"},\"image\":{\"@id\":\"https:\/\/www.noticiasradioreflejos.com.ar\/2021\/se-viene-la-tercera-edicion-del-desafio-del-canadon\/#primaryimage\"},\"thumbnailUrl\":\"https:\/\/live.staticflickr.com\/65535\/53134404527_9d02957ef3_c.jpg\",\"datePublished\":\"2023-08-22T20:07:39+00:00\",\"author\":{\"@id\":\"https:\/\/www.noticiasradioreflejos.com.ar\/2021\/#\/schema\/person\/ad82545263dcc5ec0996818884fd5fb1\"},\"breadcrumb\":{\"@id\":\"https:\/\/www.noticiasradioreflejos.com.ar\/2021\/se-viene-la-tercera-edicion-del-desafio-del-canadon\/#breadcrumb\"},\"inLanguage\":\"es\",\"potentialAction\":[{\"@type\":\"ReadAction\",\"target\":[\"https:\/\/www.noticiasradioreflejos.com.ar\/2021\/se-viene-la-tercera-edicion-del-desafio-del-canadon\/\"]}]},{\"@type\":\"ImageObject\",\"inLanguage\":\"es\",\"@id\":\"https:\/\/www.noticiasradioreflejos.com.ar\/2021\/se-viene-la-tercera-edicion-del-desafio-del-canadon\/#primaryimage\",\"url\":\"https:\/\/live.staticflickr.com\/65535\/53134404527_9d02957ef3_c.jpg\",\"contentUrl\":\"https:\/\/live.staticflickr.com\/65535\/53134404527_9d02957ef3_c.jpg\"},{\"@type\":\"BreadcrumbList\",\"@id\":\"https:\/\/www.noticiasradioreflejos.com.ar\/2021\/se-viene-la-tercera-edicion-del-desafio-del-canadon\/#breadcrumb\",\"itemListElement\":[{\"@type\":\"ListItem\",\"position\":1,\"name\":\"Portada\",\"item\":\"https:\/\/www.noticiasradioreflejos.com.ar\/2021\/\"},{\"@type\":\"ListItem\",\"position\":2,\"name\":\"Se viene la tercera edici\u00f3n del Desaf\u00edo del Ca\u00f1ad\u00f3n\"}]},{\"@type\":\"WebSite\",\"@id\":\"https:\/\/www.noticiasradioreflejos.com.ar\/2021\/#website\",\"url\":\"https:\/\/www.noticiasradioreflejos.com.ar\/2021\/\",\"name\":\"Noticias Radio Reflejos\",\"description\":\"Las noticias de mi comarca\",\"potentialAction\":[{\"@type\":\"SearchAction\",\"target\":{\"@type\":\"EntryPoint\",\"urlTemplate\":\"https:\/\/www.noticiasradioreflejos.com.ar\/2021\/?s={search_term_string}\"},\"query-input\":{\"@type\":\"PropertyValueSpecification\",\"valueRequired\":true,\"valueName\":\"search_term_string\"}}],\"inLanguage\":\"es\"},{\"@type\":\"Person\",\"@id\":\"https:\/\/www.noticiasradioreflejos.com.ar\/2021\/#\/schema\/person\/ad82545263dcc5ec0996818884fd5fb1\",\"name\":\"Arnaldo Botto\",\"image\":{\"@type\":\"ImageObject\",\"inLanguage\":\"es\",\"@id\":\"https:\/\/www.noticiasradioreflejos.com.ar\/2021\/#\/schema\/person\/image\/\",\"url\":\"https:\/\/secure.gravatar.com\/avatar\/55cb5e37c1efa326397366e6974cb338056df65cb50e7d64d1cf314e87504837?s=96&d=mm&r=g\",\"contentUrl\":\"https:\/\/secure.gravatar.com\/avatar\/55cb5e37c1efa326397366e6974cb338056df65cb50e7d64d1cf314e87504837?s=96&d=mm&r=g\",\"caption\":\"Arnaldo Botto\"},\"url\":\"https:\/\/www.noticiasradioreflejos.com.ar\/2021\/author\/arnaldo\/\"}]}<\/script>\n<!-- \/ Yoast SEO plugin. -->","yoast_head_json":{"title":"Se viene la tercera edici\u00f3n del Desaf\u00edo del Ca\u00f1ad\u00f3n - Noticias Radio Reflejos","robots":{"index":"index","follow":"follow","max-snippet":"max-snippet:-1","max-image-preview":"max-image-preview:large","max-video-preview":"max-video-preview:-1"},"canonical":"https:\/\/www.noticiasradioreflejos.com.ar\/2021\/se-viene-la-tercera-edicion-del-desafio-del-canadon\/","og_locale":"es_ES","og_type":"article","og_title":"Se viene la tercera edici\u00f3n del Desaf\u00edo del Ca\u00f1ad\u00f3n - Noticias Radio Reflejos","og_description":"El evento de mountain bike organizado por la Agrupaci\u00f3n Ciclistas de Saldungaray se dar\u00e1 el 8 de octubre. \u201cSiempre buscamos promocionar la localidad a trav\u00e9s de la actividad\u201d asegur\u00f3 Javier Canale, uno de sus organizadores.","og_url":"https:\/\/www.noticiasradioreflejos.com.ar\/2021\/se-viene-la-tercera-edicion-del-desafio-del-canadon\/","og_site_name":"Noticias Radio Reflejos","article_published_time":"2023-08-22T20:07:39+00:00","og_image":[{"url":"https:\/\/live.staticflickr.com\/65535\/53134404527_9d02957ef3_c.jpg","type":"","width":"","height":""}],"author":"Arnaldo Botto","twitter_card":"summary_large_image","schema":{"@context":"https:\/\/schema.org","@graph":[{"@type":"WebPage","@id":"https:\/\/www.noticiasradioreflejos.com.ar\/2021\/se-viene-la-tercera-edicion-del-desafio-del-canadon\/","url":"https:\/\/www.noticiasradioreflejos.com.ar\/2021\/se-viene-la-tercera-edicion-del-desafio-del-canadon\/","name":"Se viene la tercera edici\u00f3n del Desaf\u00edo del Ca\u00f1ad\u00f3n - Noticias Radio Reflejos","isPartOf":{"@id":"https:\/\/www.noticiasradioreflejos.com.ar\/2021\/#website"},"primaryImageOfPage":{"@id":"https:\/\/www.noticiasradioreflejos.com.ar\/2021\/se-viene-la-tercera-edicion-del-desafio-del-canadon\/#primaryimage"},"image":{"@id":"https:\/\/www.noticiasradioreflejos.com.ar\/2021\/se-viene-la-tercera-edicion-del-desafio-del-canadon\/#primaryimage"},"thumbnailUrl":"https:\/\/live.staticflickr.com\/65535\/53134404527_9d02957ef3_c.jpg","datePublished":"2023-08-22T20:07:39+00:00","author":{"@id":"https:\/\/www.noticiasradioreflejos.com.ar\/2021\/#\/schema\/person\/ad82545263dcc5ec0996818884fd5fb1"},"breadcrumb":{"@id":"https:\/\/www.noticiasradioreflejos.com.ar\/2021\/se-viene-la-tercera-edicion-del-desafio-del-canadon\/#breadcrumb"},"inLanguage":"es","potentialAction":[{"@type":"ReadAction","target":["https:\/\/www.noticiasradioreflejos.com.ar\/2021\/se-viene-la-tercera-edicion-del-desafio-del-canadon\/"]}]},{"@type":"ImageObject","inLanguage":"es","@id":"https:\/\/www.noticiasradioreflejos.com.ar\/2021\/se-viene-la-tercera-edicion-del-desafio-del-canadon\/#primaryimage","url":"https:\/\/live.staticflickr.com\/65535\/53134404527_9d02957ef3_c.jpg","contentUrl":"https:\/\/live.staticflickr.com\/65535\/53134404527_9d02957ef3_c.jpg"},{"@type":"BreadcrumbList","@id":"https:\/\/www.noticiasradioreflejos.com.ar\/2021\/se-viene-la-tercera-edicion-del-desafio-del-canadon\/#breadcrumb","itemListElement":[{"@type":"ListItem","position":1,"name":"Portada","item":"https:\/\/www.noticiasradioreflejos.com.ar\/2021\/"},{"@type":"ListItem","position":2,"name":"Se viene la tercera edici\u00f3n del Desaf\u00edo del Ca\u00f1ad\u00f3n"}]},{"@type":"WebSite","@id":"https:\/\/www.noticiasradioreflejos.com.ar\/2021\/#website","url":"https:\/\/www.noticiasradioreflejos.com.ar\/2021\/","name":"Noticias Radio Reflejos","description":"Las noticias de mi comarca","potentialAction":[{"@type":"SearchAction","target":{"@type":"EntryPoint","urlTemplate":"https:\/\/www.noticiasradioreflejos.com.ar\/2021\/?s={search_term_string}"},"query-input":{"@type":"PropertyValueSpecification","valueRequired":true,"valueName":"search_term_string"}}],"inLanguage":"es"},{"@type":"Person","@id":"https:\/\/www.noticiasradioreflejos.com.ar\/2021\/#\/schema\/person\/ad82545263dcc5ec0996818884fd5fb1","name":"Arnaldo Botto","image":{"@type":"ImageObject","inLanguage":"es","@id":"https:\/\/www.noticiasradioreflejos.com.ar\/2021\/#\/schema\/person\/image\/","url":"https:\/\/secure.gravatar.com\/avatar\/55cb5e37c1efa326397366e6974cb338056df65cb50e7d64d1cf314e87504837?s=96&d=mm&r=g","contentUrl":"https:\/\/secure.gravatar.com\/avatar\/55cb5e37c1efa326397366e6974cb338056df65cb50e7d64d1cf314e87504837?s=96&d=mm&r=g","caption":"Arnaldo Botto"},"url":"https:\/\/www.noticiasradioreflejos.com.ar\/2021\/author\/arnaldo\/"}]}},"_links":{"self":[{"href":"https:\/\/www.noticiasradioreflejos.com.ar\/2021\/wp-json\/wp\/v2\/posts\/91925","targetHints":{"allow":["GET"]}}],"collection":[{"href":"https:\/\/www.noticiasradioreflejos.com.ar\/2021\/wp-json\/wp\/v2\/posts"}],"about":[{"href":"https:\/\/www.noticiasradioreflejos.com.ar\/2021\/wp-json\/wp\/v2\/types\/post"}],"author":[{"embeddable":true,"href":"https:\/\/www.noticiasradioreflejos.com.ar\/2021\/wp-json\/wp\/v2\/users\/3"}],"replies":[{"embeddable":true,"href":"https:\/\/www.noticiasradioreflejos.com.ar\/2021\/wp-json\/wp\/v2\/comments?post=91925"}],"version-history":[{"count":2,"href":"https:\/\/www.noticiasradioreflejos.com.ar\/2021\/wp-json\/wp\/v2\/posts\/91925\/revisions"}],"predecessor-version":[{"id":91932,"href":"https:\/\/www.noticiasradioreflejos.com.ar\/2021\/wp-json\/wp\/v2\/posts\/91925\/revisions\/91932"}],"wp:attachment":[{"href":"https:\/\/www.noticiasradioreflejos.com.ar\/2021\/wp-json\/wp\/v2\/media?parent=91925"}],"wp:term":[{"taxonomy":"category","embeddable":true,"href":"https:\/\/www.noticiasradioreflejos.com.ar\/2021\/wp-json\/wp\/v2\/categories?post=91925"},{"taxonomy":"post_tag","embeddable":true,"href":"https:\/\/www.noticiasradioreflejos.com.ar\/2021\/wp-json\/wp\/v2\/tags?post=91925"}],"curies":[{"name":"wp","href":"https:\/\/api.w.org\/{rel}","templated":true}]}}