{"id":91889,"date":"2023-08-20T14:50:11","date_gmt":"2023-08-20T14:50:11","guid":{"rendered":"https:\/\/www.noticiasradioreflejos.com.ar\/2021\/?p=91889"},"modified":"2023-08-20T14:50:11","modified_gmt":"2023-08-20T14:50:11","slug":"presentan-un-programa-de-aprendizaje-para-impulsar-en-escuelas-el-cuidado-del-ambiente","status":"publish","type":"post","link":"https:\/\/www.noticiasradioreflejos.com.ar\/2021\/presentan-un-programa-de-aprendizaje-para-impulsar-en-escuelas-el-cuidado-del-ambiente\/","title":{"rendered":"Presentan un programa de aprendizaje para impulsar en escuelas el cuidado del ambiente"},"content":{"rendered":"<p>El Centro Latinoamericano de Aprendizaje y Servicio Solidario (Clayss) present\u00f3 el \u00abPrograma de aprendizaje-servicio solidario y ecolog\u00eda integral\u00bb que tiene como objetivo \u00abimpulsar la promoci\u00f3n de proyectos de aprendizaje\u00bb relacionados con el cuidado del ambiente en escuelas, inform\u00f3 esa instituci\u00f3n en un comunicado.<!--more--><\/p>\n<p>La iniciativa, financiada por este Centro, ofrece asistencia t\u00e9cnica y capacitaci\u00f3n a equipos docentes y directivos de 6 instituciones educativas de Argentina y Uruguay, colaborando en la difusi\u00f3n de experiencias y la promoci\u00f3n de proyectos de aprendizaje-servicio vinculados al cuidado del ambiente.<\/p>\n<p>El programa est\u00e1 en l\u00ednea con la Ley de Educaci\u00f3n Ambiental Integral (aprobada en 2021 y que tiene como objetivo promover la educaci\u00f3n ambiental e incorporar los nuevos paradigmas de la sostenibilidad en \u00e1mbitos educativos) y el Pacto Educativo Global (promovido por el papa Francisco, uno de cuyos ejes es la tecnolog\u00eda y la ecolog\u00eda integral).<\/p>\n<p>\u00abDesde Clayss creemos que la educaci\u00f3n juega un rol fundamental a la hora de formar y sensibilizar a los ciudadanos, especialmente a los j\u00f3venes, sobre las causas y los efectos del cambio clim\u00e1tico\u00bb, asegur\u00f3 la fundadora y directora de C<\/p>\n<p>Clayss, Nieves Tapia.<\/p>\n<p>\u00abEn nuestra experiencia trabajando junto a otras instituciones educativas, pudimos comprobar la importancia de los proyectos protagonizados por ni\u00f1os, adolescentes y j\u00f3venes en el cuidado del planeta. Los ni\u00f1os y adolescentes tienen mucho que aportar a una ecolog\u00eda integral, y queremos dar visibilidad a sus aportes concretos\u00bb, reflexion\u00f3 Tapia.<\/p>\n<p>La iniciativa sobre ecolog\u00eda integral impulsada por Clayss tiene tres objetivos: apoyar las experiencias exitosas que incorporen al paradigma de la ecolog\u00eda integral en proyectos de aprendizaje y servicio solidario en Am\u00e9rica Latina; caracterizar los rasgos distintivos de los proyectos con el objetivo de identificar aspectos que puedan ser replicados en otros \u00e1mbitos educativos; y generar evidencias sobre la importancia de la contribuci\u00f3n de ni\u00f1os y adolescentes como aut\u00e9nticos protagonistas de cambio junto a sus comunidades, hacia una ecolog\u00eda integral.<\/p>\n<p>El programa busca apoyar y dar visibilidad a las experiencias en el campo de la ecolog\u00eda integral a las escuelas de Argentina y Uruguay involucradas en este programa: Escuela de Educaci\u00f3n T\u00e9cnico Profesional de la UBA (Villa Lugano, Ciudad Aut\u00f3noma de Buenos Aires); Escuela T\u00e9cnica Nro. 3 DF Sarmiento (Mar del Plata, provincia de Buenos Aires); Escuela Nro. 25 Delia Medici de Chayep (Villa Futalaufquen, Chubut); Escuela Albergue Nro. 80 \u00abVicente L\u00f3pez\u00bb (Cangrejillos, Jujuy); Escuela Sim\u00f3n Bol\u00edvar (San Mart\u00edn, Mendoza) y la U.P.L. N\u00aa13 \u00abLas Rosas\u00bb (Maldonado, Uruguay).<\/p>\n","protected":false},"excerpt":{"rendered":"<p>El Centro Latinoamericano de Aprendizaje y Servicio Solidario (Clayss) present\u00f3 el \u00abPrograma de aprendizaje-servicio solidario y ecolog\u00eda integral\u00bb que tiene como objetivo \u00abimpulsar la promoci\u00f3n de proyectos de aprendizaje\u00bb relacionados con el cuidado del ambiente en escuelas, inform\u00f3 esa instituci\u00f3n en un comunicado.<\/p>\n","protected":false},"author":3,"featured_media":91890,"comment_status":"closed","ping_status":"closed","sticky":false,"template":"","format":"standard","meta":{"footnotes":""},"categories":[46,34],"tags":[],"class_list":["post-91889","post","type-post","status-publish","format-standard","has-post-thumbnail","hentry","category-ciencia-y-tecnologia","category-educacion"],"yoast_head":"<!-- This site is optimized with the Yoast SEO plugin v25.9 - https:\/\/yoast.com\/wordpress\/plugins\/seo\/ -->\n<title>Presentan un programa de aprendizaje para impulsar en escuelas el cuidado del ambiente - Noticias Radio Reflejos<\/title>\n<meta name=\"robots\" content=\"index, follow, max-snippet:-1, max-image-preview:large, max-video-preview:-1\" \/>\n<link rel=\"canonical\" href=\"https:\/\/www.noticiasradioreflejos.com.ar\/2021\/presentan-un-programa-de-aprendizaje-para-impulsar-en-escuelas-el-cuidado-del-ambiente\/\" \/>\n<meta property=\"og:locale\" content=\"es_ES\" \/>\n<meta property=\"og:type\" content=\"article\" \/>\n<meta property=\"og:title\" content=\"Presentan un programa de aprendizaje para impulsar en escuelas el cuidado del ambiente - Noticias Radio Reflejos\" \/>\n<meta property=\"og:description\" content=\"El Centro Latinoamericano de Aprendizaje y Servicio Solidario (Clayss) present\u00f3 el \u00abPrograma de aprendizaje-servicio solidario y ecolog\u00eda integral\u00bb que tiene como objetivo \u00abimpulsar la promoci\u00f3n de proyectos de aprendizaje\u00bb relacionados con el cuidado del ambiente en escuelas, inform\u00f3 esa instituci\u00f3n en un comunicado.\" \/>\n<meta property=\"og:url\" content=\"https:\/\/www.noticiasradioreflejos.com.ar\/2021\/presentan-un-programa-de-aprendizaje-para-impulsar-en-escuelas-el-cuidado-del-ambiente\/\" \/>\n<meta property=\"og:site_name\" content=\"Noticias Radio Reflejos\" \/>\n<meta property=\"article:published_time\" content=\"2023-08-20T14:50:11+00:00\" \/>\n<meta property=\"og:image\" content=\"https:\/\/www.noticiasradioreflejos.com.ar\/2021\/wp-content\/uploads\/2023\/08\/dia_mundial_educacion_ambiental.jpg\" \/>\n\t<meta property=\"og:image:width\" content=\"1080\" \/>\n\t<meta property=\"og:image:height\" content=\"675\" \/>\n\t<meta property=\"og:image:type\" content=\"image\/jpeg\" \/>\n<meta name=\"author\" content=\"Arnaldo Botto\" \/>\n<meta name=\"twitter:card\" content=\"summary_large_image\" \/>\n<script type=\"application\/ld+json\" class=\"yoast-schema-graph\">{\"@context\":\"https:\/\/schema.org\",\"@graph\":[{\"@type\":\"WebPage\",\"@id\":\"https:\/\/www.noticiasradioreflejos.com.ar\/2021\/presentan-un-programa-de-aprendizaje-para-impulsar-en-escuelas-el-cuidado-del-ambiente\/\",\"url\":\"https:\/\/www.noticiasradioreflejos.com.ar\/2021\/presentan-un-programa-de-aprendizaje-para-impulsar-en-escuelas-el-cuidado-del-ambiente\/\",\"name\":\"Presentan un programa de aprendizaje para impulsar en escuelas el cuidado del ambiente - Noticias Radio Reflejos\",\"isPartOf\":{\"@id\":\"https:\/\/www.noticiasradioreflejos.com.ar\/2021\/#website\"},\"primaryImageOfPage\":{\"@id\":\"https:\/\/www.noticiasradioreflejos.com.ar\/2021\/presentan-un-programa-de-aprendizaje-para-impulsar-en-escuelas-el-cuidado-del-ambiente\/#primaryimage\"},\"image\":{\"@id\":\"https:\/\/www.noticiasradioreflejos.com.ar\/2021\/presentan-un-programa-de-aprendizaje-para-impulsar-en-escuelas-el-cuidado-del-ambiente\/#primaryimage\"},\"thumbnailUrl\":\"https:\/\/www.noticiasradioreflejos.com.ar\/2021\/wp-content\/uploads\/2023\/08\/dia_mundial_educacion_ambiental.jpg\",\"datePublished\":\"2023-08-20T14:50:11+00:00\",\"author\":{\"@id\":\"https:\/\/www.noticiasradioreflejos.com.ar\/2021\/#\/schema\/person\/ad82545263dcc5ec0996818884fd5fb1\"},\"breadcrumb\":{\"@id\":\"https:\/\/www.noticiasradioreflejos.com.ar\/2021\/presentan-un-programa-de-aprendizaje-para-impulsar-en-escuelas-el-cuidado-del-ambiente\/#breadcrumb\"},\"inLanguage\":\"es\",\"potentialAction\":[{\"@type\":\"ReadAction\",\"target\":[\"https:\/\/www.noticiasradioreflejos.com.ar\/2021\/presentan-un-programa-de-aprendizaje-para-impulsar-en-escuelas-el-cuidado-del-ambiente\/\"]}]},{\"@type\":\"ImageObject\",\"inLanguage\":\"es\",\"@id\":\"https:\/\/www.noticiasradioreflejos.com.ar\/2021\/presentan-un-programa-de-aprendizaje-para-impulsar-en-escuelas-el-cuidado-del-ambiente\/#primaryimage\",\"url\":\"https:\/\/www.noticiasradioreflejos.com.ar\/2021\/wp-content\/uploads\/2023\/08\/dia_mundial_educacion_ambiental.jpg\",\"contentUrl\":\"https:\/\/www.noticiasradioreflejos.com.ar\/2021\/wp-content\/uploads\/2023\/08\/dia_mundial_educacion_ambiental.jpg\",\"width\":1080,\"height\":675},{\"@type\":\"BreadcrumbList\",\"@id\":\"https:\/\/www.noticiasradioreflejos.com.ar\/2021\/presentan-un-programa-de-aprendizaje-para-impulsar-en-escuelas-el-cuidado-del-ambiente\/#breadcrumb\",\"itemListElement\":[{\"@type\":\"ListItem\",\"position\":1,\"name\":\"Portada\",\"item\":\"https:\/\/www.noticiasradioreflejos.com.ar\/2021\/\"},{\"@type\":\"ListItem\",\"position\":2,\"name\":\"Presentan un programa de aprendizaje para impulsar en escuelas el cuidado del ambiente\"}]},{\"@type\":\"WebSite\",\"@id\":\"https:\/\/www.noticiasradioreflejos.com.ar\/2021\/#website\",\"url\":\"https:\/\/www.noticiasradioreflejos.com.ar\/2021\/\",\"name\":\"Noticias Radio Reflejos\",\"description\":\"Las noticias de mi comarca\",\"potentialAction\":[{\"@type\":\"SearchAction\",\"target\":{\"@type\":\"EntryPoint\",\"urlTemplate\":\"https:\/\/www.noticiasradioreflejos.com.ar\/2021\/?s={search_term_string}\"},\"query-input\":{\"@type\":\"PropertyValueSpecification\",\"valueRequired\":true,\"valueName\":\"search_term_string\"}}],\"inLanguage\":\"es\"},{\"@type\":\"Person\",\"@id\":\"https:\/\/www.noticiasradioreflejos.com.ar\/2021\/#\/schema\/person\/ad82545263dcc5ec0996818884fd5fb1\",\"name\":\"Arnaldo Botto\",\"image\":{\"@type\":\"ImageObject\",\"inLanguage\":\"es\",\"@id\":\"https:\/\/www.noticiasradioreflejos.com.ar\/2021\/#\/schema\/person\/image\/\",\"url\":\"https:\/\/secure.gravatar.com\/avatar\/55cb5e37c1efa326397366e6974cb338056df65cb50e7d64d1cf314e87504837?s=96&d=mm&r=g\",\"contentUrl\":\"https:\/\/secure.gravatar.com\/avatar\/55cb5e37c1efa326397366e6974cb338056df65cb50e7d64d1cf314e87504837?s=96&d=mm&r=g\",\"caption\":\"Arnaldo Botto\"},\"url\":\"https:\/\/www.noticiasradioreflejos.com.ar\/2021\/author\/arnaldo\/\"}]}<\/script>\n<!-- \/ Yoast SEO plugin. -->","yoast_head_json":{"title":"Presentan un programa de aprendizaje para impulsar en escuelas el cuidado del ambiente - Noticias Radio Reflejos","robots":{"index":"index","follow":"follow","max-snippet":"max-snippet:-1","max-image-preview":"max-image-preview:large","max-video-preview":"max-video-preview:-1"},"canonical":"https:\/\/www.noticiasradioreflejos.com.ar\/2021\/presentan-un-programa-de-aprendizaje-para-impulsar-en-escuelas-el-cuidado-del-ambiente\/","og_locale":"es_ES","og_type":"article","og_title":"Presentan un programa de aprendizaje para impulsar en escuelas el cuidado del ambiente - Noticias Radio Reflejos","og_description":"El Centro Latinoamericano de Aprendizaje y Servicio Solidario (Clayss) present\u00f3 el \u00abPrograma de aprendizaje-servicio solidario y ecolog\u00eda integral\u00bb que tiene como objetivo \u00abimpulsar la promoci\u00f3n de proyectos de aprendizaje\u00bb relacionados con el cuidado del ambiente en escuelas, inform\u00f3 esa instituci\u00f3n en un comunicado.","og_url":"https:\/\/www.noticiasradioreflejos.com.ar\/2021\/presentan-un-programa-de-aprendizaje-para-impulsar-en-escuelas-el-cuidado-del-ambiente\/","og_site_name":"Noticias Radio Reflejos","article_published_time":"2023-08-20T14:50:11+00:00","og_image":[{"width":1080,"height":675,"url":"https:\/\/www.noticiasradioreflejos.com.ar\/2021\/wp-content\/uploads\/2023\/08\/dia_mundial_educacion_ambiental.jpg","type":"image\/jpeg"}],"author":"Arnaldo Botto","twitter_card":"summary_large_image","schema":{"@context":"https:\/\/schema.org","@graph":[{"@type":"WebPage","@id":"https:\/\/www.noticiasradioreflejos.com.ar\/2021\/presentan-un-programa-de-aprendizaje-para-impulsar-en-escuelas-el-cuidado-del-ambiente\/","url":"https:\/\/www.noticiasradioreflejos.com.ar\/2021\/presentan-un-programa-de-aprendizaje-para-impulsar-en-escuelas-el-cuidado-del-ambiente\/","name":"Presentan un programa de aprendizaje para impulsar en escuelas el cuidado del ambiente - Noticias Radio Reflejos","isPartOf":{"@id":"https:\/\/www.noticiasradioreflejos.com.ar\/2021\/#website"},"primaryImageOfPage":{"@id":"https:\/\/www.noticiasradioreflejos.com.ar\/2021\/presentan-un-programa-de-aprendizaje-para-impulsar-en-escuelas-el-cuidado-del-ambiente\/#primaryimage"},"image":{"@id":"https:\/\/www.noticiasradioreflejos.com.ar\/2021\/presentan-un-programa-de-aprendizaje-para-impulsar-en-escuelas-el-cuidado-del-ambiente\/#primaryimage"},"thumbnailUrl":"https:\/\/www.noticiasradioreflejos.com.ar\/2021\/wp-content\/uploads\/2023\/08\/dia_mundial_educacion_ambiental.jpg","datePublished":"2023-08-20T14:50:11+00:00","author":{"@id":"https:\/\/www.noticiasradioreflejos.com.ar\/2021\/#\/schema\/person\/ad82545263dcc5ec0996818884fd5fb1"},"breadcrumb":{"@id":"https:\/\/www.noticiasradioreflejos.com.ar\/2021\/presentan-un-programa-de-aprendizaje-para-impulsar-en-escuelas-el-cuidado-del-ambiente\/#breadcrumb"},"inLanguage":"es","potentialAction":[{"@type":"ReadAction","target":["https:\/\/www.noticiasradioreflejos.com.ar\/2021\/presentan-un-programa-de-aprendizaje-para-impulsar-en-escuelas-el-cuidado-del-ambiente\/"]}]},{"@type":"ImageObject","inLanguage":"es","@id":"https:\/\/www.noticiasradioreflejos.com.ar\/2021\/presentan-un-programa-de-aprendizaje-para-impulsar-en-escuelas-el-cuidado-del-ambiente\/#primaryimage","url":"https:\/\/www.noticiasradioreflejos.com.ar\/2021\/wp-content\/uploads\/2023\/08\/dia_mundial_educacion_ambiental.jpg","contentUrl":"https:\/\/www.noticiasradioreflejos.com.ar\/2021\/wp-content\/uploads\/2023\/08\/dia_mundial_educacion_ambiental.jpg","width":1080,"height":675},{"@type":"BreadcrumbList","@id":"https:\/\/www.noticiasradioreflejos.com.ar\/2021\/presentan-un-programa-de-aprendizaje-para-impulsar-en-escuelas-el-cuidado-del-ambiente\/#breadcrumb","itemListElement":[{"@type":"ListItem","position":1,"name":"Portada","item":"https:\/\/www.noticiasradioreflejos.com.ar\/2021\/"},{"@type":"ListItem","position":2,"name":"Presentan un programa de aprendizaje para impulsar en escuelas el cuidado del ambiente"}]},{"@type":"WebSite","@id":"https:\/\/www.noticiasradioreflejos.com.ar\/2021\/#website","url":"https:\/\/www.noticiasradioreflejos.com.ar\/2021\/","name":"Noticias Radio Reflejos","description":"Las noticias de mi comarca","potentialAction":[{"@type":"SearchAction","target":{"@type":"EntryPoint","urlTemplate":"https:\/\/www.noticiasradioreflejos.com.ar\/2021\/?s={search_term_string}"},"query-input":{"@type":"PropertyValueSpecification","valueRequired":true,"valueName":"search_term_string"}}],"inLanguage":"es"},{"@type":"Person","@id":"https:\/\/www.noticiasradioreflejos.com.ar\/2021\/#\/schema\/person\/ad82545263dcc5ec0996818884fd5fb1","name":"Arnaldo Botto","image":{"@type":"ImageObject","inLanguage":"es","@id":"https:\/\/www.noticiasradioreflejos.com.ar\/2021\/#\/schema\/person\/image\/","url":"https:\/\/secure.gravatar.com\/avatar\/55cb5e37c1efa326397366e6974cb338056df65cb50e7d64d1cf314e87504837?s=96&d=mm&r=g","contentUrl":"https:\/\/secure.gravatar.com\/avatar\/55cb5e37c1efa326397366e6974cb338056df65cb50e7d64d1cf314e87504837?s=96&d=mm&r=g","caption":"Arnaldo Botto"},"url":"https:\/\/www.noticiasradioreflejos.com.ar\/2021\/author\/arnaldo\/"}]}},"_links":{"self":[{"href":"https:\/\/www.noticiasradioreflejos.com.ar\/2021\/wp-json\/wp\/v2\/posts\/91889","targetHints":{"allow":["GET"]}}],"collection":[{"href":"https:\/\/www.noticiasradioreflejos.com.ar\/2021\/wp-json\/wp\/v2\/posts"}],"about":[{"href":"https:\/\/www.noticiasradioreflejos.com.ar\/2021\/wp-json\/wp\/v2\/types\/post"}],"author":[{"embeddable":true,"href":"https:\/\/www.noticiasradioreflejos.com.ar\/2021\/wp-json\/wp\/v2\/users\/3"}],"replies":[{"embeddable":true,"href":"https:\/\/www.noticiasradioreflejos.com.ar\/2021\/wp-json\/wp\/v2\/comments?post=91889"}],"version-history":[{"count":1,"href":"https:\/\/www.noticiasradioreflejos.com.ar\/2021\/wp-json\/wp\/v2\/posts\/91889\/revisions"}],"predecessor-version":[{"id":91891,"href":"https:\/\/www.noticiasradioreflejos.com.ar\/2021\/wp-json\/wp\/v2\/posts\/91889\/revisions\/91891"}],"wp:featuredmedia":[{"embeddable":true,"href":"https:\/\/www.noticiasradioreflejos.com.ar\/2021\/wp-json\/wp\/v2\/media\/91890"}],"wp:attachment":[{"href":"https:\/\/www.noticiasradioreflejos.com.ar\/2021\/wp-json\/wp\/v2\/media?parent=91889"}],"wp:term":[{"taxonomy":"category","embeddable":true,"href":"https:\/\/www.noticiasradioreflejos.com.ar\/2021\/wp-json\/wp\/v2\/categories?post=91889"},{"taxonomy":"post_tag","embeddable":true,"href":"https:\/\/www.noticiasradioreflejos.com.ar\/2021\/wp-json\/wp\/v2\/tags?post=91889"}],"curies":[{"name":"wp","href":"https:\/\/api.w.org\/{rel}","templated":true}]}}