{"id":91883,"date":"2023-08-20T14:30:57","date_gmt":"2023-08-20T14:30:57","guid":{"rendered":"https:\/\/www.noticiasradioreflejos.com.ar\/2021\/?p=91883"},"modified":"2023-08-20T14:30:57","modified_gmt":"2023-08-20T14:30:57","slug":"las-ventas-minoristas-por-el-dia-del-nino-cayeron-02-frente-al-ano-pasado","status":"publish","type":"post","link":"https:\/\/www.noticiasradioreflejos.com.ar\/2021\/las-ventas-minoristas-por-el-dia-del-nino-cayeron-02-frente-al-ano-pasado\/","title":{"rendered":"Las ventas minoristas por el D\u00eda del Ni\u00f1o cayeron 0,2% frente al a\u00f1o pasado"},"content":{"rendered":"<p>Las ventas minoristas asociadas al D\u00eda de las infancias cerraron este a\u00f1o con una leve baja de 0,2% y con un ticket promedio de $12.032 por productos, de acuerdo a un reporte elaborado por la Confederaci\u00f3n Argentina de la Mediana Empresa (CAME).<!--more--><\/p>\n<p align=\"center\"><b><\/b><br \/>\n<b>S\u00f3lo dos de los rubros medidos vendieron m\u00e1s que en 2022: Calzado y Marroquiner\u00eda, y Equipos de audio, video, celulares y accesorios. En tanto, el ticket de ventas tuvo un promedio de $12.032<\/b><\/p>\n<p>Las ventas minoristas pymes por el D\u00eda del Ni\u00f1o bajaron 0,2% frente a la misma fecha del a\u00f1o pasado, medidas a precios reales, en una semana marcada por remarcaciones generales que llegaron a superar el 30%.<\/p>\n<p align=\"center\"><img loading=\"lazy\" decoding=\"async\" class=\"CToWUd a6T\" tabindex=\"0\" src=\"https:\/\/ci4.googleusercontent.com\/proxy\/CyZckfVuuZIUyr8Mowd7gPuVDiYiH0wCE0N4S4CfFQo_HfMXBBsQyk4ArC-sU7YlLuiosnPydtq547R0n1Jp1vQFPaOW_lMa3IKQJp6_C3FD5IeDrXLIXJqcY9eeEaEfBEekGADWZ1c2XqmaCLkGYWt4ixXqVZpyJi3LLG40v9QV92GPbxVJE5V_AhDS_ei6RWq5gA=s0-d-e1-ft#https:\/\/mailprensa.came.org.ar\/data\/1899c60d3e88c767f20949a98d5003460b14bf85\/media_files\/410\/original\/image-20230820104118-2.png\" width=\"1413\" height=\"294\" data-bit=\"iit\" \/><\/p>\n<p align=\"justify\">\n<p align=\"center\"><img loading=\"lazy\" decoding=\"async\" class=\"CToWUd a6T\" tabindex=\"0\" src=\"https:\/\/ci6.googleusercontent.com\/proxy\/iP_sZ4MPBDpzgCZrG4DOvRUxFkoehFCZlAVXk0ya43zlONPHhaMfspOIs_nDFycFTSloVBWTr_cxeSKpYDG0jkOVlKcMps1g-I-teHhnFB48cgv-x_nEAjjxGAjhz0Dk4s8gNrct4YkF-0E0h_B-f-OcYWnUOhDFkNjP7gGeydjVVJM1ia7YRxfVvbUYcG8ZfD0ahw=s0-d-e1-ft#https:\/\/mailprensa.came.org.ar\/data\/1899c60d3e88c767f20949a98d5003460b14bf85\/media_files\/418\/original\/image-20230820104118-3.png\" width=\"1412\" height=\"1020\" data-bit=\"iit\" \/><\/p>\n<p align=\"justify\">\nHasta el viernes 18, el D\u00eda del Ni\u00f1o parec\u00eda muy tranquilo, pero ya sobre media ma\u00f1ana del s\u00e1bado los comercios vieron circular el p\u00fablico habitual en busca de regalos. En el balance general no fue un gran a\u00f1o, pero estuvo acorde a las expectativas, que, dado el contexto, no eran alentadoras. Eso explica que, a pesar del resultado, el 64% de los negocios consultados se\u00f1al\u00f3 haber vendido igual o m\u00e1s de lo esperado.<br \/>\nEl feriado tur\u00edstico no contribuy\u00f3, porque la gente volc\u00f3 dinero a viajes y redujo la dimensi\u00f3n del obsequio se limit\u00f3 solo a hijos muy menores y de vinculo m\u00e1s cotidiano, cuando en otras ocasiones se incluyen sobrinos, nietos o hijos de amigos.<br \/>\nEl ticket de ventas promedi\u00f3 los $12.032 y los comercios relevados marcaron como caracter\u00edstica que la gente se orient\u00f3 a productos econ\u00f3micos.<\/p>\n<p align=\"center\"><img loading=\"lazy\" decoding=\"async\" class=\"CToWUd a6T\" tabindex=\"0\" src=\"https:\/\/ci5.googleusercontent.com\/proxy\/AVnmlSIeuqFYklbh2dv1tdoGFAyGUGKH5pSkyEhYHg2ksw5pM-HSNcW4arPUzuRg2HxNs-O9LRNA4C7cFBX4cMRujm7pioL9EgLk3CkKZAnb0LhThZhf9c8-FM6NJdUcUC2JkMY_2AoqDfmMIgpDs_0Ziu5TB8gtaN4X-hisbmBitkHfn1F9wulFMqSSuIhagou9ew=s0-d-e1-ft#https:\/\/mailprensa.came.org.ar\/data\/1899c60d3e88c767f20949a98d5003460b14bf85\/media_files\/416\/original\/image-20230820104118-4.png\" width=\"1220\" height=\"728\" data-bit=\"iit\" \/><\/p>\n<p align=\"justify\">No abundaron las promociones, solo el 50,7% de los locales que participaron de la encuesta hicieron alguna, fue 1,3 puntos menos que el a\u00f1o pasado y 11,9 puntos menos que en 2021 (62,6%).<\/p>\n<p align=\"center\"><img loading=\"lazy\" decoding=\"async\" class=\"CToWUd a6T\" tabindex=\"0\" src=\"https:\/\/ci3.googleusercontent.com\/proxy\/c6vSQiwCSRSiK60-bdGehJx9P2or_V5IDZtzj2YUPCc3V2RVhksMT-WUUpxKCkjpSVELg-W42-xC0EthJDMdCdjKpPhxzB7KWpw9nh8HmY4shleC-6yYasupDmOCWudc7soN6QI8TV2sKjA8ijkv6vdRoisS0mHZxgeOSsIPLgsRi-H4mnHpPFYRMulren7EquswFw=s0-d-e1-ft#https:\/\/mailprensa.came.org.ar\/data\/1899c60d3e88c767f20949a98d5003460b14bf85\/media_files\/419\/original\/image-20230820104118-5.png\" width=\"1187\" height=\"858\" data-bit=\"iit\" \/><\/p>\n<p align=\"justify\">\nAs\u00ed surge del relevamiento entre 228 comercios minoristas de todo el pa\u00eds, realizado entre el 18 y 19 de agosto.\n<\/p>\n<p align=\"center\"><img loading=\"lazy\" decoding=\"async\" class=\"CToWUd a6T\" tabindex=\"0\" src=\"https:\/\/ci6.googleusercontent.com\/proxy\/hBPA8WSlzebWUPbQrT4059gKNQLGWOvkAl2oTxWqFiatRYUQaA2QgUVNTars5gjA8u39yzbKKZRwse6SIykTuA8AIOFErB8KUqdbVnfByaicOJ8EZ4nGx-DkSeR5WURzFt-m987v9B7gxvI7rhxMIzn60vFVchITmhoxVGCAs8R3v_bgDRRhHf8kqhVSt60icq4cPw=s0-d-e1-ft#https:\/\/mailprensa.came.org.ar\/data\/1899c60d3e88c767f20949a98d5003460b14bf85\/media_files\/417\/original\/image-20230820104118-6.png\" width=\"1133\" height=\"819\" data-bit=\"iit\" \/><\/p>\n<p align=\"justify\">\n<p align=\"center\"><b>An\u00e1lisis sectorial<\/b><\/p>\n<p align=\"justify\">Solo dos de los cinco rubros relevados vendi\u00f3 m\u00e1s que en el D\u00eda del Ni\u00f1o del a\u00f1o pasado. Fueron Equipos de audio, video, celulares y accesorios, con un aumento interanual de 4,9% y\u00a0<a name=\"m_7698466727270211906__Hlk143378504\"><\/a>Calzado y Marroquiner\u00eda\u00a0(+6,5%).<\/p>\n<p><b>1) Calzado y marroquiner\u00eda<\/b><\/p>\n<p align=\"center\"><img loading=\"lazy\" decoding=\"async\" class=\"CToWUd a6T\" tabindex=\"0\" src=\"https:\/\/ci3.googleusercontent.com\/proxy\/RwruTwHtV4eMd7_4Bdt-Zr0vptIgUccZeYuIPC9hQqtYCgXB_Zmy2yZOGaRq32bP6-lr22hlOBRmeMxvqo-_V05gZ6xR0Sftksmvv1pKhA_gD2e7T4SjEc3zMPJyiTwmI7GfSRr3w0aXAPShBm9WEq8xnyGRgpk9jrNmlJO6ZoyGKspOY8SLqDikF-vobctnIx2ifA=s0-d-e1-ft#https:\/\/mailprensa.came.org.ar\/data\/1899c60d3e88c767f20949a98d5003460b14bf85\/media_files\/411\/original\/image-20230820104118-7.png\" width=\"1413\" height=\"294\" data-bit=\"iit\" \/><\/p>\n<p align=\"justify\">Con un ticket promedio de $14.878, las ventas subieron 6,5% frente al D\u00eda del Ni\u00f1o 2022, medidas a precios reales. La fecha fue tranquila pero buena, y 7 de cada 10 comercios consultados coincidieron que sus ventas resultaron iguales o mejores de lo esperado. Las promociones fueron principalmente las que pusieron a disposici\u00f3n algunos bancos, mientras que los negocios lo que m\u00e1s ofrecieron fueron descuentos en efectivo. Solo la mitad de las pymes del sector brind\u00f3 alg\u00fan beneficio.<br \/>\n\u201cVendimos menos que el a\u00f1o pasado para la misma fecha, el movimiento de gente comprando fue bajo\u201d (comercio de Mar del Plata, Provincia de Buenos Aires).<br \/>\n\u201cPodr\u00edamos haber vendido m\u00e1s si las tarjetas no hubieran estado tan saturadas. Hubo m\u00e1s rechazos de compra de lo que se ven\u00eda dando\u201d (San Rafael, Mendoza)<\/p>\n<p><b>2) Equipos de audio y video, celulares y accesorios<\/b><\/p>\n<p align=\"center\"><img loading=\"lazy\" decoding=\"async\" class=\"CToWUd a6T\" tabindex=\"0\" src=\"https:\/\/ci6.googleusercontent.com\/proxy\/d1C68dgtzMXnEusUc25fdA4lbIYjzMZj4m1dnT9fZ3iNQitYbPsHZZFPNJUTXPV1uw_Du4ELdpvwzTBxzNt4J1TWHL4WCCfhfxxhsbYfg7LNFD7A21slJxgCkwBCfnY6PQTUp8LRre40kQ5RKzC8r-cB_MUVHw6gIihAUE5cz9kzM8KrQRAmXzhFW1pcp3v-9LKJUw=s0-d-e1-ft#https:\/\/mailprensa.came.org.ar\/data\/1899c60d3e88c767f20949a98d5003460b14bf85\/media_files\/415\/original\/image-20230820104118-8.png\" width=\"1413\" height=\"294\" data-bit=\"iit\" \/><\/p>\n<p align=\"justify\">Hubo un crecimiento del 4,9% frente al 2022 a precios reales y el ticket promedio ascendi\u00f3 a $14.614. No suele ser un rubro donde abunden las promociones propias, solo 35,4% de los comercios encuestados realiz\u00f3 alguna (incluyendo a quienes ofrecieron descuentos de bancos), pero s\u00ed donde se suelen ofrecer m\u00e1s posibilidades de financiamiento en cuotas sin inter\u00e9s. Tuvieron salida mayormente art\u00edculos de bajo monto, como auriculares, fundas de celulares, cargadores, bater\u00edas o c\u00e1maras para pc.<br \/>\n\u201cAumentaron mucho los precios esta semana y nuestros productos son caros para una familia. Vendimos accesorios m\u00e1s que nada\u201d (comercio de Pergamino, en Provincia de Buenos Aires)<br \/>\n\u201cSe vendi\u00f3 bien, pero como hay muy poca plata la gente se llev\u00f3 lo m\u00e1s barato\u201d (comercio de la ciudad de C\u00f3rdoba).<\/p>\n<p><b>3) Indumentaria y accesorios<\/b><\/p>\n<p align=\"center\"><img loading=\"lazy\" decoding=\"async\" class=\"CToWUd a6T\" tabindex=\"0\" src=\"https:\/\/ci5.googleusercontent.com\/proxy\/B-VyxtOaW1BggyJDezBihq5EQP4PrBvIvJQHlhov1fxmJ061c8IxSfNcxOUfkv-6Mv20BF11-JTaEokQmFk8NZIOyjCmHU1S5AdQDc_mLjJElWufhYIp9iBkV1ZRcblKgPszFhYzj6dQDFV7aFfUNRPKJG0YY9zDg7FZR4mCTCMMg52naoXswpb65m-t-OxEmFHhuA=s0-d-e1-ft#https:\/\/mailprensa.came.org.ar\/data\/1899c60d3e88c767f20949a98d5003460b14bf85\/media_files\/413\/original\/image-20230820104118-9.png\" width=\"1413\" height=\"294\" data-bit=\"iit\" \/><\/p>\n<p align=\"justify\">Las ventas declinaron 1,8%, comparado a la temporada pasada, y el ticket se ubic\u00f3 cercano a los $9.184. Las altas temperaturas de la semana frenaron las compras de indumentaria de invierno y la oferta de ropa de verano era escasa, lo que afect\u00f3 la salida de esas prendas. Los incrementos de precios tampoco ayudaron, y hubo pocas promociones para lo habitual de estas tiendas. Solo 46,6% de las pymes medidas realiz\u00f3 alguna.<br \/>\n\u201cAun con todas las promociones que hicimos las ventas fueron menores al a\u00f1o pasado\u201d (comercio de la ciudad de La Rioja).<br \/>\n\u201cNo hay gente ni plata en la calle, los precios subieron una barbaridad durante toda la semana. Fue un D\u00eda del Ni\u00f1o dif\u00edcil para comprar regalos\u201d (empresa de la ciudad de Salta)<br \/>\n<br clear=\"all\" \/><br \/>\n<b>4) Jugueter\u00edas<\/b><\/p>\n<p align=\"center\"><img loading=\"lazy\" decoding=\"async\" class=\"CToWUd a6T\" tabindex=\"0\" src=\"https:\/\/ci5.googleusercontent.com\/proxy\/hItkj7QUIf7-QFjfEIMUXQvCD5MK5NJaVtr-WVanDG1Jh2wpDeBUO1-VZDjxihrnkHcCDXwC1K8vHvfyowKBDL6ro1WUII4WjvOU-KIFPm9hACXJ-bIRMpEsGuWeIUB9Cfc4QgDuDzEhOTHZ_1QsfTHuE-5IeQ3kjy_sRXVseNW0MzxTcb1ijhdIwtWh9XlbsiuczWY=s0-d-e1-ft#https:\/\/mailprensa.came.org.ar\/data\/1899c60d3e88c767f20949a98d5003460b14bf85\/media_files\/412\/original\/image-20230820104118-10.png\" width=\"1413\" height=\"294\" data-bit=\"iit\" \/><\/p>\n<p align=\"justify\">A pesar de ser el rubro estrella de la fecha, las ventas disminuyeron 2% frente al a\u00f1o pasado. Hubo escaso stock y pocas variedades de productos. Los precios adem\u00e1s tuvieron aumentos importantes y eso hizo que la demanda se oriente hacia art\u00edculos econ\u00f3micos. El ticket promedi\u00f3 los $12.099. Fue el sector que m\u00e1s promociones realiz\u00f3, el 76,3% de los locales relevados dispuso alguna, ya sea propia o con bancos. Tambi\u00e9n hubo posibilidades de financiar en hasta 12 cuotas sin inter\u00e9s, pero igual la venta fue floja. A los comercios el resultado no los sorprendi\u00f3 ya que el 75% esperaba los niveles conseguidos, especialmente luego de la dif\u00edcil semana post PASO.<br \/>\n\u201cExiste un clima de incertidumbre en el cliente, y eso se reflej\u00f3 en las poqu\u00edsimas y baratas ventas\u201d (comercio de la Ciudad de Santa Fe)<br \/>\n\u201cFue muy dif\u00edcil la venta este a\u00f1o, la gente no tiene plata y est\u00e1 muy endeudada con sus tarjetas\u201d (comercio de la Ciudad de Buenos Aires)<\/p>\n<p><b>5) Librer\u00edas<\/b><\/p>\n<p align=\"center\"><img loading=\"lazy\" decoding=\"async\" class=\"CToWUd a6T\" tabindex=\"0\" src=\"https:\/\/ci3.googleusercontent.com\/proxy\/8VHGJiDOtoyY_ujqUuEnp4vokHZ9leUR2N3nlmEk5_93Upxm4Yks3L7UhucFmqnp3ZKaM0X9KiFvtp4BM-1NE5WmSoSnHGzEH0soDU2ZeFfwISOslpk1z5xlo3xeiTdhrIdwO4Emmy9KnR7lEPYfQ8zSahQz2wzpS_dlypktdnvl32HHL16ZwfEApLVugikeU6ksYiM=s0-d-e1-ft#https:\/\/mailprensa.came.org.ar\/data\/1899c60d3e88c767f20949a98d5003460b14bf85\/media_files\/414\/original\/image-20230820104118-11.png\" width=\"1413\" height=\"294\" data-bit=\"iit\" \/><\/p>\n<p>Fue el rubro donde m\u00e1s se derrumbaron las ventas frente al a\u00f1o pasado (-8,6%). Los precios de los libros subieron 20% en la semana previa y para muchos clientes lo que habitualmente era un regalo econ\u00f3mico, se convirti\u00f3 este a\u00f1o en un obsequio caro. El ticket medio se ubic\u00f3 en $7.643, y si bien fue el m\u00e1s bajo de todos los sectores relevados, la brecha con productos como indumentaria fue m\u00e1s reducida que en otras oportunidades, lo que explica el menor inter\u00e9s en elegirlo como opci\u00f3n para esta celebraci\u00f3n.<br \/>\n\u201cLa venta fue muy poca, la gente comentaba m\u00e1s sobre los precios que sobre el producto o el regalo que buscaba\u201d (Ciudad de Santiago del Estero)<br \/>\n\u201cImagin\u00e1bamos que \u00edbamos a vender poco por el desequilibro que hay de precios y as\u00ed fue\u201d (Paran\u00e1, Entre R\u00edos)<\/p>\n","protected":false},"excerpt":{"rendered":"<p>Las ventas minoristas asociadas al D\u00eda de las infancias cerraron este a\u00f1o con una leve baja de 0,2% y con un ticket promedio de $12.032 por productos, de acuerdo a un reporte elaborado por la Confederaci\u00f3n Argentina de la Mediana Empresa (CAME).<\/p>\n","protected":false},"author":3,"featured_media":0,"comment_status":"closed","ping_status":"closed","sticky":false,"template":"","format":"standard","meta":{"footnotes":""},"categories":[36],"tags":[],"class_list":["post-91883","post","type-post","status-publish","format-standard","hentry","category-economia"],"yoast_head":"<!-- This site is optimized with the Yoast SEO plugin v25.9 - https:\/\/yoast.com\/wordpress\/plugins\/seo\/ -->\n<title>Las ventas minoristas por el D\u00eda del Ni\u00f1o cayeron 0,2% frente al a\u00f1o pasado - Noticias Radio Reflejos<\/title>\n<meta name=\"robots\" content=\"index, follow, max-snippet:-1, max-image-preview:large, max-video-preview:-1\" \/>\n<link rel=\"canonical\" href=\"https:\/\/www.noticiasradioreflejos.com.ar\/2021\/las-ventas-minoristas-por-el-dia-del-nino-cayeron-02-frente-al-ano-pasado\/\" \/>\n<meta property=\"og:locale\" content=\"es_ES\" \/>\n<meta property=\"og:type\" content=\"article\" \/>\n<meta property=\"og:title\" content=\"Las ventas minoristas por el D\u00eda del Ni\u00f1o cayeron 0,2% frente al a\u00f1o pasado - Noticias Radio Reflejos\" \/>\n<meta property=\"og:description\" content=\"Las ventas minoristas asociadas al D\u00eda de las infancias cerraron este a\u00f1o con una leve baja de 0,2% y con un ticket promedio de $12.032 por productos, de acuerdo a un reporte elaborado por la Confederaci\u00f3n Argentina de la Mediana Empresa (CAME).\" \/>\n<meta property=\"og:url\" content=\"https:\/\/www.noticiasradioreflejos.com.ar\/2021\/las-ventas-minoristas-por-el-dia-del-nino-cayeron-02-frente-al-ano-pasado\/\" \/>\n<meta property=\"og:site_name\" content=\"Noticias Radio Reflejos\" \/>\n<meta property=\"article:published_time\" content=\"2023-08-20T14:30:57+00:00\" \/>\n<meta property=\"og:image\" content=\"https:\/\/ci4.googleusercontent.com\/proxy\/CyZckfVuuZIUyr8Mowd7gPuVDiYiH0wCE0N4S4CfFQo_HfMXBBsQyk4ArC-sU7YlLuiosnPydtq547R0n1Jp1vQFPaOW_lMa3IKQJp6_C3FD5IeDrXLIXJqcY9eeEaEfBEekGADWZ1c2XqmaCLkGYWt4ixXqVZpyJi3LLG40v9QV92GPbxVJE5V_AhDS_ei6RWq5gA=s0-d-e1-ft#https:\/\/mailprensa.came.org.ar\/data\/1899c60d3e88c767f20949a98d5003460b14bf85\/media_files\/410\/original\/image-20230820104118-2.png\" \/>\n<meta name=\"author\" content=\"Arnaldo Botto\" \/>\n<meta name=\"twitter:card\" content=\"summary_large_image\" \/>\n<script type=\"application\/ld+json\" class=\"yoast-schema-graph\">{\"@context\":\"https:\/\/schema.org\",\"@graph\":[{\"@type\":\"WebPage\",\"@id\":\"https:\/\/www.noticiasradioreflejos.com.ar\/2021\/las-ventas-minoristas-por-el-dia-del-nino-cayeron-02-frente-al-ano-pasado\/\",\"url\":\"https:\/\/www.noticiasradioreflejos.com.ar\/2021\/las-ventas-minoristas-por-el-dia-del-nino-cayeron-02-frente-al-ano-pasado\/\",\"name\":\"Las ventas minoristas por el D\u00eda del Ni\u00f1o cayeron 0,2% frente al a\u00f1o pasado - Noticias Radio Reflejos\",\"isPartOf\":{\"@id\":\"https:\/\/www.noticiasradioreflejos.com.ar\/2021\/#website\"},\"primaryImageOfPage\":{\"@id\":\"https:\/\/www.noticiasradioreflejos.com.ar\/2021\/las-ventas-minoristas-por-el-dia-del-nino-cayeron-02-frente-al-ano-pasado\/#primaryimage\"},\"image\":{\"@id\":\"https:\/\/www.noticiasradioreflejos.com.ar\/2021\/las-ventas-minoristas-por-el-dia-del-nino-cayeron-02-frente-al-ano-pasado\/#primaryimage\"},\"thumbnailUrl\":\"https:\/\/ci4.googleusercontent.com\/proxy\/CyZckfVuuZIUyr8Mowd7gPuVDiYiH0wCE0N4S4CfFQo_HfMXBBsQyk4ArC-sU7YlLuiosnPydtq547R0n1Jp1vQFPaOW_lMa3IKQJp6_C3FD5IeDrXLIXJqcY9eeEaEfBEekGADWZ1c2XqmaCLkGYWt4ixXqVZpyJi3LLG40v9QV92GPbxVJE5V_AhDS_ei6RWq5gA=s0-d-e1-ft#https:\/\/mailprensa.came.org.ar\/data\/1899c60d3e88c767f20949a98d5003460b14bf85\/media_files\/410\/original\/image-20230820104118-2.png\",\"datePublished\":\"2023-08-20T14:30:57+00:00\",\"author\":{\"@id\":\"https:\/\/www.noticiasradioreflejos.com.ar\/2021\/#\/schema\/person\/ad82545263dcc5ec0996818884fd5fb1\"},\"breadcrumb\":{\"@id\":\"https:\/\/www.noticiasradioreflejos.com.ar\/2021\/las-ventas-minoristas-por-el-dia-del-nino-cayeron-02-frente-al-ano-pasado\/#breadcrumb\"},\"inLanguage\":\"es\",\"potentialAction\":[{\"@type\":\"ReadAction\",\"target\":[\"https:\/\/www.noticiasradioreflejos.com.ar\/2021\/las-ventas-minoristas-por-el-dia-del-nino-cayeron-02-frente-al-ano-pasado\/\"]}]},{\"@type\":\"ImageObject\",\"inLanguage\":\"es\",\"@id\":\"https:\/\/www.noticiasradioreflejos.com.ar\/2021\/las-ventas-minoristas-por-el-dia-del-nino-cayeron-02-frente-al-ano-pasado\/#primaryimage\",\"url\":\"https:\/\/ci4.googleusercontent.com\/proxy\/CyZckfVuuZIUyr8Mowd7gPuVDiYiH0wCE0N4S4CfFQo_HfMXBBsQyk4ArC-sU7YlLuiosnPydtq547R0n1Jp1vQFPaOW_lMa3IKQJp6_C3FD5IeDrXLIXJqcY9eeEaEfBEekGADWZ1c2XqmaCLkGYWt4ixXqVZpyJi3LLG40v9QV92GPbxVJE5V_AhDS_ei6RWq5gA=s0-d-e1-ft#https:\/\/mailprensa.came.org.ar\/data\/1899c60d3e88c767f20949a98d5003460b14bf85\/media_files\/410\/original\/image-20230820104118-2.png\",\"contentUrl\":\"https:\/\/ci4.googleusercontent.com\/proxy\/CyZckfVuuZIUyr8Mowd7gPuVDiYiH0wCE0N4S4CfFQo_HfMXBBsQyk4ArC-sU7YlLuiosnPydtq547R0n1Jp1vQFPaOW_lMa3IKQJp6_C3FD5IeDrXLIXJqcY9eeEaEfBEekGADWZ1c2XqmaCLkGYWt4ixXqVZpyJi3LLG40v9QV92GPbxVJE5V_AhDS_ei6RWq5gA=s0-d-e1-ft#https:\/\/mailprensa.came.org.ar\/data\/1899c60d3e88c767f20949a98d5003460b14bf85\/media_files\/410\/original\/image-20230820104118-2.png\"},{\"@type\":\"BreadcrumbList\",\"@id\":\"https:\/\/www.noticiasradioreflejos.com.ar\/2021\/las-ventas-minoristas-por-el-dia-del-nino-cayeron-02-frente-al-ano-pasado\/#breadcrumb\",\"itemListElement\":[{\"@type\":\"ListItem\",\"position\":1,\"name\":\"Portada\",\"item\":\"https:\/\/www.noticiasradioreflejos.com.ar\/2021\/\"},{\"@type\":\"ListItem\",\"position\":2,\"name\":\"Las ventas minoristas por el D\u00eda del Ni\u00f1o cayeron 0,2% frente al a\u00f1o pasado\"}]},{\"@type\":\"WebSite\",\"@id\":\"https:\/\/www.noticiasradioreflejos.com.ar\/2021\/#website\",\"url\":\"https:\/\/www.noticiasradioreflejos.com.ar\/2021\/\",\"name\":\"Noticias Radio Reflejos\",\"description\":\"Las noticias de mi comarca\",\"potentialAction\":[{\"@type\":\"SearchAction\",\"target\":{\"@type\":\"EntryPoint\",\"urlTemplate\":\"https:\/\/www.noticiasradioreflejos.com.ar\/2021\/?s={search_term_string}\"},\"query-input\":{\"@type\":\"PropertyValueSpecification\",\"valueRequired\":true,\"valueName\":\"search_term_string\"}}],\"inLanguage\":\"es\"},{\"@type\":\"Person\",\"@id\":\"https:\/\/www.noticiasradioreflejos.com.ar\/2021\/#\/schema\/person\/ad82545263dcc5ec0996818884fd5fb1\",\"name\":\"Arnaldo Botto\",\"image\":{\"@type\":\"ImageObject\",\"inLanguage\":\"es\",\"@id\":\"https:\/\/www.noticiasradioreflejos.com.ar\/2021\/#\/schema\/person\/image\/\",\"url\":\"https:\/\/secure.gravatar.com\/avatar\/55cb5e37c1efa326397366e6974cb338056df65cb50e7d64d1cf314e87504837?s=96&d=mm&r=g\",\"contentUrl\":\"https:\/\/secure.gravatar.com\/avatar\/55cb5e37c1efa326397366e6974cb338056df65cb50e7d64d1cf314e87504837?s=96&d=mm&r=g\",\"caption\":\"Arnaldo Botto\"},\"url\":\"https:\/\/www.noticiasradioreflejos.com.ar\/2021\/author\/arnaldo\/\"}]}<\/script>\n<!-- \/ Yoast SEO plugin. -->","yoast_head_json":{"title":"Las ventas minoristas por el D\u00eda del Ni\u00f1o cayeron 0,2% frente al a\u00f1o pasado - Noticias Radio Reflejos","robots":{"index":"index","follow":"follow","max-snippet":"max-snippet:-1","max-image-preview":"max-image-preview:large","max-video-preview":"max-video-preview:-1"},"canonical":"https:\/\/www.noticiasradioreflejos.com.ar\/2021\/las-ventas-minoristas-por-el-dia-del-nino-cayeron-02-frente-al-ano-pasado\/","og_locale":"es_ES","og_type":"article","og_title":"Las ventas minoristas por el D\u00eda del Ni\u00f1o cayeron 0,2% frente al a\u00f1o pasado - Noticias Radio Reflejos","og_description":"Las ventas minoristas asociadas al D\u00eda de las infancias cerraron este a\u00f1o con una leve baja de 0,2% y con un ticket promedio de $12.032 por productos, de acuerdo a un reporte elaborado por la Confederaci\u00f3n Argentina de la Mediana Empresa (CAME).","og_url":"https:\/\/www.noticiasradioreflejos.com.ar\/2021\/las-ventas-minoristas-por-el-dia-del-nino-cayeron-02-frente-al-ano-pasado\/","og_site_name":"Noticias Radio Reflejos","article_published_time":"2023-08-20T14:30:57+00:00","og_image":[{"url":"https:\/\/ci4.googleusercontent.com\/proxy\/CyZckfVuuZIUyr8Mowd7gPuVDiYiH0wCE0N4S4CfFQo_HfMXBBsQyk4ArC-sU7YlLuiosnPydtq547R0n1Jp1vQFPaOW_lMa3IKQJp6_C3FD5IeDrXLIXJqcY9eeEaEfBEekGADWZ1c2XqmaCLkGYWt4ixXqVZpyJi3LLG40v9QV92GPbxVJE5V_AhDS_ei6RWq5gA=s0-d-e1-ft#https:\/\/mailprensa.came.org.ar\/data\/1899c60d3e88c767f20949a98d5003460b14bf85\/media_files\/410\/original\/image-20230820104118-2.png","type":"","width":"","height":""}],"author":"Arnaldo Botto","twitter_card":"summary_large_image","schema":{"@context":"https:\/\/schema.org","@graph":[{"@type":"WebPage","@id":"https:\/\/www.noticiasradioreflejos.com.ar\/2021\/las-ventas-minoristas-por-el-dia-del-nino-cayeron-02-frente-al-ano-pasado\/","url":"https:\/\/www.noticiasradioreflejos.com.ar\/2021\/las-ventas-minoristas-por-el-dia-del-nino-cayeron-02-frente-al-ano-pasado\/","name":"Las ventas minoristas por el D\u00eda del Ni\u00f1o cayeron 0,2% frente al a\u00f1o pasado - Noticias Radio Reflejos","isPartOf":{"@id":"https:\/\/www.noticiasradioreflejos.com.ar\/2021\/#website"},"primaryImageOfPage":{"@id":"https:\/\/www.noticiasradioreflejos.com.ar\/2021\/las-ventas-minoristas-por-el-dia-del-nino-cayeron-02-frente-al-ano-pasado\/#primaryimage"},"image":{"@id":"https:\/\/www.noticiasradioreflejos.com.ar\/2021\/las-ventas-minoristas-por-el-dia-del-nino-cayeron-02-frente-al-ano-pasado\/#primaryimage"},"thumbnailUrl":"https:\/\/ci4.googleusercontent.com\/proxy\/CyZckfVuuZIUyr8Mowd7gPuVDiYiH0wCE0N4S4CfFQo_HfMXBBsQyk4ArC-sU7YlLuiosnPydtq547R0n1Jp1vQFPaOW_lMa3IKQJp6_C3FD5IeDrXLIXJqcY9eeEaEfBEekGADWZ1c2XqmaCLkGYWt4ixXqVZpyJi3LLG40v9QV92GPbxVJE5V_AhDS_ei6RWq5gA=s0-d-e1-ft#https:\/\/mailprensa.came.org.ar\/data\/1899c60d3e88c767f20949a98d5003460b14bf85\/media_files\/410\/original\/image-20230820104118-2.png","datePublished":"2023-08-20T14:30:57+00:00","author":{"@id":"https:\/\/www.noticiasradioreflejos.com.ar\/2021\/#\/schema\/person\/ad82545263dcc5ec0996818884fd5fb1"},"breadcrumb":{"@id":"https:\/\/www.noticiasradioreflejos.com.ar\/2021\/las-ventas-minoristas-por-el-dia-del-nino-cayeron-02-frente-al-ano-pasado\/#breadcrumb"},"inLanguage":"es","potentialAction":[{"@type":"ReadAction","target":["https:\/\/www.noticiasradioreflejos.com.ar\/2021\/las-ventas-minoristas-por-el-dia-del-nino-cayeron-02-frente-al-ano-pasado\/"]}]},{"@type":"ImageObject","inLanguage":"es","@id":"https:\/\/www.noticiasradioreflejos.com.ar\/2021\/las-ventas-minoristas-por-el-dia-del-nino-cayeron-02-frente-al-ano-pasado\/#primaryimage","url":"https:\/\/ci4.googleusercontent.com\/proxy\/CyZckfVuuZIUyr8Mowd7gPuVDiYiH0wCE0N4S4CfFQo_HfMXBBsQyk4ArC-sU7YlLuiosnPydtq547R0n1Jp1vQFPaOW_lMa3IKQJp6_C3FD5IeDrXLIXJqcY9eeEaEfBEekGADWZ1c2XqmaCLkGYWt4ixXqVZpyJi3LLG40v9QV92GPbxVJE5V_AhDS_ei6RWq5gA=s0-d-e1-ft#https:\/\/mailprensa.came.org.ar\/data\/1899c60d3e88c767f20949a98d5003460b14bf85\/media_files\/410\/original\/image-20230820104118-2.png","contentUrl":"https:\/\/ci4.googleusercontent.com\/proxy\/CyZckfVuuZIUyr8Mowd7gPuVDiYiH0wCE0N4S4CfFQo_HfMXBBsQyk4ArC-sU7YlLuiosnPydtq547R0n1Jp1vQFPaOW_lMa3IKQJp6_C3FD5IeDrXLIXJqcY9eeEaEfBEekGADWZ1c2XqmaCLkGYWt4ixXqVZpyJi3LLG40v9QV92GPbxVJE5V_AhDS_ei6RWq5gA=s0-d-e1-ft#https:\/\/mailprensa.came.org.ar\/data\/1899c60d3e88c767f20949a98d5003460b14bf85\/media_files\/410\/original\/image-20230820104118-2.png"},{"@type":"BreadcrumbList","@id":"https:\/\/www.noticiasradioreflejos.com.ar\/2021\/las-ventas-minoristas-por-el-dia-del-nino-cayeron-02-frente-al-ano-pasado\/#breadcrumb","itemListElement":[{"@type":"ListItem","position":1,"name":"Portada","item":"https:\/\/www.noticiasradioreflejos.com.ar\/2021\/"},{"@type":"ListItem","position":2,"name":"Las ventas minoristas por el D\u00eda del Ni\u00f1o cayeron 0,2% frente al a\u00f1o pasado"}]},{"@type":"WebSite","@id":"https:\/\/www.noticiasradioreflejos.com.ar\/2021\/#website","url":"https:\/\/www.noticiasradioreflejos.com.ar\/2021\/","name":"Noticias Radio Reflejos","description":"Las noticias de mi comarca","potentialAction":[{"@type":"SearchAction","target":{"@type":"EntryPoint","urlTemplate":"https:\/\/www.noticiasradioreflejos.com.ar\/2021\/?s={search_term_string}"},"query-input":{"@type":"PropertyValueSpecification","valueRequired":true,"valueName":"search_term_string"}}],"inLanguage":"es"},{"@type":"Person","@id":"https:\/\/www.noticiasradioreflejos.com.ar\/2021\/#\/schema\/person\/ad82545263dcc5ec0996818884fd5fb1","name":"Arnaldo Botto","image":{"@type":"ImageObject","inLanguage":"es","@id":"https:\/\/www.noticiasradioreflejos.com.ar\/2021\/#\/schema\/person\/image\/","url":"https:\/\/secure.gravatar.com\/avatar\/55cb5e37c1efa326397366e6974cb338056df65cb50e7d64d1cf314e87504837?s=96&d=mm&r=g","contentUrl":"https:\/\/secure.gravatar.com\/avatar\/55cb5e37c1efa326397366e6974cb338056df65cb50e7d64d1cf314e87504837?s=96&d=mm&r=g","caption":"Arnaldo Botto"},"url":"https:\/\/www.noticiasradioreflejos.com.ar\/2021\/author\/arnaldo\/"}]}},"_links":{"self":[{"href":"https:\/\/www.noticiasradioreflejos.com.ar\/2021\/wp-json\/wp\/v2\/posts\/91883","targetHints":{"allow":["GET"]}}],"collection":[{"href":"https:\/\/www.noticiasradioreflejos.com.ar\/2021\/wp-json\/wp\/v2\/posts"}],"about":[{"href":"https:\/\/www.noticiasradioreflejos.com.ar\/2021\/wp-json\/wp\/v2\/types\/post"}],"author":[{"embeddable":true,"href":"https:\/\/www.noticiasradioreflejos.com.ar\/2021\/wp-json\/wp\/v2\/users\/3"}],"replies":[{"embeddable":true,"href":"https:\/\/www.noticiasradioreflejos.com.ar\/2021\/wp-json\/wp\/v2\/comments?post=91883"}],"version-history":[{"count":1,"href":"https:\/\/www.noticiasradioreflejos.com.ar\/2021\/wp-json\/wp\/v2\/posts\/91883\/revisions"}],"predecessor-version":[{"id":91885,"href":"https:\/\/www.noticiasradioreflejos.com.ar\/2021\/wp-json\/wp\/v2\/posts\/91883\/revisions\/91885"}],"wp:attachment":[{"href":"https:\/\/www.noticiasradioreflejos.com.ar\/2021\/wp-json\/wp\/v2\/media?parent=91883"}],"wp:term":[{"taxonomy":"category","embeddable":true,"href":"https:\/\/www.noticiasradioreflejos.com.ar\/2021\/wp-json\/wp\/v2\/categories?post=91883"},{"taxonomy":"post_tag","embeddable":true,"href":"https:\/\/www.noticiasradioreflejos.com.ar\/2021\/wp-json\/wp\/v2\/tags?post=91883"}],"curies":[{"name":"wp","href":"https:\/\/api.w.org\/{rel}","templated":true}]}}