{"id":9187,"date":"2017-04-18T09:42:32","date_gmt":"2017-04-18T12:42:32","guid":{"rendered":"http:\/\/noticiasradioreflejos.com.ar\/noticias\/?p=9187"},"modified":"2017-04-18T09:42:32","modified_gmt":"2017-04-18T12:42:32","slug":"cronico-de-un-abuso-planificado-y-concretado","status":"publish","type":"post","link":"https:\/\/www.noticiasradioreflejos.com.ar\/2021\/cronico-de-un-abuso-planificado-y-concretado\/","title":{"rendered":"Cr\u00f3nica de un abuso planificado y concretado."},"content":{"rendered":"<p>Nota del Lic. Claudio Masson.<br \/>\n&#8211; 31 de marzo de 2016: luego de trabajar 25 a\u00f1os en la modalidad Adultos-Cens de la Direcci\u00f3n General de Cultura y Educaci\u00f3n de la Prov. de Bs As aprob\u00e9 la prueba de selecci\u00f3n para ser director de escuelas de esa modalidad.<br \/>\nDurante el mes de abril, realice consultas para poder acceder al cargo de director del CENS 451 de Saldungaray, cargo que se encontraba cubierto transitoriamente por el licenciado Sebasti\u00e1n Bassi (director de deportes del gobierno municipal de Tornquist (CC-PRO) y docente que desplazar\u00eda por haber solicitado el cargo luego de rendir bien las pruebas de selecci\u00f3n). Cuando solicito cubrir ese cargo comienzo a notar una especial dilaci\u00f3n en los tr\u00e1mites por parte de la jefatura distrital de Tornquist, esto me oblig\u00f3 a presentar recursos varios para que se proceda en un tr\u00e1mite que es de enorme habitualidad.<br \/>\nDurante el proceso, en una localidad tan chica como la que vivo, escucho que el tr\u00e1mite se dilataba porque el intendente Bordoni hab\u00eda pedido \u201cse demore\u201d, dado que el licenciado Bassi por cuestiones econ\u00f3micas no pod\u00eda seguir siendo Director de deportes si deb\u00eda dejar el cargo de director del CENS 451. Consulto esto con una autoridad pol\u00edtica de Cambiemos y me dice que escucho lo mismo.<!--more--><br \/>\n-Viernes 27 de mayo de 2016: al mediod\u00eda me comunico con la inspectora jefe distrital Mar\u00eda Rosa Gonz\u00e1lez para consultarle por el tr\u00e1mite y pedirle me explique el porqu\u00e9 de la demora. Durante la llamada la citada funcionaria reconoce que alguien le pidi\u00f3 que espere con el tr\u00e1mite.<br \/>\nAnte tan irracional confesi\u00f3n le solicito una urgente entrevista que se concret\u00f3 el lunes 30 de Mayo a las 9:00 hs, donde (en presencia de la representante distrital del Suteba) la inspectora jefe distrital -responsable por ley del tr\u00e1mite- informa que no hay ning\u00fan motivo para dilatar el nombramiento y reconoce que \u2018\u2019ALGUIEN\u2019\u2019 A QUIEN \u2018\u2019NO PUEDE IDENTIFICAR\u2019\u2019 LE HA PEDIDO \u2018\u2019ESPERAR CON EL TRAMITE\u2019\u2019, y que espera \u2018\u2019la informaci\u00f3n para aplicar la normativa acorde a la circunstancia\u201d SIC. Si, usted ley\u00f3 bien: la funcionaria expres\u00f3 ante testigos que \u201calguien le hab\u00eda pedido que espere con el tr\u00e1mite\u201d y cuando fue consultada sobre qui\u00e9n era esa persona dijo \u2018\u2019no recordar\u2019\u2019 qui\u00e9n era. Esto esta transcripto y testimoniado.<br \/>\nMientras tanto, en una Provincia que se dice \u201cquebrada\u201d, se resuelve disponer el funcionamiento de dos propuestas FINES, nombr\u00e1ndose como coordinador de esas experiencias al Lic. Sebastian Bassi con un sueldo de 18 horas catedra y con un \u201cayudante\u201d, el pariente de Bassi, el profesor Gabriel Dorado, tambi\u00e9n con un sueldo de 18 horas catedra. Las aperturas no se encuentran explicitadas en la planificaci\u00f3n realizada tanto a nivel de la Regi\u00f3n 23, como del distrito de Tornquist; todo esto podr\u00eda dejar aclarada la vinculaci\u00f3n entre la apertura de los FINES, el nombramiento del coordinador Sebasti\u00e1n Bassi, y las necesidades econ\u00f3micas de \u00e9ste \u00faltimo.<br \/>\nResuelto el tema del profesor Bassi para que pueda seguir siendo director de deportes, \u201cRECIEN EL 21 DE JUNIO DE 2016 SOY PUESTO EN FUNCIONES SEG\u00daN OBRA EN ACTA.<br \/>\n&#8211; 22 de junio de 2016: Habiendo ingresado a la escuela no puedo realizar ning\u00fan acta de gesti\u00f3n (dado que el ex director solo me dejo la llave en la porter\u00eda de la escuela). Me entero que el secretario del CENS 451 (profesor Fernando Ramos, que vive en Coronel Suarez) varias veces no concurr\u00eda al CENS tal cual se observa en mails intercambiados entre el ex director Bassi y secretario mencionado, y en documentaci\u00f3n conexa. Al observar la situaci\u00f3n irregular de las ausencias, el secretario, Fernando Ramos toma licencia por depresi\u00f3n.<br \/>\nAl desarrollar mi tarea realizo una auditoria descriptiva -documentada por 200 fotos- del estado en el que encuentro el establecimiento, detectando numerosas irregularidades y un enorme desorden administrativo y pedag\u00f3gico que notifico fehacientemente a la inspectora jefe distrital. Adem\u00e1s visito por primera vez en la historia del CENS (consta en acta) las subsedes de Pig\u00fce y Lamadrid.<br \/>\nDesde el inicio de mi gesti\u00f3n soy objeto de una supervisi\u00f3n por parte de la inspectora jefe distrital Mar\u00eda Rosa Gonz\u00e1lez que se transforma en una verdadera persecuci\u00f3n personal y profesional, situaci\u00f3n con aspectos realmente extraordinarios y escandalosos que -para no ser tan extenso- termina el 11 de noviembre cuando la citada funcionaria califica mi desempe\u00f1o profesional con un 7 (siete). Cabe aclarar que, a pesar de las innumerables irregularidades y desprolijidades informadas oportunamente, el ex director del CENS 451 Sebasti\u00e1n Bassi y el secretario Fernando Ramos recibieron por parte de la misma inspectora una nota de 10 (diez) puntos.<br \/>\nTambi\u00e9n es menester se\u00f1alar que -durante el a\u00f1o 2016- he desarrollado tareas como preceptor, orientador educacional y profesor en otras escuelas; en todos mis desempe\u00f1os he sido calificado con un diez, tanto por las respectivas directivos como por la inspectora de psicolog\u00eda de la Regi\u00f3n 23. Adem\u00e1s, en mis 25 a\u00f1os de ejercicio de la docencia, mis calificaciones fueron siempre un 10. Informo esto para destacar que -en solo 90 d\u00edas de gesti\u00f3n directiva- mi nota fue un siete, y que debe relacionarse este hecho con el Decreto Reglamentario de la ley 10579 (Estatuto del Docente) donde se establece que una de las formas de cesar a un director provisional del cargo es evaluarlo con una nota menor de ocho\u2026 \u00bfSe entiende no?.<br \/>\nAsombrado por tanta violencia institucional, el 23 de Diciembre de 2916 concreto una entrevista con el Inspector jefe regional profesor Fabi\u00e1n Palma en la cual acompa\u00f1ado por representante del sindicato SUTEBA Coronel Suarez describo lo acontecido durante esos meses y solicito un cambio en la supervisi\u00f3n. El 28 de Diciembre el profesor Palma me llama a mi celular -desde el tel\u00e9fono de la Jefatura Regional- y me informa que atento a todo lo presentado a partir del a\u00f1o 2017 ser\u00e1 mi supervisora la inspectora prof. Alicia Bordoni.<br \/>\nComienza entonces un nuevo a\u00f1o, acompa\u00f1ado por la nueva inspectora, trabajo acorde a la normativa vigente tanto en el CENS 451 como en las sub-sedes. Para corregir ciertas \u201ccostumbres\u201d del CENS 451, tuve que enviar un carta documento para que un docente se presente a trabajar como correspond\u00eda.<br \/>\nEl final y desenlace de todo esto se dio hace pocos d\u00edas cuando encontr\u00e9 pegado en el pilar de la luz una disposici\u00f3n del director de Adultos Prof. Pedro Schiuma que CON FECHA 8 DE NOVIEMBRE DE 2016 DISPONE EL INICIO DE UN PRESUMARIO SOBRE MI ACTUACI\u00d3N PROFESIONAL Y PERSONAL. \u00bfQUI\u00c9N LLEVA ADELANTE EL PEDIDO DE PRESUMARIO? \u00a1SI!, LA INSPECTORA JEFE DISTRITAL PROFESORA MAR\u00cdA ROSA GONZALEZ.<br \/>\nEl pre-sumario se basa en falsedades y falacias de diverso orden, y en su art\u00edculo 3 DETERMINA MI RELEVO TRANSITORIO COMO DIRECTOR DEL CENS 451 MIENTRAS TANTO SE SUSTANCIE EL PRESUMARIO CORRESPONDIENTE.<br \/>\nESE MISMO D\u00cdA APARECE ABIERTO Y SIN CANDADO EL MUEBLE DONDE SE ENCUENTRAN LOS ESTADOS ADMINISTRATIVOS Y PEDAG\u00d3GICOS DEL CENS 451, SITUACI\u00d3N CONSTATADA EN ACTA, POR FOTO Y ADEM\u00c1S POR DOS AUXILIARES QUE OBRAN DE TESTIGOS DEL ACTA.<br \/>\nRESUMIENDO, SE LOGR\u00d3 LO QUE SIEMPRE QUISIERON: EVITAR MI GESTI\u00d3N DIRECTIVA.<br \/>\nA lo largo de estos 25 a\u00f1os de docente he trabajado siempre con rectitud de conciencia, con la debida y necesaria competencia, y con el compromiso personal y profesional del que fui capaz; como fruto de mi desempe\u00f1o profesional, he dado clases en centros acad\u00e9micos de nivel secundario, terciario y universitario tanto en la Argentina como en el extranjero.<br \/>\nHOY ME ENCUENTRO INJUSTAMENTE VILIPENDIADO Y EN ESTADO DE SOSPECHA.<br \/>\nDESEO TRANSMITIR ESTO PARA DAR A CONOCER QUE FUI Y SOY V\u00cdCTIMA DE UNA PERSECUCI\u00d3N POL\u00cdTICA, PERSONAL E INSTITUCIONAL QUE CONTRADICE EL M\u00c1S ELEMENTAL ESTADO DE DERECHO, Y ES UNA MUESTRA M\u00c1S DE LAS ARBITRARIEDADES, LAS INJUSTICIAS Y LOS ABUSOS QUE SON CAPACES LOS FUNCIONARIOS DE LA ACTUAL ADMINISTRACI\u00d3N DE CAMBIEMOS EN EL DISTRITO Y EN LA PROVINCIA.<br \/>\nCuando fui diputado provincial (2001-2005) fui falsa e injustamente denunciado penalmente, viv\u00ed con esa injusta acusaci\u00f3n y tuve que esperar siete a\u00f1os para que en el 2009, en juicio oral y p\u00fablico, un tribunal determine por unanimidad mi absoluta inocencia de los hechos que se me imputaron oportunamente. Como en esa oportunidad esperar\u00e9 para que la verdad prevalezca sobre los miserables actos humanos y las numerosas difamaciones personales.<br \/>\nEstas cosas me han originado enormes pesares personales, da\u00f1os morales y psicol\u00f3gicos; me encuentro, agobiado y con profundo dolor personal, por lo cual me han indicado licencia laboral. Seguro esta noticia alegrar\u00e1 a algunos, entristecer\u00e1 a otros, y enojar\u00e1 a todos los que siempre buscamos que prevalezca el estado de derecho y la realidad de justicia.<br \/>\nPor todo lo expuesto solicito puedan divulgar esto, dado que hay noticias que tienen la actualidad de las injusticias, siempre actuales hasta que se haga justicia.<br \/>\nOJAL\u00c1 SEA JUSTICIA.<br \/>\n<strong> Lic. Claudio Masson. DNI 20.045.315. CEL. 0291-156490788.<\/strong><\/p>\n","protected":false},"excerpt":{"rendered":"<p>Nota del Lic. Claudio Masson. &#8211; 31 de marzo de 2016: luego de trabajar 25 a\u00f1os en la modalidad Adultos-Cens de la Direcci\u00f3n General de Cultura y Educaci\u00f3n de la Prov. de Bs As aprob\u00e9 la prueba de selecci\u00f3n para ser director de escuelas de esa modalidad. Durante el mes de abril, realice consultas para [&hellip;]<\/p>\n","protected":false},"author":3,"featured_media":0,"comment_status":"closed","ping_status":"open","sticky":false,"template":"","format":"standard","meta":{"footnotes":""},"categories":[26],"tags":[],"class_list":["post-9187","post","type-post","status-publish","format-standard","hentry","category-sociedad"],"yoast_head":"<!-- This site is optimized with the Yoast SEO plugin v25.9 - https:\/\/yoast.com\/wordpress\/plugins\/seo\/ -->\n<title>Cr\u00f3nica de un abuso planificado y concretado. - Noticias Radio Reflejos<\/title>\n<meta name=\"robots\" content=\"index, follow, max-snippet:-1, max-image-preview:large, max-video-preview:-1\" \/>\n<link rel=\"canonical\" href=\"https:\/\/www.noticiasradioreflejos.com.ar\/2021\/cronico-de-un-abuso-planificado-y-concretado\/\" \/>\n<meta property=\"og:locale\" content=\"es_ES\" \/>\n<meta property=\"og:type\" content=\"article\" \/>\n<meta property=\"og:title\" content=\"Cr\u00f3nica de un abuso planificado y concretado. - Noticias Radio Reflejos\" \/>\n<meta property=\"og:description\" content=\"Nota del Lic. Claudio Masson. &#8211; 31 de marzo de 2016: luego de trabajar 25 a\u00f1os en la modalidad Adultos-Cens de la Direcci\u00f3n General de Cultura y Educaci\u00f3n de la Prov. de Bs As aprob\u00e9 la prueba de selecci\u00f3n para ser director de escuelas de esa modalidad. Durante el mes de abril, realice consultas para [&hellip;]\" \/>\n<meta property=\"og:url\" content=\"https:\/\/www.noticiasradioreflejos.com.ar\/2021\/cronico-de-un-abuso-planificado-y-concretado\/\" \/>\n<meta property=\"og:site_name\" content=\"Noticias Radio Reflejos\" \/>\n<meta property=\"article:published_time\" content=\"2017-04-18T12:42:32+00:00\" \/>\n<meta property=\"og:image\" content=\"https:\/\/www.noticiasradioreflejos.com.ar\/2021\/wp-content\/uploads\/2021\/07\/logosol300x200.png\" \/>\n\t<meta property=\"og:image:width\" content=\"300\" \/>\n\t<meta property=\"og:image:height\" content=\"200\" \/>\n\t<meta property=\"og:image:type\" content=\"image\/png\" \/>\n<meta name=\"author\" content=\"Arnaldo Botto\" \/>\n<meta name=\"twitter:card\" content=\"summary_large_image\" \/>\n<script type=\"application\/ld+json\" class=\"yoast-schema-graph\">{\"@context\":\"https:\/\/schema.org\",\"@graph\":[{\"@type\":\"WebPage\",\"@id\":\"https:\/\/www.noticiasradioreflejos.com.ar\/2021\/cronico-de-un-abuso-planificado-y-concretado\/\",\"url\":\"https:\/\/www.noticiasradioreflejos.com.ar\/2021\/cronico-de-un-abuso-planificado-y-concretado\/\",\"name\":\"Cr\u00f3nica de un abuso planificado y concretado. - Noticias Radio Reflejos\",\"isPartOf\":{\"@id\":\"https:\/\/www.noticiasradioreflejos.com.ar\/2021\/#website\"},\"datePublished\":\"2017-04-18T12:42:32+00:00\",\"author\":{\"@id\":\"https:\/\/www.noticiasradioreflejos.com.ar\/2021\/#\/schema\/person\/ad82545263dcc5ec0996818884fd5fb1\"},\"breadcrumb\":{\"@id\":\"https:\/\/www.noticiasradioreflejos.com.ar\/2021\/cronico-de-un-abuso-planificado-y-concretado\/#breadcrumb\"},\"inLanguage\":\"es\",\"potentialAction\":[{\"@type\":\"ReadAction\",\"target\":[\"https:\/\/www.noticiasradioreflejos.com.ar\/2021\/cronico-de-un-abuso-planificado-y-concretado\/\"]}]},{\"@type\":\"BreadcrumbList\",\"@id\":\"https:\/\/www.noticiasradioreflejos.com.ar\/2021\/cronico-de-un-abuso-planificado-y-concretado\/#breadcrumb\",\"itemListElement\":[{\"@type\":\"ListItem\",\"position\":1,\"name\":\"Portada\",\"item\":\"https:\/\/www.noticiasradioreflejos.com.ar\/2021\/\"},{\"@type\":\"ListItem\",\"position\":2,\"name\":\"Cr\u00f3nica de un abuso planificado y concretado.\"}]},{\"@type\":\"WebSite\",\"@id\":\"https:\/\/www.noticiasradioreflejos.com.ar\/2021\/#website\",\"url\":\"https:\/\/www.noticiasradioreflejos.com.ar\/2021\/\",\"name\":\"Noticias Radio Reflejos\",\"description\":\"Las noticias de mi comarca\",\"potentialAction\":[{\"@type\":\"SearchAction\",\"target\":{\"@type\":\"EntryPoint\",\"urlTemplate\":\"https:\/\/www.noticiasradioreflejos.com.ar\/2021\/?s={search_term_string}\"},\"query-input\":{\"@type\":\"PropertyValueSpecification\",\"valueRequired\":true,\"valueName\":\"search_term_string\"}}],\"inLanguage\":\"es\"},{\"@type\":\"Person\",\"@id\":\"https:\/\/www.noticiasradioreflejos.com.ar\/2021\/#\/schema\/person\/ad82545263dcc5ec0996818884fd5fb1\",\"name\":\"Arnaldo Botto\",\"image\":{\"@type\":\"ImageObject\",\"inLanguage\":\"es\",\"@id\":\"https:\/\/www.noticiasradioreflejos.com.ar\/2021\/#\/schema\/person\/image\/\",\"url\":\"https:\/\/secure.gravatar.com\/avatar\/55cb5e37c1efa326397366e6974cb338056df65cb50e7d64d1cf314e87504837?s=96&d=mm&r=g\",\"contentUrl\":\"https:\/\/secure.gravatar.com\/avatar\/55cb5e37c1efa326397366e6974cb338056df65cb50e7d64d1cf314e87504837?s=96&d=mm&r=g\",\"caption\":\"Arnaldo Botto\"},\"url\":\"https:\/\/www.noticiasradioreflejos.com.ar\/2021\/author\/arnaldo\/\"}]}<\/script>\n<!-- \/ Yoast SEO plugin. -->","yoast_head_json":{"title":"Cr\u00f3nica de un abuso planificado y concretado. - Noticias Radio Reflejos","robots":{"index":"index","follow":"follow","max-snippet":"max-snippet:-1","max-image-preview":"max-image-preview:large","max-video-preview":"max-video-preview:-1"},"canonical":"https:\/\/www.noticiasradioreflejos.com.ar\/2021\/cronico-de-un-abuso-planificado-y-concretado\/","og_locale":"es_ES","og_type":"article","og_title":"Cr\u00f3nica de un abuso planificado y concretado. - Noticias Radio Reflejos","og_description":"Nota del Lic. Claudio Masson. &#8211; 31 de marzo de 2016: luego de trabajar 25 a\u00f1os en la modalidad Adultos-Cens de la Direcci\u00f3n General de Cultura y Educaci\u00f3n de la Prov. de Bs As aprob\u00e9 la prueba de selecci\u00f3n para ser director de escuelas de esa modalidad. Durante el mes de abril, realice consultas para [&hellip;]","og_url":"https:\/\/www.noticiasradioreflejos.com.ar\/2021\/cronico-de-un-abuso-planificado-y-concretado\/","og_site_name":"Noticias Radio Reflejos","article_published_time":"2017-04-18T12:42:32+00:00","og_image":[{"width":300,"height":200,"url":"https:\/\/www.noticiasradioreflejos.com.ar\/2021\/wp-content\/uploads\/2021\/07\/logosol300x200.png","type":"image\/png"}],"author":"Arnaldo Botto","twitter_card":"summary_large_image","schema":{"@context":"https:\/\/schema.org","@graph":[{"@type":"WebPage","@id":"https:\/\/www.noticiasradioreflejos.com.ar\/2021\/cronico-de-un-abuso-planificado-y-concretado\/","url":"https:\/\/www.noticiasradioreflejos.com.ar\/2021\/cronico-de-un-abuso-planificado-y-concretado\/","name":"Cr\u00f3nica de un abuso planificado y concretado. - Noticias Radio Reflejos","isPartOf":{"@id":"https:\/\/www.noticiasradioreflejos.com.ar\/2021\/#website"},"datePublished":"2017-04-18T12:42:32+00:00","author":{"@id":"https:\/\/www.noticiasradioreflejos.com.ar\/2021\/#\/schema\/person\/ad82545263dcc5ec0996818884fd5fb1"},"breadcrumb":{"@id":"https:\/\/www.noticiasradioreflejos.com.ar\/2021\/cronico-de-un-abuso-planificado-y-concretado\/#breadcrumb"},"inLanguage":"es","potentialAction":[{"@type":"ReadAction","target":["https:\/\/www.noticiasradioreflejos.com.ar\/2021\/cronico-de-un-abuso-planificado-y-concretado\/"]}]},{"@type":"BreadcrumbList","@id":"https:\/\/www.noticiasradioreflejos.com.ar\/2021\/cronico-de-un-abuso-planificado-y-concretado\/#breadcrumb","itemListElement":[{"@type":"ListItem","position":1,"name":"Portada","item":"https:\/\/www.noticiasradioreflejos.com.ar\/2021\/"},{"@type":"ListItem","position":2,"name":"Cr\u00f3nica de un abuso planificado y concretado."}]},{"@type":"WebSite","@id":"https:\/\/www.noticiasradioreflejos.com.ar\/2021\/#website","url":"https:\/\/www.noticiasradioreflejos.com.ar\/2021\/","name":"Noticias Radio Reflejos","description":"Las noticias de mi comarca","potentialAction":[{"@type":"SearchAction","target":{"@type":"EntryPoint","urlTemplate":"https:\/\/www.noticiasradioreflejos.com.ar\/2021\/?s={search_term_string}"},"query-input":{"@type":"PropertyValueSpecification","valueRequired":true,"valueName":"search_term_string"}}],"inLanguage":"es"},{"@type":"Person","@id":"https:\/\/www.noticiasradioreflejos.com.ar\/2021\/#\/schema\/person\/ad82545263dcc5ec0996818884fd5fb1","name":"Arnaldo Botto","image":{"@type":"ImageObject","inLanguage":"es","@id":"https:\/\/www.noticiasradioreflejos.com.ar\/2021\/#\/schema\/person\/image\/","url":"https:\/\/secure.gravatar.com\/avatar\/55cb5e37c1efa326397366e6974cb338056df65cb50e7d64d1cf314e87504837?s=96&d=mm&r=g","contentUrl":"https:\/\/secure.gravatar.com\/avatar\/55cb5e37c1efa326397366e6974cb338056df65cb50e7d64d1cf314e87504837?s=96&d=mm&r=g","caption":"Arnaldo Botto"},"url":"https:\/\/www.noticiasradioreflejos.com.ar\/2021\/author\/arnaldo\/"}]}},"_links":{"self":[{"href":"https:\/\/www.noticiasradioreflejos.com.ar\/2021\/wp-json\/wp\/v2\/posts\/9187","targetHints":{"allow":["GET"]}}],"collection":[{"href":"https:\/\/www.noticiasradioreflejos.com.ar\/2021\/wp-json\/wp\/v2\/posts"}],"about":[{"href":"https:\/\/www.noticiasradioreflejos.com.ar\/2021\/wp-json\/wp\/v2\/types\/post"}],"author":[{"embeddable":true,"href":"https:\/\/www.noticiasradioreflejos.com.ar\/2021\/wp-json\/wp\/v2\/users\/3"}],"replies":[{"embeddable":true,"href":"https:\/\/www.noticiasradioreflejos.com.ar\/2021\/wp-json\/wp\/v2\/comments?post=9187"}],"version-history":[{"count":0,"href":"https:\/\/www.noticiasradioreflejos.com.ar\/2021\/wp-json\/wp\/v2\/posts\/9187\/revisions"}],"wp:attachment":[{"href":"https:\/\/www.noticiasradioreflejos.com.ar\/2021\/wp-json\/wp\/v2\/media?parent=9187"}],"wp:term":[{"taxonomy":"category","embeddable":true,"href":"https:\/\/www.noticiasradioreflejos.com.ar\/2021\/wp-json\/wp\/v2\/categories?post=9187"},{"taxonomy":"post_tag","embeddable":true,"href":"https:\/\/www.noticiasradioreflejos.com.ar\/2021\/wp-json\/wp\/v2\/tags?post=9187"}],"curies":[{"name":"wp","href":"https:\/\/api.w.org\/{rel}","templated":true}]}}