{"id":91868,"date":"2023-08-20T00:00:14","date_gmt":"2023-08-20T00:00:14","guid":{"rendered":"https:\/\/www.noticiasradioreflejos.com.ar\/2021\/?p=91868"},"modified":"2023-08-22T12:49:36","modified_gmt":"2023-08-22T12:49:36","slug":"un-automovil-se-despisto-en-el-abra-de-la-ventana","status":"publish","type":"post","link":"https:\/\/www.noticiasradioreflejos.com.ar\/2021\/un-automovil-se-despisto-en-el-abra-de-la-ventana\/","title":{"rendered":"Un autom\u00f3vil se despist\u00f3 en el Abra de la Ventana"},"content":{"rendered":"<p>El accidente se produjo pasadas las 20 horas en la ruta 76 a la altura del Abra de la Ventana.<!--more--><\/p>\n<p>Un autom\u00f3vil Ford Falcon con dos ocupantes sali\u00f3 de la cinta asf\u00e1ltica y termin\u00f3 en un zanj\u00f3n a la vera de la ruta en el sector de acceso al Abra, en direcci\u00f3n a Villa Ventana. En una curva el conductor se encontr\u00f3 la ruta mojada y al dar un volantazo se despista quedando en la zanja de la mano contraria a la que circulaba.<\/p>\n<p><a title=\"Despiste en el Abra (2)\" href=\"https:\/\/www.flickr.com\/photos\/182279889@N02\/53128669388\/in\/dateposted-public\/\" data-flickr-embed=\"true\" data-footer=\"true\"><img loading=\"lazy\" decoding=\"async\" src=\"https:\/\/live.staticflickr.com\/65535\/53128669388_5e64a5ec3d_c.jpg\" alt=\"Despiste en el Abra (2)\" width=\"800\" height=\"360\" \/><\/a><\/p>\n<p>&nbsp;<\/p>\n<p>En el veh\u00edculo se movilizaba un matrimonio mayor de edad, de los cuales uno fu\u00e9 trasladado para observaci\u00f3n al hospital municipal de Tornquist. No hubo heridos.<\/p>\n<p>Trabajaron bomberos de Sierra y Villa, polic\u00eda y personal de tr\u00e1nsito, Unidad sanitaria de Villa Ventana, que lograron sacar el auto de la zanja. Posteriormente el veh\u00edculo sali\u00f3 andando por sus propios medios.<br \/>\n<strong><br \/>\nFotos Bomberos Sierra de la Ventana<\/strong><\/p>\n","protected":false},"excerpt":{"rendered":"<p>El accidente se produjo pasadas las 20 horas en la ruta 76 a la altura del Abra de la Ventana.<\/p>\n","protected":false},"author":3,"featured_media":0,"comment_status":"closed","ping_status":"closed","sticky":false,"template":"","format":"standard","meta":{"footnotes":""},"categories":[29],"tags":[48],"class_list":["post-91868","post","type-post","status-publish","format-standard","hentry","category-policiales","tag-destacada"],"yoast_head":"<!-- This site is optimized with the Yoast SEO plugin v25.9 - https:\/\/yoast.com\/wordpress\/plugins\/seo\/ -->\n<title>Un autom\u00f3vil se despist\u00f3 en el Abra de la Ventana - Noticias Radio Reflejos<\/title>\n<meta name=\"robots\" content=\"index, follow, max-snippet:-1, max-image-preview:large, max-video-preview:-1\" \/>\n<link rel=\"canonical\" href=\"https:\/\/www.noticiasradioreflejos.com.ar\/2021\/un-automovil-se-despisto-en-el-abra-de-la-ventana\/\" \/>\n<meta property=\"og:locale\" content=\"es_ES\" \/>\n<meta property=\"og:type\" content=\"article\" \/>\n<meta property=\"og:title\" content=\"Un autom\u00f3vil se despist\u00f3 en el Abra de la Ventana - Noticias Radio Reflejos\" \/>\n<meta property=\"og:description\" content=\"El accidente se produjo pasadas las 20 horas en la ruta 76 a la altura del Abra de la Ventana.\" \/>\n<meta property=\"og:url\" content=\"https:\/\/www.noticiasradioreflejos.com.ar\/2021\/un-automovil-se-despisto-en-el-abra-de-la-ventana\/\" \/>\n<meta property=\"og:site_name\" content=\"Noticias Radio Reflejos\" \/>\n<meta property=\"article:published_time\" content=\"2023-08-20T00:00:14+00:00\" \/>\n<meta property=\"article:modified_time\" content=\"2023-08-22T12:49:36+00:00\" \/>\n<meta property=\"og:image\" content=\"https:\/\/live.staticflickr.com\/65535\/53128669388_5e64a5ec3d_c.jpg\" \/>\n<meta name=\"author\" content=\"Arnaldo Botto\" \/>\n<meta name=\"twitter:card\" content=\"summary_large_image\" \/>\n<script type=\"application\/ld+json\" class=\"yoast-schema-graph\">{\"@context\":\"https:\/\/schema.org\",\"@graph\":[{\"@type\":\"WebPage\",\"@id\":\"https:\/\/www.noticiasradioreflejos.com.ar\/2021\/un-automovil-se-despisto-en-el-abra-de-la-ventana\/\",\"url\":\"https:\/\/www.noticiasradioreflejos.com.ar\/2021\/un-automovil-se-despisto-en-el-abra-de-la-ventana\/\",\"name\":\"Un autom\u00f3vil se despist\u00f3 en el Abra de la Ventana - Noticias Radio Reflejos\",\"isPartOf\":{\"@id\":\"https:\/\/www.noticiasradioreflejos.com.ar\/2021\/#website\"},\"primaryImageOfPage\":{\"@id\":\"https:\/\/www.noticiasradioreflejos.com.ar\/2021\/un-automovil-se-despisto-en-el-abra-de-la-ventana\/#primaryimage\"},\"image\":{\"@id\":\"https:\/\/www.noticiasradioreflejos.com.ar\/2021\/un-automovil-se-despisto-en-el-abra-de-la-ventana\/#primaryimage\"},\"thumbnailUrl\":\"https:\/\/live.staticflickr.com\/65535\/53128669388_5e64a5ec3d_c.jpg\",\"datePublished\":\"2023-08-20T00:00:14+00:00\",\"dateModified\":\"2023-08-22T12:49:36+00:00\",\"author\":{\"@id\":\"https:\/\/www.noticiasradioreflejos.com.ar\/2021\/#\/schema\/person\/ad82545263dcc5ec0996818884fd5fb1\"},\"breadcrumb\":{\"@id\":\"https:\/\/www.noticiasradioreflejos.com.ar\/2021\/un-automovil-se-despisto-en-el-abra-de-la-ventana\/#breadcrumb\"},\"inLanguage\":\"es\",\"potentialAction\":[{\"@type\":\"ReadAction\",\"target\":[\"https:\/\/www.noticiasradioreflejos.com.ar\/2021\/un-automovil-se-despisto-en-el-abra-de-la-ventana\/\"]}]},{\"@type\":\"ImageObject\",\"inLanguage\":\"es\",\"@id\":\"https:\/\/www.noticiasradioreflejos.com.ar\/2021\/un-automovil-se-despisto-en-el-abra-de-la-ventana\/#primaryimage\",\"url\":\"https:\/\/live.staticflickr.com\/65535\/53128669388_5e64a5ec3d_c.jpg\",\"contentUrl\":\"https:\/\/live.staticflickr.com\/65535\/53128669388_5e64a5ec3d_c.jpg\"},{\"@type\":\"BreadcrumbList\",\"@id\":\"https:\/\/www.noticiasradioreflejos.com.ar\/2021\/un-automovil-se-despisto-en-el-abra-de-la-ventana\/#breadcrumb\",\"itemListElement\":[{\"@type\":\"ListItem\",\"position\":1,\"name\":\"Portada\",\"item\":\"https:\/\/www.noticiasradioreflejos.com.ar\/2021\/\"},{\"@type\":\"ListItem\",\"position\":2,\"name\":\"Un autom\u00f3vil se despist\u00f3 en el Abra de la Ventana\"}]},{\"@type\":\"WebSite\",\"@id\":\"https:\/\/www.noticiasradioreflejos.com.ar\/2021\/#website\",\"url\":\"https:\/\/www.noticiasradioreflejos.com.ar\/2021\/\",\"name\":\"Noticias Radio Reflejos\",\"description\":\"Las noticias de mi comarca\",\"potentialAction\":[{\"@type\":\"SearchAction\",\"target\":{\"@type\":\"EntryPoint\",\"urlTemplate\":\"https:\/\/www.noticiasradioreflejos.com.ar\/2021\/?s={search_term_string}\"},\"query-input\":{\"@type\":\"PropertyValueSpecification\",\"valueRequired\":true,\"valueName\":\"search_term_string\"}}],\"inLanguage\":\"es\"},{\"@type\":\"Person\",\"@id\":\"https:\/\/www.noticiasradioreflejos.com.ar\/2021\/#\/schema\/person\/ad82545263dcc5ec0996818884fd5fb1\",\"name\":\"Arnaldo Botto\",\"image\":{\"@type\":\"ImageObject\",\"inLanguage\":\"es\",\"@id\":\"https:\/\/www.noticiasradioreflejos.com.ar\/2021\/#\/schema\/person\/image\/\",\"url\":\"https:\/\/secure.gravatar.com\/avatar\/55cb5e37c1efa326397366e6974cb338056df65cb50e7d64d1cf314e87504837?s=96&d=mm&r=g\",\"contentUrl\":\"https:\/\/secure.gravatar.com\/avatar\/55cb5e37c1efa326397366e6974cb338056df65cb50e7d64d1cf314e87504837?s=96&d=mm&r=g\",\"caption\":\"Arnaldo Botto\"},\"url\":\"https:\/\/www.noticiasradioreflejos.com.ar\/2021\/author\/arnaldo\/\"}]}<\/script>\n<!-- \/ Yoast SEO plugin. -->","yoast_head_json":{"title":"Un autom\u00f3vil se despist\u00f3 en el Abra de la Ventana - Noticias Radio Reflejos","robots":{"index":"index","follow":"follow","max-snippet":"max-snippet:-1","max-image-preview":"max-image-preview:large","max-video-preview":"max-video-preview:-1"},"canonical":"https:\/\/www.noticiasradioreflejos.com.ar\/2021\/un-automovil-se-despisto-en-el-abra-de-la-ventana\/","og_locale":"es_ES","og_type":"article","og_title":"Un autom\u00f3vil se despist\u00f3 en el Abra de la Ventana - Noticias Radio Reflejos","og_description":"El accidente se produjo pasadas las 20 horas en la ruta 76 a la altura del Abra de la Ventana.","og_url":"https:\/\/www.noticiasradioreflejos.com.ar\/2021\/un-automovil-se-despisto-en-el-abra-de-la-ventana\/","og_site_name":"Noticias Radio Reflejos","article_published_time":"2023-08-20T00:00:14+00:00","article_modified_time":"2023-08-22T12:49:36+00:00","og_image":[{"url":"https:\/\/live.staticflickr.com\/65535\/53128669388_5e64a5ec3d_c.jpg","type":"","width":"","height":""}],"author":"Arnaldo Botto","twitter_card":"summary_large_image","schema":{"@context":"https:\/\/schema.org","@graph":[{"@type":"WebPage","@id":"https:\/\/www.noticiasradioreflejos.com.ar\/2021\/un-automovil-se-despisto-en-el-abra-de-la-ventana\/","url":"https:\/\/www.noticiasradioreflejos.com.ar\/2021\/un-automovil-se-despisto-en-el-abra-de-la-ventana\/","name":"Un autom\u00f3vil se despist\u00f3 en el Abra de la Ventana - Noticias Radio Reflejos","isPartOf":{"@id":"https:\/\/www.noticiasradioreflejos.com.ar\/2021\/#website"},"primaryImageOfPage":{"@id":"https:\/\/www.noticiasradioreflejos.com.ar\/2021\/un-automovil-se-despisto-en-el-abra-de-la-ventana\/#primaryimage"},"image":{"@id":"https:\/\/www.noticiasradioreflejos.com.ar\/2021\/un-automovil-se-despisto-en-el-abra-de-la-ventana\/#primaryimage"},"thumbnailUrl":"https:\/\/live.staticflickr.com\/65535\/53128669388_5e64a5ec3d_c.jpg","datePublished":"2023-08-20T00:00:14+00:00","dateModified":"2023-08-22T12:49:36+00:00","author":{"@id":"https:\/\/www.noticiasradioreflejos.com.ar\/2021\/#\/schema\/person\/ad82545263dcc5ec0996818884fd5fb1"},"breadcrumb":{"@id":"https:\/\/www.noticiasradioreflejos.com.ar\/2021\/un-automovil-se-despisto-en-el-abra-de-la-ventana\/#breadcrumb"},"inLanguage":"es","potentialAction":[{"@type":"ReadAction","target":["https:\/\/www.noticiasradioreflejos.com.ar\/2021\/un-automovil-se-despisto-en-el-abra-de-la-ventana\/"]}]},{"@type":"ImageObject","inLanguage":"es","@id":"https:\/\/www.noticiasradioreflejos.com.ar\/2021\/un-automovil-se-despisto-en-el-abra-de-la-ventana\/#primaryimage","url":"https:\/\/live.staticflickr.com\/65535\/53128669388_5e64a5ec3d_c.jpg","contentUrl":"https:\/\/live.staticflickr.com\/65535\/53128669388_5e64a5ec3d_c.jpg"},{"@type":"BreadcrumbList","@id":"https:\/\/www.noticiasradioreflejos.com.ar\/2021\/un-automovil-se-despisto-en-el-abra-de-la-ventana\/#breadcrumb","itemListElement":[{"@type":"ListItem","position":1,"name":"Portada","item":"https:\/\/www.noticiasradioreflejos.com.ar\/2021\/"},{"@type":"ListItem","position":2,"name":"Un autom\u00f3vil se despist\u00f3 en el Abra de la Ventana"}]},{"@type":"WebSite","@id":"https:\/\/www.noticiasradioreflejos.com.ar\/2021\/#website","url":"https:\/\/www.noticiasradioreflejos.com.ar\/2021\/","name":"Noticias Radio Reflejos","description":"Las noticias de mi comarca","potentialAction":[{"@type":"SearchAction","target":{"@type":"EntryPoint","urlTemplate":"https:\/\/www.noticiasradioreflejos.com.ar\/2021\/?s={search_term_string}"},"query-input":{"@type":"PropertyValueSpecification","valueRequired":true,"valueName":"search_term_string"}}],"inLanguage":"es"},{"@type":"Person","@id":"https:\/\/www.noticiasradioreflejos.com.ar\/2021\/#\/schema\/person\/ad82545263dcc5ec0996818884fd5fb1","name":"Arnaldo Botto","image":{"@type":"ImageObject","inLanguage":"es","@id":"https:\/\/www.noticiasradioreflejos.com.ar\/2021\/#\/schema\/person\/image\/","url":"https:\/\/secure.gravatar.com\/avatar\/55cb5e37c1efa326397366e6974cb338056df65cb50e7d64d1cf314e87504837?s=96&d=mm&r=g","contentUrl":"https:\/\/secure.gravatar.com\/avatar\/55cb5e37c1efa326397366e6974cb338056df65cb50e7d64d1cf314e87504837?s=96&d=mm&r=g","caption":"Arnaldo Botto"},"url":"https:\/\/www.noticiasradioreflejos.com.ar\/2021\/author\/arnaldo\/"}]}},"_links":{"self":[{"href":"https:\/\/www.noticiasradioreflejos.com.ar\/2021\/wp-json\/wp\/v2\/posts\/91868","targetHints":{"allow":["GET"]}}],"collection":[{"href":"https:\/\/www.noticiasradioreflejos.com.ar\/2021\/wp-json\/wp\/v2\/posts"}],"about":[{"href":"https:\/\/www.noticiasradioreflejos.com.ar\/2021\/wp-json\/wp\/v2\/types\/post"}],"author":[{"embeddable":true,"href":"https:\/\/www.noticiasradioreflejos.com.ar\/2021\/wp-json\/wp\/v2\/users\/3"}],"replies":[{"embeddable":true,"href":"https:\/\/www.noticiasradioreflejos.com.ar\/2021\/wp-json\/wp\/v2\/comments?post=91868"}],"version-history":[{"count":2,"href":"https:\/\/www.noticiasradioreflejos.com.ar\/2021\/wp-json\/wp\/v2\/posts\/91868\/revisions"}],"predecessor-version":[{"id":91871,"href":"https:\/\/www.noticiasradioreflejos.com.ar\/2021\/wp-json\/wp\/v2\/posts\/91868\/revisions\/91871"}],"wp:attachment":[{"href":"https:\/\/www.noticiasradioreflejos.com.ar\/2021\/wp-json\/wp\/v2\/media?parent=91868"}],"wp:term":[{"taxonomy":"category","embeddable":true,"href":"https:\/\/www.noticiasradioreflejos.com.ar\/2021\/wp-json\/wp\/v2\/categories?post=91868"},{"taxonomy":"post_tag","embeddable":true,"href":"https:\/\/www.noticiasradioreflejos.com.ar\/2021\/wp-json\/wp\/v2\/tags?post=91868"}],"curies":[{"name":"wp","href":"https:\/\/api.w.org\/{rel}","templated":true}]}}