{"id":91844,"date":"2023-08-19T13:09:43","date_gmt":"2023-08-19T13:09:43","guid":{"rendered":"https:\/\/www.noticiasradioreflejos.com.ar\/2021\/?p=91844"},"modified":"2023-08-19T13:09:43","modified_gmt":"2023-08-19T13:09:43","slug":"los-pueblos-no-se-suicidan","status":"publish","type":"post","link":"https:\/\/www.noticiasradioreflejos.com.ar\/2021\/los-pueblos-no-se-suicidan\/","title":{"rendered":"LOS PUEBLOS NO SE SUICIDAN"},"content":{"rendered":"<p style=\"font-weight: 400;\">\u201c<em>Hace m\u00e1s ruido un hombre gritando que cien mil que est\u00e1n callados<\/em>\u201d Jos\u00e9 de San Mart\u00edn<!--more--><\/p>\n<p style=\"font-weight: 400;\">La \u00fanica verdad es la realidad, un principio fundamental del que debemos aferrarnos para reflexionar sobre la situaci\u00f3n pol\u00edtica actual. Es indudable que existe una desconexi\u00f3n entre la conducci\u00f3n pol\u00edtica y el electorado, entre los ideologizados y su propio entorno, quienes parecen estar inmersos en su burbuja de poder y fantas\u00edas, lejos de las necesidades reales de la Patria y sus trabajadores.<\/p>\n<p style=\"font-weight: 400;\">En lugar de escuchar a las mayor\u00edas, los pol\u00edticos optan por implementar decisiones econ\u00f3micas basadas en \u201c<em>m\u00e1s platita<\/em>\u201d, planes y relatos \u00e9picos, creyendo que de esta manera podr\u00e1n solucionar los problemas econ\u00f3micos del pa\u00eds. Sin embargo, se han olvidado de consultar a sus representados y preguntarles qu\u00e9 realmente necesitan, qu\u00e9 es lo que verdaderamente quieren.<\/p>\n<p style=\"font-weight: 400;\">Nuestra gente es pueblo trabajador y sacrificado, acostumbrado a ganarse el pan con el sudor de su frente, fuimos criados y educados de esa manera. Sin embargo, la sociedad actual -individualista y ego\u00edsta, que ha dejado de ser comunidad- est\u00e1 privando a nuestro pueblo de cosas elementales, como el derecho a sentirse en familia, ver crecer a sus hijos, sentirnos seguros, vivir en paz. Esta realidad se debe a que, la conducci\u00f3n pol\u00edtica, ha tratado al pueblo como peones a quienes manipula seg\u00fan sus intereses pol\u00edticos, en lugar de brindarles la dignidad y libertad que un trabajo decente nos da. Valores esenciales de una comunidad organizada.<\/p>\n<p style=\"font-weight: 400;\">Somos un pueblo ind\u00f3cil e insumiso, no es un disvalor es un plus, que no acepta imposiciones y cambios abruptos, en particular los impuestos desde la colonialista Agenda 2030-ONU, que descarta nuestras ra\u00edces y tradiciones. Los resultados de esta imposici\u00f3n est\u00e1n a la vista, y es hora de asumir responsabilidad y ser conscientes de la realidad a la que se enfrentan.<\/p>\n<p style=\"font-weight: 400;\">El liderazgo pol\u00edtico se ha vuelto soberbio, arrogante y engre\u00eddo, sin ideas de c\u00f3mo gobernar apropiadamente. Es hora de admitir que el r\u00e9gimen pol\u00edtico centralista se ha agotado y que necesitamos de un cambio profundo de las formas de administrar el poder pol\u00edtico.<\/p>\n<p style=\"font-weight: 400;\">El radicalismo naci\u00f3 desde abajo, discutiendo poder. El justicialismo emerge desde las entra\u00f1as del poder mismo, interpelando y cuestion\u00e1ndolo. Radicales y justicialistas tienen como com\u00fan denominador la discusi\u00f3n del poder mismo. No para mantenerlo y preservarlo, eso es para conservadores y progres. Al poder lo discutimos y lo disputamos para transformar la propia realidad, para la grandeza de la Argentina y el disfrute de todos los derechos para los trabajadores.<\/p>\n<p style=\"font-weight: 400;\">La agenda pol\u00edtica debe centrarse en debatir cuestiones fundamentales como el federalismo, la descentralizaci\u00f3n pol\u00edtica, la reforma tributaria, la autonom\u00eda comunal y las Cartas Org\u00e1nicas, el regionalismo productivo, la organizaci\u00f3n del trabajador, la mejora educativa. Sin embargo, todos estos temas los han invisibilizado.<\/p>\n<p style=\"font-weight: 400;\">Los pol\u00edticos en general, los sindicalistas y los dirigentes sociales est\u00e1n m\u00e1s interesados en sus propios intereses sectarios y partidarios, que en las necesidades del conjunto. Si continuamos por este camino, seremos la excepci\u00f3n a la regla marxista de que los pueblos no se suicidan. Seremos los primeros en sucumbir a la ignorancia de aquellos que se niegan a escuchar y actuar en consecuencia.<\/p>\n<p style=\"font-weight: 400;\">Para alcanzar un futuro mejor, es imperativo que trabajemos juntos en pos de un objetivo com\u00fan. Generar mayor\u00edas, es la herramienta esencial para hacer camino hacia la transformaci\u00f3n. Debemos dejar de lado las diferencias y unir fuerzas, comprender que solo a trav\u00e9s de la colaboraci\u00f3n y la cooperaci\u00f3n entre el capital, el trabajo y la pol\u00edtica podremos constituir los cimientos de una nueva Argentina, m\u00e1s justa y pr\u00f3spera.<\/p>\n<p style=\"font-weight: 400;\">La persuasi\u00f3n se convierte en un aliado fundamental en este proceso. No se trata solo de imponer nuestras ideas, sino de dialogar, de comunicar y de compartir argumentos s\u00f3lidos que alcance la unidad de concepci\u00f3n. Persuadir no es solo ganar la raz\u00f3n, sino tambi\u00e9n conquistar corazones y mentes para lograr una unidad de acci\u00f3n.<\/p>\n<p style=\"font-weight: 400;\">Esta unidad de concepci\u00f3n no es una utop\u00eda, sino un objetivo alcanzable si todos nos comprometemos. En este camino, es esencial que mantengamos arraigados nuestros valores y derechos fundamentales. Estos son los cimientos sobre el cual se erige comunidad organizada.<\/p>\n<p style=\"font-weight: 400;\">Por \u00faltimo, nuestro pueblo merece un futuro de buenas oportunidades y prosperidad, un entorno donde se sientan seguros y respetados. Para lograrlo, es crucial enfrentar los desaf\u00edos actuales con valent\u00eda y determinaci\u00f3n. La crisis no es insuperable si decidimos unirnos en pos de un bien com\u00fan. Las adversidades pueden convertirse en oportunidades de cambio y crecimiento si abordamos la situaci\u00f3n con un enfoque realista y colaborativo.<\/p>\n<p style=\"font-weight: 400;\">La visi\u00f3n de una comunidad organizada, unida en su diversidad y orientada hacia el bienestar colectivo, es un anhelo compartido por todos. Pero ese sue\u00f1o solo podr\u00e1 concretarse si cada uno de nosotros se compromete a aportar su grano de arena. No es suficiente esperar que otros lideren el camino; debemos ser los art\u00edfices activos de la transformaci\u00f3n que deseamos.<\/p>\n<p style=\"font-weight: 400;\">\n<p><strong>Luis Gotte<br \/>\nLa peque\u00f1a trinchera<br \/>\nCo-autor de \u201cBuenos Ayres Humana, la hora de tu comunidad\u201d Ed. Fabro, 2022<br \/>\nMar del Plata<br \/>\nluisgotte@gmail.com<br \/>\nD.N.I. 20041255<\/strong><em><\/p>\n","protected":false},"excerpt":{"rendered":"<p>\u201cHace m\u00e1s ruido un hombre gritando que cien mil que est\u00e1n callados\u201d Jos\u00e9 de San Mart\u00edn<\/p>\n","protected":false},"author":3,"featured_media":91845,"comment_status":"closed","ping_status":"closed","sticky":false,"template":"","format":"standard","meta":{"footnotes":""},"categories":[24],"tags":[],"class_list":["post-91844","post","type-post","status-publish","format-standard","has-post-thumbnail","hentry","category-politica"],"yoast_head":"<!-- This site is optimized with the Yoast SEO plugin v25.9 - https:\/\/yoast.com\/wordpress\/plugins\/seo\/ -->\n<title>LOS PUEBLOS NO SE SUICIDAN - Noticias Radio Reflejos<\/title>\n<meta name=\"robots\" content=\"index, follow, max-snippet:-1, max-image-preview:large, max-video-preview:-1\" \/>\n<link rel=\"canonical\" href=\"https:\/\/www.noticiasradioreflejos.com.ar\/2021\/los-pueblos-no-se-suicidan\/\" \/>\n<meta property=\"og:locale\" content=\"es_ES\" \/>\n<meta property=\"og:type\" content=\"article\" \/>\n<meta property=\"og:title\" content=\"LOS PUEBLOS NO SE SUICIDAN - Noticias Radio Reflejos\" \/>\n<meta property=\"og:description\" content=\"\u201cHace m\u00e1s ruido un hombre gritando que cien mil que est\u00e1n callados\u201d Jos\u00e9 de San Mart\u00edn\" \/>\n<meta property=\"og:url\" content=\"https:\/\/www.noticiasradioreflejos.com.ar\/2021\/los-pueblos-no-se-suicidan\/\" \/>\n<meta property=\"og:site_name\" content=\"Noticias Radio Reflejos\" \/>\n<meta property=\"article:published_time\" content=\"2023-08-19T13:09:43+00:00\" \/>\n<meta property=\"og:image\" content=\"https:\/\/www.noticiasradioreflejos.com.ar\/2021\/wp-content\/uploads\/2023\/08\/mirando.png\" \/>\n\t<meta property=\"og:image:width\" content=\"740\" \/>\n\t<meta property=\"og:image:height\" content=\"521\" \/>\n\t<meta property=\"og:image:type\" content=\"image\/png\" \/>\n<meta name=\"author\" content=\"Arnaldo Botto\" \/>\n<meta name=\"twitter:card\" content=\"summary_large_image\" \/>\n<script type=\"application\/ld+json\" class=\"yoast-schema-graph\">{\"@context\":\"https:\/\/schema.org\",\"@graph\":[{\"@type\":\"WebPage\",\"@id\":\"https:\/\/www.noticiasradioreflejos.com.ar\/2021\/los-pueblos-no-se-suicidan\/\",\"url\":\"https:\/\/www.noticiasradioreflejos.com.ar\/2021\/los-pueblos-no-se-suicidan\/\",\"name\":\"LOS PUEBLOS NO SE SUICIDAN - Noticias Radio Reflejos\",\"isPartOf\":{\"@id\":\"https:\/\/www.noticiasradioreflejos.com.ar\/2021\/#website\"},\"primaryImageOfPage\":{\"@id\":\"https:\/\/www.noticiasradioreflejos.com.ar\/2021\/los-pueblos-no-se-suicidan\/#primaryimage\"},\"image\":{\"@id\":\"https:\/\/www.noticiasradioreflejos.com.ar\/2021\/los-pueblos-no-se-suicidan\/#primaryimage\"},\"thumbnailUrl\":\"https:\/\/www.noticiasradioreflejos.com.ar\/2021\/wp-content\/uploads\/2023\/08\/mirando.png\",\"datePublished\":\"2023-08-19T13:09:43+00:00\",\"author\":{\"@id\":\"https:\/\/www.noticiasradioreflejos.com.ar\/2021\/#\/schema\/person\/ad82545263dcc5ec0996818884fd5fb1\"},\"breadcrumb\":{\"@id\":\"https:\/\/www.noticiasradioreflejos.com.ar\/2021\/los-pueblos-no-se-suicidan\/#breadcrumb\"},\"inLanguage\":\"es\",\"potentialAction\":[{\"@type\":\"ReadAction\",\"target\":[\"https:\/\/www.noticiasradioreflejos.com.ar\/2021\/los-pueblos-no-se-suicidan\/\"]}]},{\"@type\":\"ImageObject\",\"inLanguage\":\"es\",\"@id\":\"https:\/\/www.noticiasradioreflejos.com.ar\/2021\/los-pueblos-no-se-suicidan\/#primaryimage\",\"url\":\"https:\/\/www.noticiasradioreflejos.com.ar\/2021\/wp-content\/uploads\/2023\/08\/mirando.png\",\"contentUrl\":\"https:\/\/www.noticiasradioreflejos.com.ar\/2021\/wp-content\/uploads\/2023\/08\/mirando.png\",\"width\":740,\"height\":521},{\"@type\":\"BreadcrumbList\",\"@id\":\"https:\/\/www.noticiasradioreflejos.com.ar\/2021\/los-pueblos-no-se-suicidan\/#breadcrumb\",\"itemListElement\":[{\"@type\":\"ListItem\",\"position\":1,\"name\":\"Portada\",\"item\":\"https:\/\/www.noticiasradioreflejos.com.ar\/2021\/\"},{\"@type\":\"ListItem\",\"position\":2,\"name\":\"LOS PUEBLOS NO SE SUICIDAN\"}]},{\"@type\":\"WebSite\",\"@id\":\"https:\/\/www.noticiasradioreflejos.com.ar\/2021\/#website\",\"url\":\"https:\/\/www.noticiasradioreflejos.com.ar\/2021\/\",\"name\":\"Noticias Radio Reflejos\",\"description\":\"Las noticias de mi comarca\",\"potentialAction\":[{\"@type\":\"SearchAction\",\"target\":{\"@type\":\"EntryPoint\",\"urlTemplate\":\"https:\/\/www.noticiasradioreflejos.com.ar\/2021\/?s={search_term_string}\"},\"query-input\":{\"@type\":\"PropertyValueSpecification\",\"valueRequired\":true,\"valueName\":\"search_term_string\"}}],\"inLanguage\":\"es\"},{\"@type\":\"Person\",\"@id\":\"https:\/\/www.noticiasradioreflejos.com.ar\/2021\/#\/schema\/person\/ad82545263dcc5ec0996818884fd5fb1\",\"name\":\"Arnaldo Botto\",\"image\":{\"@type\":\"ImageObject\",\"inLanguage\":\"es\",\"@id\":\"https:\/\/www.noticiasradioreflejos.com.ar\/2021\/#\/schema\/person\/image\/\",\"url\":\"https:\/\/secure.gravatar.com\/avatar\/55cb5e37c1efa326397366e6974cb338056df65cb50e7d64d1cf314e87504837?s=96&d=mm&r=g\",\"contentUrl\":\"https:\/\/secure.gravatar.com\/avatar\/55cb5e37c1efa326397366e6974cb338056df65cb50e7d64d1cf314e87504837?s=96&d=mm&r=g\",\"caption\":\"Arnaldo Botto\"},\"url\":\"https:\/\/www.noticiasradioreflejos.com.ar\/2021\/author\/arnaldo\/\"}]}<\/script>\n<!-- \/ Yoast SEO plugin. -->","yoast_head_json":{"title":"LOS PUEBLOS NO SE SUICIDAN - Noticias Radio Reflejos","robots":{"index":"index","follow":"follow","max-snippet":"max-snippet:-1","max-image-preview":"max-image-preview:large","max-video-preview":"max-video-preview:-1"},"canonical":"https:\/\/www.noticiasradioreflejos.com.ar\/2021\/los-pueblos-no-se-suicidan\/","og_locale":"es_ES","og_type":"article","og_title":"LOS PUEBLOS NO SE SUICIDAN - Noticias Radio Reflejos","og_description":"\u201cHace m\u00e1s ruido un hombre gritando que cien mil que est\u00e1n callados\u201d Jos\u00e9 de San Mart\u00edn","og_url":"https:\/\/www.noticiasradioreflejos.com.ar\/2021\/los-pueblos-no-se-suicidan\/","og_site_name":"Noticias Radio Reflejos","article_published_time":"2023-08-19T13:09:43+00:00","og_image":[{"width":740,"height":521,"url":"https:\/\/www.noticiasradioreflejos.com.ar\/2021\/wp-content\/uploads\/2023\/08\/mirando.png","type":"image\/png"}],"author":"Arnaldo Botto","twitter_card":"summary_large_image","schema":{"@context":"https:\/\/schema.org","@graph":[{"@type":"WebPage","@id":"https:\/\/www.noticiasradioreflejos.com.ar\/2021\/los-pueblos-no-se-suicidan\/","url":"https:\/\/www.noticiasradioreflejos.com.ar\/2021\/los-pueblos-no-se-suicidan\/","name":"LOS PUEBLOS NO SE SUICIDAN - Noticias Radio Reflejos","isPartOf":{"@id":"https:\/\/www.noticiasradioreflejos.com.ar\/2021\/#website"},"primaryImageOfPage":{"@id":"https:\/\/www.noticiasradioreflejos.com.ar\/2021\/los-pueblos-no-se-suicidan\/#primaryimage"},"image":{"@id":"https:\/\/www.noticiasradioreflejos.com.ar\/2021\/los-pueblos-no-se-suicidan\/#primaryimage"},"thumbnailUrl":"https:\/\/www.noticiasradioreflejos.com.ar\/2021\/wp-content\/uploads\/2023\/08\/mirando.png","datePublished":"2023-08-19T13:09:43+00:00","author":{"@id":"https:\/\/www.noticiasradioreflejos.com.ar\/2021\/#\/schema\/person\/ad82545263dcc5ec0996818884fd5fb1"},"breadcrumb":{"@id":"https:\/\/www.noticiasradioreflejos.com.ar\/2021\/los-pueblos-no-se-suicidan\/#breadcrumb"},"inLanguage":"es","potentialAction":[{"@type":"ReadAction","target":["https:\/\/www.noticiasradioreflejos.com.ar\/2021\/los-pueblos-no-se-suicidan\/"]}]},{"@type":"ImageObject","inLanguage":"es","@id":"https:\/\/www.noticiasradioreflejos.com.ar\/2021\/los-pueblos-no-se-suicidan\/#primaryimage","url":"https:\/\/www.noticiasradioreflejos.com.ar\/2021\/wp-content\/uploads\/2023\/08\/mirando.png","contentUrl":"https:\/\/www.noticiasradioreflejos.com.ar\/2021\/wp-content\/uploads\/2023\/08\/mirando.png","width":740,"height":521},{"@type":"BreadcrumbList","@id":"https:\/\/www.noticiasradioreflejos.com.ar\/2021\/los-pueblos-no-se-suicidan\/#breadcrumb","itemListElement":[{"@type":"ListItem","position":1,"name":"Portada","item":"https:\/\/www.noticiasradioreflejos.com.ar\/2021\/"},{"@type":"ListItem","position":2,"name":"LOS PUEBLOS NO SE SUICIDAN"}]},{"@type":"WebSite","@id":"https:\/\/www.noticiasradioreflejos.com.ar\/2021\/#website","url":"https:\/\/www.noticiasradioreflejos.com.ar\/2021\/","name":"Noticias Radio Reflejos","description":"Las noticias de mi comarca","potentialAction":[{"@type":"SearchAction","target":{"@type":"EntryPoint","urlTemplate":"https:\/\/www.noticiasradioreflejos.com.ar\/2021\/?s={search_term_string}"},"query-input":{"@type":"PropertyValueSpecification","valueRequired":true,"valueName":"search_term_string"}}],"inLanguage":"es"},{"@type":"Person","@id":"https:\/\/www.noticiasradioreflejos.com.ar\/2021\/#\/schema\/person\/ad82545263dcc5ec0996818884fd5fb1","name":"Arnaldo Botto","image":{"@type":"ImageObject","inLanguage":"es","@id":"https:\/\/www.noticiasradioreflejos.com.ar\/2021\/#\/schema\/person\/image\/","url":"https:\/\/secure.gravatar.com\/avatar\/55cb5e37c1efa326397366e6974cb338056df65cb50e7d64d1cf314e87504837?s=96&d=mm&r=g","contentUrl":"https:\/\/secure.gravatar.com\/avatar\/55cb5e37c1efa326397366e6974cb338056df65cb50e7d64d1cf314e87504837?s=96&d=mm&r=g","caption":"Arnaldo Botto"},"url":"https:\/\/www.noticiasradioreflejos.com.ar\/2021\/author\/arnaldo\/"}]}},"_links":{"self":[{"href":"https:\/\/www.noticiasradioreflejos.com.ar\/2021\/wp-json\/wp\/v2\/posts\/91844","targetHints":{"allow":["GET"]}}],"collection":[{"href":"https:\/\/www.noticiasradioreflejos.com.ar\/2021\/wp-json\/wp\/v2\/posts"}],"about":[{"href":"https:\/\/www.noticiasradioreflejos.com.ar\/2021\/wp-json\/wp\/v2\/types\/post"}],"author":[{"embeddable":true,"href":"https:\/\/www.noticiasradioreflejos.com.ar\/2021\/wp-json\/wp\/v2\/users\/3"}],"replies":[{"embeddable":true,"href":"https:\/\/www.noticiasradioreflejos.com.ar\/2021\/wp-json\/wp\/v2\/comments?post=91844"}],"version-history":[{"count":1,"href":"https:\/\/www.noticiasradioreflejos.com.ar\/2021\/wp-json\/wp\/v2\/posts\/91844\/revisions"}],"predecessor-version":[{"id":91846,"href":"https:\/\/www.noticiasradioreflejos.com.ar\/2021\/wp-json\/wp\/v2\/posts\/91844\/revisions\/91846"}],"wp:featuredmedia":[{"embeddable":true,"href":"https:\/\/www.noticiasradioreflejos.com.ar\/2021\/wp-json\/wp\/v2\/media\/91845"}],"wp:attachment":[{"href":"https:\/\/www.noticiasradioreflejos.com.ar\/2021\/wp-json\/wp\/v2\/media?parent=91844"}],"wp:term":[{"taxonomy":"category","embeddable":true,"href":"https:\/\/www.noticiasradioreflejos.com.ar\/2021\/wp-json\/wp\/v2\/categories?post=91844"},{"taxonomy":"post_tag","embeddable":true,"href":"https:\/\/www.noticiasradioreflejos.com.ar\/2021\/wp-json\/wp\/v2\/tags?post=91844"}],"curies":[{"name":"wp","href":"https:\/\/api.w.org\/{rel}","templated":true}]}}