{"id":91767,"date":"2023-08-17T18:40:39","date_gmt":"2023-08-17T18:40:39","guid":{"rendered":"https:\/\/www.noticiasradioreflejos.com.ar\/2021\/?p=91767"},"modified":"2023-08-17T18:40:39","modified_gmt":"2023-08-17T18:40:39","slug":"el-conicet-de-bahia-blanca-le-respondio-a-milei","status":"publish","type":"post","link":"https:\/\/www.noticiasradioreflejos.com.ar\/2021\/el-conicet-de-bahia-blanca-le-respondio-a-milei\/","title":{"rendered":"El Conicet de Bah\u00eda Blanca le respondi\u00f3 a Milei"},"content":{"rendered":"<p>A trav\u00e9s de un comunicado del Consejo Directivo del Centro Cient\u00edfico y Tecnol\u00f3gico (CCT) de Bah\u00eda Blanca, las autoridades del Conicet bahiense expresaron la importancia de promover la ciencia, la tecnolog\u00eda y la innovaci\u00f3n como motores del desarrollo de nuestro pa\u00eds, en claro contra punto a los dichos de Javier Milei.<\/p>\n<p>&nbsp;<\/p>\n<p><!--more--><\/p>\n<p>&nbsp;<\/p>\n<h4>Comunicado del Consejo Directivo del Centro Cient\u00edfico Tecnol\u00f3gico CONICET Bah\u00eda Blanca sobre la importancia de promover la ciencia, la tecnolog\u00eda y la innovaci\u00f3n como motores del desarrollo de nuestro pa\u00eds:<\/h4>\n<p>&nbsp;<\/p>\n<p>En los pa\u00edses avanzados y desarrollados el Estado fomenta fuertemente a la ciencia, la tecnolog\u00eda y la innovaci\u00f3n de modo de producir y exportar bienes y servicios con gran valor agregado.<\/p>\n<p>Por su parte, los pa\u00edses que no promueven la ciencia, la tecnolog\u00eda y la innovaci\u00f3n, s\u00f3lo pueden producir materias primas de bajo valor, debiendo importar todo lo dem\u00e1s. En tal sentido, la capacidad de desarrollo de los pa\u00edses depende, en gran parte, de una cuesti\u00f3n sutil pero esencial: el modo de concebir a los fondos que nutren a la funci\u00f3n de ciencia y t\u00e9cnica.<\/p>\n<p>Mientras que en general los pa\u00edses subdesarrollados lo piensan como un gasto, los pa\u00edses desarrollados (y los que aspiran a integrar ese grupo) lo saben una inversi\u00f3n.<\/p>\n<p>Asimismo, es importante considerar que esta cuesti\u00f3n excede a la mera dimensi\u00f3n material o econ\u00f3mica hacia la dimensi\u00f3n humana y \u00e9tica. Pues la funci\u00f3n de ciencia y t\u00e9cnica no es sino una parte m\u00e1s de la educaci\u00f3n. Y cuando la educaci\u00f3n es concebida por el Estado como una inversi\u00f3n, ella es capaz de promover la cultura y la formaci\u00f3n humana y espiritual de un pueblo, mientras que, en tanto asimilada a un mero gasto, produce un pueblo ignorante y d\u00f3cil, f\u00e1cil de manipular. Por lo tanto, el hecho de suplantar a la noci\u00f3n de inversi\u00f3n por la de gasto en un tema tan sensible como \u00e9ste, no s\u00f3lo es algo que (aparentando ser inofensivo) resulta tremendamente gravoso, sino que constituye evidencia de ignorancia o de mala fe.<\/p>\n<p>&nbsp;<\/p>\n<p>&nbsp;<\/p>\n","protected":false},"excerpt":{"rendered":"<p>A trav\u00e9s de un comunicado del Consejo Directivo del Centro Cient\u00edfico y Tecnol\u00f3gico (CCT) de Bah\u00eda Blanca, las autoridades del Conicet bahiense expresaron la importancia de promover la ciencia, la tecnolog\u00eda y la innovaci\u00f3n como motores del desarrollo de nuestro pa\u00eds, en claro contra punto a los dichos de Javier Milei. &nbsp;<\/p>\n","protected":false},"author":3,"featured_media":91773,"comment_status":"closed","ping_status":"closed","sticky":false,"template":"","format":"standard","meta":{"footnotes":""},"categories":[24],"tags":[],"class_list":["post-91767","post","type-post","status-publish","format-standard","has-post-thumbnail","hentry","category-politica"],"yoast_head":"<!-- This site is optimized with the Yoast SEO plugin v25.9 - https:\/\/yoast.com\/wordpress\/plugins\/seo\/ -->\n<title>El Conicet de Bah\u00eda Blanca le respondi\u00f3 a Milei - Noticias Radio Reflejos<\/title>\n<meta name=\"robots\" content=\"index, follow, max-snippet:-1, max-image-preview:large, max-video-preview:-1\" \/>\n<link rel=\"canonical\" href=\"https:\/\/www.noticiasradioreflejos.com.ar\/2021\/el-conicet-de-bahia-blanca-le-respondio-a-milei\/\" \/>\n<meta property=\"og:locale\" content=\"es_ES\" \/>\n<meta property=\"og:type\" content=\"article\" \/>\n<meta property=\"og:title\" content=\"El Conicet de Bah\u00eda Blanca le respondi\u00f3 a Milei - Noticias Radio Reflejos\" \/>\n<meta property=\"og:description\" content=\"A trav\u00e9s de un comunicado del Consejo Directivo del Centro Cient\u00edfico y Tecnol\u00f3gico (CCT) de Bah\u00eda Blanca, las autoridades del Conicet bahiense expresaron la importancia de promover la ciencia, la tecnolog\u00eda y la innovaci\u00f3n como motores del desarrollo de nuestro pa\u00eds, en claro contra punto a los dichos de Javier Milei. &nbsp;\" \/>\n<meta property=\"og:url\" content=\"https:\/\/www.noticiasradioreflejos.com.ar\/2021\/el-conicet-de-bahia-blanca-le-respondio-a-milei\/\" \/>\n<meta property=\"og:site_name\" content=\"Noticias Radio Reflejos\" \/>\n<meta property=\"article:published_time\" content=\"2023-08-17T18:40:39+00:00\" \/>\n<meta property=\"og:image\" content=\"https:\/\/www.noticiasradioreflejos.com.ar\/2021\/wp-content\/uploads\/2023\/08\/CONICET.jpg\" \/>\n\t<meta property=\"og:image:width\" content=\"400\" \/>\n\t<meta property=\"og:image:height\" content=\"400\" \/>\n\t<meta property=\"og:image:type\" content=\"image\/jpeg\" \/>\n<meta name=\"author\" content=\"Arnaldo Botto\" \/>\n<meta name=\"twitter:card\" content=\"summary_large_image\" \/>\n<script type=\"application\/ld+json\" class=\"yoast-schema-graph\">{\"@context\":\"https:\/\/schema.org\",\"@graph\":[{\"@type\":\"WebPage\",\"@id\":\"https:\/\/www.noticiasradioreflejos.com.ar\/2021\/el-conicet-de-bahia-blanca-le-respondio-a-milei\/\",\"url\":\"https:\/\/www.noticiasradioreflejos.com.ar\/2021\/el-conicet-de-bahia-blanca-le-respondio-a-milei\/\",\"name\":\"El Conicet de Bah\u00eda Blanca le respondi\u00f3 a Milei - Noticias Radio Reflejos\",\"isPartOf\":{\"@id\":\"https:\/\/www.noticiasradioreflejos.com.ar\/2021\/#website\"},\"primaryImageOfPage\":{\"@id\":\"https:\/\/www.noticiasradioreflejos.com.ar\/2021\/el-conicet-de-bahia-blanca-le-respondio-a-milei\/#primaryimage\"},\"image\":{\"@id\":\"https:\/\/www.noticiasradioreflejos.com.ar\/2021\/el-conicet-de-bahia-blanca-le-respondio-a-milei\/#primaryimage\"},\"thumbnailUrl\":\"https:\/\/www.noticiasradioreflejos.com.ar\/2021\/wp-content\/uploads\/2023\/08\/CONICET.jpg\",\"datePublished\":\"2023-08-17T18:40:39+00:00\",\"author\":{\"@id\":\"https:\/\/www.noticiasradioreflejos.com.ar\/2021\/#\/schema\/person\/ad82545263dcc5ec0996818884fd5fb1\"},\"breadcrumb\":{\"@id\":\"https:\/\/www.noticiasradioreflejos.com.ar\/2021\/el-conicet-de-bahia-blanca-le-respondio-a-milei\/#breadcrumb\"},\"inLanguage\":\"es\",\"potentialAction\":[{\"@type\":\"ReadAction\",\"target\":[\"https:\/\/www.noticiasradioreflejos.com.ar\/2021\/el-conicet-de-bahia-blanca-le-respondio-a-milei\/\"]}]},{\"@type\":\"ImageObject\",\"inLanguage\":\"es\",\"@id\":\"https:\/\/www.noticiasradioreflejos.com.ar\/2021\/el-conicet-de-bahia-blanca-le-respondio-a-milei\/#primaryimage\",\"url\":\"https:\/\/www.noticiasradioreflejos.com.ar\/2021\/wp-content\/uploads\/2023\/08\/CONICET.jpg\",\"contentUrl\":\"https:\/\/www.noticiasradioreflejos.com.ar\/2021\/wp-content\/uploads\/2023\/08\/CONICET.jpg\",\"width\":400,\"height\":400},{\"@type\":\"BreadcrumbList\",\"@id\":\"https:\/\/www.noticiasradioreflejos.com.ar\/2021\/el-conicet-de-bahia-blanca-le-respondio-a-milei\/#breadcrumb\",\"itemListElement\":[{\"@type\":\"ListItem\",\"position\":1,\"name\":\"Portada\",\"item\":\"https:\/\/www.noticiasradioreflejos.com.ar\/2021\/\"},{\"@type\":\"ListItem\",\"position\":2,\"name\":\"El Conicet de Bah\u00eda Blanca le respondi\u00f3 a Milei\"}]},{\"@type\":\"WebSite\",\"@id\":\"https:\/\/www.noticiasradioreflejos.com.ar\/2021\/#website\",\"url\":\"https:\/\/www.noticiasradioreflejos.com.ar\/2021\/\",\"name\":\"Noticias Radio Reflejos\",\"description\":\"Las noticias de mi comarca\",\"potentialAction\":[{\"@type\":\"SearchAction\",\"target\":{\"@type\":\"EntryPoint\",\"urlTemplate\":\"https:\/\/www.noticiasradioreflejos.com.ar\/2021\/?s={search_term_string}\"},\"query-input\":{\"@type\":\"PropertyValueSpecification\",\"valueRequired\":true,\"valueName\":\"search_term_string\"}}],\"inLanguage\":\"es\"},{\"@type\":\"Person\",\"@id\":\"https:\/\/www.noticiasradioreflejos.com.ar\/2021\/#\/schema\/person\/ad82545263dcc5ec0996818884fd5fb1\",\"name\":\"Arnaldo Botto\",\"image\":{\"@type\":\"ImageObject\",\"inLanguage\":\"es\",\"@id\":\"https:\/\/www.noticiasradioreflejos.com.ar\/2021\/#\/schema\/person\/image\/\",\"url\":\"https:\/\/secure.gravatar.com\/avatar\/55cb5e37c1efa326397366e6974cb338056df65cb50e7d64d1cf314e87504837?s=96&d=mm&r=g\",\"contentUrl\":\"https:\/\/secure.gravatar.com\/avatar\/55cb5e37c1efa326397366e6974cb338056df65cb50e7d64d1cf314e87504837?s=96&d=mm&r=g\",\"caption\":\"Arnaldo Botto\"},\"url\":\"https:\/\/www.noticiasradioreflejos.com.ar\/2021\/author\/arnaldo\/\"}]}<\/script>\n<!-- \/ Yoast SEO plugin. -->","yoast_head_json":{"title":"El Conicet de Bah\u00eda Blanca le respondi\u00f3 a Milei - Noticias Radio Reflejos","robots":{"index":"index","follow":"follow","max-snippet":"max-snippet:-1","max-image-preview":"max-image-preview:large","max-video-preview":"max-video-preview:-1"},"canonical":"https:\/\/www.noticiasradioreflejos.com.ar\/2021\/el-conicet-de-bahia-blanca-le-respondio-a-milei\/","og_locale":"es_ES","og_type":"article","og_title":"El Conicet de Bah\u00eda Blanca le respondi\u00f3 a Milei - Noticias Radio Reflejos","og_description":"A trav\u00e9s de un comunicado del Consejo Directivo del Centro Cient\u00edfico y Tecnol\u00f3gico (CCT) de Bah\u00eda Blanca, las autoridades del Conicet bahiense expresaron la importancia de promover la ciencia, la tecnolog\u00eda y la innovaci\u00f3n como motores del desarrollo de nuestro pa\u00eds, en claro contra punto a los dichos de Javier Milei. &nbsp;","og_url":"https:\/\/www.noticiasradioreflejos.com.ar\/2021\/el-conicet-de-bahia-blanca-le-respondio-a-milei\/","og_site_name":"Noticias Radio Reflejos","article_published_time":"2023-08-17T18:40:39+00:00","og_image":[{"width":400,"height":400,"url":"https:\/\/www.noticiasradioreflejos.com.ar\/2021\/wp-content\/uploads\/2023\/08\/CONICET.jpg","type":"image\/jpeg"}],"author":"Arnaldo Botto","twitter_card":"summary_large_image","schema":{"@context":"https:\/\/schema.org","@graph":[{"@type":"WebPage","@id":"https:\/\/www.noticiasradioreflejos.com.ar\/2021\/el-conicet-de-bahia-blanca-le-respondio-a-milei\/","url":"https:\/\/www.noticiasradioreflejos.com.ar\/2021\/el-conicet-de-bahia-blanca-le-respondio-a-milei\/","name":"El Conicet de Bah\u00eda Blanca le respondi\u00f3 a Milei - Noticias Radio Reflejos","isPartOf":{"@id":"https:\/\/www.noticiasradioreflejos.com.ar\/2021\/#website"},"primaryImageOfPage":{"@id":"https:\/\/www.noticiasradioreflejos.com.ar\/2021\/el-conicet-de-bahia-blanca-le-respondio-a-milei\/#primaryimage"},"image":{"@id":"https:\/\/www.noticiasradioreflejos.com.ar\/2021\/el-conicet-de-bahia-blanca-le-respondio-a-milei\/#primaryimage"},"thumbnailUrl":"https:\/\/www.noticiasradioreflejos.com.ar\/2021\/wp-content\/uploads\/2023\/08\/CONICET.jpg","datePublished":"2023-08-17T18:40:39+00:00","author":{"@id":"https:\/\/www.noticiasradioreflejos.com.ar\/2021\/#\/schema\/person\/ad82545263dcc5ec0996818884fd5fb1"},"breadcrumb":{"@id":"https:\/\/www.noticiasradioreflejos.com.ar\/2021\/el-conicet-de-bahia-blanca-le-respondio-a-milei\/#breadcrumb"},"inLanguage":"es","potentialAction":[{"@type":"ReadAction","target":["https:\/\/www.noticiasradioreflejos.com.ar\/2021\/el-conicet-de-bahia-blanca-le-respondio-a-milei\/"]}]},{"@type":"ImageObject","inLanguage":"es","@id":"https:\/\/www.noticiasradioreflejos.com.ar\/2021\/el-conicet-de-bahia-blanca-le-respondio-a-milei\/#primaryimage","url":"https:\/\/www.noticiasradioreflejos.com.ar\/2021\/wp-content\/uploads\/2023\/08\/CONICET.jpg","contentUrl":"https:\/\/www.noticiasradioreflejos.com.ar\/2021\/wp-content\/uploads\/2023\/08\/CONICET.jpg","width":400,"height":400},{"@type":"BreadcrumbList","@id":"https:\/\/www.noticiasradioreflejos.com.ar\/2021\/el-conicet-de-bahia-blanca-le-respondio-a-milei\/#breadcrumb","itemListElement":[{"@type":"ListItem","position":1,"name":"Portada","item":"https:\/\/www.noticiasradioreflejos.com.ar\/2021\/"},{"@type":"ListItem","position":2,"name":"El Conicet de Bah\u00eda Blanca le respondi\u00f3 a Milei"}]},{"@type":"WebSite","@id":"https:\/\/www.noticiasradioreflejos.com.ar\/2021\/#website","url":"https:\/\/www.noticiasradioreflejos.com.ar\/2021\/","name":"Noticias Radio Reflejos","description":"Las noticias de mi comarca","potentialAction":[{"@type":"SearchAction","target":{"@type":"EntryPoint","urlTemplate":"https:\/\/www.noticiasradioreflejos.com.ar\/2021\/?s={search_term_string}"},"query-input":{"@type":"PropertyValueSpecification","valueRequired":true,"valueName":"search_term_string"}}],"inLanguage":"es"},{"@type":"Person","@id":"https:\/\/www.noticiasradioreflejos.com.ar\/2021\/#\/schema\/person\/ad82545263dcc5ec0996818884fd5fb1","name":"Arnaldo Botto","image":{"@type":"ImageObject","inLanguage":"es","@id":"https:\/\/www.noticiasradioreflejos.com.ar\/2021\/#\/schema\/person\/image\/","url":"https:\/\/secure.gravatar.com\/avatar\/55cb5e37c1efa326397366e6974cb338056df65cb50e7d64d1cf314e87504837?s=96&d=mm&r=g","contentUrl":"https:\/\/secure.gravatar.com\/avatar\/55cb5e37c1efa326397366e6974cb338056df65cb50e7d64d1cf314e87504837?s=96&d=mm&r=g","caption":"Arnaldo Botto"},"url":"https:\/\/www.noticiasradioreflejos.com.ar\/2021\/author\/arnaldo\/"}]}},"_links":{"self":[{"href":"https:\/\/www.noticiasradioreflejos.com.ar\/2021\/wp-json\/wp\/v2\/posts\/91767","targetHints":{"allow":["GET"]}}],"collection":[{"href":"https:\/\/www.noticiasradioreflejos.com.ar\/2021\/wp-json\/wp\/v2\/posts"}],"about":[{"href":"https:\/\/www.noticiasradioreflejos.com.ar\/2021\/wp-json\/wp\/v2\/types\/post"}],"author":[{"embeddable":true,"href":"https:\/\/www.noticiasradioreflejos.com.ar\/2021\/wp-json\/wp\/v2\/users\/3"}],"replies":[{"embeddable":true,"href":"https:\/\/www.noticiasradioreflejos.com.ar\/2021\/wp-json\/wp\/v2\/comments?post=91767"}],"version-history":[{"count":2,"href":"https:\/\/www.noticiasradioreflejos.com.ar\/2021\/wp-json\/wp\/v2\/posts\/91767\/revisions"}],"predecessor-version":[{"id":91774,"href":"https:\/\/www.noticiasradioreflejos.com.ar\/2021\/wp-json\/wp\/v2\/posts\/91767\/revisions\/91774"}],"wp:featuredmedia":[{"embeddable":true,"href":"https:\/\/www.noticiasradioreflejos.com.ar\/2021\/wp-json\/wp\/v2\/media\/91773"}],"wp:attachment":[{"href":"https:\/\/www.noticiasradioreflejos.com.ar\/2021\/wp-json\/wp\/v2\/media?parent=91767"}],"wp:term":[{"taxonomy":"category","embeddable":true,"href":"https:\/\/www.noticiasradioreflejos.com.ar\/2021\/wp-json\/wp\/v2\/categories?post=91767"},{"taxonomy":"post_tag","embeddable":true,"href":"https:\/\/www.noticiasradioreflejos.com.ar\/2021\/wp-json\/wp\/v2\/tags?post=91767"}],"curies":[{"name":"wp","href":"https:\/\/api.w.org\/{rel}","templated":true}]}}