{"id":91765,"date":"2023-08-17T18:31:13","date_gmt":"2023-08-17T18:31:13","guid":{"rendered":"https:\/\/www.noticiasradioreflejos.com.ar\/2021\/?p=91765"},"modified":"2023-08-17T18:31:13","modified_gmt":"2023-08-17T18:31:13","slug":"jamas-el-intendente-nos-mando-a-apretar-a-nadie","status":"publish","type":"post","link":"https:\/\/www.noticiasradioreflejos.com.ar\/2021\/jamas-el-intendente-nos-mando-a-apretar-a-nadie\/","title":{"rendered":"\u201cJam\u00e1s el intendente nos mand\u00f3 a apretar a nadie\u201d"},"content":{"rendered":"<p>Jos\u00e9 Mar\u00eda Andrade explic\u00f3 que \u00e9l estuvo militando la calle y nunca hubo una bajada de l\u00ednea de ese tipo. Al contrario, asegur\u00f3 que \u201cno s\u00e9 si alguna vez habr\u00e1 otro intendente que ayude tanto en lo social como Bordoni\u201d.<!--more--><\/p>\n<p>Tras los dichos de Manuel Castro, que trat\u00f3 al actual intendente de \u201cpatr\u00f3n de estancia\u201d y de mandar a \u201capretar\u201d a empleados municipales, Jos\u00e9 Mar\u00eda Andrade sali\u00f3 al cruce, buscando echar por tierra esas afirmaciones.<\/p>\n<p>Al respecto confirm\u00f3 que \u201cjam\u00e1s el intendente nos mand\u00f3 a apretar a nadie. Jam\u00e1s nos dijeron que vayamos a apretar a nadie. Nosotros con mucha educaci\u00f3n y respeto fuimos a ofrecer el voto. Estuve en la campa\u00f1a. Esto es democracia, vos vot\u00e1s a qui\u00e9n quer\u00e9s\u201d.<\/p>\n<p>En esa l\u00ednea asegur\u00f3 que \u201chemos tenido reuniones y asados con empleados municipales y la relaci\u00f3n es muy buena. Y las palabras del intendente en una reuni\u00f3n municipal fueron de agradecimiento. He hablado con delegados gremiales y ninguno me cont\u00f3 nada. Al contrario, el intendente dio los aumentos que corresponde y ha puesto bastante bien a los muchachos\u201d.<\/p>\n<p>Al mismo tiempo redobl\u00f3 la apuesta y mencion\u00f3 que \u201cno s\u00e9 si alguna vez habr\u00e1 otro intendente como Sergio Bordoni que haya ayudado socialmente como la ha ayudado \u00e9l. Sacando toda bandera pol\u00edtica. Le han golpeado la puerta infinidad de veces y ha estado siempre\u201d.<\/p>\n<p>Por \u00faltimo reflexion\u00f3 al comentar que \u201cte pueden decir que no lo van a votar porque cambi\u00f3 el color pol\u00edtico, pero jam\u00e1s nos dijeron que apret\u00f3 a alguien. Yo respeto a los Castro, pero se deben manejar de otra forma. Se viene una campa\u00f1a dura, y hay que cuidar las formas\u201d.<\/p>\n<p>Escucha Jose Maria Andrade de fmreflejos 103.7 en #SoundCloud<br \/>\n<iframe loading=\"lazy\" class=\"wp-embedded-content\" sandbox=\"allow-scripts\" security=\"restricted\" title=\"Jose Maria Andrade by fmreflejos 103.7\" width=\"500\" height=\"400\" scrolling=\"no\" frameborder=\"no\" src=\"https:\/\/w.soundcloud.com\/player\/?visual=true&#038;url=https%3A%2F%2Fapi.soundcloud.com%2Ftracks%2F1595437107&#038;show_artwork=true&#038;maxheight=750&#038;maxwidth=500&#038;secret_token=s-Ly3drme9iV6#?secret=dq6R6xYdbl\" data-secret=\"dq6R6xYdbl\"><\/iframe><\/p>\n","protected":false},"excerpt":{"rendered":"<p>Jos\u00e9 Mar\u00eda Andrade explic\u00f3 que \u00e9l estuvo militando la calle y nunca hubo una bajada de l\u00ednea de ese tipo. Al contrario, asegur\u00f3 que \u201cno s\u00e9 si alguna vez habr\u00e1 otro intendente que ayude tanto en lo social como Bordoni\u201d.<\/p>\n","protected":false},"author":3,"featured_media":0,"comment_status":"closed","ping_status":"closed","sticky":false,"template":"","format":"standard","meta":{"footnotes":""},"categories":[24],"tags":[48],"class_list":["post-91765","post","type-post","status-publish","format-standard","hentry","category-politica","tag-destacada"],"yoast_head":"<!-- This site is optimized with the Yoast SEO plugin v25.9 - https:\/\/yoast.com\/wordpress\/plugins\/seo\/ -->\n<title>\u201cJam\u00e1s el intendente nos mand\u00f3 a apretar a nadie\u201d - Noticias Radio Reflejos<\/title>\n<meta name=\"robots\" content=\"index, follow, max-snippet:-1, max-image-preview:large, max-video-preview:-1\" \/>\n<link rel=\"canonical\" href=\"https:\/\/www.noticiasradioreflejos.com.ar\/2021\/jamas-el-intendente-nos-mando-a-apretar-a-nadie\/\" \/>\n<meta property=\"og:locale\" content=\"es_ES\" \/>\n<meta property=\"og:type\" content=\"article\" \/>\n<meta property=\"og:title\" content=\"\u201cJam\u00e1s el intendente nos mand\u00f3 a apretar a nadie\u201d - Noticias Radio Reflejos\" \/>\n<meta property=\"og:description\" content=\"Jos\u00e9 Mar\u00eda Andrade explic\u00f3 que \u00e9l estuvo militando la calle y nunca hubo una bajada de l\u00ednea de ese tipo. Al contrario, asegur\u00f3 que \u201cno s\u00e9 si alguna vez habr\u00e1 otro intendente que ayude tanto en lo social como Bordoni\u201d.\" \/>\n<meta property=\"og:url\" content=\"https:\/\/www.noticiasradioreflejos.com.ar\/2021\/jamas-el-intendente-nos-mando-a-apretar-a-nadie\/\" \/>\n<meta property=\"og:site_name\" content=\"Noticias Radio Reflejos\" \/>\n<meta property=\"article:published_time\" content=\"2023-08-17T18:31:13+00:00\" \/>\n<meta property=\"og:image\" content=\"https:\/\/www.noticiasradioreflejos.com.ar\/2021\/wp-content\/uploads\/2021\/07\/logosol300x200.png\" \/>\n\t<meta property=\"og:image:width\" content=\"300\" \/>\n\t<meta property=\"og:image:height\" content=\"200\" \/>\n\t<meta property=\"og:image:type\" content=\"image\/png\" \/>\n<meta name=\"author\" content=\"Arnaldo Botto\" \/>\n<meta name=\"twitter:card\" content=\"summary_large_image\" \/>\n<script type=\"application\/ld+json\" class=\"yoast-schema-graph\">{\"@context\":\"https:\/\/schema.org\",\"@graph\":[{\"@type\":\"WebPage\",\"@id\":\"https:\/\/www.noticiasradioreflejos.com.ar\/2021\/jamas-el-intendente-nos-mando-a-apretar-a-nadie\/\",\"url\":\"https:\/\/www.noticiasradioreflejos.com.ar\/2021\/jamas-el-intendente-nos-mando-a-apretar-a-nadie\/\",\"name\":\"\u201cJam\u00e1s el intendente nos mand\u00f3 a apretar a nadie\u201d - Noticias Radio Reflejos\",\"isPartOf\":{\"@id\":\"https:\/\/www.noticiasradioreflejos.com.ar\/2021\/#website\"},\"datePublished\":\"2023-08-17T18:31:13+00:00\",\"author\":{\"@id\":\"https:\/\/www.noticiasradioreflejos.com.ar\/2021\/#\/schema\/person\/ad82545263dcc5ec0996818884fd5fb1\"},\"breadcrumb\":{\"@id\":\"https:\/\/www.noticiasradioreflejos.com.ar\/2021\/jamas-el-intendente-nos-mando-a-apretar-a-nadie\/#breadcrumb\"},\"inLanguage\":\"es\",\"potentialAction\":[{\"@type\":\"ReadAction\",\"target\":[\"https:\/\/www.noticiasradioreflejos.com.ar\/2021\/jamas-el-intendente-nos-mando-a-apretar-a-nadie\/\"]}]},{\"@type\":\"BreadcrumbList\",\"@id\":\"https:\/\/www.noticiasradioreflejos.com.ar\/2021\/jamas-el-intendente-nos-mando-a-apretar-a-nadie\/#breadcrumb\",\"itemListElement\":[{\"@type\":\"ListItem\",\"position\":1,\"name\":\"Portada\",\"item\":\"https:\/\/www.noticiasradioreflejos.com.ar\/2021\/\"},{\"@type\":\"ListItem\",\"position\":2,\"name\":\"\u201cJam\u00e1s el intendente nos mand\u00f3 a apretar a nadie\u201d\"}]},{\"@type\":\"WebSite\",\"@id\":\"https:\/\/www.noticiasradioreflejos.com.ar\/2021\/#website\",\"url\":\"https:\/\/www.noticiasradioreflejos.com.ar\/2021\/\",\"name\":\"Noticias Radio Reflejos\",\"description\":\"Las noticias de mi comarca\",\"potentialAction\":[{\"@type\":\"SearchAction\",\"target\":{\"@type\":\"EntryPoint\",\"urlTemplate\":\"https:\/\/www.noticiasradioreflejos.com.ar\/2021\/?s={search_term_string}\"},\"query-input\":{\"@type\":\"PropertyValueSpecification\",\"valueRequired\":true,\"valueName\":\"search_term_string\"}}],\"inLanguage\":\"es\"},{\"@type\":\"Person\",\"@id\":\"https:\/\/www.noticiasradioreflejos.com.ar\/2021\/#\/schema\/person\/ad82545263dcc5ec0996818884fd5fb1\",\"name\":\"Arnaldo Botto\",\"image\":{\"@type\":\"ImageObject\",\"inLanguage\":\"es\",\"@id\":\"https:\/\/www.noticiasradioreflejos.com.ar\/2021\/#\/schema\/person\/image\/\",\"url\":\"https:\/\/secure.gravatar.com\/avatar\/55cb5e37c1efa326397366e6974cb338056df65cb50e7d64d1cf314e87504837?s=96&d=mm&r=g\",\"contentUrl\":\"https:\/\/secure.gravatar.com\/avatar\/55cb5e37c1efa326397366e6974cb338056df65cb50e7d64d1cf314e87504837?s=96&d=mm&r=g\",\"caption\":\"Arnaldo Botto\"},\"url\":\"https:\/\/www.noticiasradioreflejos.com.ar\/2021\/author\/arnaldo\/\"}]}<\/script>\n<!-- \/ Yoast SEO plugin. -->","yoast_head_json":{"title":"\u201cJam\u00e1s el intendente nos mand\u00f3 a apretar a nadie\u201d - Noticias Radio Reflejos","robots":{"index":"index","follow":"follow","max-snippet":"max-snippet:-1","max-image-preview":"max-image-preview:large","max-video-preview":"max-video-preview:-1"},"canonical":"https:\/\/www.noticiasradioreflejos.com.ar\/2021\/jamas-el-intendente-nos-mando-a-apretar-a-nadie\/","og_locale":"es_ES","og_type":"article","og_title":"\u201cJam\u00e1s el intendente nos mand\u00f3 a apretar a nadie\u201d - Noticias Radio Reflejos","og_description":"Jos\u00e9 Mar\u00eda Andrade explic\u00f3 que \u00e9l estuvo militando la calle y nunca hubo una bajada de l\u00ednea de ese tipo. Al contrario, asegur\u00f3 que \u201cno s\u00e9 si alguna vez habr\u00e1 otro intendente que ayude tanto en lo social como Bordoni\u201d.","og_url":"https:\/\/www.noticiasradioreflejos.com.ar\/2021\/jamas-el-intendente-nos-mando-a-apretar-a-nadie\/","og_site_name":"Noticias Radio Reflejos","article_published_time":"2023-08-17T18:31:13+00:00","og_image":[{"width":300,"height":200,"url":"https:\/\/www.noticiasradioreflejos.com.ar\/2021\/wp-content\/uploads\/2021\/07\/logosol300x200.png","type":"image\/png"}],"author":"Arnaldo Botto","twitter_card":"summary_large_image","schema":{"@context":"https:\/\/schema.org","@graph":[{"@type":"WebPage","@id":"https:\/\/www.noticiasradioreflejos.com.ar\/2021\/jamas-el-intendente-nos-mando-a-apretar-a-nadie\/","url":"https:\/\/www.noticiasradioreflejos.com.ar\/2021\/jamas-el-intendente-nos-mando-a-apretar-a-nadie\/","name":"\u201cJam\u00e1s el intendente nos mand\u00f3 a apretar a nadie\u201d - Noticias Radio Reflejos","isPartOf":{"@id":"https:\/\/www.noticiasradioreflejos.com.ar\/2021\/#website"},"datePublished":"2023-08-17T18:31:13+00:00","author":{"@id":"https:\/\/www.noticiasradioreflejos.com.ar\/2021\/#\/schema\/person\/ad82545263dcc5ec0996818884fd5fb1"},"breadcrumb":{"@id":"https:\/\/www.noticiasradioreflejos.com.ar\/2021\/jamas-el-intendente-nos-mando-a-apretar-a-nadie\/#breadcrumb"},"inLanguage":"es","potentialAction":[{"@type":"ReadAction","target":["https:\/\/www.noticiasradioreflejos.com.ar\/2021\/jamas-el-intendente-nos-mando-a-apretar-a-nadie\/"]}]},{"@type":"BreadcrumbList","@id":"https:\/\/www.noticiasradioreflejos.com.ar\/2021\/jamas-el-intendente-nos-mando-a-apretar-a-nadie\/#breadcrumb","itemListElement":[{"@type":"ListItem","position":1,"name":"Portada","item":"https:\/\/www.noticiasradioreflejos.com.ar\/2021\/"},{"@type":"ListItem","position":2,"name":"\u201cJam\u00e1s el intendente nos mand\u00f3 a apretar a nadie\u201d"}]},{"@type":"WebSite","@id":"https:\/\/www.noticiasradioreflejos.com.ar\/2021\/#website","url":"https:\/\/www.noticiasradioreflejos.com.ar\/2021\/","name":"Noticias Radio Reflejos","description":"Las noticias de mi comarca","potentialAction":[{"@type":"SearchAction","target":{"@type":"EntryPoint","urlTemplate":"https:\/\/www.noticiasradioreflejos.com.ar\/2021\/?s={search_term_string}"},"query-input":{"@type":"PropertyValueSpecification","valueRequired":true,"valueName":"search_term_string"}}],"inLanguage":"es"},{"@type":"Person","@id":"https:\/\/www.noticiasradioreflejos.com.ar\/2021\/#\/schema\/person\/ad82545263dcc5ec0996818884fd5fb1","name":"Arnaldo Botto","image":{"@type":"ImageObject","inLanguage":"es","@id":"https:\/\/www.noticiasradioreflejos.com.ar\/2021\/#\/schema\/person\/image\/","url":"https:\/\/secure.gravatar.com\/avatar\/55cb5e37c1efa326397366e6974cb338056df65cb50e7d64d1cf314e87504837?s=96&d=mm&r=g","contentUrl":"https:\/\/secure.gravatar.com\/avatar\/55cb5e37c1efa326397366e6974cb338056df65cb50e7d64d1cf314e87504837?s=96&d=mm&r=g","caption":"Arnaldo Botto"},"url":"https:\/\/www.noticiasradioreflejos.com.ar\/2021\/author\/arnaldo\/"}]}},"_links":{"self":[{"href":"https:\/\/www.noticiasradioreflejos.com.ar\/2021\/wp-json\/wp\/v2\/posts\/91765","targetHints":{"allow":["GET"]}}],"collection":[{"href":"https:\/\/www.noticiasradioreflejos.com.ar\/2021\/wp-json\/wp\/v2\/posts"}],"about":[{"href":"https:\/\/www.noticiasradioreflejos.com.ar\/2021\/wp-json\/wp\/v2\/types\/post"}],"author":[{"embeddable":true,"href":"https:\/\/www.noticiasradioreflejos.com.ar\/2021\/wp-json\/wp\/v2\/users\/3"}],"replies":[{"embeddable":true,"href":"https:\/\/www.noticiasradioreflejos.com.ar\/2021\/wp-json\/wp\/v2\/comments?post=91765"}],"version-history":[{"count":2,"href":"https:\/\/www.noticiasradioreflejos.com.ar\/2021\/wp-json\/wp\/v2\/posts\/91765\/revisions"}],"predecessor-version":[{"id":91771,"href":"https:\/\/www.noticiasradioreflejos.com.ar\/2021\/wp-json\/wp\/v2\/posts\/91765\/revisions\/91771"}],"wp:attachment":[{"href":"https:\/\/www.noticiasradioreflejos.com.ar\/2021\/wp-json\/wp\/v2\/media?parent=91765"}],"wp:term":[{"taxonomy":"category","embeddable":true,"href":"https:\/\/www.noticiasradioreflejos.com.ar\/2021\/wp-json\/wp\/v2\/categories?post=91765"},{"taxonomy":"post_tag","embeddable":true,"href":"https:\/\/www.noticiasradioreflejos.com.ar\/2021\/wp-json\/wp\/v2\/tags?post=91765"}],"curies":[{"name":"wp","href":"https:\/\/api.w.org\/{rel}","templated":true}]}}