{"id":91763,"date":"2023-08-17T18:24:17","date_gmt":"2023-08-17T18:24:17","guid":{"rendered":"https:\/\/www.noticiasradioreflejos.com.ar\/2021\/?p=91763"},"modified":"2023-08-17T18:24:17","modified_gmt":"2023-08-17T18:24:17","slug":"manuel-castro-bordoni-se-maneja-como-patron-de-estancia","status":"publish","type":"post","link":"https:\/\/www.noticiasradioreflejos.com.ar\/2021\/manuel-castro-bordoni-se-maneja-como-patron-de-estancia\/","title":{"rendered":"Manuel Castro: \u201cBordoni se maneja como patr\u00f3n de estancia\u201d"},"content":{"rendered":"<p>El presidente de la UCR local hizo su an\u00e1lisis post PASO y consider\u00f3 que \u201cla opci\u00f3n para terminar con las pol\u00edticas de Bordoni es Federico Labarthe\u201d.<!--more--><\/p>\n<p>Fiel a su estilo de no tener pelos en la lengua e ir directo al hueso, quien preside la UCR local, Manuel Castro, se mostr\u00f3 cr\u00edtico una vez m\u00e1s con el actual intendente y asegur\u00f3 que tuvo una elecci\u00f3n pobre en las PASO.<\/p>\n<p>Al respecto asegur\u00f3 que \u201cla semana que viene se van a reunir los pre candidatos de Juntos, con integrantes de los equipos de trabajo, y lo positivo es que todos han dicho p\u00fablicamente que acompa\u00f1ar\u00e1n a Labarthe. El objetivo es claro; la opci\u00f3n para terminar con las pol\u00edticas de Bordoni es Federico Labarthe\u201d.<\/p>\n<p>Y acto seguido afirm\u00f3 que \u201cBordoni como candidato individual hizo muy mala elecci\u00f3n general. En Sierra el 86% de la gente que vot\u00f3 le dijo que no a su gesti\u00f3n. En las localidades tuvo muy poco acompa\u00f1amiento\u201d.<\/p>\n<p>Si bien remarc\u00f3 que \u201cning\u00fan candidato tiene los votos asegurado, pero s\u00ed, desde el 2013 a la fecha, Juntos por el Cambio ha mantenido un caudal de votos duro, que se ha mostrado fiel al espacio\u201d.<\/p>\n<p>Por \u00faltimo, y tomando en consideraci\u00f3n los dichos del intendente sobre el rev\u00e9s eleccionario en Sierra, Castro fustig\u00f3 al subrayar que \u201cac\u00e1 no hay heridas porque no lo quieren, hay heridas porque los pol\u00edticos se creen patrones de estancia; que aprieta a empleados municipales, que se mete con las familias de los que estamos en otros espacios pol\u00edticos\u2026 la gente de Sierra lo conden\u00f3 en las PASO y lo va a volver a condenar en octubre\u201d.<\/p>\n<p>En otro pasaje de la charla y yendo al plano nacional, reflexion\u00f3 con que \u201chay una situaci\u00f3n de tormenta y de alerta roja, porque la econom\u00eda est\u00e1 en una inestabilidad muy grave. Pareciera que no tuvi\u00e9semos presidente, y al mismo tiempo que el Ministro de Econom\u00eda es el presidente provisorio y a su vez es candidato. M\u00e1s all\u00e1 de la dura realidad, que nos afecta a todos, las elecciones tuvieron que ver con este contexto y por algo el pueblo se expres\u00f3 de esta manera\u201d.<\/p>\n<p>A su modo de ver \u201chubo voto castigo a toda la clase dirigencial, fundamentalmente al partido gobernante. Fue una elecci\u00f3n para que muchos tanto a nivel local, provincial y nacional, de los que somos partidos mayoritarios, empecemos a mirar estas decisiones del pueblo que son un mensaje directo\u201d.<\/p>\n<p>De todas maneras especul\u00f3 con que \u201csi el resultado hubiese sido para el oficialismo la situaci\u00f3n igual hubiese sido compleja por una situaci\u00f3n de credibilidad hacia nuestros gobernantes. Igual creo que se complejiz\u00f3 a\u00fan m\u00e1s por el resultado que no se esperaba nadie\u201d.<\/p>\n<p>Por \u00faltimo consider\u00f3 que \u201cde ac\u00e1 a octubre el gobierno tiene que ser lo m\u00e1s responsable posible para que no quede m\u00e1s gente en el camino. Del domingo a hoy se han modificado precios de manera demencial, incluso han comenzado a faltar productos\u201d.<\/p>\n<p>Cerrando con un categ\u00f3rico: \u201cel pueblo argentino est\u00e1 manso porque los que gobiernan son los que han cascoteado a los gobiernos que no eran de su color pol\u00edtico\u201d.<\/p>\n<p>&nbsp;<\/p>\n<p><iframe loading=\"lazy\" src=\"https:\/\/w.soundcloud.com\/player\/?url=https%3A\/\/api.soundcloud.com\/tracks\/1595398695&amp;color=%23ff5500&amp;auto_play=false&amp;hide_related=false&amp;show_comments=true&amp;show_user=true&amp;show_reposts=false&amp;show_teaser=true\" width=\"100%\" height=\"166\" frameborder=\"no\" scrolling=\"no\"><\/iframe><\/p>\n<div style=\"font-size: 10px; color: #cccccc; line-break: anywhere; word-break: normal; overflow: hidden; white-space: nowrap; text-overflow: ellipsis; font-family: Interstate,Lucida Grande,Lucida Sans Unicode,Lucida Sans,Garuda,Verdana,Tahoma,sans-serif; font-weight: 100;\"><a style=\"color: #cccccc; text-decoration: none;\" title=\"fmreflejos 103.7\" href=\"https:\/\/soundcloud.com\/fmreflejos-103-7\" target=\"_blank\" rel=\"noopener\">fmreflejos 103.7<\/a> \u00b7 <a style=\"color: #cccccc; text-decoration: none;\" title=\"Manuel Castro 16 - 8\" href=\"https:\/\/soundcloud.com\/fmreflejos-103-7\/manuel-castro-16-8\" target=\"_blank\" rel=\"noopener\">Manuel Castro 16 &#8211; 8<\/a><\/div>\n","protected":false},"excerpt":{"rendered":"<p>El presidente de la UCR local hizo su an\u00e1lisis post PASO y consider\u00f3 que \u201cla opci\u00f3n para terminar con las pol\u00edticas de Bordoni es Federico Labarthe\u201d.<\/p>\n","protected":false},"author":3,"featured_media":91769,"comment_status":"closed","ping_status":"closed","sticky":false,"template":"","format":"standard","meta":{"footnotes":""},"categories":[24,1],"tags":[48],"class_list":["post-91763","post","type-post","status-publish","format-standard","has-post-thumbnail","hentry","category-politica","category-sin-categoria","tag-destacada"],"yoast_head":"<!-- This site is optimized with the Yoast SEO plugin v25.9 - https:\/\/yoast.com\/wordpress\/plugins\/seo\/ -->\n<title>Manuel Castro: \u201cBordoni se maneja como patr\u00f3n de estancia\u201d - Noticias Radio Reflejos<\/title>\n<meta name=\"robots\" content=\"index, follow, max-snippet:-1, max-image-preview:large, max-video-preview:-1\" \/>\n<link rel=\"canonical\" href=\"https:\/\/www.noticiasradioreflejos.com.ar\/2021\/manuel-castro-bordoni-se-maneja-como-patron-de-estancia\/\" \/>\n<meta property=\"og:locale\" content=\"es_ES\" \/>\n<meta property=\"og:type\" content=\"article\" \/>\n<meta property=\"og:title\" content=\"Manuel Castro: \u201cBordoni se maneja como patr\u00f3n de estancia\u201d - Noticias Radio Reflejos\" \/>\n<meta property=\"og:description\" content=\"El presidente de la UCR local hizo su an\u00e1lisis post PASO y consider\u00f3 que \u201cla opci\u00f3n para terminar con las pol\u00edticas de Bordoni es Federico Labarthe\u201d.\" \/>\n<meta property=\"og:url\" content=\"https:\/\/www.noticiasradioreflejos.com.ar\/2021\/manuel-castro-bordoni-se-maneja-como-patron-de-estancia\/\" \/>\n<meta property=\"og:site_name\" content=\"Noticias Radio Reflejos\" \/>\n<meta property=\"article:published_time\" content=\"2023-08-17T18:24:17+00:00\" \/>\n<meta property=\"og:image\" content=\"https:\/\/www.noticiasradioreflejos.com.ar\/2021\/wp-content\/uploads\/2023\/08\/images.jpeg\" \/>\n\t<meta property=\"og:image:width\" content=\"225\" \/>\n\t<meta property=\"og:image:height\" content=\"225\" \/>\n\t<meta property=\"og:image:type\" content=\"image\/jpeg\" \/>\n<meta name=\"author\" content=\"Arnaldo Botto\" \/>\n<meta name=\"twitter:card\" content=\"summary_large_image\" \/>\n<script type=\"application\/ld+json\" class=\"yoast-schema-graph\">{\"@context\":\"https:\/\/schema.org\",\"@graph\":[{\"@type\":\"WebPage\",\"@id\":\"https:\/\/www.noticiasradioreflejos.com.ar\/2021\/manuel-castro-bordoni-se-maneja-como-patron-de-estancia\/\",\"url\":\"https:\/\/www.noticiasradioreflejos.com.ar\/2021\/manuel-castro-bordoni-se-maneja-como-patron-de-estancia\/\",\"name\":\"Manuel Castro: \u201cBordoni se maneja como patr\u00f3n de estancia\u201d - Noticias Radio Reflejos\",\"isPartOf\":{\"@id\":\"https:\/\/www.noticiasradioreflejos.com.ar\/2021\/#website\"},\"primaryImageOfPage\":{\"@id\":\"https:\/\/www.noticiasradioreflejos.com.ar\/2021\/manuel-castro-bordoni-se-maneja-como-patron-de-estancia\/#primaryimage\"},\"image\":{\"@id\":\"https:\/\/www.noticiasradioreflejos.com.ar\/2021\/manuel-castro-bordoni-se-maneja-como-patron-de-estancia\/#primaryimage\"},\"thumbnailUrl\":\"https:\/\/www.noticiasradioreflejos.com.ar\/2021\/wp-content\/uploads\/2023\/08\/images.jpeg\",\"datePublished\":\"2023-08-17T18:24:17+00:00\",\"author\":{\"@id\":\"https:\/\/www.noticiasradioreflejos.com.ar\/2021\/#\/schema\/person\/ad82545263dcc5ec0996818884fd5fb1\"},\"breadcrumb\":{\"@id\":\"https:\/\/www.noticiasradioreflejos.com.ar\/2021\/manuel-castro-bordoni-se-maneja-como-patron-de-estancia\/#breadcrumb\"},\"inLanguage\":\"es\",\"potentialAction\":[{\"@type\":\"ReadAction\",\"target\":[\"https:\/\/www.noticiasradioreflejos.com.ar\/2021\/manuel-castro-bordoni-se-maneja-como-patron-de-estancia\/\"]}]},{\"@type\":\"ImageObject\",\"inLanguage\":\"es\",\"@id\":\"https:\/\/www.noticiasradioreflejos.com.ar\/2021\/manuel-castro-bordoni-se-maneja-como-patron-de-estancia\/#primaryimage\",\"url\":\"https:\/\/www.noticiasradioreflejos.com.ar\/2021\/wp-content\/uploads\/2023\/08\/images.jpeg\",\"contentUrl\":\"https:\/\/www.noticiasradioreflejos.com.ar\/2021\/wp-content\/uploads\/2023\/08\/images.jpeg\",\"width\":225,\"height\":225},{\"@type\":\"BreadcrumbList\",\"@id\":\"https:\/\/www.noticiasradioreflejos.com.ar\/2021\/manuel-castro-bordoni-se-maneja-como-patron-de-estancia\/#breadcrumb\",\"itemListElement\":[{\"@type\":\"ListItem\",\"position\":1,\"name\":\"Portada\",\"item\":\"https:\/\/www.noticiasradioreflejos.com.ar\/2021\/\"},{\"@type\":\"ListItem\",\"position\":2,\"name\":\"Manuel Castro: \u201cBordoni se maneja como patr\u00f3n de estancia\u201d\"}]},{\"@type\":\"WebSite\",\"@id\":\"https:\/\/www.noticiasradioreflejos.com.ar\/2021\/#website\",\"url\":\"https:\/\/www.noticiasradioreflejos.com.ar\/2021\/\",\"name\":\"Noticias Radio Reflejos\",\"description\":\"Las noticias de mi comarca\",\"potentialAction\":[{\"@type\":\"SearchAction\",\"target\":{\"@type\":\"EntryPoint\",\"urlTemplate\":\"https:\/\/www.noticiasradioreflejos.com.ar\/2021\/?s={search_term_string}\"},\"query-input\":{\"@type\":\"PropertyValueSpecification\",\"valueRequired\":true,\"valueName\":\"search_term_string\"}}],\"inLanguage\":\"es\"},{\"@type\":\"Person\",\"@id\":\"https:\/\/www.noticiasradioreflejos.com.ar\/2021\/#\/schema\/person\/ad82545263dcc5ec0996818884fd5fb1\",\"name\":\"Arnaldo Botto\",\"image\":{\"@type\":\"ImageObject\",\"inLanguage\":\"es\",\"@id\":\"https:\/\/www.noticiasradioreflejos.com.ar\/2021\/#\/schema\/person\/image\/\",\"url\":\"https:\/\/secure.gravatar.com\/avatar\/55cb5e37c1efa326397366e6974cb338056df65cb50e7d64d1cf314e87504837?s=96&d=mm&r=g\",\"contentUrl\":\"https:\/\/secure.gravatar.com\/avatar\/55cb5e37c1efa326397366e6974cb338056df65cb50e7d64d1cf314e87504837?s=96&d=mm&r=g\",\"caption\":\"Arnaldo Botto\"},\"url\":\"https:\/\/www.noticiasradioreflejos.com.ar\/2021\/author\/arnaldo\/\"}]}<\/script>\n<!-- \/ Yoast SEO plugin. -->","yoast_head_json":{"title":"Manuel Castro: \u201cBordoni se maneja como patr\u00f3n de estancia\u201d - Noticias Radio Reflejos","robots":{"index":"index","follow":"follow","max-snippet":"max-snippet:-1","max-image-preview":"max-image-preview:large","max-video-preview":"max-video-preview:-1"},"canonical":"https:\/\/www.noticiasradioreflejos.com.ar\/2021\/manuel-castro-bordoni-se-maneja-como-patron-de-estancia\/","og_locale":"es_ES","og_type":"article","og_title":"Manuel Castro: \u201cBordoni se maneja como patr\u00f3n de estancia\u201d - Noticias Radio Reflejos","og_description":"El presidente de la UCR local hizo su an\u00e1lisis post PASO y consider\u00f3 que \u201cla opci\u00f3n para terminar con las pol\u00edticas de Bordoni es Federico Labarthe\u201d.","og_url":"https:\/\/www.noticiasradioreflejos.com.ar\/2021\/manuel-castro-bordoni-se-maneja-como-patron-de-estancia\/","og_site_name":"Noticias Radio Reflejos","article_published_time":"2023-08-17T18:24:17+00:00","og_image":[{"width":225,"height":225,"url":"https:\/\/www.noticiasradioreflejos.com.ar\/2021\/wp-content\/uploads\/2023\/08\/images.jpeg","type":"image\/jpeg"}],"author":"Arnaldo Botto","twitter_card":"summary_large_image","schema":{"@context":"https:\/\/schema.org","@graph":[{"@type":"WebPage","@id":"https:\/\/www.noticiasradioreflejos.com.ar\/2021\/manuel-castro-bordoni-se-maneja-como-patron-de-estancia\/","url":"https:\/\/www.noticiasradioreflejos.com.ar\/2021\/manuel-castro-bordoni-se-maneja-como-patron-de-estancia\/","name":"Manuel Castro: \u201cBordoni se maneja como patr\u00f3n de estancia\u201d - Noticias Radio Reflejos","isPartOf":{"@id":"https:\/\/www.noticiasradioreflejos.com.ar\/2021\/#website"},"primaryImageOfPage":{"@id":"https:\/\/www.noticiasradioreflejos.com.ar\/2021\/manuel-castro-bordoni-se-maneja-como-patron-de-estancia\/#primaryimage"},"image":{"@id":"https:\/\/www.noticiasradioreflejos.com.ar\/2021\/manuel-castro-bordoni-se-maneja-como-patron-de-estancia\/#primaryimage"},"thumbnailUrl":"https:\/\/www.noticiasradioreflejos.com.ar\/2021\/wp-content\/uploads\/2023\/08\/images.jpeg","datePublished":"2023-08-17T18:24:17+00:00","author":{"@id":"https:\/\/www.noticiasradioreflejos.com.ar\/2021\/#\/schema\/person\/ad82545263dcc5ec0996818884fd5fb1"},"breadcrumb":{"@id":"https:\/\/www.noticiasradioreflejos.com.ar\/2021\/manuel-castro-bordoni-se-maneja-como-patron-de-estancia\/#breadcrumb"},"inLanguage":"es","potentialAction":[{"@type":"ReadAction","target":["https:\/\/www.noticiasradioreflejos.com.ar\/2021\/manuel-castro-bordoni-se-maneja-como-patron-de-estancia\/"]}]},{"@type":"ImageObject","inLanguage":"es","@id":"https:\/\/www.noticiasradioreflejos.com.ar\/2021\/manuel-castro-bordoni-se-maneja-como-patron-de-estancia\/#primaryimage","url":"https:\/\/www.noticiasradioreflejos.com.ar\/2021\/wp-content\/uploads\/2023\/08\/images.jpeg","contentUrl":"https:\/\/www.noticiasradioreflejos.com.ar\/2021\/wp-content\/uploads\/2023\/08\/images.jpeg","width":225,"height":225},{"@type":"BreadcrumbList","@id":"https:\/\/www.noticiasradioreflejos.com.ar\/2021\/manuel-castro-bordoni-se-maneja-como-patron-de-estancia\/#breadcrumb","itemListElement":[{"@type":"ListItem","position":1,"name":"Portada","item":"https:\/\/www.noticiasradioreflejos.com.ar\/2021\/"},{"@type":"ListItem","position":2,"name":"Manuel Castro: \u201cBordoni se maneja como patr\u00f3n de estancia\u201d"}]},{"@type":"WebSite","@id":"https:\/\/www.noticiasradioreflejos.com.ar\/2021\/#website","url":"https:\/\/www.noticiasradioreflejos.com.ar\/2021\/","name":"Noticias Radio Reflejos","description":"Las noticias de mi comarca","potentialAction":[{"@type":"SearchAction","target":{"@type":"EntryPoint","urlTemplate":"https:\/\/www.noticiasradioreflejos.com.ar\/2021\/?s={search_term_string}"},"query-input":{"@type":"PropertyValueSpecification","valueRequired":true,"valueName":"search_term_string"}}],"inLanguage":"es"},{"@type":"Person","@id":"https:\/\/www.noticiasradioreflejos.com.ar\/2021\/#\/schema\/person\/ad82545263dcc5ec0996818884fd5fb1","name":"Arnaldo Botto","image":{"@type":"ImageObject","inLanguage":"es","@id":"https:\/\/www.noticiasradioreflejos.com.ar\/2021\/#\/schema\/person\/image\/","url":"https:\/\/secure.gravatar.com\/avatar\/55cb5e37c1efa326397366e6974cb338056df65cb50e7d64d1cf314e87504837?s=96&d=mm&r=g","contentUrl":"https:\/\/secure.gravatar.com\/avatar\/55cb5e37c1efa326397366e6974cb338056df65cb50e7d64d1cf314e87504837?s=96&d=mm&r=g","caption":"Arnaldo Botto"},"url":"https:\/\/www.noticiasradioreflejos.com.ar\/2021\/author\/arnaldo\/"}]}},"_links":{"self":[{"href":"https:\/\/www.noticiasradioreflejos.com.ar\/2021\/wp-json\/wp\/v2\/posts\/91763","targetHints":{"allow":["GET"]}}],"collection":[{"href":"https:\/\/www.noticiasradioreflejos.com.ar\/2021\/wp-json\/wp\/v2\/posts"}],"about":[{"href":"https:\/\/www.noticiasradioreflejos.com.ar\/2021\/wp-json\/wp\/v2\/types\/post"}],"author":[{"embeddable":true,"href":"https:\/\/www.noticiasradioreflejos.com.ar\/2021\/wp-json\/wp\/v2\/users\/3"}],"replies":[{"embeddable":true,"href":"https:\/\/www.noticiasradioreflejos.com.ar\/2021\/wp-json\/wp\/v2\/comments?post=91763"}],"version-history":[{"count":2,"href":"https:\/\/www.noticiasradioreflejos.com.ar\/2021\/wp-json\/wp\/v2\/posts\/91763\/revisions"}],"predecessor-version":[{"id":91770,"href":"https:\/\/www.noticiasradioreflejos.com.ar\/2021\/wp-json\/wp\/v2\/posts\/91763\/revisions\/91770"}],"wp:featuredmedia":[{"embeddable":true,"href":"https:\/\/www.noticiasradioreflejos.com.ar\/2021\/wp-json\/wp\/v2\/media\/91769"}],"wp:attachment":[{"href":"https:\/\/www.noticiasradioreflejos.com.ar\/2021\/wp-json\/wp\/v2\/media?parent=91763"}],"wp:term":[{"taxonomy":"category","embeddable":true,"href":"https:\/\/www.noticiasradioreflejos.com.ar\/2021\/wp-json\/wp\/v2\/categories?post=91763"},{"taxonomy":"post_tag","embeddable":true,"href":"https:\/\/www.noticiasradioreflejos.com.ar\/2021\/wp-json\/wp\/v2\/tags?post=91763"}],"curies":[{"name":"wp","href":"https:\/\/api.w.org\/{rel}","templated":true}]}}