{"id":91750,"date":"2023-08-17T16:34:53","date_gmt":"2023-08-17T16:34:53","guid":{"rendered":"https:\/\/www.noticiasradioreflejos.com.ar\/2021\/?p=91750"},"modified":"2023-08-17T16:34:53","modified_gmt":"2023-08-17T16:34:53","slug":"17-de-agosto-dia-del-peaton","status":"publish","type":"post","link":"https:\/\/www.noticiasradioreflejos.com.ar\/2021\/17-de-agosto-dia-del-peaton\/","title":{"rendered":"17 de agosto &#8211; D\u00eda del Peat\u00f3n"},"content":{"rendered":"<p>Texto compartido por la Asociaci\u00f3n Civil \u00abLuchemos por la Vida\u00bb.<!--more--><\/p>\n<p> Todos somos peatones y como tales hacemos una parte del sistema del tr\u00e1nsito interactuando con los dem\u00e1s usuarios de la v\u00eda p\u00fablica de manera segura o riesgosa.  Los peatones, los usuarios m\u00e1s vulnerables del sistema del tr\u00e1nsito, y que son todos los que caminamos por la v\u00eda p\u00fablica, nos  encontramos desprotegidos. Sin carrocer\u00eda protectora, sufrimos graves lesiones en caso de atropello. <\/p>\n<p>     En un choque entre un veh\u00edculo, a\u00fan el m\u00e1s liviano, y un peat\u00f3n, este \u00faltimo es el que, con mayor probabilidad, se llevar\u00e1 la peor parte. Sin embargo, todos somos peatones y al serlo desde peque\u00f1os, como parte de un proceso natural de nuestro andar y movernos en el mundo, se nos olvida que convivir con la motorizaci\u00f3n creciente en el sistema de tr\u00e1nsito representa un desaf\u00edo, que no por cotidiano resulta inocuo.<\/p>\n<p><a data-flickr-embed=\"true\" href=\"https:\/\/www.flickr.com\/photos\/182279889@N02\/53123203319\/in\/dateposted-public\/\" title=\"unnamed (1)\"><img loading=\"lazy\" decoding=\"async\" src=\"https:\/\/live.staticflickr.com\/65535\/53123203319_ccb3d9854b_z.jpg\" width=\"640\" height=\"367\" alt=\"unnamed (1)\"\/><\/a><script async src=\"\/\/embedr.flickr.com\/assets\/client-code.js\" charset=\"utf-8\"><\/script><\/p>\n<p>La vulnerabilidad de los peatones en cifras<\/p>\n<p>     Anualmente se producen cerca de 1.350.000 muertes en el tr\u00e1nsito en todo el mundo. De ese total m\u00e1s de 290.000 son peatones. Esto constituye el 22% de todas las muertes en la v\u00eda p\u00fablica. Los siniestros de tr\u00e1nsito constituyen la principal causa de muerte de j\u00f3venes entre los 15 y los 29 a\u00f1os de edad. Los varones, tanto ni\u00f1os como adultos, representan el 70% de los muertos en las colisiones con los peatones.<\/p>\n<p>     En Argentina tambi\u00e9n , el 22 % de los muertos en el tr\u00e1nsito son peatones, porcentaje que se incrementa en las ciudades, como en Buenos Aires, donde superan el 30% de las v\u00edctimas mortales. Se estima que en 2022 cerca de 1400 peatones murieron en el tr\u00e1nsito.<\/p>\n<p><a data-flickr-embed=\"true\" href=\"https:\/\/www.flickr.com\/photos\/182279889@N02\/53122398587\/in\/dateposted-public\/\" title=\"unnamed (2)\"><img loading=\"lazy\" decoding=\"async\" src=\"https:\/\/live.staticflickr.com\/65535\/53122398587_0f10bdc850_z.jpg\" width=\"640\" height=\"391\" alt=\"unnamed (2)\"\/><\/a><script async src=\"\/\/embedr.flickr.com\/assets\/client-code.js\" charset=\"utf-8\"><\/script><\/p>\n<p>C\u00f3mo cuidar la vida de los peatones<\/p>\n<p>     Al contrario de lo que sucede en los pa\u00edses exitosos en seguridad vial, donde la prioridad peatonal es absoluta, en nuestras ciudades, lo cotidiano y habitual es que, los conductores ignoren al peat\u00f3n. En las esquinas o sendas peatonales, a\u00fan con sem\u00e1foro a su favor, la mayor\u00eda de las veces, son los peatones quienes deben detenerse y dar la prioridad a los veh\u00edculos y dejar pasar a autos, colectivos, camiones, motos y bicis. Luchemos por la Vida midi\u00f3, en la Ciudad de Buenos Aires, el otorgamiento de la prioridad peatonal, la cual, de acuerdo a los resultados obtenidos, es ignorada por la mayor\u00eda de los conductores. El 88 % de los conductores no otorga la prioridad al peat\u00f3n.<\/p>\n<p>     Esta situaci\u00f3n explica el alto porcentaje de v\u00edctimas peatones y tambi\u00e9n el comportamiento riesgoso de estos \u00faltimos, que no encuentran incentivos para cruzar por las esquinas.<\/p>\n<p>Resulta importante:<\/p>\n<p>&#8211; Reducir las velocidades en zonas de alta circulaci\u00f3n de peatones<br \/>\n&#8211; Adaptar la infraestructura para los peatones<br \/>\n&#8211; Aumentar la conciencia social y la educaci\u00f3n para la convivencia en el tr\u00e1nsito de peatones y conductores<br \/>\n&#8211; Que se controle y sancione a los transgresores, para que los conductores otorguen siempre la prioridad a los peatones, y evitar tantas muertes evitables.<\/p>\n","protected":false},"excerpt":{"rendered":"<p>Texto compartido por la Asociaci\u00f3n Civil \u00abLuchemos por la Vida\u00bb.<\/p>\n","protected":false},"author":3,"featured_media":91751,"comment_status":"closed","ping_status":"closed","sticky":false,"template":"","format":"standard","meta":{"footnotes":""},"categories":[26],"tags":[],"class_list":["post-91750","post","type-post","status-publish","format-standard","has-post-thumbnail","hentry","category-sociedad"],"yoast_head":"<!-- This site is optimized with the Yoast SEO plugin v25.9 - https:\/\/yoast.com\/wordpress\/plugins\/seo\/ -->\n<title>17 de agosto - D\u00eda del Peat\u00f3n - Noticias Radio Reflejos<\/title>\n<meta name=\"robots\" content=\"index, follow, max-snippet:-1, max-image-preview:large, max-video-preview:-1\" \/>\n<link rel=\"canonical\" href=\"https:\/\/www.noticiasradioreflejos.com.ar\/2021\/17-de-agosto-dia-del-peaton\/\" \/>\n<meta property=\"og:locale\" content=\"es_ES\" \/>\n<meta property=\"og:type\" content=\"article\" \/>\n<meta property=\"og:title\" content=\"17 de agosto - D\u00eda del Peat\u00f3n - Noticias Radio Reflejos\" \/>\n<meta property=\"og:description\" content=\"Texto compartido por la Asociaci\u00f3n Civil \u00abLuchemos por la Vida\u00bb.\" \/>\n<meta property=\"og:url\" content=\"https:\/\/www.noticiasradioreflejos.com.ar\/2021\/17-de-agosto-dia-del-peaton\/\" \/>\n<meta property=\"og:site_name\" content=\"Noticias Radio Reflejos\" \/>\n<meta property=\"article:published_time\" content=\"2023-08-17T16:34:53+00:00\" \/>\n<meta property=\"og:image\" content=\"https:\/\/www.noticiasradioreflejos.com.ar\/2021\/wp-content\/uploads\/2023\/08\/unnamed-1.jpg\" \/>\n\t<meta property=\"og:image:width\" content=\"450\" \/>\n\t<meta property=\"og:image:height\" content=\"332\" \/>\n\t<meta property=\"og:image:type\" content=\"image\/jpeg\" \/>\n<meta name=\"author\" content=\"Arnaldo Botto\" \/>\n<meta name=\"twitter:card\" content=\"summary_large_image\" \/>\n<script type=\"application\/ld+json\" class=\"yoast-schema-graph\">{\"@context\":\"https:\/\/schema.org\",\"@graph\":[{\"@type\":\"WebPage\",\"@id\":\"https:\/\/www.noticiasradioreflejos.com.ar\/2021\/17-de-agosto-dia-del-peaton\/\",\"url\":\"https:\/\/www.noticiasradioreflejos.com.ar\/2021\/17-de-agosto-dia-del-peaton\/\",\"name\":\"17 de agosto - D\u00eda del Peat\u00f3n - Noticias Radio Reflejos\",\"isPartOf\":{\"@id\":\"https:\/\/www.noticiasradioreflejos.com.ar\/2021\/#website\"},\"primaryImageOfPage\":{\"@id\":\"https:\/\/www.noticiasradioreflejos.com.ar\/2021\/17-de-agosto-dia-del-peaton\/#primaryimage\"},\"image\":{\"@id\":\"https:\/\/www.noticiasradioreflejos.com.ar\/2021\/17-de-agosto-dia-del-peaton\/#primaryimage\"},\"thumbnailUrl\":\"https:\/\/www.noticiasradioreflejos.com.ar\/2021\/wp-content\/uploads\/2023\/08\/unnamed-1.jpg\",\"datePublished\":\"2023-08-17T16:34:53+00:00\",\"author\":{\"@id\":\"https:\/\/www.noticiasradioreflejos.com.ar\/2021\/#\/schema\/person\/ad82545263dcc5ec0996818884fd5fb1\"},\"breadcrumb\":{\"@id\":\"https:\/\/www.noticiasradioreflejos.com.ar\/2021\/17-de-agosto-dia-del-peaton\/#breadcrumb\"},\"inLanguage\":\"es\",\"potentialAction\":[{\"@type\":\"ReadAction\",\"target\":[\"https:\/\/www.noticiasradioreflejos.com.ar\/2021\/17-de-agosto-dia-del-peaton\/\"]}]},{\"@type\":\"ImageObject\",\"inLanguage\":\"es\",\"@id\":\"https:\/\/www.noticiasradioreflejos.com.ar\/2021\/17-de-agosto-dia-del-peaton\/#primaryimage\",\"url\":\"https:\/\/www.noticiasradioreflejos.com.ar\/2021\/wp-content\/uploads\/2023\/08\/unnamed-1.jpg\",\"contentUrl\":\"https:\/\/www.noticiasradioreflejos.com.ar\/2021\/wp-content\/uploads\/2023\/08\/unnamed-1.jpg\",\"width\":450,\"height\":332},{\"@type\":\"BreadcrumbList\",\"@id\":\"https:\/\/www.noticiasradioreflejos.com.ar\/2021\/17-de-agosto-dia-del-peaton\/#breadcrumb\",\"itemListElement\":[{\"@type\":\"ListItem\",\"position\":1,\"name\":\"Portada\",\"item\":\"https:\/\/www.noticiasradioreflejos.com.ar\/2021\/\"},{\"@type\":\"ListItem\",\"position\":2,\"name\":\"17 de agosto &#8211; D\u00eda del Peat\u00f3n\"}]},{\"@type\":\"WebSite\",\"@id\":\"https:\/\/www.noticiasradioreflejos.com.ar\/2021\/#website\",\"url\":\"https:\/\/www.noticiasradioreflejos.com.ar\/2021\/\",\"name\":\"Noticias Radio Reflejos\",\"description\":\"Las noticias de mi comarca\",\"potentialAction\":[{\"@type\":\"SearchAction\",\"target\":{\"@type\":\"EntryPoint\",\"urlTemplate\":\"https:\/\/www.noticiasradioreflejos.com.ar\/2021\/?s={search_term_string}\"},\"query-input\":{\"@type\":\"PropertyValueSpecification\",\"valueRequired\":true,\"valueName\":\"search_term_string\"}}],\"inLanguage\":\"es\"},{\"@type\":\"Person\",\"@id\":\"https:\/\/www.noticiasradioreflejos.com.ar\/2021\/#\/schema\/person\/ad82545263dcc5ec0996818884fd5fb1\",\"name\":\"Arnaldo Botto\",\"image\":{\"@type\":\"ImageObject\",\"inLanguage\":\"es\",\"@id\":\"https:\/\/www.noticiasradioreflejos.com.ar\/2021\/#\/schema\/person\/image\/\",\"url\":\"https:\/\/secure.gravatar.com\/avatar\/55cb5e37c1efa326397366e6974cb338056df65cb50e7d64d1cf314e87504837?s=96&d=mm&r=g\",\"contentUrl\":\"https:\/\/secure.gravatar.com\/avatar\/55cb5e37c1efa326397366e6974cb338056df65cb50e7d64d1cf314e87504837?s=96&d=mm&r=g\",\"caption\":\"Arnaldo Botto\"},\"url\":\"https:\/\/www.noticiasradioreflejos.com.ar\/2021\/author\/arnaldo\/\"}]}<\/script>\n<!-- \/ Yoast SEO plugin. -->","yoast_head_json":{"title":"17 de agosto - D\u00eda del Peat\u00f3n - Noticias Radio Reflejos","robots":{"index":"index","follow":"follow","max-snippet":"max-snippet:-1","max-image-preview":"max-image-preview:large","max-video-preview":"max-video-preview:-1"},"canonical":"https:\/\/www.noticiasradioreflejos.com.ar\/2021\/17-de-agosto-dia-del-peaton\/","og_locale":"es_ES","og_type":"article","og_title":"17 de agosto - D\u00eda del Peat\u00f3n - Noticias Radio Reflejos","og_description":"Texto compartido por la Asociaci\u00f3n Civil \u00abLuchemos por la Vida\u00bb.","og_url":"https:\/\/www.noticiasradioreflejos.com.ar\/2021\/17-de-agosto-dia-del-peaton\/","og_site_name":"Noticias Radio Reflejos","article_published_time":"2023-08-17T16:34:53+00:00","og_image":[{"width":450,"height":332,"url":"https:\/\/www.noticiasradioreflejos.com.ar\/2021\/wp-content\/uploads\/2023\/08\/unnamed-1.jpg","type":"image\/jpeg"}],"author":"Arnaldo Botto","twitter_card":"summary_large_image","schema":{"@context":"https:\/\/schema.org","@graph":[{"@type":"WebPage","@id":"https:\/\/www.noticiasradioreflejos.com.ar\/2021\/17-de-agosto-dia-del-peaton\/","url":"https:\/\/www.noticiasradioreflejos.com.ar\/2021\/17-de-agosto-dia-del-peaton\/","name":"17 de agosto - D\u00eda del Peat\u00f3n - Noticias Radio Reflejos","isPartOf":{"@id":"https:\/\/www.noticiasradioreflejos.com.ar\/2021\/#website"},"primaryImageOfPage":{"@id":"https:\/\/www.noticiasradioreflejos.com.ar\/2021\/17-de-agosto-dia-del-peaton\/#primaryimage"},"image":{"@id":"https:\/\/www.noticiasradioreflejos.com.ar\/2021\/17-de-agosto-dia-del-peaton\/#primaryimage"},"thumbnailUrl":"https:\/\/www.noticiasradioreflejos.com.ar\/2021\/wp-content\/uploads\/2023\/08\/unnamed-1.jpg","datePublished":"2023-08-17T16:34:53+00:00","author":{"@id":"https:\/\/www.noticiasradioreflejos.com.ar\/2021\/#\/schema\/person\/ad82545263dcc5ec0996818884fd5fb1"},"breadcrumb":{"@id":"https:\/\/www.noticiasradioreflejos.com.ar\/2021\/17-de-agosto-dia-del-peaton\/#breadcrumb"},"inLanguage":"es","potentialAction":[{"@type":"ReadAction","target":["https:\/\/www.noticiasradioreflejos.com.ar\/2021\/17-de-agosto-dia-del-peaton\/"]}]},{"@type":"ImageObject","inLanguage":"es","@id":"https:\/\/www.noticiasradioreflejos.com.ar\/2021\/17-de-agosto-dia-del-peaton\/#primaryimage","url":"https:\/\/www.noticiasradioreflejos.com.ar\/2021\/wp-content\/uploads\/2023\/08\/unnamed-1.jpg","contentUrl":"https:\/\/www.noticiasradioreflejos.com.ar\/2021\/wp-content\/uploads\/2023\/08\/unnamed-1.jpg","width":450,"height":332},{"@type":"BreadcrumbList","@id":"https:\/\/www.noticiasradioreflejos.com.ar\/2021\/17-de-agosto-dia-del-peaton\/#breadcrumb","itemListElement":[{"@type":"ListItem","position":1,"name":"Portada","item":"https:\/\/www.noticiasradioreflejos.com.ar\/2021\/"},{"@type":"ListItem","position":2,"name":"17 de agosto &#8211; D\u00eda del Peat\u00f3n"}]},{"@type":"WebSite","@id":"https:\/\/www.noticiasradioreflejos.com.ar\/2021\/#website","url":"https:\/\/www.noticiasradioreflejos.com.ar\/2021\/","name":"Noticias Radio Reflejos","description":"Las noticias de mi comarca","potentialAction":[{"@type":"SearchAction","target":{"@type":"EntryPoint","urlTemplate":"https:\/\/www.noticiasradioreflejos.com.ar\/2021\/?s={search_term_string}"},"query-input":{"@type":"PropertyValueSpecification","valueRequired":true,"valueName":"search_term_string"}}],"inLanguage":"es"},{"@type":"Person","@id":"https:\/\/www.noticiasradioreflejos.com.ar\/2021\/#\/schema\/person\/ad82545263dcc5ec0996818884fd5fb1","name":"Arnaldo Botto","image":{"@type":"ImageObject","inLanguage":"es","@id":"https:\/\/www.noticiasradioreflejos.com.ar\/2021\/#\/schema\/person\/image\/","url":"https:\/\/secure.gravatar.com\/avatar\/55cb5e37c1efa326397366e6974cb338056df65cb50e7d64d1cf314e87504837?s=96&d=mm&r=g","contentUrl":"https:\/\/secure.gravatar.com\/avatar\/55cb5e37c1efa326397366e6974cb338056df65cb50e7d64d1cf314e87504837?s=96&d=mm&r=g","caption":"Arnaldo Botto"},"url":"https:\/\/www.noticiasradioreflejos.com.ar\/2021\/author\/arnaldo\/"}]}},"_links":{"self":[{"href":"https:\/\/www.noticiasradioreflejos.com.ar\/2021\/wp-json\/wp\/v2\/posts\/91750","targetHints":{"allow":["GET"]}}],"collection":[{"href":"https:\/\/www.noticiasradioreflejos.com.ar\/2021\/wp-json\/wp\/v2\/posts"}],"about":[{"href":"https:\/\/www.noticiasradioreflejos.com.ar\/2021\/wp-json\/wp\/v2\/types\/post"}],"author":[{"embeddable":true,"href":"https:\/\/www.noticiasradioreflejos.com.ar\/2021\/wp-json\/wp\/v2\/users\/3"}],"replies":[{"embeddable":true,"href":"https:\/\/www.noticiasradioreflejos.com.ar\/2021\/wp-json\/wp\/v2\/comments?post=91750"}],"version-history":[{"count":1,"href":"https:\/\/www.noticiasradioreflejos.com.ar\/2021\/wp-json\/wp\/v2\/posts\/91750\/revisions"}],"predecessor-version":[{"id":91752,"href":"https:\/\/www.noticiasradioreflejos.com.ar\/2021\/wp-json\/wp\/v2\/posts\/91750\/revisions\/91752"}],"wp:featuredmedia":[{"embeddable":true,"href":"https:\/\/www.noticiasradioreflejos.com.ar\/2021\/wp-json\/wp\/v2\/media\/91751"}],"wp:attachment":[{"href":"https:\/\/www.noticiasradioreflejos.com.ar\/2021\/wp-json\/wp\/v2\/media?parent=91750"}],"wp:term":[{"taxonomy":"category","embeddable":true,"href":"https:\/\/www.noticiasradioreflejos.com.ar\/2021\/wp-json\/wp\/v2\/categories?post=91750"},{"taxonomy":"post_tag","embeddable":true,"href":"https:\/\/www.noticiasradioreflejos.com.ar\/2021\/wp-json\/wp\/v2\/tags?post=91750"}],"curies":[{"name":"wp","href":"https:\/\/api.w.org\/{rel}","templated":true}]}}