{"id":9175,"date":"2017-04-18T08:49:13","date_gmt":"2017-04-18T11:49:13","guid":{"rendered":"http:\/\/noticiasradioreflejos.com.ar\/noticias\/?p=9175"},"modified":"2017-04-18T08:49:13","modified_gmt":"2017-04-18T11:49:13","slug":"el-concejal-anton-se-retiro-del-acto-por-el-discurso-politico-del-intendente","status":"publish","type":"post","link":"https:\/\/www.noticiasradioreflejos.com.ar\/2021\/el-concejal-anton-se-retiro-del-acto-por-el-discurso-politico-del-intendente\/","title":{"rendered":"El Concejal Ant\u00f3n se retir\u00f3 del acto por el discurso &quot;pol\u00edtico&quot; del intendente."},"content":{"rendered":"<p>En medio del discurso del intendente municipal, Sergio Bordoni, en el acto por el 134\u00ba aniversario de la fundaci\u00f3n de nuestra ciudad, el concejal V\u00edctor Ant\u00f3n (Frente para la Victoria), se retir\u00f3 del recinto.<!--more--><br \/>\nM\u00e1s tarde el edil, en di\u00e1logo con nuestro medio, explic\u00f3 por qu\u00e9 tom\u00f3 tal decisi\u00f3n. \u201cCreo que el d\u00eda de hoy era para agradecer a la comunidad y a las instituciones el trabajo que hacen y para felicitar a todos los que vivimos en Tornquist, no para hacer un discurso que debi\u00f3 haber hecho en el comit\u00e9 y no en el acto institucional\u201d, indic\u00f3.<br \/>\n\u201cEl intendente se equivoca primero cuando habla de aniversario del distrito y despu\u00e9s cuando empieza a hacer pol\u00edtica, hablando del paro docente y de desestabilizaci\u00f3n a la democracia. Me parece que fue una mezcla de cosas bastante poco feliz. La gente va a festejar a su pueblo y a escuchar a un intendente que habla \u00fanicamente de pol\u00edtica partidaria\u201d, manifest\u00f3.<br \/>\nAnt\u00f3n coment\u00f3 que decidi\u00f3 retirarse \u201ccuando empez\u00f3 a hablar de desestabilizaci\u00f3n democr\u00e1tica y cuando dice \u2018digan lo que digan, yo compr\u00e9 las tierras\u2019. Nosotros no estamos de acuerdo c\u00f3mo se est\u00e1 llevando la gesti\u00f3n de gobierno y lo expresamos cuando podemos, pero no en un \u00e1mbito institucional, sino en los \u00e1mbitos pol\u00edticos\u201d.<br \/>\n\u201cCreo que uno a veces tiene que tomar decisiones y actuar en base a sus convicciones, me sent\u00ed muy mal por todos aquellos vecinos que piensan distinto a lo que mencion\u00f3 el intendente y estaban en el acto. Esta fecha es una fiesta de todo el pueblo que no se puede politizar\u201d, concluy\u00f3.<br \/>\n<iframe loading=\"lazy\" src=\"https:\/\/w.soundcloud.com\/player\/?url=https%3A\/\/api.soundcloud.com\/tracks\/318259031&amp;color=ff5500&amp;auto_play=false&amp;hide_related=false&amp;show_comments=true&amp;show_user=true&amp;show_reposts=false\" width=\"100%\" height=\"166\" frameborder=\"no\" scrolling=\"no\"><\/iframe><\/p>\n","protected":false},"excerpt":{"rendered":"<p>En medio del discurso del intendente municipal, Sergio Bordoni, en el acto por el 134\u00ba aniversario de la fundaci\u00f3n de nuestra ciudad, el concejal V\u00edctor Ant\u00f3n (Frente para la Victoria), se retir\u00f3 del recinto.<\/p>\n","protected":false},"author":3,"featured_media":0,"comment_status":"closed","ping_status":"open","sticky":false,"template":"","format":"standard","meta":{"footnotes":""},"categories":[24],"tags":[],"class_list":["post-9175","post","type-post","status-publish","format-standard","hentry","category-politica"],"yoast_head":"<!-- This site is optimized with the Yoast SEO plugin v25.9 - https:\/\/yoast.com\/wordpress\/plugins\/seo\/ -->\n<title>El Concejal Ant\u00f3n se retir\u00f3 del acto por el discurso &quot;pol\u00edtico&quot; del intendente. - Noticias Radio Reflejos<\/title>\n<meta name=\"robots\" content=\"index, follow, max-snippet:-1, max-image-preview:large, max-video-preview:-1\" \/>\n<link rel=\"canonical\" href=\"https:\/\/www.noticiasradioreflejos.com.ar\/2021\/el-concejal-anton-se-retiro-del-acto-por-el-discurso-politico-del-intendente\/\" \/>\n<meta property=\"og:locale\" content=\"es_ES\" \/>\n<meta property=\"og:type\" content=\"article\" \/>\n<meta property=\"og:title\" content=\"El Concejal Ant\u00f3n se retir\u00f3 del acto por el discurso &quot;pol\u00edtico&quot; del intendente. - Noticias Radio Reflejos\" \/>\n<meta property=\"og:description\" content=\"En medio del discurso del intendente municipal, Sergio Bordoni, en el acto por el 134\u00ba aniversario de la fundaci\u00f3n de nuestra ciudad, el concejal V\u00edctor Ant\u00f3n (Frente para la Victoria), se retir\u00f3 del recinto.\" \/>\n<meta property=\"og:url\" content=\"https:\/\/www.noticiasradioreflejos.com.ar\/2021\/el-concejal-anton-se-retiro-del-acto-por-el-discurso-politico-del-intendente\/\" \/>\n<meta property=\"og:site_name\" content=\"Noticias Radio Reflejos\" \/>\n<meta property=\"article:published_time\" content=\"2017-04-18T11:49:13+00:00\" \/>\n<meta property=\"og:image\" content=\"https:\/\/www.noticiasradioreflejos.com.ar\/2021\/wp-content\/uploads\/2021\/07\/logosol300x200.png\" \/>\n\t<meta property=\"og:image:width\" content=\"300\" \/>\n\t<meta property=\"og:image:height\" content=\"200\" \/>\n\t<meta property=\"og:image:type\" content=\"image\/png\" \/>\n<meta name=\"author\" content=\"Arnaldo Botto\" \/>\n<meta name=\"twitter:card\" content=\"summary_large_image\" \/>\n<script type=\"application\/ld+json\" class=\"yoast-schema-graph\">{\"@context\":\"https:\/\/schema.org\",\"@graph\":[{\"@type\":\"WebPage\",\"@id\":\"https:\/\/www.noticiasradioreflejos.com.ar\/2021\/el-concejal-anton-se-retiro-del-acto-por-el-discurso-politico-del-intendente\/\",\"url\":\"https:\/\/www.noticiasradioreflejos.com.ar\/2021\/el-concejal-anton-se-retiro-del-acto-por-el-discurso-politico-del-intendente\/\",\"name\":\"El Concejal Ant\u00f3n se retir\u00f3 del acto por el discurso &quot;pol\u00edtico&quot; del intendente. - Noticias Radio Reflejos\",\"isPartOf\":{\"@id\":\"https:\/\/www.noticiasradioreflejos.com.ar\/2021\/#website\"},\"datePublished\":\"2017-04-18T11:49:13+00:00\",\"author\":{\"@id\":\"https:\/\/www.noticiasradioreflejos.com.ar\/2021\/#\/schema\/person\/ad82545263dcc5ec0996818884fd5fb1\"},\"breadcrumb\":{\"@id\":\"https:\/\/www.noticiasradioreflejos.com.ar\/2021\/el-concejal-anton-se-retiro-del-acto-por-el-discurso-politico-del-intendente\/#breadcrumb\"},\"inLanguage\":\"es\",\"potentialAction\":[{\"@type\":\"ReadAction\",\"target\":[\"https:\/\/www.noticiasradioreflejos.com.ar\/2021\/el-concejal-anton-se-retiro-del-acto-por-el-discurso-politico-del-intendente\/\"]}]},{\"@type\":\"BreadcrumbList\",\"@id\":\"https:\/\/www.noticiasradioreflejos.com.ar\/2021\/el-concejal-anton-se-retiro-del-acto-por-el-discurso-politico-del-intendente\/#breadcrumb\",\"itemListElement\":[{\"@type\":\"ListItem\",\"position\":1,\"name\":\"Portada\",\"item\":\"https:\/\/www.noticiasradioreflejos.com.ar\/2021\/\"},{\"@type\":\"ListItem\",\"position\":2,\"name\":\"El Concejal Ant\u00f3n se retir\u00f3 del acto por el discurso &quot;pol\u00edtico&quot; del intendente.\"}]},{\"@type\":\"WebSite\",\"@id\":\"https:\/\/www.noticiasradioreflejos.com.ar\/2021\/#website\",\"url\":\"https:\/\/www.noticiasradioreflejos.com.ar\/2021\/\",\"name\":\"Noticias Radio Reflejos\",\"description\":\"Las noticias de mi comarca\",\"potentialAction\":[{\"@type\":\"SearchAction\",\"target\":{\"@type\":\"EntryPoint\",\"urlTemplate\":\"https:\/\/www.noticiasradioreflejos.com.ar\/2021\/?s={search_term_string}\"},\"query-input\":{\"@type\":\"PropertyValueSpecification\",\"valueRequired\":true,\"valueName\":\"search_term_string\"}}],\"inLanguage\":\"es\"},{\"@type\":\"Person\",\"@id\":\"https:\/\/www.noticiasradioreflejos.com.ar\/2021\/#\/schema\/person\/ad82545263dcc5ec0996818884fd5fb1\",\"name\":\"Arnaldo Botto\",\"image\":{\"@type\":\"ImageObject\",\"inLanguage\":\"es\",\"@id\":\"https:\/\/www.noticiasradioreflejos.com.ar\/2021\/#\/schema\/person\/image\/\",\"url\":\"https:\/\/secure.gravatar.com\/avatar\/55cb5e37c1efa326397366e6974cb338056df65cb50e7d64d1cf314e87504837?s=96&d=mm&r=g\",\"contentUrl\":\"https:\/\/secure.gravatar.com\/avatar\/55cb5e37c1efa326397366e6974cb338056df65cb50e7d64d1cf314e87504837?s=96&d=mm&r=g\",\"caption\":\"Arnaldo Botto\"},\"url\":\"https:\/\/www.noticiasradioreflejos.com.ar\/2021\/author\/arnaldo\/\"}]}<\/script>\n<!-- \/ Yoast SEO plugin. -->","yoast_head_json":{"title":"El Concejal Ant\u00f3n se retir\u00f3 del acto por el discurso &quot;pol\u00edtico&quot; del intendente. - Noticias Radio Reflejos","robots":{"index":"index","follow":"follow","max-snippet":"max-snippet:-1","max-image-preview":"max-image-preview:large","max-video-preview":"max-video-preview:-1"},"canonical":"https:\/\/www.noticiasradioreflejos.com.ar\/2021\/el-concejal-anton-se-retiro-del-acto-por-el-discurso-politico-del-intendente\/","og_locale":"es_ES","og_type":"article","og_title":"El Concejal Ant\u00f3n se retir\u00f3 del acto por el discurso &quot;pol\u00edtico&quot; del intendente. - Noticias Radio Reflejos","og_description":"En medio del discurso del intendente municipal, Sergio Bordoni, en el acto por el 134\u00ba aniversario de la fundaci\u00f3n de nuestra ciudad, el concejal V\u00edctor Ant\u00f3n (Frente para la Victoria), se retir\u00f3 del recinto.","og_url":"https:\/\/www.noticiasradioreflejos.com.ar\/2021\/el-concejal-anton-se-retiro-del-acto-por-el-discurso-politico-del-intendente\/","og_site_name":"Noticias Radio Reflejos","article_published_time":"2017-04-18T11:49:13+00:00","og_image":[{"width":300,"height":200,"url":"https:\/\/www.noticiasradioreflejos.com.ar\/2021\/wp-content\/uploads\/2021\/07\/logosol300x200.png","type":"image\/png"}],"author":"Arnaldo Botto","twitter_card":"summary_large_image","schema":{"@context":"https:\/\/schema.org","@graph":[{"@type":"WebPage","@id":"https:\/\/www.noticiasradioreflejos.com.ar\/2021\/el-concejal-anton-se-retiro-del-acto-por-el-discurso-politico-del-intendente\/","url":"https:\/\/www.noticiasradioreflejos.com.ar\/2021\/el-concejal-anton-se-retiro-del-acto-por-el-discurso-politico-del-intendente\/","name":"El Concejal Ant\u00f3n se retir\u00f3 del acto por el discurso &quot;pol\u00edtico&quot; del intendente. - Noticias Radio Reflejos","isPartOf":{"@id":"https:\/\/www.noticiasradioreflejos.com.ar\/2021\/#website"},"datePublished":"2017-04-18T11:49:13+00:00","author":{"@id":"https:\/\/www.noticiasradioreflejos.com.ar\/2021\/#\/schema\/person\/ad82545263dcc5ec0996818884fd5fb1"},"breadcrumb":{"@id":"https:\/\/www.noticiasradioreflejos.com.ar\/2021\/el-concejal-anton-se-retiro-del-acto-por-el-discurso-politico-del-intendente\/#breadcrumb"},"inLanguage":"es","potentialAction":[{"@type":"ReadAction","target":["https:\/\/www.noticiasradioreflejos.com.ar\/2021\/el-concejal-anton-se-retiro-del-acto-por-el-discurso-politico-del-intendente\/"]}]},{"@type":"BreadcrumbList","@id":"https:\/\/www.noticiasradioreflejos.com.ar\/2021\/el-concejal-anton-se-retiro-del-acto-por-el-discurso-politico-del-intendente\/#breadcrumb","itemListElement":[{"@type":"ListItem","position":1,"name":"Portada","item":"https:\/\/www.noticiasradioreflejos.com.ar\/2021\/"},{"@type":"ListItem","position":2,"name":"El Concejal Ant\u00f3n se retir\u00f3 del acto por el discurso &quot;pol\u00edtico&quot; del intendente."}]},{"@type":"WebSite","@id":"https:\/\/www.noticiasradioreflejos.com.ar\/2021\/#website","url":"https:\/\/www.noticiasradioreflejos.com.ar\/2021\/","name":"Noticias Radio Reflejos","description":"Las noticias de mi comarca","potentialAction":[{"@type":"SearchAction","target":{"@type":"EntryPoint","urlTemplate":"https:\/\/www.noticiasradioreflejos.com.ar\/2021\/?s={search_term_string}"},"query-input":{"@type":"PropertyValueSpecification","valueRequired":true,"valueName":"search_term_string"}}],"inLanguage":"es"},{"@type":"Person","@id":"https:\/\/www.noticiasradioreflejos.com.ar\/2021\/#\/schema\/person\/ad82545263dcc5ec0996818884fd5fb1","name":"Arnaldo Botto","image":{"@type":"ImageObject","inLanguage":"es","@id":"https:\/\/www.noticiasradioreflejos.com.ar\/2021\/#\/schema\/person\/image\/","url":"https:\/\/secure.gravatar.com\/avatar\/55cb5e37c1efa326397366e6974cb338056df65cb50e7d64d1cf314e87504837?s=96&d=mm&r=g","contentUrl":"https:\/\/secure.gravatar.com\/avatar\/55cb5e37c1efa326397366e6974cb338056df65cb50e7d64d1cf314e87504837?s=96&d=mm&r=g","caption":"Arnaldo Botto"},"url":"https:\/\/www.noticiasradioreflejos.com.ar\/2021\/author\/arnaldo\/"}]}},"_links":{"self":[{"href":"https:\/\/www.noticiasradioreflejos.com.ar\/2021\/wp-json\/wp\/v2\/posts\/9175","targetHints":{"allow":["GET"]}}],"collection":[{"href":"https:\/\/www.noticiasradioreflejos.com.ar\/2021\/wp-json\/wp\/v2\/posts"}],"about":[{"href":"https:\/\/www.noticiasradioreflejos.com.ar\/2021\/wp-json\/wp\/v2\/types\/post"}],"author":[{"embeddable":true,"href":"https:\/\/www.noticiasradioreflejos.com.ar\/2021\/wp-json\/wp\/v2\/users\/3"}],"replies":[{"embeddable":true,"href":"https:\/\/www.noticiasradioreflejos.com.ar\/2021\/wp-json\/wp\/v2\/comments?post=9175"}],"version-history":[{"count":0,"href":"https:\/\/www.noticiasradioreflejos.com.ar\/2021\/wp-json\/wp\/v2\/posts\/9175\/revisions"}],"wp:attachment":[{"href":"https:\/\/www.noticiasradioreflejos.com.ar\/2021\/wp-json\/wp\/v2\/media?parent=9175"}],"wp:term":[{"taxonomy":"category","embeddable":true,"href":"https:\/\/www.noticiasradioreflejos.com.ar\/2021\/wp-json\/wp\/v2\/categories?post=9175"},{"taxonomy":"post_tag","embeddable":true,"href":"https:\/\/www.noticiasradioreflejos.com.ar\/2021\/wp-json\/wp\/v2\/tags?post=9175"}],"curies":[{"name":"wp","href":"https:\/\/api.w.org\/{rel}","templated":true}]}}