{"id":91745,"date":"2023-08-17T16:18:27","date_gmt":"2023-08-17T16:18:27","guid":{"rendered":"https:\/\/www.noticiasradioreflejos.com.ar\/2021\/?p=91745"},"modified":"2023-08-17T16:18:28","modified_gmt":"2023-08-17T16:18:28","slug":"sierra-de-la-ventana-detuvieron-a-un-hombre-que-poseia-dos-pedidos-de-captura-y-dos-ordenes-de-detencion-activas","status":"publish","type":"post","link":"https:\/\/www.noticiasradioreflejos.com.ar\/2021\/sierra-de-la-ventana-detuvieron-a-un-hombre-que-poseia-dos-pedidos-de-captura-y-dos-ordenes-de-detencion-activas\/","title":{"rendered":"Sierra de la Ventana: Detuvieron a un hombre que pose\u00eda dos pedidos de captura y dos \u00f3rdenes de detenci\u00f3n activas"},"content":{"rendered":"<p>Personal de la Sub Estaci\u00f3n de Polic\u00eda Comunal de Sierra de la Ventana, al mando del Jefe de la policial local Lic. Oficial\u00a0 Principal Franco Rodrigo Ragni,<!--more--> mientras realizaba recorridas din\u00e1micas en zona c\u00e9ntrica de este medio, a los fines prevenir todo tipo de delitos y faltas en general, sumado que se encontraban en horas electorales, en el cruce de la Avenida San Martin, esquina con la calle Sarmiento, los uniformados observan a un sujeto de sexo masculino de contextura f\u00edsica mediana, quien al notar la presencia de los efectivos policiales, acelera su marcha a pie y toma nueva direcci\u00f3n, lo que llam\u00f3 la atenci\u00f3n de los uniformados, ya que no lo reconoc\u00edan como vecino de la zona.<\/p>\n<p><a href=\"https:\/\/www.noticiasradioreflejos.com.ar\/2021\/sierra-de-la-ventana-detuvieron-a-un-hombre-que-poseia-dos-pedidos-de-captura-y-dos-ordenes-de-detencion-activas\/detencionsierra\/\" rel=\"attachment wp-att-91746\"><img loading=\"lazy\" decoding=\"async\" class=\" wp-image-91746 alignleft\" src=\"https:\/\/www.noticiasradioreflejos.com.ar\/2021\/wp-content\/uploads\/2023\/08\/detencionsierra.jpg\" alt=\"\" width=\"390\" height=\"693\" srcset=\"https:\/\/www.noticiasradioreflejos.com.ar\/2021\/wp-content\/uploads\/2023\/08\/detencionsierra.jpg 901w, https:\/\/www.noticiasradioreflejos.com.ar\/2021\/wp-content\/uploads\/2023\/08\/detencionsierra-169x300.jpg 169w, https:\/\/www.noticiasradioreflejos.com.ar\/2021\/wp-content\/uploads\/2023\/08\/detencionsierra-577x1024.jpg 577w, https:\/\/www.noticiasradioreflejos.com.ar\/2021\/wp-content\/uploads\/2023\/08\/detencionsierra-768x1364.jpg 768w, https:\/\/www.noticiasradioreflejos.com.ar\/2021\/wp-content\/uploads\/2023\/08\/detencionsierra-865x1536.jpg 865w, https:\/\/www.noticiasradioreflejos.com.ar\/2021\/wp-content\/uploads\/2023\/08\/detencionsierra-750x1332.jpg 750w\" sizes=\"auto, (max-width: 390px) 100vw, 390px\" \/><\/a>Se procede a su identificaci\u00f3n, trat\u00e1ndose del ciudadano HEFFNER ROGELIO AGUSTIN de 22 a\u00f1os de edad, oriundo de la localidad de Coronel Suarez, quien al cursarlo por sistema delictual policial, se logra establecer que sobre \u00e9l pesaban DOS ORDENES DEDETENCION ACTIVAS Y DOS CAPTURAS TAMBIEN ACTIVAS, todas ellas a requerimiento del Juzgado de Garant\u00edas N\u00b0 04 del partido judicial de Bah\u00eda Blanca. Que as\u00ed tambi\u00e9n, los uniformados confirmaron que, tras las alterantes solicitudes judiciales que pose\u00eda este sujeto, adem\u00e1s ten\u00eda varias causas abiertas por delitos como HURTOS REITERADOS, ROBOS, HURTO DE VEH\u00cdCULOS, entre otros. El hombre sujeto se encuentra a disposici\u00f3n del magistrado de intervenci\u00f3n.<\/p>\n","protected":false},"excerpt":{"rendered":"<p>Personal de la Sub Estaci\u00f3n de Polic\u00eda Comunal de Sierra de la Ventana, al mando del Jefe de la policial local Lic. Oficial\u00a0 Principal Franco Rodrigo Ragni,<\/p>\n","protected":false},"author":3,"featured_media":91746,"comment_status":"closed","ping_status":"closed","sticky":false,"template":"","format":"standard","meta":{"footnotes":""},"categories":[29],"tags":[48],"class_list":["post-91745","post","type-post","status-publish","format-standard","has-post-thumbnail","hentry","category-policiales","tag-destacada"],"yoast_head":"<!-- This site is optimized with the Yoast SEO plugin v25.9 - https:\/\/yoast.com\/wordpress\/plugins\/seo\/ -->\n<title>Sierra de la Ventana: Detuvieron a un hombre que pose\u00eda dos pedidos de captura y dos \u00f3rdenes de detenci\u00f3n activas - Noticias Radio Reflejos<\/title>\n<meta name=\"robots\" content=\"index, follow, max-snippet:-1, max-image-preview:large, max-video-preview:-1\" \/>\n<link rel=\"canonical\" href=\"https:\/\/www.noticiasradioreflejos.com.ar\/2021\/sierra-de-la-ventana-detuvieron-a-un-hombre-que-poseia-dos-pedidos-de-captura-y-dos-ordenes-de-detencion-activas\/\" \/>\n<meta property=\"og:locale\" content=\"es_ES\" \/>\n<meta property=\"og:type\" content=\"article\" \/>\n<meta property=\"og:title\" content=\"Sierra de la Ventana: Detuvieron a un hombre que pose\u00eda dos pedidos de captura y dos \u00f3rdenes de detenci\u00f3n activas - Noticias Radio Reflejos\" \/>\n<meta property=\"og:description\" content=\"Personal de la Sub Estaci\u00f3n de Polic\u00eda Comunal de Sierra de la Ventana, al mando del Jefe de la policial local Lic. Oficial\u00a0 Principal Franco Rodrigo Ragni,\" \/>\n<meta property=\"og:url\" content=\"https:\/\/www.noticiasradioreflejos.com.ar\/2021\/sierra-de-la-ventana-detuvieron-a-un-hombre-que-poseia-dos-pedidos-de-captura-y-dos-ordenes-de-detencion-activas\/\" \/>\n<meta property=\"og:site_name\" content=\"Noticias Radio Reflejos\" \/>\n<meta property=\"article:published_time\" content=\"2023-08-17T16:18:27+00:00\" \/>\n<meta property=\"article:modified_time\" content=\"2023-08-17T16:18:28+00:00\" \/>\n<meta property=\"og:image\" content=\"https:\/\/www.noticiasradioreflejos.com.ar\/2021\/wp-content\/uploads\/2023\/08\/detencionsierra.jpg\" \/>\n\t<meta property=\"og:image:width\" content=\"901\" \/>\n\t<meta property=\"og:image:height\" content=\"1600\" \/>\n\t<meta property=\"og:image:type\" content=\"image\/jpeg\" \/>\n<meta name=\"author\" content=\"Arnaldo Botto\" \/>\n<meta name=\"twitter:card\" content=\"summary_large_image\" \/>\n<script type=\"application\/ld+json\" class=\"yoast-schema-graph\">{\"@context\":\"https:\/\/schema.org\",\"@graph\":[{\"@type\":\"WebPage\",\"@id\":\"https:\/\/www.noticiasradioreflejos.com.ar\/2021\/sierra-de-la-ventana-detuvieron-a-un-hombre-que-poseia-dos-pedidos-de-captura-y-dos-ordenes-de-detencion-activas\/\",\"url\":\"https:\/\/www.noticiasradioreflejos.com.ar\/2021\/sierra-de-la-ventana-detuvieron-a-un-hombre-que-poseia-dos-pedidos-de-captura-y-dos-ordenes-de-detencion-activas\/\",\"name\":\"Sierra de la Ventana: Detuvieron a un hombre que pose\u00eda dos pedidos de captura y dos \u00f3rdenes de detenci\u00f3n activas - Noticias Radio Reflejos\",\"isPartOf\":{\"@id\":\"https:\/\/www.noticiasradioreflejos.com.ar\/2021\/#website\"},\"primaryImageOfPage\":{\"@id\":\"https:\/\/www.noticiasradioreflejos.com.ar\/2021\/sierra-de-la-ventana-detuvieron-a-un-hombre-que-poseia-dos-pedidos-de-captura-y-dos-ordenes-de-detencion-activas\/#primaryimage\"},\"image\":{\"@id\":\"https:\/\/www.noticiasradioreflejos.com.ar\/2021\/sierra-de-la-ventana-detuvieron-a-un-hombre-que-poseia-dos-pedidos-de-captura-y-dos-ordenes-de-detencion-activas\/#primaryimage\"},\"thumbnailUrl\":\"https:\/\/www.noticiasradioreflejos.com.ar\/2021\/wp-content\/uploads\/2023\/08\/detencionsierra.jpg\",\"datePublished\":\"2023-08-17T16:18:27+00:00\",\"dateModified\":\"2023-08-17T16:18:28+00:00\",\"author\":{\"@id\":\"https:\/\/www.noticiasradioreflejos.com.ar\/2021\/#\/schema\/person\/ad82545263dcc5ec0996818884fd5fb1\"},\"breadcrumb\":{\"@id\":\"https:\/\/www.noticiasradioreflejos.com.ar\/2021\/sierra-de-la-ventana-detuvieron-a-un-hombre-que-poseia-dos-pedidos-de-captura-y-dos-ordenes-de-detencion-activas\/#breadcrumb\"},\"inLanguage\":\"es\",\"potentialAction\":[{\"@type\":\"ReadAction\",\"target\":[\"https:\/\/www.noticiasradioreflejos.com.ar\/2021\/sierra-de-la-ventana-detuvieron-a-un-hombre-que-poseia-dos-pedidos-de-captura-y-dos-ordenes-de-detencion-activas\/\"]}]},{\"@type\":\"ImageObject\",\"inLanguage\":\"es\",\"@id\":\"https:\/\/www.noticiasradioreflejos.com.ar\/2021\/sierra-de-la-ventana-detuvieron-a-un-hombre-que-poseia-dos-pedidos-de-captura-y-dos-ordenes-de-detencion-activas\/#primaryimage\",\"url\":\"https:\/\/www.noticiasradioreflejos.com.ar\/2021\/wp-content\/uploads\/2023\/08\/detencionsierra.jpg\",\"contentUrl\":\"https:\/\/www.noticiasradioreflejos.com.ar\/2021\/wp-content\/uploads\/2023\/08\/detencionsierra.jpg\",\"width\":901,\"height\":1600},{\"@type\":\"BreadcrumbList\",\"@id\":\"https:\/\/www.noticiasradioreflejos.com.ar\/2021\/sierra-de-la-ventana-detuvieron-a-un-hombre-que-poseia-dos-pedidos-de-captura-y-dos-ordenes-de-detencion-activas\/#breadcrumb\",\"itemListElement\":[{\"@type\":\"ListItem\",\"position\":1,\"name\":\"Portada\",\"item\":\"https:\/\/www.noticiasradioreflejos.com.ar\/2021\/\"},{\"@type\":\"ListItem\",\"position\":2,\"name\":\"Sierra de la Ventana: Detuvieron a un hombre que pose\u00eda dos pedidos de captura y dos \u00f3rdenes de detenci\u00f3n activas\"}]},{\"@type\":\"WebSite\",\"@id\":\"https:\/\/www.noticiasradioreflejos.com.ar\/2021\/#website\",\"url\":\"https:\/\/www.noticiasradioreflejos.com.ar\/2021\/\",\"name\":\"Noticias Radio Reflejos\",\"description\":\"Las noticias de mi comarca\",\"potentialAction\":[{\"@type\":\"SearchAction\",\"target\":{\"@type\":\"EntryPoint\",\"urlTemplate\":\"https:\/\/www.noticiasradioreflejos.com.ar\/2021\/?s={search_term_string}\"},\"query-input\":{\"@type\":\"PropertyValueSpecification\",\"valueRequired\":true,\"valueName\":\"search_term_string\"}}],\"inLanguage\":\"es\"},{\"@type\":\"Person\",\"@id\":\"https:\/\/www.noticiasradioreflejos.com.ar\/2021\/#\/schema\/person\/ad82545263dcc5ec0996818884fd5fb1\",\"name\":\"Arnaldo Botto\",\"image\":{\"@type\":\"ImageObject\",\"inLanguage\":\"es\",\"@id\":\"https:\/\/www.noticiasradioreflejos.com.ar\/2021\/#\/schema\/person\/image\/\",\"url\":\"https:\/\/secure.gravatar.com\/avatar\/55cb5e37c1efa326397366e6974cb338056df65cb50e7d64d1cf314e87504837?s=96&d=mm&r=g\",\"contentUrl\":\"https:\/\/secure.gravatar.com\/avatar\/55cb5e37c1efa326397366e6974cb338056df65cb50e7d64d1cf314e87504837?s=96&d=mm&r=g\",\"caption\":\"Arnaldo Botto\"},\"url\":\"https:\/\/www.noticiasradioreflejos.com.ar\/2021\/author\/arnaldo\/\"}]}<\/script>\n<!-- \/ Yoast SEO plugin. -->","yoast_head_json":{"title":"Sierra de la Ventana: Detuvieron a un hombre que pose\u00eda dos pedidos de captura y dos \u00f3rdenes de detenci\u00f3n activas - Noticias Radio Reflejos","robots":{"index":"index","follow":"follow","max-snippet":"max-snippet:-1","max-image-preview":"max-image-preview:large","max-video-preview":"max-video-preview:-1"},"canonical":"https:\/\/www.noticiasradioreflejos.com.ar\/2021\/sierra-de-la-ventana-detuvieron-a-un-hombre-que-poseia-dos-pedidos-de-captura-y-dos-ordenes-de-detencion-activas\/","og_locale":"es_ES","og_type":"article","og_title":"Sierra de la Ventana: Detuvieron a un hombre que pose\u00eda dos pedidos de captura y dos \u00f3rdenes de detenci\u00f3n activas - Noticias Radio Reflejos","og_description":"Personal de la Sub Estaci\u00f3n de Polic\u00eda Comunal de Sierra de la Ventana, al mando del Jefe de la policial local Lic. Oficial\u00a0 Principal Franco Rodrigo Ragni,","og_url":"https:\/\/www.noticiasradioreflejos.com.ar\/2021\/sierra-de-la-ventana-detuvieron-a-un-hombre-que-poseia-dos-pedidos-de-captura-y-dos-ordenes-de-detencion-activas\/","og_site_name":"Noticias Radio Reflejos","article_published_time":"2023-08-17T16:18:27+00:00","article_modified_time":"2023-08-17T16:18:28+00:00","og_image":[{"width":901,"height":1600,"url":"https:\/\/www.noticiasradioreflejos.com.ar\/2021\/wp-content\/uploads\/2023\/08\/detencionsierra.jpg","type":"image\/jpeg"}],"author":"Arnaldo Botto","twitter_card":"summary_large_image","schema":{"@context":"https:\/\/schema.org","@graph":[{"@type":"WebPage","@id":"https:\/\/www.noticiasradioreflejos.com.ar\/2021\/sierra-de-la-ventana-detuvieron-a-un-hombre-que-poseia-dos-pedidos-de-captura-y-dos-ordenes-de-detencion-activas\/","url":"https:\/\/www.noticiasradioreflejos.com.ar\/2021\/sierra-de-la-ventana-detuvieron-a-un-hombre-que-poseia-dos-pedidos-de-captura-y-dos-ordenes-de-detencion-activas\/","name":"Sierra de la Ventana: Detuvieron a un hombre que pose\u00eda dos pedidos de captura y dos \u00f3rdenes de detenci\u00f3n activas - Noticias Radio Reflejos","isPartOf":{"@id":"https:\/\/www.noticiasradioreflejos.com.ar\/2021\/#website"},"primaryImageOfPage":{"@id":"https:\/\/www.noticiasradioreflejos.com.ar\/2021\/sierra-de-la-ventana-detuvieron-a-un-hombre-que-poseia-dos-pedidos-de-captura-y-dos-ordenes-de-detencion-activas\/#primaryimage"},"image":{"@id":"https:\/\/www.noticiasradioreflejos.com.ar\/2021\/sierra-de-la-ventana-detuvieron-a-un-hombre-que-poseia-dos-pedidos-de-captura-y-dos-ordenes-de-detencion-activas\/#primaryimage"},"thumbnailUrl":"https:\/\/www.noticiasradioreflejos.com.ar\/2021\/wp-content\/uploads\/2023\/08\/detencionsierra.jpg","datePublished":"2023-08-17T16:18:27+00:00","dateModified":"2023-08-17T16:18:28+00:00","author":{"@id":"https:\/\/www.noticiasradioreflejos.com.ar\/2021\/#\/schema\/person\/ad82545263dcc5ec0996818884fd5fb1"},"breadcrumb":{"@id":"https:\/\/www.noticiasradioreflejos.com.ar\/2021\/sierra-de-la-ventana-detuvieron-a-un-hombre-que-poseia-dos-pedidos-de-captura-y-dos-ordenes-de-detencion-activas\/#breadcrumb"},"inLanguage":"es","potentialAction":[{"@type":"ReadAction","target":["https:\/\/www.noticiasradioreflejos.com.ar\/2021\/sierra-de-la-ventana-detuvieron-a-un-hombre-que-poseia-dos-pedidos-de-captura-y-dos-ordenes-de-detencion-activas\/"]}]},{"@type":"ImageObject","inLanguage":"es","@id":"https:\/\/www.noticiasradioreflejos.com.ar\/2021\/sierra-de-la-ventana-detuvieron-a-un-hombre-que-poseia-dos-pedidos-de-captura-y-dos-ordenes-de-detencion-activas\/#primaryimage","url":"https:\/\/www.noticiasradioreflejos.com.ar\/2021\/wp-content\/uploads\/2023\/08\/detencionsierra.jpg","contentUrl":"https:\/\/www.noticiasradioreflejos.com.ar\/2021\/wp-content\/uploads\/2023\/08\/detencionsierra.jpg","width":901,"height":1600},{"@type":"BreadcrumbList","@id":"https:\/\/www.noticiasradioreflejos.com.ar\/2021\/sierra-de-la-ventana-detuvieron-a-un-hombre-que-poseia-dos-pedidos-de-captura-y-dos-ordenes-de-detencion-activas\/#breadcrumb","itemListElement":[{"@type":"ListItem","position":1,"name":"Portada","item":"https:\/\/www.noticiasradioreflejos.com.ar\/2021\/"},{"@type":"ListItem","position":2,"name":"Sierra de la Ventana: Detuvieron a un hombre que pose\u00eda dos pedidos de captura y dos \u00f3rdenes de detenci\u00f3n activas"}]},{"@type":"WebSite","@id":"https:\/\/www.noticiasradioreflejos.com.ar\/2021\/#website","url":"https:\/\/www.noticiasradioreflejos.com.ar\/2021\/","name":"Noticias Radio Reflejos","description":"Las noticias de mi comarca","potentialAction":[{"@type":"SearchAction","target":{"@type":"EntryPoint","urlTemplate":"https:\/\/www.noticiasradioreflejos.com.ar\/2021\/?s={search_term_string}"},"query-input":{"@type":"PropertyValueSpecification","valueRequired":true,"valueName":"search_term_string"}}],"inLanguage":"es"},{"@type":"Person","@id":"https:\/\/www.noticiasradioreflejos.com.ar\/2021\/#\/schema\/person\/ad82545263dcc5ec0996818884fd5fb1","name":"Arnaldo Botto","image":{"@type":"ImageObject","inLanguage":"es","@id":"https:\/\/www.noticiasradioreflejos.com.ar\/2021\/#\/schema\/person\/image\/","url":"https:\/\/secure.gravatar.com\/avatar\/55cb5e37c1efa326397366e6974cb338056df65cb50e7d64d1cf314e87504837?s=96&d=mm&r=g","contentUrl":"https:\/\/secure.gravatar.com\/avatar\/55cb5e37c1efa326397366e6974cb338056df65cb50e7d64d1cf314e87504837?s=96&d=mm&r=g","caption":"Arnaldo Botto"},"url":"https:\/\/www.noticiasradioreflejos.com.ar\/2021\/author\/arnaldo\/"}]}},"_links":{"self":[{"href":"https:\/\/www.noticiasradioreflejos.com.ar\/2021\/wp-json\/wp\/v2\/posts\/91745","targetHints":{"allow":["GET"]}}],"collection":[{"href":"https:\/\/www.noticiasradioreflejos.com.ar\/2021\/wp-json\/wp\/v2\/posts"}],"about":[{"href":"https:\/\/www.noticiasradioreflejos.com.ar\/2021\/wp-json\/wp\/v2\/types\/post"}],"author":[{"embeddable":true,"href":"https:\/\/www.noticiasradioreflejos.com.ar\/2021\/wp-json\/wp\/v2\/users\/3"}],"replies":[{"embeddable":true,"href":"https:\/\/www.noticiasradioreflejos.com.ar\/2021\/wp-json\/wp\/v2\/comments?post=91745"}],"version-history":[{"count":2,"href":"https:\/\/www.noticiasradioreflejos.com.ar\/2021\/wp-json\/wp\/v2\/posts\/91745\/revisions"}],"predecessor-version":[{"id":91748,"href":"https:\/\/www.noticiasradioreflejos.com.ar\/2021\/wp-json\/wp\/v2\/posts\/91745\/revisions\/91748"}],"wp:featuredmedia":[{"embeddable":true,"href":"https:\/\/www.noticiasradioreflejos.com.ar\/2021\/wp-json\/wp\/v2\/media\/91746"}],"wp:attachment":[{"href":"https:\/\/www.noticiasradioreflejos.com.ar\/2021\/wp-json\/wp\/v2\/media?parent=91745"}],"wp:term":[{"taxonomy":"category","embeddable":true,"href":"https:\/\/www.noticiasradioreflejos.com.ar\/2021\/wp-json\/wp\/v2\/categories?post=91745"},{"taxonomy":"post_tag","embeddable":true,"href":"https:\/\/www.noticiasradioreflejos.com.ar\/2021\/wp-json\/wp\/v2\/tags?post=91745"}],"curies":[{"name":"wp","href":"https:\/\/api.w.org\/{rel}","templated":true}]}}