{"id":9170,"date":"2017-04-18T08:38:45","date_gmt":"2017-04-18T11:38:45","guid":{"rendered":"http:\/\/noticiasradioreflejos.com.ar\/noticias\/?p=9170"},"modified":"2017-04-18T08:38:45","modified_gmt":"2017-04-18T11:38:45","slug":"reunion-semanal-de-la-liga-regional-de-futbol","status":"publish","type":"post","link":"https:\/\/www.noticiasradioreflejos.com.ar\/2021\/reunion-semanal-de-la-liga-regional-de-futbol\/","title":{"rendered":"Reuni\u00f3n semanal de la Liga Regional de F\u00fatbol"},"content":{"rendered":"<p>Debido a que a\u00fan tiene su estadio con trabajos de refacciones, Boca Juniors cambi\u00f3 la local\u00eda con Deportivo Sarmiento y el pr\u00f3ximo domingo confrontar\u00e1n en el Parque \u201cJuan Emilio Bove\u201d, cuando se desarrolle la quinta fecha del torneo Apertura de Primera divisi\u00f3n.<!--more--><br \/>\nTal fue la principal novedad emanada de la reuni\u00f3n que este lunes, en la sede de Las Heras 1.062, llev\u00f3 a cabo el consejo directivo de la Liga Regional de F\u00fatbol de Coronel Su\u00e1rez que preside Ernesto Manuel Palenzona.<br \/>\nPor el mismo motivo, Boca Juniors acord\u00f3 el cambio en la condici\u00f3n de local con San Mart\u00edn de Carhu\u00e9 para las divisiones inferiores, raz\u00f3n por la cual el enfrentamiento de la cuarta fecha del torneo Apertura el pr\u00f3ximo s\u00e1bado ir\u00e1 en el estadio \u201cCholo\u201d Laspiur.<br \/>\nEn cuanto a los trascendidos que circulan sobre que se prohibir\u00eda la asistencia del p\u00fablico visitante a los estadios de las ligas del interior de la provincia de Buenos Aires, el presidente liguista consult\u00f3 al Consejo Federal y no hay notificaci\u00f3n alguna.<br \/>\nCabe se\u00f1alar que Palenzona hace pocos d\u00edas acept\u00f3 la designaci\u00f3n en el organismo que depende de la AFA como uno de los dos delegados federales por la Regi\u00f3n Bonaerense Pampeana Sur. La tarea la comparte con Alfredo Iriart, titular de la Liga de F\u00fatbol del Partido de la Costa.<br \/>\nPor \u00faltimo, se les vuelve a reiterar a los clubes afiliados el pedido para que cancelen los saldos deudores para permitir el normal desenvolvimiento de la Liga.<\/p>\n","protected":false},"excerpt":{"rendered":"<p>Debido a que a\u00fan tiene su estadio con trabajos de refacciones, Boca Juniors cambi\u00f3 la local\u00eda con Deportivo Sarmiento y el pr\u00f3ximo domingo confrontar\u00e1n en el Parque \u201cJuan Emilio Bove\u201d, cuando se desarrolle la quinta fecha del torneo Apertura de Primera divisi\u00f3n.<\/p>\n","protected":false},"author":3,"featured_media":0,"comment_status":"closed","ping_status":"open","sticky":false,"template":"","format":"standard","meta":{"footnotes":""},"categories":[27],"tags":[],"class_list":["post-9170","post","type-post","status-publish","format-standard","hentry","category-deportes"],"yoast_head":"<!-- This site is optimized with the Yoast SEO plugin v25.9 - https:\/\/yoast.com\/wordpress\/plugins\/seo\/ -->\n<title>Reuni\u00f3n semanal de la Liga Regional de F\u00fatbol - Noticias Radio Reflejos<\/title>\n<meta name=\"robots\" content=\"index, follow, max-snippet:-1, max-image-preview:large, max-video-preview:-1\" \/>\n<link rel=\"canonical\" href=\"https:\/\/www.noticiasradioreflejos.com.ar\/2021\/reunion-semanal-de-la-liga-regional-de-futbol\/\" \/>\n<meta property=\"og:locale\" content=\"es_ES\" \/>\n<meta property=\"og:type\" content=\"article\" \/>\n<meta property=\"og:title\" content=\"Reuni\u00f3n semanal de la Liga Regional de F\u00fatbol - Noticias Radio Reflejos\" \/>\n<meta property=\"og:description\" content=\"Debido a que a\u00fan tiene su estadio con trabajos de refacciones, Boca Juniors cambi\u00f3 la local\u00eda con Deportivo Sarmiento y el pr\u00f3ximo domingo confrontar\u00e1n en el Parque \u201cJuan Emilio Bove\u201d, cuando se desarrolle la quinta fecha del torneo Apertura de Primera divisi\u00f3n.\" \/>\n<meta property=\"og:url\" content=\"https:\/\/www.noticiasradioreflejos.com.ar\/2021\/reunion-semanal-de-la-liga-regional-de-futbol\/\" \/>\n<meta property=\"og:site_name\" content=\"Noticias Radio Reflejos\" \/>\n<meta property=\"article:published_time\" content=\"2017-04-18T11:38:45+00:00\" \/>\n<meta property=\"og:image\" content=\"https:\/\/www.noticiasradioreflejos.com.ar\/2021\/wp-content\/uploads\/2021\/07\/logosol300x200.png\" \/>\n\t<meta property=\"og:image:width\" content=\"300\" \/>\n\t<meta property=\"og:image:height\" content=\"200\" \/>\n\t<meta property=\"og:image:type\" content=\"image\/png\" \/>\n<meta name=\"author\" content=\"Arnaldo Botto\" \/>\n<meta name=\"twitter:card\" content=\"summary_large_image\" \/>\n<script type=\"application\/ld+json\" class=\"yoast-schema-graph\">{\"@context\":\"https:\/\/schema.org\",\"@graph\":[{\"@type\":\"WebPage\",\"@id\":\"https:\/\/www.noticiasradioreflejos.com.ar\/2021\/reunion-semanal-de-la-liga-regional-de-futbol\/\",\"url\":\"https:\/\/www.noticiasradioreflejos.com.ar\/2021\/reunion-semanal-de-la-liga-regional-de-futbol\/\",\"name\":\"Reuni\u00f3n semanal de la Liga Regional de F\u00fatbol - Noticias Radio Reflejos\",\"isPartOf\":{\"@id\":\"https:\/\/www.noticiasradioreflejos.com.ar\/2021\/#website\"},\"datePublished\":\"2017-04-18T11:38:45+00:00\",\"author\":{\"@id\":\"https:\/\/www.noticiasradioreflejos.com.ar\/2021\/#\/schema\/person\/ad82545263dcc5ec0996818884fd5fb1\"},\"breadcrumb\":{\"@id\":\"https:\/\/www.noticiasradioreflejos.com.ar\/2021\/reunion-semanal-de-la-liga-regional-de-futbol\/#breadcrumb\"},\"inLanguage\":\"es\",\"potentialAction\":[{\"@type\":\"ReadAction\",\"target\":[\"https:\/\/www.noticiasradioreflejos.com.ar\/2021\/reunion-semanal-de-la-liga-regional-de-futbol\/\"]}]},{\"@type\":\"BreadcrumbList\",\"@id\":\"https:\/\/www.noticiasradioreflejos.com.ar\/2021\/reunion-semanal-de-la-liga-regional-de-futbol\/#breadcrumb\",\"itemListElement\":[{\"@type\":\"ListItem\",\"position\":1,\"name\":\"Portada\",\"item\":\"https:\/\/www.noticiasradioreflejos.com.ar\/2021\/\"},{\"@type\":\"ListItem\",\"position\":2,\"name\":\"Reuni\u00f3n semanal de la Liga Regional de F\u00fatbol\"}]},{\"@type\":\"WebSite\",\"@id\":\"https:\/\/www.noticiasradioreflejos.com.ar\/2021\/#website\",\"url\":\"https:\/\/www.noticiasradioreflejos.com.ar\/2021\/\",\"name\":\"Noticias Radio Reflejos\",\"description\":\"Las noticias de mi comarca\",\"potentialAction\":[{\"@type\":\"SearchAction\",\"target\":{\"@type\":\"EntryPoint\",\"urlTemplate\":\"https:\/\/www.noticiasradioreflejos.com.ar\/2021\/?s={search_term_string}\"},\"query-input\":{\"@type\":\"PropertyValueSpecification\",\"valueRequired\":true,\"valueName\":\"search_term_string\"}}],\"inLanguage\":\"es\"},{\"@type\":\"Person\",\"@id\":\"https:\/\/www.noticiasradioreflejos.com.ar\/2021\/#\/schema\/person\/ad82545263dcc5ec0996818884fd5fb1\",\"name\":\"Arnaldo Botto\",\"image\":{\"@type\":\"ImageObject\",\"inLanguage\":\"es\",\"@id\":\"https:\/\/www.noticiasradioreflejos.com.ar\/2021\/#\/schema\/person\/image\/\",\"url\":\"https:\/\/secure.gravatar.com\/avatar\/55cb5e37c1efa326397366e6974cb338056df65cb50e7d64d1cf314e87504837?s=96&d=mm&r=g\",\"contentUrl\":\"https:\/\/secure.gravatar.com\/avatar\/55cb5e37c1efa326397366e6974cb338056df65cb50e7d64d1cf314e87504837?s=96&d=mm&r=g\",\"caption\":\"Arnaldo Botto\"},\"url\":\"https:\/\/www.noticiasradioreflejos.com.ar\/2021\/author\/arnaldo\/\"}]}<\/script>\n<!-- \/ Yoast SEO plugin. -->","yoast_head_json":{"title":"Reuni\u00f3n semanal de la Liga Regional de F\u00fatbol - Noticias Radio Reflejos","robots":{"index":"index","follow":"follow","max-snippet":"max-snippet:-1","max-image-preview":"max-image-preview:large","max-video-preview":"max-video-preview:-1"},"canonical":"https:\/\/www.noticiasradioreflejos.com.ar\/2021\/reunion-semanal-de-la-liga-regional-de-futbol\/","og_locale":"es_ES","og_type":"article","og_title":"Reuni\u00f3n semanal de la Liga Regional de F\u00fatbol - Noticias Radio Reflejos","og_description":"Debido a que a\u00fan tiene su estadio con trabajos de refacciones, Boca Juniors cambi\u00f3 la local\u00eda con Deportivo Sarmiento y el pr\u00f3ximo domingo confrontar\u00e1n en el Parque \u201cJuan Emilio Bove\u201d, cuando se desarrolle la quinta fecha del torneo Apertura de Primera divisi\u00f3n.","og_url":"https:\/\/www.noticiasradioreflejos.com.ar\/2021\/reunion-semanal-de-la-liga-regional-de-futbol\/","og_site_name":"Noticias Radio Reflejos","article_published_time":"2017-04-18T11:38:45+00:00","og_image":[{"width":300,"height":200,"url":"https:\/\/www.noticiasradioreflejos.com.ar\/2021\/wp-content\/uploads\/2021\/07\/logosol300x200.png","type":"image\/png"}],"author":"Arnaldo Botto","twitter_card":"summary_large_image","schema":{"@context":"https:\/\/schema.org","@graph":[{"@type":"WebPage","@id":"https:\/\/www.noticiasradioreflejos.com.ar\/2021\/reunion-semanal-de-la-liga-regional-de-futbol\/","url":"https:\/\/www.noticiasradioreflejos.com.ar\/2021\/reunion-semanal-de-la-liga-regional-de-futbol\/","name":"Reuni\u00f3n semanal de la Liga Regional de F\u00fatbol - Noticias Radio Reflejos","isPartOf":{"@id":"https:\/\/www.noticiasradioreflejos.com.ar\/2021\/#website"},"datePublished":"2017-04-18T11:38:45+00:00","author":{"@id":"https:\/\/www.noticiasradioreflejos.com.ar\/2021\/#\/schema\/person\/ad82545263dcc5ec0996818884fd5fb1"},"breadcrumb":{"@id":"https:\/\/www.noticiasradioreflejos.com.ar\/2021\/reunion-semanal-de-la-liga-regional-de-futbol\/#breadcrumb"},"inLanguage":"es","potentialAction":[{"@type":"ReadAction","target":["https:\/\/www.noticiasradioreflejos.com.ar\/2021\/reunion-semanal-de-la-liga-regional-de-futbol\/"]}]},{"@type":"BreadcrumbList","@id":"https:\/\/www.noticiasradioreflejos.com.ar\/2021\/reunion-semanal-de-la-liga-regional-de-futbol\/#breadcrumb","itemListElement":[{"@type":"ListItem","position":1,"name":"Portada","item":"https:\/\/www.noticiasradioreflejos.com.ar\/2021\/"},{"@type":"ListItem","position":2,"name":"Reuni\u00f3n semanal de la Liga Regional de F\u00fatbol"}]},{"@type":"WebSite","@id":"https:\/\/www.noticiasradioreflejos.com.ar\/2021\/#website","url":"https:\/\/www.noticiasradioreflejos.com.ar\/2021\/","name":"Noticias Radio Reflejos","description":"Las noticias de mi comarca","potentialAction":[{"@type":"SearchAction","target":{"@type":"EntryPoint","urlTemplate":"https:\/\/www.noticiasradioreflejos.com.ar\/2021\/?s={search_term_string}"},"query-input":{"@type":"PropertyValueSpecification","valueRequired":true,"valueName":"search_term_string"}}],"inLanguage":"es"},{"@type":"Person","@id":"https:\/\/www.noticiasradioreflejos.com.ar\/2021\/#\/schema\/person\/ad82545263dcc5ec0996818884fd5fb1","name":"Arnaldo Botto","image":{"@type":"ImageObject","inLanguage":"es","@id":"https:\/\/www.noticiasradioreflejos.com.ar\/2021\/#\/schema\/person\/image\/","url":"https:\/\/secure.gravatar.com\/avatar\/55cb5e37c1efa326397366e6974cb338056df65cb50e7d64d1cf314e87504837?s=96&d=mm&r=g","contentUrl":"https:\/\/secure.gravatar.com\/avatar\/55cb5e37c1efa326397366e6974cb338056df65cb50e7d64d1cf314e87504837?s=96&d=mm&r=g","caption":"Arnaldo Botto"},"url":"https:\/\/www.noticiasradioreflejos.com.ar\/2021\/author\/arnaldo\/"}]}},"_links":{"self":[{"href":"https:\/\/www.noticiasradioreflejos.com.ar\/2021\/wp-json\/wp\/v2\/posts\/9170","targetHints":{"allow":["GET"]}}],"collection":[{"href":"https:\/\/www.noticiasradioreflejos.com.ar\/2021\/wp-json\/wp\/v2\/posts"}],"about":[{"href":"https:\/\/www.noticiasradioreflejos.com.ar\/2021\/wp-json\/wp\/v2\/types\/post"}],"author":[{"embeddable":true,"href":"https:\/\/www.noticiasradioreflejos.com.ar\/2021\/wp-json\/wp\/v2\/users\/3"}],"replies":[{"embeddable":true,"href":"https:\/\/www.noticiasradioreflejos.com.ar\/2021\/wp-json\/wp\/v2\/comments?post=9170"}],"version-history":[{"count":0,"href":"https:\/\/www.noticiasradioreflejos.com.ar\/2021\/wp-json\/wp\/v2\/posts\/9170\/revisions"}],"wp:attachment":[{"href":"https:\/\/www.noticiasradioreflejos.com.ar\/2021\/wp-json\/wp\/v2\/media?parent=9170"}],"wp:term":[{"taxonomy":"category","embeddable":true,"href":"https:\/\/www.noticiasradioreflejos.com.ar\/2021\/wp-json\/wp\/v2\/categories?post=9170"},{"taxonomy":"post_tag","embeddable":true,"href":"https:\/\/www.noticiasradioreflejos.com.ar\/2021\/wp-json\/wp\/v2\/tags?post=9170"}],"curies":[{"name":"wp","href":"https:\/\/api.w.org\/{rel}","templated":true}]}}