{"id":91684,"date":"2023-08-16T01:40:10","date_gmt":"2023-08-16T01:40:10","guid":{"rendered":"https:\/\/www.noticiasradioreflejos.com.ar\/2021\/?p=91684"},"modified":"2023-08-16T01:40:10","modified_gmt":"2023-08-16T01:40:10","slug":"milei-aseguro-que-fue-contactado-por-el-fmi-y-en-lla-descartan-una-alianza-con-jxc-en-buenos-aires","status":"publish","type":"post","link":"https:\/\/www.noticiasradioreflejos.com.ar\/2021\/milei-aseguro-que-fue-contactado-por-el-fmi-y-en-lla-descartan-una-alianza-con-jxc-en-buenos-aires\/","title":{"rendered":"Milei asegur\u00f3 que fue contactado por el FMI y en LLA descartan una alianza con JxC en Buenos Aires"},"content":{"rendered":"<p>El candidato presidencial por La Libertad Avanza (LLA), Javier Milei, asegur\u00f3 hoy que funcionarios del Fondo Monetario Internacional (FMI) \u00abla contactaron\u00bb a su hermana (Karina) \u00abpara tener una reuni\u00f3n\u00bb tras haber sido el candidato m\u00e1s votado en las primarias abiertas, simult\u00e1neas y obligatorias (PASO), mientras que la postulante del espacio en la provincia de Buenos Aires, Carolina P\u00edparo, descart\u00f3 una alianza con JxC en ese distrito para las generales de octubre.<\/p>\n<p>\u00abMe llamaron del FMI, la contactaron a mi hermana para tener una reuni\u00f3n. Estamos viendo c\u00f3mo encararla\u00bb, asegur\u00f3 Milei en declaraciones formuladas esta ma\u00f1ana a radio La Red.<\/p>\n<p>En ese sentido, reiter\u00f3 que \u00abno va a haber problema\u00bb con el organismo de cr\u00e9dito internacional ya que el programa que proponen \u00abes mucho m\u00e1s duro que el del Fondo\u00bb<\/p>\n<p>\u00abTenemos una hip\u00f3tesis de ajuste mucho m\u00e1s fuerte. El FMI propone un n\u00famero fiscal y la forma en la cual se alcance es problema de cada uno. Hist\u00f3ricamente, los ajustes en la Argentina recayeron sobre el sector privado o sea los productores de riqueza. La gran diferencia que proponemos es que vamos a ir contra la pol\u00edtica\u00bb, reafirm\u00f3 el candidato presidencial de LLA.<\/p>\n<p>En el marco de una extensa entrevista que ofreci\u00f3 con su presencia en el piso de los estudios de la radio, Milei afirm\u00f3 que su espacio est\u00e1 \u00abpreparado para gobernar hoy\u00bb y destac\u00f3 que sus eventuales ministerios ya se encuentran \u00abtrabajando en la sombra\u00bb.<\/p>\n<p>\u00abFuimos los m\u00e1s votados individualmente. Si hacemos bien el trabajo, podr\u00edamos ganar en primera vuelta; tenemos altas chances\u00bb, sostuvo Milei, cuya precandidatura presidencial cosech\u00f3 el 30,04% de los votos en las PASO celebradas el domingo \u00faltimo a nivel nacional.<\/p>\n<p>Al ser consultado sobre su estrategia de cara a las elecciones generales del 22 de octubre pr\u00f3ximo, Milei sostuvo que va a continuar difundiendo su \u00abmensaje a la sociedad\u00bb para convencerla de que \u00abla soluci\u00f3n es por el lado de la libertad\u00bb.<\/p>\n<p>\u00abNo es contra un determinado pol\u00edtico o buscar tales votos, sino tratar de seguir llevando el mensaje\u00bb, afirm\u00f3 y detall\u00f3 que, en caso de acceder a la Presidencia, su gesti\u00f3n recortar\u00e1 \u00ab15 puntos del PBI\u00bb.<\/p>\n<p>\u00abNo estamos planeando echar gente (del sector p\u00fablico), sino reasignarlos. La planta pol\u00edtica no tiene que estar en las empresas p\u00fablicas. Los cuadros t\u00e9cnicos y las personas de bien que trabajan se quedan todas. Estamos elaborando una reforma del Estado\u00bb, a\u00f1adi\u00f3.<\/p>\n<p>En tanto, sostuvo que, en caso de llegar al gobierno, no va a \u00abquitarle la protecci\u00f3n a los vulnerables\u00bb y destac\u00f3 que en ese sector de la poblaci\u00f3n \u00abfueron los que m\u00e1s\u00bb votaron por su espacio.<\/p>\n<p>\u00abEl ajuste va a caer sobre los pol\u00edticos y los empresarios prebendarios. Ning\u00fan argentino de bien va a pagar el ajuste; lo van a pagar los delincuentes\u00bb, asever\u00f3.<\/p>\n<p>Al detallar sus propuestas en caso de ser elegido presidente, Milei insisti\u00f3 con que su idea de mantener solo ocho ministerios: Econom\u00eda, Infraestructura, Relaciones Exteriores, Seguridad, Defensa, Justicia, Interior y Capital Humano.<\/p>\n<p>Las carteras de Salud y Educaci\u00f3n, entre otras, pasar\u00e1n a estar bajo la orbita del \u00e1rea de Capital Humano.<\/p>\n<p>Sobre su propuesta de eliminar el Banco Central, Milei consign\u00f3 que se va a instrumentar por medio de la dolarizaci\u00f3n.<\/p>\n<p>\u00abLa Ley est\u00e1 preparada. Nosotros vamos a presentar la reforma y, si encuentra resistencia en el Congreso, la vamos a exponer ante la sociedad con un plebiscito. Estamos dispuesto a dar las discusiones pero las reformas estructurales, si llegan a ser frenadas, las vamos a someter a la elecci\u00f3n del p\u00fablico\u00bb, remarc\u00f3.<\/p>\n<p>Por otra parte, al ser consultado sobre el crimen de Morena Dom\u00ednguez, la ni\u00f1a de 11 a\u00f1os asesinada por dos motochorros el mi\u00e9rcoles pasado en Lan\u00fas, el diputado expres\u00f3 que, en ese hecho, \u00abse ve el desprecio a la vida\u00bb que -indic\u00f3- est\u00e1 asociado a \u00abla degradaci\u00f3n moral de la Argentina\u00bb.<\/p>\n<p>\u00abSe necesita una revoluci\u00f3n de \u00edndole moral. Se acab\u00f3 el &#8216;zaffaronismo&#8217; (en alusi\u00f3n al exministro de la Corte Ra\u00fal Zaffaroni); la v\u00edctima es la v\u00edctima y el victimario, si comete un delito, tiene que pagar\u00bb, apunt\u00f3, aunque aclar\u00f3 que \u00abla pena de muerte va en contra del liberalismo\u00bb.<\/p>\n<p>Sobre quienes advirtieron que defiende pol\u00edticas \u00abantiderechos\u00bb, Milei respondi\u00f3 que, en realidad, est\u00e1 \u00aben contra de los privilegios\u00bb.<\/p>\n<p>No obstante, insisti\u00f3 con su postura de que \u00abla Interrupci\u00f3n Voluntaria del Embarazo (IVE) es un homicidio agravado por el v\u00ednculo en el vientre materno\u00bb y reiter\u00f3 su idea de \u00absometerla a consulta popular\u00bb.<\/p>\n<p>Sin embargo, pese a las afirmaciones del candidato libertario ninguna Ley que incluya sanciones en el C\u00f3digo Penal puede ser derogada por el resultado de una consulta popular y para que eso suceda debe pasar por el Congreso de la Naci\u00f3n.<\/p>\n<p>Esta noche, en di\u00e1logo con el canal televisivo LN+, el economista liberal indic\u00f3 que en caso de ser electo \u00abprivatizar\u00eda\u00bb el Consejo Nacional de Investigaciones Cient\u00edficas y T\u00e9cnicas (Conicet).<\/p>\n<p>\u00abEl Conicet que quede en manos del sector privado, que los cient\u00edficos se ganen la plata en el sector privado como la gana la gente de bien\u00bb, indic\u00f3 Milei y cuestion\u00f3: \u00ab\u00bfQu\u00e9 productividad tienen los cient\u00edficos del Conicet?\u00bb.<\/p>\n<p>En esa misma l\u00ednea, consider\u00f3 que \u00abel sistema educativo tiene que promover la competencia. Lo mejor es darle un voucher al estudiante para que elija donde quiere estudiar\u00bb.<\/p>\n<p>Respecto a las elecciones generales de octubre, se\u00f1al\u00f3 que \u00absi mejora la fiscalizaci\u00f3n\u00bb respecto de las PASO, \u00abganamos en primera vuelta\u00bb.<\/p>\n<p>\u00abHay que seducir a los que no fueron a votar y creo que est\u00e1n m\u00e1s cerca de nosotros. Nosotros somos la \u00fanica alternativa viable para destruir al kirchnerismo. Nosotros sacamos el doble de votos que (Patricia) Bullrich y ella es la que no permite que ganemos en primera vuelta\u00bb, agreg\u00f3.<\/p>\n<p>Por su parte, P\u00edparo volvi\u00f3 a descartar la posibilidad de una alianza electoral con Juntos por el Cambio (JxC) para respaldar la postulaci\u00f3n del candidato N\u00e9stor Grindetti en la provincia de Buenos Aires con miras a las generales de octubre.<\/p>\n<p>\u00abSi alguno quiere bajarse de la candidatura para sumarse a las ideas de LLA es bienvenido. Pero no existe ninguna posibilidad que yo me baje, ni tampoco se lo pedir\u00eda a nadie. Eso de juntarse para ganar es lo que ha hecho JxC y no es algo s\u00f3lido\u00bb, fundament\u00f3 en declaraciones a radio Mitre.<\/p>\n<p>P\u00edparo dej\u00f3 claro que LLA es \u00abel \u00fanico espacio distinto\u00bb que se presenta en las elecciones de este a\u00f1o.<\/p>\n<p>\u00abCreo que toda la gente que nos dio su voto el domingo pasado nos mostr\u00f3 que, finalmente, no hay ning\u00fan derecho garantizado en este pa\u00eds. No hay derechos a la educaci\u00f3n, a la salud y menos a la seguridad\u00bb, dijo y destac\u00f3 el hecho de haber sido la postulante opositora m\u00e1s votada en las elecciones primarias.<\/p>\n","protected":false},"excerpt":{"rendered":"<p>El candidato presidencial por La Libertad Avanza (LLA), Javier Milei, asegur\u00f3 hoy que funcionarios del Fondo Monetario Internacional (FMI) \u00abla contactaron\u00bb a su hermana (Karina) \u00abpara tener una reuni\u00f3n\u00bb tras haber sido el candidato m\u00e1s votado en las primarias abiertas, simult\u00e1neas y obligatorias (PASO), mientras que la postulante del espacio en la provincia de Buenos [&hellip;]<\/p>\n","protected":false},"author":3,"featured_media":0,"comment_status":"closed","ping_status":"closed","sticky":false,"template":"","format":"standard","meta":{"footnotes":""},"categories":[24],"tags":[],"class_list":["post-91684","post","type-post","status-publish","format-standard","hentry","category-politica"],"yoast_head":"<!-- This site is optimized with the Yoast SEO plugin v25.9 - https:\/\/yoast.com\/wordpress\/plugins\/seo\/ -->\n<title>Milei asegur\u00f3 que fue contactado por el FMI y en LLA descartan una alianza con JxC en Buenos Aires - Noticias Radio Reflejos<\/title>\n<meta name=\"robots\" content=\"index, follow, max-snippet:-1, max-image-preview:large, max-video-preview:-1\" \/>\n<link rel=\"canonical\" href=\"https:\/\/www.noticiasradioreflejos.com.ar\/2021\/milei-aseguro-que-fue-contactado-por-el-fmi-y-en-lla-descartan-una-alianza-con-jxc-en-buenos-aires\/\" \/>\n<meta property=\"og:locale\" content=\"es_ES\" \/>\n<meta property=\"og:type\" content=\"article\" \/>\n<meta property=\"og:title\" content=\"Milei asegur\u00f3 que fue contactado por el FMI y en LLA descartan una alianza con JxC en Buenos Aires - Noticias Radio Reflejos\" \/>\n<meta property=\"og:description\" content=\"El candidato presidencial por La Libertad Avanza (LLA), Javier Milei, asegur\u00f3 hoy que funcionarios del Fondo Monetario Internacional (FMI) \u00abla contactaron\u00bb a su hermana (Karina) \u00abpara tener una reuni\u00f3n\u00bb tras haber sido el candidato m\u00e1s votado en las primarias abiertas, simult\u00e1neas y obligatorias (PASO), mientras que la postulante del espacio en la provincia de Buenos [&hellip;]\" \/>\n<meta property=\"og:url\" content=\"https:\/\/www.noticiasradioreflejos.com.ar\/2021\/milei-aseguro-que-fue-contactado-por-el-fmi-y-en-lla-descartan-una-alianza-con-jxc-en-buenos-aires\/\" \/>\n<meta property=\"og:site_name\" content=\"Noticias Radio Reflejos\" \/>\n<meta property=\"article:published_time\" content=\"2023-08-16T01:40:10+00:00\" \/>\n<meta property=\"og:image\" content=\"https:\/\/www.noticiasradioreflejos.com.ar\/2021\/wp-content\/uploads\/2021\/07\/logosol300x200.png\" \/>\n\t<meta property=\"og:image:width\" content=\"300\" \/>\n\t<meta property=\"og:image:height\" content=\"200\" \/>\n\t<meta property=\"og:image:type\" content=\"image\/png\" \/>\n<meta name=\"author\" content=\"Arnaldo Botto\" \/>\n<meta name=\"twitter:card\" content=\"summary_large_image\" \/>\n<script type=\"application\/ld+json\" class=\"yoast-schema-graph\">{\"@context\":\"https:\/\/schema.org\",\"@graph\":[{\"@type\":\"WebPage\",\"@id\":\"https:\/\/www.noticiasradioreflejos.com.ar\/2021\/milei-aseguro-que-fue-contactado-por-el-fmi-y-en-lla-descartan-una-alianza-con-jxc-en-buenos-aires\/\",\"url\":\"https:\/\/www.noticiasradioreflejos.com.ar\/2021\/milei-aseguro-que-fue-contactado-por-el-fmi-y-en-lla-descartan-una-alianza-con-jxc-en-buenos-aires\/\",\"name\":\"Milei asegur\u00f3 que fue contactado por el FMI y en LLA descartan una alianza con JxC en Buenos Aires - Noticias Radio Reflejos\",\"isPartOf\":{\"@id\":\"https:\/\/www.noticiasradioreflejos.com.ar\/2021\/#website\"},\"datePublished\":\"2023-08-16T01:40:10+00:00\",\"author\":{\"@id\":\"https:\/\/www.noticiasradioreflejos.com.ar\/2021\/#\/schema\/person\/ad82545263dcc5ec0996818884fd5fb1\"},\"breadcrumb\":{\"@id\":\"https:\/\/www.noticiasradioreflejos.com.ar\/2021\/milei-aseguro-que-fue-contactado-por-el-fmi-y-en-lla-descartan-una-alianza-con-jxc-en-buenos-aires\/#breadcrumb\"},\"inLanguage\":\"es\",\"potentialAction\":[{\"@type\":\"ReadAction\",\"target\":[\"https:\/\/www.noticiasradioreflejos.com.ar\/2021\/milei-aseguro-que-fue-contactado-por-el-fmi-y-en-lla-descartan-una-alianza-con-jxc-en-buenos-aires\/\"]}]},{\"@type\":\"BreadcrumbList\",\"@id\":\"https:\/\/www.noticiasradioreflejos.com.ar\/2021\/milei-aseguro-que-fue-contactado-por-el-fmi-y-en-lla-descartan-una-alianza-con-jxc-en-buenos-aires\/#breadcrumb\",\"itemListElement\":[{\"@type\":\"ListItem\",\"position\":1,\"name\":\"Portada\",\"item\":\"https:\/\/www.noticiasradioreflejos.com.ar\/2021\/\"},{\"@type\":\"ListItem\",\"position\":2,\"name\":\"Milei asegur\u00f3 que fue contactado por el FMI y en LLA descartan una alianza con JxC en Buenos Aires\"}]},{\"@type\":\"WebSite\",\"@id\":\"https:\/\/www.noticiasradioreflejos.com.ar\/2021\/#website\",\"url\":\"https:\/\/www.noticiasradioreflejos.com.ar\/2021\/\",\"name\":\"Noticias Radio Reflejos\",\"description\":\"Las noticias de mi comarca\",\"potentialAction\":[{\"@type\":\"SearchAction\",\"target\":{\"@type\":\"EntryPoint\",\"urlTemplate\":\"https:\/\/www.noticiasradioreflejos.com.ar\/2021\/?s={search_term_string}\"},\"query-input\":{\"@type\":\"PropertyValueSpecification\",\"valueRequired\":true,\"valueName\":\"search_term_string\"}}],\"inLanguage\":\"es\"},{\"@type\":\"Person\",\"@id\":\"https:\/\/www.noticiasradioreflejos.com.ar\/2021\/#\/schema\/person\/ad82545263dcc5ec0996818884fd5fb1\",\"name\":\"Arnaldo Botto\",\"image\":{\"@type\":\"ImageObject\",\"inLanguage\":\"es\",\"@id\":\"https:\/\/www.noticiasradioreflejos.com.ar\/2021\/#\/schema\/person\/image\/\",\"url\":\"https:\/\/secure.gravatar.com\/avatar\/55cb5e37c1efa326397366e6974cb338056df65cb50e7d64d1cf314e87504837?s=96&d=mm&r=g\",\"contentUrl\":\"https:\/\/secure.gravatar.com\/avatar\/55cb5e37c1efa326397366e6974cb338056df65cb50e7d64d1cf314e87504837?s=96&d=mm&r=g\",\"caption\":\"Arnaldo Botto\"},\"url\":\"https:\/\/www.noticiasradioreflejos.com.ar\/2021\/author\/arnaldo\/\"}]}<\/script>\n<!-- \/ Yoast SEO plugin. -->","yoast_head_json":{"title":"Milei asegur\u00f3 que fue contactado por el FMI y en LLA descartan una alianza con JxC en Buenos Aires - Noticias Radio Reflejos","robots":{"index":"index","follow":"follow","max-snippet":"max-snippet:-1","max-image-preview":"max-image-preview:large","max-video-preview":"max-video-preview:-1"},"canonical":"https:\/\/www.noticiasradioreflejos.com.ar\/2021\/milei-aseguro-que-fue-contactado-por-el-fmi-y-en-lla-descartan-una-alianza-con-jxc-en-buenos-aires\/","og_locale":"es_ES","og_type":"article","og_title":"Milei asegur\u00f3 que fue contactado por el FMI y en LLA descartan una alianza con JxC en Buenos Aires - Noticias Radio Reflejos","og_description":"El candidato presidencial por La Libertad Avanza (LLA), Javier Milei, asegur\u00f3 hoy que funcionarios del Fondo Monetario Internacional (FMI) \u00abla contactaron\u00bb a su hermana (Karina) \u00abpara tener una reuni\u00f3n\u00bb tras haber sido el candidato m\u00e1s votado en las primarias abiertas, simult\u00e1neas y obligatorias (PASO), mientras que la postulante del espacio en la provincia de Buenos [&hellip;]","og_url":"https:\/\/www.noticiasradioreflejos.com.ar\/2021\/milei-aseguro-que-fue-contactado-por-el-fmi-y-en-lla-descartan-una-alianza-con-jxc-en-buenos-aires\/","og_site_name":"Noticias Radio Reflejos","article_published_time":"2023-08-16T01:40:10+00:00","og_image":[{"width":300,"height":200,"url":"https:\/\/www.noticiasradioreflejos.com.ar\/2021\/wp-content\/uploads\/2021\/07\/logosol300x200.png","type":"image\/png"}],"author":"Arnaldo Botto","twitter_card":"summary_large_image","schema":{"@context":"https:\/\/schema.org","@graph":[{"@type":"WebPage","@id":"https:\/\/www.noticiasradioreflejos.com.ar\/2021\/milei-aseguro-que-fue-contactado-por-el-fmi-y-en-lla-descartan-una-alianza-con-jxc-en-buenos-aires\/","url":"https:\/\/www.noticiasradioreflejos.com.ar\/2021\/milei-aseguro-que-fue-contactado-por-el-fmi-y-en-lla-descartan-una-alianza-con-jxc-en-buenos-aires\/","name":"Milei asegur\u00f3 que fue contactado por el FMI y en LLA descartan una alianza con JxC en Buenos Aires - Noticias Radio Reflejos","isPartOf":{"@id":"https:\/\/www.noticiasradioreflejos.com.ar\/2021\/#website"},"datePublished":"2023-08-16T01:40:10+00:00","author":{"@id":"https:\/\/www.noticiasradioreflejos.com.ar\/2021\/#\/schema\/person\/ad82545263dcc5ec0996818884fd5fb1"},"breadcrumb":{"@id":"https:\/\/www.noticiasradioreflejos.com.ar\/2021\/milei-aseguro-que-fue-contactado-por-el-fmi-y-en-lla-descartan-una-alianza-con-jxc-en-buenos-aires\/#breadcrumb"},"inLanguage":"es","potentialAction":[{"@type":"ReadAction","target":["https:\/\/www.noticiasradioreflejos.com.ar\/2021\/milei-aseguro-que-fue-contactado-por-el-fmi-y-en-lla-descartan-una-alianza-con-jxc-en-buenos-aires\/"]}]},{"@type":"BreadcrumbList","@id":"https:\/\/www.noticiasradioreflejos.com.ar\/2021\/milei-aseguro-que-fue-contactado-por-el-fmi-y-en-lla-descartan-una-alianza-con-jxc-en-buenos-aires\/#breadcrumb","itemListElement":[{"@type":"ListItem","position":1,"name":"Portada","item":"https:\/\/www.noticiasradioreflejos.com.ar\/2021\/"},{"@type":"ListItem","position":2,"name":"Milei asegur\u00f3 que fue contactado por el FMI y en LLA descartan una alianza con JxC en Buenos Aires"}]},{"@type":"WebSite","@id":"https:\/\/www.noticiasradioreflejos.com.ar\/2021\/#website","url":"https:\/\/www.noticiasradioreflejos.com.ar\/2021\/","name":"Noticias Radio Reflejos","description":"Las noticias de mi comarca","potentialAction":[{"@type":"SearchAction","target":{"@type":"EntryPoint","urlTemplate":"https:\/\/www.noticiasradioreflejos.com.ar\/2021\/?s={search_term_string}"},"query-input":{"@type":"PropertyValueSpecification","valueRequired":true,"valueName":"search_term_string"}}],"inLanguage":"es"},{"@type":"Person","@id":"https:\/\/www.noticiasradioreflejos.com.ar\/2021\/#\/schema\/person\/ad82545263dcc5ec0996818884fd5fb1","name":"Arnaldo Botto","image":{"@type":"ImageObject","inLanguage":"es","@id":"https:\/\/www.noticiasradioreflejos.com.ar\/2021\/#\/schema\/person\/image\/","url":"https:\/\/secure.gravatar.com\/avatar\/55cb5e37c1efa326397366e6974cb338056df65cb50e7d64d1cf314e87504837?s=96&d=mm&r=g","contentUrl":"https:\/\/secure.gravatar.com\/avatar\/55cb5e37c1efa326397366e6974cb338056df65cb50e7d64d1cf314e87504837?s=96&d=mm&r=g","caption":"Arnaldo Botto"},"url":"https:\/\/www.noticiasradioreflejos.com.ar\/2021\/author\/arnaldo\/"}]}},"_links":{"self":[{"href":"https:\/\/www.noticiasradioreflejos.com.ar\/2021\/wp-json\/wp\/v2\/posts\/91684","targetHints":{"allow":["GET"]}}],"collection":[{"href":"https:\/\/www.noticiasradioreflejos.com.ar\/2021\/wp-json\/wp\/v2\/posts"}],"about":[{"href":"https:\/\/www.noticiasradioreflejos.com.ar\/2021\/wp-json\/wp\/v2\/types\/post"}],"author":[{"embeddable":true,"href":"https:\/\/www.noticiasradioreflejos.com.ar\/2021\/wp-json\/wp\/v2\/users\/3"}],"replies":[{"embeddable":true,"href":"https:\/\/www.noticiasradioreflejos.com.ar\/2021\/wp-json\/wp\/v2\/comments?post=91684"}],"version-history":[{"count":1,"href":"https:\/\/www.noticiasradioreflejos.com.ar\/2021\/wp-json\/wp\/v2\/posts\/91684\/revisions"}],"predecessor-version":[{"id":91686,"href":"https:\/\/www.noticiasradioreflejos.com.ar\/2021\/wp-json\/wp\/v2\/posts\/91684\/revisions\/91686"}],"wp:attachment":[{"href":"https:\/\/www.noticiasradioreflejos.com.ar\/2021\/wp-json\/wp\/v2\/media?parent=91684"}],"wp:term":[{"taxonomy":"category","embeddable":true,"href":"https:\/\/www.noticiasradioreflejos.com.ar\/2021\/wp-json\/wp\/v2\/categories?post=91684"},{"taxonomy":"post_tag","embeddable":true,"href":"https:\/\/www.noticiasradioreflejos.com.ar\/2021\/wp-json\/wp\/v2\/tags?post=91684"}],"curies":[{"name":"wp","href":"https:\/\/api.w.org\/{rel}","templated":true}]}}