{"id":91676,"date":"2023-08-15T23:57:01","date_gmt":"2023-08-15T23:57:01","guid":{"rendered":"https:\/\/www.noticiasradioreflejos.com.ar\/2021\/?p=91676"},"modified":"2023-08-15T23:57:01","modified_gmt":"2023-08-15T23:57:01","slug":"infractores-por-no-votar-en-las-paso-donde-y-como-se-paga-la-multa","status":"publish","type":"post","link":"https:\/\/www.noticiasradioreflejos.com.ar\/2021\/infractores-por-no-votar-en-las-paso-donde-y-como-se-paga-la-multa\/","title":{"rendered":"Infractores por no votar en las PASO: d\u00f3nde y c\u00f3mo se paga la multa"},"content":{"rendered":"<header id=\"mvp-post-head\" class=\"left relative\">El paso a paso de la gesti\u00f3n que se impone realizar para regularizar la situaci\u00f3n.<\/p>\n<div class=\"mvp-author-info-wrap left relative\">\n<div class=\"mvp-author-info-text left relative\">\n<div class=\"mvp-author-info-date left relative\"><\/div>\n<div class=\"mvp-author-info-name left relative\">\n<div id=\"st-1\" class=\"sharethis-inline-share-buttons st-left st-lang-es  st-inline-share-buttons st-animated\">\n<div class=\"st-btn st-last\" data-network=\"sharethis\"><\/div>\n<\/div>\n<\/div>\n<\/div>\n<\/div>\n<\/header>\n<p><!--more--><\/p>\n<div class=\"mvp-post-main-out left relative\">\n<div class=\"mvp-post-main-in\">\n<div id=\"mvp-post-content\" class=\"left relative\">\n<div id=\"mvp-post-feat-img\" class=\"left relative mvp-post-feat-img-wide2\"><\/div>\n<div id=\"mvp-content-wrap\" class=\"left relative\">\n<div class=\"mvp-post-soc-out right relative\">\n<div class=\"mvp-post-soc-in\">\n<div id=\"mvp-content-body\" class=\"left relative\">\n<div id=\"mvp-content-body-top\" class=\"left relative\">\n<div id=\"mvp-content-main\" class=\"left relative\">\n<div id=\"textbody\">\n<p>Atentos a lo que fue la participaci\u00f3n en las PASO del domingo, algunos de los que -pudiendo hacerlo- no fueron a votar se preguntan cu\u00e1l es la sanci\u00f3n y c\u00f3mo se cancela. Hay un Registro de Infractores (https:\/\/infractores.padron.gob.ar\/) desde donde podr\u00e1 generarse la boleta de pago con las multas vigentes:<\/p>\n<p>-Si el elector no tiene infracciones previas sin regularizar: $50.<\/p>\n<p>-Si el elector tiene 1 infracci\u00f3n previa sin regularizar: $100.<\/p>\n<p>-Si el elector tiene 2 infracciones previas sin regularizar: $200.<\/p>\n<p>-Si el elector tiene 3 infracciones previas sin regularizar: $400.<\/p>\n<p>-Si el elector tiene 4 o m\u00e1s infracciones previas sin regularizar: $500.<\/p>\n<figure class=\"wp-block-image size-full\"><img loading=\"lazy\" decoding=\"async\" class=\"wp-image-313114\" src=\"https:\/\/www.labrujula24.com\/wp-content\/uploads\/2023\/08\/infractor2.jpg\" sizes=\"auto, (max-width: 1200px) 100vw, 1200px\" srcset=\"https:\/\/www.labrujula24.com\/wp-content\/uploads\/2023\/08\/infractor2.jpg 1200w, https:\/\/www.labrujula24.com\/wp-content\/uploads\/2023\/08\/infractor2-768x258.jpg 768w\" alt=\"\" width=\"1200\" height=\"403\" \/><\/figure>\n<figure class=\"wp-block-image size-full\"><img loading=\"lazy\" decoding=\"async\" class=\"wp-image-313113\" src=\"https:\/\/www.labrujula24.com\/wp-content\/uploads\/2023\/08\/infractor.jpg\" sizes=\"auto, (max-width: 1200px) 100vw, 1200px\" srcset=\"https:\/\/www.labrujula24.com\/wp-content\/uploads\/2023\/08\/infractor.jpg 1200w, https:\/\/www.labrujula24.com\/wp-content\/uploads\/2023\/08\/infractor-768x415.jpg 768w\" alt=\"\" width=\"1200\" height=\"648\" \/><\/figure>\n<p class=\" aBigClassNameToAvoidCollisionInText\">La multa se puede abonar a trav\u00e9s de la web de la C\u00e1mara Nacional Electoral, como tambi\u00e9n de forma presencial en alguna sede del Banco Naci\u00f3n, con Mercado Pago o con transferencia bancaria.<\/p>\n<div id=\"sas_45111\"><\/div>\n<div id=\"video\"><\/div>\n<p><em><strong>Con informaci\u00f3n de El D\u00eda y La Br\u00fajula\u00a0<\/strong><\/em><\/p>\n<\/div>\n<\/div>\n<\/div>\n<\/div>\n<\/div>\n<\/div>\n<\/div>\n<\/div>\n<\/div>\n<\/div>\n","protected":false},"excerpt":{"rendered":"<p>El paso a paso de la gesti\u00f3n que se impone realizar para regularizar la situaci\u00f3n.<\/p>\n","protected":false},"author":3,"featured_media":0,"comment_status":"closed","ping_status":"closed","sticky":false,"template":"","format":"standard","meta":{"footnotes":""},"categories":[1],"tags":[],"class_list":["post-91676","post","type-post","status-publish","format-standard","hentry","category-sin-categoria"],"yoast_head":"<!-- This site is optimized with the Yoast SEO plugin v25.9 - https:\/\/yoast.com\/wordpress\/plugins\/seo\/ -->\n<title>Infractores por no votar en las PASO: d\u00f3nde y c\u00f3mo se paga la multa - Noticias Radio Reflejos<\/title>\n<meta name=\"robots\" content=\"index, follow, max-snippet:-1, max-image-preview:large, max-video-preview:-1\" \/>\n<link rel=\"canonical\" href=\"https:\/\/www.noticiasradioreflejos.com.ar\/2021\/infractores-por-no-votar-en-las-paso-donde-y-como-se-paga-la-multa\/\" \/>\n<meta property=\"og:locale\" content=\"es_ES\" \/>\n<meta property=\"og:type\" content=\"article\" \/>\n<meta property=\"og:title\" content=\"Infractores por no votar en las PASO: d\u00f3nde y c\u00f3mo se paga la multa - Noticias Radio Reflejos\" \/>\n<meta property=\"og:description\" content=\"El paso a paso de la gesti\u00f3n que se impone realizar para regularizar la situaci\u00f3n.\" \/>\n<meta property=\"og:url\" content=\"https:\/\/www.noticiasradioreflejos.com.ar\/2021\/infractores-por-no-votar-en-las-paso-donde-y-como-se-paga-la-multa\/\" \/>\n<meta property=\"og:site_name\" content=\"Noticias Radio Reflejos\" \/>\n<meta property=\"article:published_time\" content=\"2023-08-15T23:57:01+00:00\" \/>\n<meta property=\"og:image\" content=\"https:\/\/www.labrujula24.com\/wp-content\/uploads\/2023\/08\/infractor2.jpg\" \/>\n<meta name=\"author\" content=\"Arnaldo Botto\" \/>\n<meta name=\"twitter:card\" content=\"summary_large_image\" \/>\n<script type=\"application\/ld+json\" class=\"yoast-schema-graph\">{\"@context\":\"https:\/\/schema.org\",\"@graph\":[{\"@type\":\"WebPage\",\"@id\":\"https:\/\/www.noticiasradioreflejos.com.ar\/2021\/infractores-por-no-votar-en-las-paso-donde-y-como-se-paga-la-multa\/\",\"url\":\"https:\/\/www.noticiasradioreflejos.com.ar\/2021\/infractores-por-no-votar-en-las-paso-donde-y-como-se-paga-la-multa\/\",\"name\":\"Infractores por no votar en las PASO: d\u00f3nde y c\u00f3mo se paga la multa - Noticias Radio Reflejos\",\"isPartOf\":{\"@id\":\"https:\/\/www.noticiasradioreflejos.com.ar\/2021\/#website\"},\"primaryImageOfPage\":{\"@id\":\"https:\/\/www.noticiasradioreflejos.com.ar\/2021\/infractores-por-no-votar-en-las-paso-donde-y-como-se-paga-la-multa\/#primaryimage\"},\"image\":{\"@id\":\"https:\/\/www.noticiasradioreflejos.com.ar\/2021\/infractores-por-no-votar-en-las-paso-donde-y-como-se-paga-la-multa\/#primaryimage\"},\"thumbnailUrl\":\"https:\/\/www.labrujula24.com\/wp-content\/uploads\/2023\/08\/infractor2.jpg\",\"datePublished\":\"2023-08-15T23:57:01+00:00\",\"author\":{\"@id\":\"https:\/\/www.noticiasradioreflejos.com.ar\/2021\/#\/schema\/person\/ad82545263dcc5ec0996818884fd5fb1\"},\"breadcrumb\":{\"@id\":\"https:\/\/www.noticiasradioreflejos.com.ar\/2021\/infractores-por-no-votar-en-las-paso-donde-y-como-se-paga-la-multa\/#breadcrumb\"},\"inLanguage\":\"es\",\"potentialAction\":[{\"@type\":\"ReadAction\",\"target\":[\"https:\/\/www.noticiasradioreflejos.com.ar\/2021\/infractores-por-no-votar-en-las-paso-donde-y-como-se-paga-la-multa\/\"]}]},{\"@type\":\"ImageObject\",\"inLanguage\":\"es\",\"@id\":\"https:\/\/www.noticiasradioreflejos.com.ar\/2021\/infractores-por-no-votar-en-las-paso-donde-y-como-se-paga-la-multa\/#primaryimage\",\"url\":\"https:\/\/www.labrujula24.com\/wp-content\/uploads\/2023\/08\/infractor2.jpg\",\"contentUrl\":\"https:\/\/www.labrujula24.com\/wp-content\/uploads\/2023\/08\/infractor2.jpg\"},{\"@type\":\"BreadcrumbList\",\"@id\":\"https:\/\/www.noticiasradioreflejos.com.ar\/2021\/infractores-por-no-votar-en-las-paso-donde-y-como-se-paga-la-multa\/#breadcrumb\",\"itemListElement\":[{\"@type\":\"ListItem\",\"position\":1,\"name\":\"Portada\",\"item\":\"https:\/\/www.noticiasradioreflejos.com.ar\/2021\/\"},{\"@type\":\"ListItem\",\"position\":2,\"name\":\"Infractores por no votar en las PASO: d\u00f3nde y c\u00f3mo se paga la multa\"}]},{\"@type\":\"WebSite\",\"@id\":\"https:\/\/www.noticiasradioreflejos.com.ar\/2021\/#website\",\"url\":\"https:\/\/www.noticiasradioreflejos.com.ar\/2021\/\",\"name\":\"Noticias Radio Reflejos\",\"description\":\"Las noticias de mi comarca\",\"potentialAction\":[{\"@type\":\"SearchAction\",\"target\":{\"@type\":\"EntryPoint\",\"urlTemplate\":\"https:\/\/www.noticiasradioreflejos.com.ar\/2021\/?s={search_term_string}\"},\"query-input\":{\"@type\":\"PropertyValueSpecification\",\"valueRequired\":true,\"valueName\":\"search_term_string\"}}],\"inLanguage\":\"es\"},{\"@type\":\"Person\",\"@id\":\"https:\/\/www.noticiasradioreflejos.com.ar\/2021\/#\/schema\/person\/ad82545263dcc5ec0996818884fd5fb1\",\"name\":\"Arnaldo Botto\",\"image\":{\"@type\":\"ImageObject\",\"inLanguage\":\"es\",\"@id\":\"https:\/\/www.noticiasradioreflejos.com.ar\/2021\/#\/schema\/person\/image\/\",\"url\":\"https:\/\/secure.gravatar.com\/avatar\/55cb5e37c1efa326397366e6974cb338056df65cb50e7d64d1cf314e87504837?s=96&d=mm&r=g\",\"contentUrl\":\"https:\/\/secure.gravatar.com\/avatar\/55cb5e37c1efa326397366e6974cb338056df65cb50e7d64d1cf314e87504837?s=96&d=mm&r=g\",\"caption\":\"Arnaldo Botto\"},\"url\":\"https:\/\/www.noticiasradioreflejos.com.ar\/2021\/author\/arnaldo\/\"}]}<\/script>\n<!-- \/ Yoast SEO plugin. -->","yoast_head_json":{"title":"Infractores por no votar en las PASO: d\u00f3nde y c\u00f3mo se paga la multa - Noticias Radio Reflejos","robots":{"index":"index","follow":"follow","max-snippet":"max-snippet:-1","max-image-preview":"max-image-preview:large","max-video-preview":"max-video-preview:-1"},"canonical":"https:\/\/www.noticiasradioreflejos.com.ar\/2021\/infractores-por-no-votar-en-las-paso-donde-y-como-se-paga-la-multa\/","og_locale":"es_ES","og_type":"article","og_title":"Infractores por no votar en las PASO: d\u00f3nde y c\u00f3mo se paga la multa - Noticias Radio Reflejos","og_description":"El paso a paso de la gesti\u00f3n que se impone realizar para regularizar la situaci\u00f3n.","og_url":"https:\/\/www.noticiasradioreflejos.com.ar\/2021\/infractores-por-no-votar-en-las-paso-donde-y-como-se-paga-la-multa\/","og_site_name":"Noticias Radio Reflejos","article_published_time":"2023-08-15T23:57:01+00:00","og_image":[{"url":"https:\/\/www.labrujula24.com\/wp-content\/uploads\/2023\/08\/infractor2.jpg","type":"","width":"","height":""}],"author":"Arnaldo Botto","twitter_card":"summary_large_image","schema":{"@context":"https:\/\/schema.org","@graph":[{"@type":"WebPage","@id":"https:\/\/www.noticiasradioreflejos.com.ar\/2021\/infractores-por-no-votar-en-las-paso-donde-y-como-se-paga-la-multa\/","url":"https:\/\/www.noticiasradioreflejos.com.ar\/2021\/infractores-por-no-votar-en-las-paso-donde-y-como-se-paga-la-multa\/","name":"Infractores por no votar en las PASO: d\u00f3nde y c\u00f3mo se paga la multa - Noticias Radio Reflejos","isPartOf":{"@id":"https:\/\/www.noticiasradioreflejos.com.ar\/2021\/#website"},"primaryImageOfPage":{"@id":"https:\/\/www.noticiasradioreflejos.com.ar\/2021\/infractores-por-no-votar-en-las-paso-donde-y-como-se-paga-la-multa\/#primaryimage"},"image":{"@id":"https:\/\/www.noticiasradioreflejos.com.ar\/2021\/infractores-por-no-votar-en-las-paso-donde-y-como-se-paga-la-multa\/#primaryimage"},"thumbnailUrl":"https:\/\/www.labrujula24.com\/wp-content\/uploads\/2023\/08\/infractor2.jpg","datePublished":"2023-08-15T23:57:01+00:00","author":{"@id":"https:\/\/www.noticiasradioreflejos.com.ar\/2021\/#\/schema\/person\/ad82545263dcc5ec0996818884fd5fb1"},"breadcrumb":{"@id":"https:\/\/www.noticiasradioreflejos.com.ar\/2021\/infractores-por-no-votar-en-las-paso-donde-y-como-se-paga-la-multa\/#breadcrumb"},"inLanguage":"es","potentialAction":[{"@type":"ReadAction","target":["https:\/\/www.noticiasradioreflejos.com.ar\/2021\/infractores-por-no-votar-en-las-paso-donde-y-como-se-paga-la-multa\/"]}]},{"@type":"ImageObject","inLanguage":"es","@id":"https:\/\/www.noticiasradioreflejos.com.ar\/2021\/infractores-por-no-votar-en-las-paso-donde-y-como-se-paga-la-multa\/#primaryimage","url":"https:\/\/www.labrujula24.com\/wp-content\/uploads\/2023\/08\/infractor2.jpg","contentUrl":"https:\/\/www.labrujula24.com\/wp-content\/uploads\/2023\/08\/infractor2.jpg"},{"@type":"BreadcrumbList","@id":"https:\/\/www.noticiasradioreflejos.com.ar\/2021\/infractores-por-no-votar-en-las-paso-donde-y-como-se-paga-la-multa\/#breadcrumb","itemListElement":[{"@type":"ListItem","position":1,"name":"Portada","item":"https:\/\/www.noticiasradioreflejos.com.ar\/2021\/"},{"@type":"ListItem","position":2,"name":"Infractores por no votar en las PASO: d\u00f3nde y c\u00f3mo se paga la multa"}]},{"@type":"WebSite","@id":"https:\/\/www.noticiasradioreflejos.com.ar\/2021\/#website","url":"https:\/\/www.noticiasradioreflejos.com.ar\/2021\/","name":"Noticias Radio Reflejos","description":"Las noticias de mi comarca","potentialAction":[{"@type":"SearchAction","target":{"@type":"EntryPoint","urlTemplate":"https:\/\/www.noticiasradioreflejos.com.ar\/2021\/?s={search_term_string}"},"query-input":{"@type":"PropertyValueSpecification","valueRequired":true,"valueName":"search_term_string"}}],"inLanguage":"es"},{"@type":"Person","@id":"https:\/\/www.noticiasradioreflejos.com.ar\/2021\/#\/schema\/person\/ad82545263dcc5ec0996818884fd5fb1","name":"Arnaldo Botto","image":{"@type":"ImageObject","inLanguage":"es","@id":"https:\/\/www.noticiasradioreflejos.com.ar\/2021\/#\/schema\/person\/image\/","url":"https:\/\/secure.gravatar.com\/avatar\/55cb5e37c1efa326397366e6974cb338056df65cb50e7d64d1cf314e87504837?s=96&d=mm&r=g","contentUrl":"https:\/\/secure.gravatar.com\/avatar\/55cb5e37c1efa326397366e6974cb338056df65cb50e7d64d1cf314e87504837?s=96&d=mm&r=g","caption":"Arnaldo Botto"},"url":"https:\/\/www.noticiasradioreflejos.com.ar\/2021\/author\/arnaldo\/"}]}},"_links":{"self":[{"href":"https:\/\/www.noticiasradioreflejos.com.ar\/2021\/wp-json\/wp\/v2\/posts\/91676","targetHints":{"allow":["GET"]}}],"collection":[{"href":"https:\/\/www.noticiasradioreflejos.com.ar\/2021\/wp-json\/wp\/v2\/posts"}],"about":[{"href":"https:\/\/www.noticiasradioreflejos.com.ar\/2021\/wp-json\/wp\/v2\/types\/post"}],"author":[{"embeddable":true,"href":"https:\/\/www.noticiasradioreflejos.com.ar\/2021\/wp-json\/wp\/v2\/users\/3"}],"replies":[{"embeddable":true,"href":"https:\/\/www.noticiasradioreflejos.com.ar\/2021\/wp-json\/wp\/v2\/comments?post=91676"}],"version-history":[{"count":1,"href":"https:\/\/www.noticiasradioreflejos.com.ar\/2021\/wp-json\/wp\/v2\/posts\/91676\/revisions"}],"predecessor-version":[{"id":91678,"href":"https:\/\/www.noticiasradioreflejos.com.ar\/2021\/wp-json\/wp\/v2\/posts\/91676\/revisions\/91678"}],"wp:attachment":[{"href":"https:\/\/www.noticiasradioreflejos.com.ar\/2021\/wp-json\/wp\/v2\/media?parent=91676"}],"wp:term":[{"taxonomy":"category","embeddable":true,"href":"https:\/\/www.noticiasradioreflejos.com.ar\/2021\/wp-json\/wp\/v2\/categories?post=91676"},{"taxonomy":"post_tag","embeddable":true,"href":"https:\/\/www.noticiasradioreflejos.com.ar\/2021\/wp-json\/wp\/v2\/tags?post=91676"}],"curies":[{"name":"wp","href":"https:\/\/api.w.org\/{rel}","templated":true}]}}