{"id":9167,"date":"2017-04-18T08:56:54","date_gmt":"2017-04-18T11:56:54","guid":{"rendered":"http:\/\/noticiasradioreflejos.com.ar\/noticias\/?p=9167"},"modified":"2017-04-18T08:56:54","modified_gmt":"2017-04-18T11:56:54","slug":"la-ciudad-de-tornquist-conmemoro-el-134o-aniversario-de-su-fundacion","status":"publish","type":"post","link":"https:\/\/www.noticiasradioreflejos.com.ar\/2021\/la-ciudad-de-tornquist-conmemoro-el-134o-aniversario-de-su-fundacion\/","title":{"rendered":"La ciudad de Tornquist conmemor\u00f3 el 134\u00ba aniversario de su fundaci\u00f3n"},"content":{"rendered":"<p>Este lunes la ciudad de Tornquist conmemor\u00f3 el 134\u00ba aniversario de su fundaci\u00f3n.<!--more--><br \/>\nEl acto se desarroll\u00f3 a partir de las 10:30 hs. en el Teatro Municipal Rodolfo Funke, donde se comenz\u00f3 con la entonaci\u00f3n del himno Nacional Argentino y se proyect\u00f3 un video institucional con im\u00e1genes emblem\u00e1ticas de la ciudad y el audio del himno a Tornquist.<br \/>\nLuego se escuch\u00f3 la palabra del Intendente Municipal, Sergio Bordoni, quien resalt\u00f3 algunos hechos de gobierno, destacando obras a punto de concretarse y otras en gesti\u00f3n.<br \/>\n\u201cHoy voy a hablar del presente, el cual nos toca dirigir. Algo tan importante que necesit\u00e1bamos tratar de solucionar era el problema habitacional en Tornquist. En campa\u00f1a dije que hacen falta m\u00e1s de 500 viviendas en el distrito, pero en nuestra ciudad ten\u00edamos la problem\u00e1tica de carecer de tierras y sin ello no pod\u00edamos gestionar viviendas. Golpeamos puertas en distintos lugares de la Provincia y la Naci\u00f3n y ahora s\u00ed puedo decir que Tornquist se va a agrandar en una manzana m\u00e1s a lo largo de toda la localidad. Eso es real, m\u00e1s all\u00e1 de lo que salgan a decir\u201d, comenz\u00f3 diciendo.<br \/>\nPor otro lado, \u201cdespu\u00e9s de m\u00e1s de 30 a\u00f1os saldr\u00e1 a licitaci\u00f3n la ampliaci\u00f3n y limpieza de la planta depuradora de l\u00edquidos claocales, otra de las promesas que hice en campa\u00f1a\u201d.<br \/>\n\u201cSon obras dif\u00edciles de concretar pero hay un gobierno provincial y nacional que le da prioridades a las necesidades que tiene cada distrito, ya que tenemos el mismo peso que, por ejemplo, La Matanza en cuanto a necesidades y urgencias\u201d, asegur\u00f3.<br \/>\nLuego Bordoni mencion\u00f3 que se ejecutan y ejecutar\u00e1n obras de cord\u00f3n cuneta, badenes, ampliaci\u00f3n de redes de gas y cloacas y finalizaci\u00f3n del barrio de viviendas en construcci\u00f3n. \u201cNo hay nadie m\u00e1s preocupado que este ejecutivo en que Tornquist tenga la situaci\u00f3n de infraestructura necesaria para que los vecinos vivan mejor\u201d, manifest\u00f3.<br \/>\nAsimismo, sostuvo que \u201chay gente que la est\u00e1 pasando mal en Tornquist y eso me saca el sue\u00f1o, porque no tengo soluciones m\u00e1gicas, aunque si estamos trabajando para eso\u201d. Destac\u00f3 \u201cel acompa\u00f1amiento de instituciones y clubes que est\u00e1n trabajando codo a codo con nosotros, donde tambi\u00e9n seguimos aportando para que eso as\u00ed suceda. Tenemos contenci\u00f3n social en todo el distrito\u201d.<br \/>\nNo obstante, admiti\u00f3 que \u201cno estamos pasando una buena situaci\u00f3n econ\u00f3mica y social\u201d y asegur\u00f3 que \u201cse est\u00e1 haciendo lo imposible para llegar a un acuerdo con los docentes\u201d. \u201cAgradezco el compromiso que han tenido para el inicio del ciclo lectivo, ya que fue muy bajo el acatamiento al paro en nuestro distrito, lo que indica que tenemos docentes comprometidos pensando en la educaci\u00f3n\u201d, a\u00f1adi\u00f3.<br \/>\n\u201cQuiero expresar mi gran gratitud a los empleados municipales, ya que durante el paro nacional la prestaci\u00f3n de los servicios sigui\u00f3 y eso se llama libre expresi\u00f3n, no piquetes ni cortes, sino dejar que la gente pueda decidir y hacer lo que quiera hacer\u201d, dijo adem\u00e1s.<br \/>\nPor \u00faltimo, cerr\u00f3: \u201cun a\u00f1o y cuatro meses es muy poco para pedir resultados m\u00e1gicos, se exigen cosas que hace 25 a\u00f1os se vienen padeciendo y sin embargo hubo gente instigando a que se desestabilice la democracia. Hay elecciones cada dos a\u00f1os, tenemos que esperar los tiempos pactados por la democracia\u201d.<br \/>\nEn otros p\u00e1rrafos, Bordoni salud\u00f3 al Jard\u00edn 905 Rosario Vera Pe\u00f1aloza, que tambi\u00e9n est\u00e1 festejando un nuevo aniversario. \u201cLo mejor est\u00e1 por venir\u201d concluy\u00f3 el jefe comunal.<br \/>\nLa comitiva luego se traslad\u00f3 a la Parroquia Santa Rosa Lima y, frente a la reja de ingreso, en el lugar donde descasan los restos del fundador \u00a0y su se\u00f1ora esposa, se deposit\u00f3 una ofrenda floral, tarea que compartieron el Intendente Bordoni y la concejal del Frente para la Victoria Mar\u00eda Ofelia Skolak.<br \/>\n<strong>\u201cEL PRESENTE TIENE QUE SER ESPERANZADOR\u201d<\/strong><br \/>\nEn la previa al acto, el intendente Bordoni dialog\u00f3 con nuestro medio y se refiri\u00f3 al nuevo aniversario de la ciudad. \u201cUn a\u00f1o m\u00e1s de vida para nuestro querido pueblo, esperamos seguir gestionando cosas para que Tornquist y nuestro distrito sigan creciendo y a eso nos estamos abocando\u201d, sostuvo.<br \/>\n\u201cUn pueblo en el que mucha gente trabaj\u00f3 para que sea lo que es hoy, que tuvo un pasado muy fruct\u00edfero, por eso el presente tiene que ser m\u00e1s que eso, tiene que ser esperanzador, de poder vivir mejor y con un futuro a largo plazo en el que se termine la desigualdad. Es el deseo que tengo como jefe comunal\u201d, a\u00f1adi\u00f3.<br \/>\nEn otro marco, destac\u00f3 la gran afluencia de turistas que tuvo la comarca durante semana santa: \u201chubo un 95% de ocupaci\u00f3n hotelera, un c\u00famulo de actividades en distintas localidades y gente por todos lados, lo que habla bien del distrito que est\u00e1 creciendo en lo tur\u00edstico. Estuvo el intendente de General Madariaga en Villa Ventana y me mand\u00f3 un mensaje diciendo que se ha notado el cambio, y eso te reconforta porque a veces uno escucha criticas de que no se hace nada y realmente se est\u00e1n haciendo cosas\u201d.<br \/>\nEn ese sentido, destac\u00f3 la importancia de la senda peatonal construida en Villa Ventana: \u201cel s\u00e1bado y el domingo llov\u00eda, en las calles no se pod\u00eda circular por el barro, y la gente se movilizaba de una punta a la otra de la villa por la senda\u201d.<br \/>\n<iframe loading=\"lazy\" src=\"https:\/\/w.soundcloud.com\/player\/?url=https%3A\/\/api.soundcloud.com\/tracks\/318273875&amp;color=ff5500&amp;auto_play=false&amp;hide_related=false&amp;show_comments=true&amp;show_user=true&amp;show_reposts=false\" width=\"100%\" height=\"166\" frameborder=\"no\" scrolling=\"no\"><\/iframe><\/p>\n","protected":false},"excerpt":{"rendered":"<p>Este lunes la ciudad de Tornquist conmemor\u00f3 el 134\u00ba aniversario de su fundaci\u00f3n.<\/p>\n","protected":false},"author":3,"featured_media":0,"comment_status":"closed","ping_status":"open","sticky":false,"template":"","format":"standard","meta":{"footnotes":""},"categories":[28],"tags":[],"class_list":["post-9167","post","type-post","status-publish","format-standard","hentry","category-municipales"],"yoast_head":"<!-- This site is optimized with the Yoast SEO plugin v25.9 - https:\/\/yoast.com\/wordpress\/plugins\/seo\/ -->\n<title>La ciudad de Tornquist conmemor\u00f3 el 134\u00ba aniversario de su fundaci\u00f3n - Noticias Radio Reflejos<\/title>\n<meta name=\"robots\" content=\"index, follow, max-snippet:-1, max-image-preview:large, max-video-preview:-1\" \/>\n<link rel=\"canonical\" href=\"https:\/\/www.noticiasradioreflejos.com.ar\/2021\/la-ciudad-de-tornquist-conmemoro-el-134o-aniversario-de-su-fundacion\/\" \/>\n<meta property=\"og:locale\" content=\"es_ES\" \/>\n<meta property=\"og:type\" content=\"article\" \/>\n<meta property=\"og:title\" content=\"La ciudad de Tornquist conmemor\u00f3 el 134\u00ba aniversario de su fundaci\u00f3n - Noticias Radio Reflejos\" \/>\n<meta property=\"og:description\" content=\"Este lunes la ciudad de Tornquist conmemor\u00f3 el 134\u00ba aniversario de su fundaci\u00f3n.\" \/>\n<meta property=\"og:url\" content=\"https:\/\/www.noticiasradioreflejos.com.ar\/2021\/la-ciudad-de-tornquist-conmemoro-el-134o-aniversario-de-su-fundacion\/\" \/>\n<meta property=\"og:site_name\" content=\"Noticias Radio Reflejos\" \/>\n<meta property=\"article:published_time\" content=\"2017-04-18T11:56:54+00:00\" \/>\n<meta property=\"og:image\" content=\"https:\/\/www.noticiasradioreflejos.com.ar\/2021\/wp-content\/uploads\/2021\/07\/logosol300x200.png\" \/>\n\t<meta property=\"og:image:width\" content=\"300\" \/>\n\t<meta property=\"og:image:height\" content=\"200\" \/>\n\t<meta property=\"og:image:type\" content=\"image\/png\" \/>\n<meta name=\"author\" content=\"Arnaldo Botto\" \/>\n<meta name=\"twitter:card\" content=\"summary_large_image\" \/>\n<script type=\"application\/ld+json\" class=\"yoast-schema-graph\">{\"@context\":\"https:\/\/schema.org\",\"@graph\":[{\"@type\":\"WebPage\",\"@id\":\"https:\/\/www.noticiasradioreflejos.com.ar\/2021\/la-ciudad-de-tornquist-conmemoro-el-134o-aniversario-de-su-fundacion\/\",\"url\":\"https:\/\/www.noticiasradioreflejos.com.ar\/2021\/la-ciudad-de-tornquist-conmemoro-el-134o-aniversario-de-su-fundacion\/\",\"name\":\"La ciudad de Tornquist conmemor\u00f3 el 134\u00ba aniversario de su fundaci\u00f3n - Noticias Radio Reflejos\",\"isPartOf\":{\"@id\":\"https:\/\/www.noticiasradioreflejos.com.ar\/2021\/#website\"},\"datePublished\":\"2017-04-18T11:56:54+00:00\",\"author\":{\"@id\":\"https:\/\/www.noticiasradioreflejos.com.ar\/2021\/#\/schema\/person\/ad82545263dcc5ec0996818884fd5fb1\"},\"breadcrumb\":{\"@id\":\"https:\/\/www.noticiasradioreflejos.com.ar\/2021\/la-ciudad-de-tornquist-conmemoro-el-134o-aniversario-de-su-fundacion\/#breadcrumb\"},\"inLanguage\":\"es\",\"potentialAction\":[{\"@type\":\"ReadAction\",\"target\":[\"https:\/\/www.noticiasradioreflejos.com.ar\/2021\/la-ciudad-de-tornquist-conmemoro-el-134o-aniversario-de-su-fundacion\/\"]}]},{\"@type\":\"BreadcrumbList\",\"@id\":\"https:\/\/www.noticiasradioreflejos.com.ar\/2021\/la-ciudad-de-tornquist-conmemoro-el-134o-aniversario-de-su-fundacion\/#breadcrumb\",\"itemListElement\":[{\"@type\":\"ListItem\",\"position\":1,\"name\":\"Portada\",\"item\":\"https:\/\/www.noticiasradioreflejos.com.ar\/2021\/\"},{\"@type\":\"ListItem\",\"position\":2,\"name\":\"La ciudad de Tornquist conmemor\u00f3 el 134\u00ba aniversario de su fundaci\u00f3n\"}]},{\"@type\":\"WebSite\",\"@id\":\"https:\/\/www.noticiasradioreflejos.com.ar\/2021\/#website\",\"url\":\"https:\/\/www.noticiasradioreflejos.com.ar\/2021\/\",\"name\":\"Noticias Radio Reflejos\",\"description\":\"Las noticias de mi comarca\",\"potentialAction\":[{\"@type\":\"SearchAction\",\"target\":{\"@type\":\"EntryPoint\",\"urlTemplate\":\"https:\/\/www.noticiasradioreflejos.com.ar\/2021\/?s={search_term_string}\"},\"query-input\":{\"@type\":\"PropertyValueSpecification\",\"valueRequired\":true,\"valueName\":\"search_term_string\"}}],\"inLanguage\":\"es\"},{\"@type\":\"Person\",\"@id\":\"https:\/\/www.noticiasradioreflejos.com.ar\/2021\/#\/schema\/person\/ad82545263dcc5ec0996818884fd5fb1\",\"name\":\"Arnaldo Botto\",\"image\":{\"@type\":\"ImageObject\",\"inLanguage\":\"es\",\"@id\":\"https:\/\/www.noticiasradioreflejos.com.ar\/2021\/#\/schema\/person\/image\/\",\"url\":\"https:\/\/secure.gravatar.com\/avatar\/55cb5e37c1efa326397366e6974cb338056df65cb50e7d64d1cf314e87504837?s=96&d=mm&r=g\",\"contentUrl\":\"https:\/\/secure.gravatar.com\/avatar\/55cb5e37c1efa326397366e6974cb338056df65cb50e7d64d1cf314e87504837?s=96&d=mm&r=g\",\"caption\":\"Arnaldo Botto\"},\"url\":\"https:\/\/www.noticiasradioreflejos.com.ar\/2021\/author\/arnaldo\/\"}]}<\/script>\n<!-- \/ Yoast SEO plugin. -->","yoast_head_json":{"title":"La ciudad de Tornquist conmemor\u00f3 el 134\u00ba aniversario de su fundaci\u00f3n - Noticias Radio Reflejos","robots":{"index":"index","follow":"follow","max-snippet":"max-snippet:-1","max-image-preview":"max-image-preview:large","max-video-preview":"max-video-preview:-1"},"canonical":"https:\/\/www.noticiasradioreflejos.com.ar\/2021\/la-ciudad-de-tornquist-conmemoro-el-134o-aniversario-de-su-fundacion\/","og_locale":"es_ES","og_type":"article","og_title":"La ciudad de Tornquist conmemor\u00f3 el 134\u00ba aniversario de su fundaci\u00f3n - Noticias Radio Reflejos","og_description":"Este lunes la ciudad de Tornquist conmemor\u00f3 el 134\u00ba aniversario de su fundaci\u00f3n.","og_url":"https:\/\/www.noticiasradioreflejos.com.ar\/2021\/la-ciudad-de-tornquist-conmemoro-el-134o-aniversario-de-su-fundacion\/","og_site_name":"Noticias Radio Reflejos","article_published_time":"2017-04-18T11:56:54+00:00","og_image":[{"width":300,"height":200,"url":"https:\/\/www.noticiasradioreflejos.com.ar\/2021\/wp-content\/uploads\/2021\/07\/logosol300x200.png","type":"image\/png"}],"author":"Arnaldo Botto","twitter_card":"summary_large_image","schema":{"@context":"https:\/\/schema.org","@graph":[{"@type":"WebPage","@id":"https:\/\/www.noticiasradioreflejos.com.ar\/2021\/la-ciudad-de-tornquist-conmemoro-el-134o-aniversario-de-su-fundacion\/","url":"https:\/\/www.noticiasradioreflejos.com.ar\/2021\/la-ciudad-de-tornquist-conmemoro-el-134o-aniversario-de-su-fundacion\/","name":"La ciudad de Tornquist conmemor\u00f3 el 134\u00ba aniversario de su fundaci\u00f3n - Noticias Radio Reflejos","isPartOf":{"@id":"https:\/\/www.noticiasradioreflejos.com.ar\/2021\/#website"},"datePublished":"2017-04-18T11:56:54+00:00","author":{"@id":"https:\/\/www.noticiasradioreflejos.com.ar\/2021\/#\/schema\/person\/ad82545263dcc5ec0996818884fd5fb1"},"breadcrumb":{"@id":"https:\/\/www.noticiasradioreflejos.com.ar\/2021\/la-ciudad-de-tornquist-conmemoro-el-134o-aniversario-de-su-fundacion\/#breadcrumb"},"inLanguage":"es","potentialAction":[{"@type":"ReadAction","target":["https:\/\/www.noticiasradioreflejos.com.ar\/2021\/la-ciudad-de-tornquist-conmemoro-el-134o-aniversario-de-su-fundacion\/"]}]},{"@type":"BreadcrumbList","@id":"https:\/\/www.noticiasradioreflejos.com.ar\/2021\/la-ciudad-de-tornquist-conmemoro-el-134o-aniversario-de-su-fundacion\/#breadcrumb","itemListElement":[{"@type":"ListItem","position":1,"name":"Portada","item":"https:\/\/www.noticiasradioreflejos.com.ar\/2021\/"},{"@type":"ListItem","position":2,"name":"La ciudad de Tornquist conmemor\u00f3 el 134\u00ba aniversario de su fundaci\u00f3n"}]},{"@type":"WebSite","@id":"https:\/\/www.noticiasradioreflejos.com.ar\/2021\/#website","url":"https:\/\/www.noticiasradioreflejos.com.ar\/2021\/","name":"Noticias Radio Reflejos","description":"Las noticias de mi comarca","potentialAction":[{"@type":"SearchAction","target":{"@type":"EntryPoint","urlTemplate":"https:\/\/www.noticiasradioreflejos.com.ar\/2021\/?s={search_term_string}"},"query-input":{"@type":"PropertyValueSpecification","valueRequired":true,"valueName":"search_term_string"}}],"inLanguage":"es"},{"@type":"Person","@id":"https:\/\/www.noticiasradioreflejos.com.ar\/2021\/#\/schema\/person\/ad82545263dcc5ec0996818884fd5fb1","name":"Arnaldo Botto","image":{"@type":"ImageObject","inLanguage":"es","@id":"https:\/\/www.noticiasradioreflejos.com.ar\/2021\/#\/schema\/person\/image\/","url":"https:\/\/secure.gravatar.com\/avatar\/55cb5e37c1efa326397366e6974cb338056df65cb50e7d64d1cf314e87504837?s=96&d=mm&r=g","contentUrl":"https:\/\/secure.gravatar.com\/avatar\/55cb5e37c1efa326397366e6974cb338056df65cb50e7d64d1cf314e87504837?s=96&d=mm&r=g","caption":"Arnaldo Botto"},"url":"https:\/\/www.noticiasradioreflejos.com.ar\/2021\/author\/arnaldo\/"}]}},"_links":{"self":[{"href":"https:\/\/www.noticiasradioreflejos.com.ar\/2021\/wp-json\/wp\/v2\/posts\/9167","targetHints":{"allow":["GET"]}}],"collection":[{"href":"https:\/\/www.noticiasradioreflejos.com.ar\/2021\/wp-json\/wp\/v2\/posts"}],"about":[{"href":"https:\/\/www.noticiasradioreflejos.com.ar\/2021\/wp-json\/wp\/v2\/types\/post"}],"author":[{"embeddable":true,"href":"https:\/\/www.noticiasradioreflejos.com.ar\/2021\/wp-json\/wp\/v2\/users\/3"}],"replies":[{"embeddable":true,"href":"https:\/\/www.noticiasradioreflejos.com.ar\/2021\/wp-json\/wp\/v2\/comments?post=9167"}],"version-history":[{"count":0,"href":"https:\/\/www.noticiasradioreflejos.com.ar\/2021\/wp-json\/wp\/v2\/posts\/9167\/revisions"}],"wp:attachment":[{"href":"https:\/\/www.noticiasradioreflejos.com.ar\/2021\/wp-json\/wp\/v2\/media?parent=9167"}],"wp:term":[{"taxonomy":"category","embeddable":true,"href":"https:\/\/www.noticiasradioreflejos.com.ar\/2021\/wp-json\/wp\/v2\/categories?post=9167"},{"taxonomy":"post_tag","embeddable":true,"href":"https:\/\/www.noticiasradioreflejos.com.ar\/2021\/wp-json\/wp\/v2\/tags?post=9167"}],"curies":[{"name":"wp","href":"https:\/\/api.w.org\/{rel}","templated":true}]}}