{"id":9164,"date":"2017-04-18T08:27:23","date_gmt":"2017-04-18T11:27:23","guid":{"rendered":"http:\/\/noticiasradioreflejos.com.ar\/noticias\/?p=9164"},"modified":"2017-04-18T08:27:23","modified_gmt":"2017-04-18T11:27:23","slug":"la-escuelita-azulgrana-compartio-una-jornada-de-futbol-en-pigue","status":"publish","type":"post","link":"https:\/\/www.noticiasradioreflejos.com.ar\/2021\/la-escuelita-azulgrana-compartio-una-jornada-de-futbol-en-pigue\/","title":{"rendered":"La Escuelita Azulgrana comparti\u00f3 una jornada de f\u00fatbol en Pig\u00fc\u00e9"},"content":{"rendered":"<h4 class=\"hP\" tabindex=\"-1\"><strong>Una nutrida delegaci\u00f3n de la Escuelita Azulgrana particip\u00f3 de un encuentro de f\u00fatbol organizado por Uni\u00f3n de Pig\u00fc\u00e9, en el cual reinaron las ganas de jugar, divertirse y compartir.<\/strong><\/h4>\n<p><!--more--><br \/>\nAdem\u00e1s de Automoto y el conjunto anfitri\u00f3n, le dieron vida a esta iniciativa Pe\u00f1arol, Club Sarmiento y Deportivo Argentino de Pig\u00fc\u00e9, San Mart\u00edn Carhu\u00e9 y Atl\u00e9tico Huanguel\u00e9n.<br \/>\nLos chicos que conformaron la delegaci\u00f3n azulgrana fueron:<\/p>\n<ul>\n<li><strong>Categor\u00eda 2011<\/strong>: Francisco L\u00f6ffler, Mateo Hansel, Bautista Morresi, Lautaro Coronel y Lucas Ojeda.<\/li>\n<li><strong>Categor\u00eda 2010<\/strong>: Lautaro Del P\u00f3, Pedrito Braun, Francisco Tobares, Joel Meneses y Valentino Sgammini.<\/li>\n<li><strong>Categor\u00eda 2009:\u00a0<\/strong>Facundo Abalos, Bautista Schwab, Juli\u00e1n Trankels, Ian Borches, Emiliano Solano, Pedro Videla y Juani Abreg\u00fa.<\/li>\n<li><strong>Categor\u00eda 2008<\/strong>: Alessandro Marzialetti, Francisco Meriggi, Robertino Rossi, Nahuel Garc\u00eda, Santino Caball\u00edn, Benjam\u00edn Gallo, Franco Bual\u00f3 y Antoni Videla.<\/li>\n<li><strong>Categor\u00eda 2007<\/strong>: Santiago Hansel, Luciano Sandobal, Agust\u00edn Herrera, Mat\u00edas Haag, Thiago Caball\u00edn, Cristhoper Salazar, Ezequiel Heine, Tiziano Solano, Mat\u00edas Bartolini, Fabricio Fr\u00edas, Danilo Laurenco y Aaron Sanabria.<\/li>\n<li><strong>Categor\u00eda 2006:<\/strong>Maxi Nievas, Santiago Fretes, Bautista Fretes, El\u00edas Acu\u00f1a, Franco Rubio, Jerem\u00edas Solano, Lucas Montiel Solano, Juan Mart\u00edn Flores y Mateo Toy.<\/li>\n<\/ul>\n<p>Los profesores Hern\u00e1n, Bruno y Juli\u00e1n agradecen a los ni\u00f1os que participaron y a los padres que acompa\u00f1aron a la delegaci\u00f3n.<\/p>\n","protected":false},"excerpt":{"rendered":"<p>Una nutrida delegaci\u00f3n de la Escuelita Azulgrana particip\u00f3 de un encuentro de f\u00fatbol organizado por Uni\u00f3n de Pig\u00fc\u00e9, en el cual reinaron las ganas de jugar, divertirse y compartir.<\/p>\n","protected":false},"author":3,"featured_media":0,"comment_status":"closed","ping_status":"open","sticky":false,"template":"","format":"standard","meta":{"footnotes":""},"categories":[27],"tags":[],"class_list":["post-9164","post","type-post","status-publish","format-standard","hentry","category-deportes"],"yoast_head":"<!-- This site is optimized with the Yoast SEO plugin v25.9 - https:\/\/yoast.com\/wordpress\/plugins\/seo\/ -->\n<title>La Escuelita Azulgrana comparti\u00f3 una jornada de f\u00fatbol en Pig\u00fc\u00e9 - Noticias Radio Reflejos<\/title>\n<meta name=\"robots\" content=\"index, follow, max-snippet:-1, max-image-preview:large, max-video-preview:-1\" \/>\n<link rel=\"canonical\" href=\"https:\/\/www.noticiasradioreflejos.com.ar\/2021\/la-escuelita-azulgrana-compartio-una-jornada-de-futbol-en-pigue\/\" \/>\n<meta property=\"og:locale\" content=\"es_ES\" \/>\n<meta property=\"og:type\" content=\"article\" \/>\n<meta property=\"og:title\" content=\"La Escuelita Azulgrana comparti\u00f3 una jornada de f\u00fatbol en Pig\u00fc\u00e9 - Noticias Radio Reflejos\" \/>\n<meta property=\"og:description\" content=\"Una nutrida delegaci\u00f3n de la Escuelita Azulgrana particip\u00f3 de un encuentro de f\u00fatbol organizado por Uni\u00f3n de Pig\u00fc\u00e9, en el cual reinaron las ganas de jugar, divertirse y compartir.\" \/>\n<meta property=\"og:url\" content=\"https:\/\/www.noticiasradioreflejos.com.ar\/2021\/la-escuelita-azulgrana-compartio-una-jornada-de-futbol-en-pigue\/\" \/>\n<meta property=\"og:site_name\" content=\"Noticias Radio Reflejos\" \/>\n<meta property=\"article:published_time\" content=\"2017-04-18T11:27:23+00:00\" \/>\n<meta property=\"og:image\" content=\"https:\/\/www.noticiasradioreflejos.com.ar\/2021\/wp-content\/uploads\/2021\/07\/logosol300x200.png\" \/>\n\t<meta property=\"og:image:width\" content=\"300\" \/>\n\t<meta property=\"og:image:height\" content=\"200\" \/>\n\t<meta property=\"og:image:type\" content=\"image\/png\" \/>\n<meta name=\"author\" content=\"Arnaldo Botto\" \/>\n<meta name=\"twitter:card\" content=\"summary_large_image\" \/>\n<script type=\"application\/ld+json\" class=\"yoast-schema-graph\">{\"@context\":\"https:\/\/schema.org\",\"@graph\":[{\"@type\":\"WebPage\",\"@id\":\"https:\/\/www.noticiasradioreflejos.com.ar\/2021\/la-escuelita-azulgrana-compartio-una-jornada-de-futbol-en-pigue\/\",\"url\":\"https:\/\/www.noticiasradioreflejos.com.ar\/2021\/la-escuelita-azulgrana-compartio-una-jornada-de-futbol-en-pigue\/\",\"name\":\"La Escuelita Azulgrana comparti\u00f3 una jornada de f\u00fatbol en Pig\u00fc\u00e9 - Noticias Radio Reflejos\",\"isPartOf\":{\"@id\":\"https:\/\/www.noticiasradioreflejos.com.ar\/2021\/#website\"},\"datePublished\":\"2017-04-18T11:27:23+00:00\",\"author\":{\"@id\":\"https:\/\/www.noticiasradioreflejos.com.ar\/2021\/#\/schema\/person\/ad82545263dcc5ec0996818884fd5fb1\"},\"breadcrumb\":{\"@id\":\"https:\/\/www.noticiasradioreflejos.com.ar\/2021\/la-escuelita-azulgrana-compartio-una-jornada-de-futbol-en-pigue\/#breadcrumb\"},\"inLanguage\":\"es\",\"potentialAction\":[{\"@type\":\"ReadAction\",\"target\":[\"https:\/\/www.noticiasradioreflejos.com.ar\/2021\/la-escuelita-azulgrana-compartio-una-jornada-de-futbol-en-pigue\/\"]}]},{\"@type\":\"BreadcrumbList\",\"@id\":\"https:\/\/www.noticiasradioreflejos.com.ar\/2021\/la-escuelita-azulgrana-compartio-una-jornada-de-futbol-en-pigue\/#breadcrumb\",\"itemListElement\":[{\"@type\":\"ListItem\",\"position\":1,\"name\":\"Portada\",\"item\":\"https:\/\/www.noticiasradioreflejos.com.ar\/2021\/\"},{\"@type\":\"ListItem\",\"position\":2,\"name\":\"La Escuelita Azulgrana comparti\u00f3 una jornada de f\u00fatbol en Pig\u00fc\u00e9\"}]},{\"@type\":\"WebSite\",\"@id\":\"https:\/\/www.noticiasradioreflejos.com.ar\/2021\/#website\",\"url\":\"https:\/\/www.noticiasradioreflejos.com.ar\/2021\/\",\"name\":\"Noticias Radio Reflejos\",\"description\":\"Las noticias de mi comarca\",\"potentialAction\":[{\"@type\":\"SearchAction\",\"target\":{\"@type\":\"EntryPoint\",\"urlTemplate\":\"https:\/\/www.noticiasradioreflejos.com.ar\/2021\/?s={search_term_string}\"},\"query-input\":{\"@type\":\"PropertyValueSpecification\",\"valueRequired\":true,\"valueName\":\"search_term_string\"}}],\"inLanguage\":\"es\"},{\"@type\":\"Person\",\"@id\":\"https:\/\/www.noticiasradioreflejos.com.ar\/2021\/#\/schema\/person\/ad82545263dcc5ec0996818884fd5fb1\",\"name\":\"Arnaldo Botto\",\"image\":{\"@type\":\"ImageObject\",\"inLanguage\":\"es\",\"@id\":\"https:\/\/www.noticiasradioreflejos.com.ar\/2021\/#\/schema\/person\/image\/\",\"url\":\"https:\/\/secure.gravatar.com\/avatar\/55cb5e37c1efa326397366e6974cb338056df65cb50e7d64d1cf314e87504837?s=96&d=mm&r=g\",\"contentUrl\":\"https:\/\/secure.gravatar.com\/avatar\/55cb5e37c1efa326397366e6974cb338056df65cb50e7d64d1cf314e87504837?s=96&d=mm&r=g\",\"caption\":\"Arnaldo Botto\"},\"url\":\"https:\/\/www.noticiasradioreflejos.com.ar\/2021\/author\/arnaldo\/\"}]}<\/script>\n<!-- \/ Yoast SEO plugin. -->","yoast_head_json":{"title":"La Escuelita Azulgrana comparti\u00f3 una jornada de f\u00fatbol en Pig\u00fc\u00e9 - Noticias Radio Reflejos","robots":{"index":"index","follow":"follow","max-snippet":"max-snippet:-1","max-image-preview":"max-image-preview:large","max-video-preview":"max-video-preview:-1"},"canonical":"https:\/\/www.noticiasradioreflejos.com.ar\/2021\/la-escuelita-azulgrana-compartio-una-jornada-de-futbol-en-pigue\/","og_locale":"es_ES","og_type":"article","og_title":"La Escuelita Azulgrana comparti\u00f3 una jornada de f\u00fatbol en Pig\u00fc\u00e9 - Noticias Radio Reflejos","og_description":"Una nutrida delegaci\u00f3n de la Escuelita Azulgrana particip\u00f3 de un encuentro de f\u00fatbol organizado por Uni\u00f3n de Pig\u00fc\u00e9, en el cual reinaron las ganas de jugar, divertirse y compartir.","og_url":"https:\/\/www.noticiasradioreflejos.com.ar\/2021\/la-escuelita-azulgrana-compartio-una-jornada-de-futbol-en-pigue\/","og_site_name":"Noticias Radio Reflejos","article_published_time":"2017-04-18T11:27:23+00:00","og_image":[{"width":300,"height":200,"url":"https:\/\/www.noticiasradioreflejos.com.ar\/2021\/wp-content\/uploads\/2021\/07\/logosol300x200.png","type":"image\/png"}],"author":"Arnaldo Botto","twitter_card":"summary_large_image","schema":{"@context":"https:\/\/schema.org","@graph":[{"@type":"WebPage","@id":"https:\/\/www.noticiasradioreflejos.com.ar\/2021\/la-escuelita-azulgrana-compartio-una-jornada-de-futbol-en-pigue\/","url":"https:\/\/www.noticiasradioreflejos.com.ar\/2021\/la-escuelita-azulgrana-compartio-una-jornada-de-futbol-en-pigue\/","name":"La Escuelita Azulgrana comparti\u00f3 una jornada de f\u00fatbol en Pig\u00fc\u00e9 - Noticias Radio Reflejos","isPartOf":{"@id":"https:\/\/www.noticiasradioreflejos.com.ar\/2021\/#website"},"datePublished":"2017-04-18T11:27:23+00:00","author":{"@id":"https:\/\/www.noticiasradioreflejos.com.ar\/2021\/#\/schema\/person\/ad82545263dcc5ec0996818884fd5fb1"},"breadcrumb":{"@id":"https:\/\/www.noticiasradioreflejos.com.ar\/2021\/la-escuelita-azulgrana-compartio-una-jornada-de-futbol-en-pigue\/#breadcrumb"},"inLanguage":"es","potentialAction":[{"@type":"ReadAction","target":["https:\/\/www.noticiasradioreflejos.com.ar\/2021\/la-escuelita-azulgrana-compartio-una-jornada-de-futbol-en-pigue\/"]}]},{"@type":"BreadcrumbList","@id":"https:\/\/www.noticiasradioreflejos.com.ar\/2021\/la-escuelita-azulgrana-compartio-una-jornada-de-futbol-en-pigue\/#breadcrumb","itemListElement":[{"@type":"ListItem","position":1,"name":"Portada","item":"https:\/\/www.noticiasradioreflejos.com.ar\/2021\/"},{"@type":"ListItem","position":2,"name":"La Escuelita Azulgrana comparti\u00f3 una jornada de f\u00fatbol en Pig\u00fc\u00e9"}]},{"@type":"WebSite","@id":"https:\/\/www.noticiasradioreflejos.com.ar\/2021\/#website","url":"https:\/\/www.noticiasradioreflejos.com.ar\/2021\/","name":"Noticias Radio Reflejos","description":"Las noticias de mi comarca","potentialAction":[{"@type":"SearchAction","target":{"@type":"EntryPoint","urlTemplate":"https:\/\/www.noticiasradioreflejos.com.ar\/2021\/?s={search_term_string}"},"query-input":{"@type":"PropertyValueSpecification","valueRequired":true,"valueName":"search_term_string"}}],"inLanguage":"es"},{"@type":"Person","@id":"https:\/\/www.noticiasradioreflejos.com.ar\/2021\/#\/schema\/person\/ad82545263dcc5ec0996818884fd5fb1","name":"Arnaldo Botto","image":{"@type":"ImageObject","inLanguage":"es","@id":"https:\/\/www.noticiasradioreflejos.com.ar\/2021\/#\/schema\/person\/image\/","url":"https:\/\/secure.gravatar.com\/avatar\/55cb5e37c1efa326397366e6974cb338056df65cb50e7d64d1cf314e87504837?s=96&d=mm&r=g","contentUrl":"https:\/\/secure.gravatar.com\/avatar\/55cb5e37c1efa326397366e6974cb338056df65cb50e7d64d1cf314e87504837?s=96&d=mm&r=g","caption":"Arnaldo Botto"},"url":"https:\/\/www.noticiasradioreflejos.com.ar\/2021\/author\/arnaldo\/"}]}},"_links":{"self":[{"href":"https:\/\/www.noticiasradioreflejos.com.ar\/2021\/wp-json\/wp\/v2\/posts\/9164","targetHints":{"allow":["GET"]}}],"collection":[{"href":"https:\/\/www.noticiasradioreflejos.com.ar\/2021\/wp-json\/wp\/v2\/posts"}],"about":[{"href":"https:\/\/www.noticiasradioreflejos.com.ar\/2021\/wp-json\/wp\/v2\/types\/post"}],"author":[{"embeddable":true,"href":"https:\/\/www.noticiasradioreflejos.com.ar\/2021\/wp-json\/wp\/v2\/users\/3"}],"replies":[{"embeddable":true,"href":"https:\/\/www.noticiasradioreflejos.com.ar\/2021\/wp-json\/wp\/v2\/comments?post=9164"}],"version-history":[{"count":0,"href":"https:\/\/www.noticiasradioreflejos.com.ar\/2021\/wp-json\/wp\/v2\/posts\/9164\/revisions"}],"wp:attachment":[{"href":"https:\/\/www.noticiasradioreflejos.com.ar\/2021\/wp-json\/wp\/v2\/media?parent=9164"}],"wp:term":[{"taxonomy":"category","embeddable":true,"href":"https:\/\/www.noticiasradioreflejos.com.ar\/2021\/wp-json\/wp\/v2\/categories?post=9164"},{"taxonomy":"post_tag","embeddable":true,"href":"https:\/\/www.noticiasradioreflejos.com.ar\/2021\/wp-json\/wp\/v2\/tags?post=9164"}],"curies":[{"name":"wp","href":"https:\/\/api.w.org\/{rel}","templated":true}]}}