{"id":91617,"date":"2023-08-14T16:56:55","date_gmt":"2023-08-14T16:56:55","guid":{"rendered":"https:\/\/www.noticiasradioreflejos.com.ar\/2021\/?p=91617"},"modified":"2023-08-14T16:56:55","modified_gmt":"2023-08-14T16:56:55","slug":"proyecto-archivo-de-la-biblioteca-popular-gral-jose-de-san-martin-de-saldungaray","status":"publish","type":"post","link":"https:\/\/www.noticiasradioreflejos.com.ar\/2021\/proyecto-archivo-de-la-biblioteca-popular-gral-jose-de-san-martin-de-saldungaray\/","title":{"rendered":"Proyecto Archivo de la Biblioteca Popular Gral Jos\u00e9 de San Mart\u00edn de Saldungaray."},"content":{"rendered":"<p>El Archivo Fotogr\u00e1fico y preservaci\u00f3n de documentos empez\u00f3 a crearse en el a\u00f1o 2022 a partir de un proyecto  de trabajo de Anto Pelorosso la cual se pudo llevar a cabo por medio del apoyo econ\u00f3mico para la realizaci\u00f3n de proyectos promulgados por CONABIP (Comisi\u00f3n Nacional de Bibliotecas Populares).<!--more--><\/p>\n<p>El prop\u00f3sito de dicho proyecto es  recuperar y conservar la memoria del Pueblo a trav\u00e9s de archivos de imagen, para luego comenzar con su proceso de digitalizaci\u00f3n, a fin de valorizar la ra\u00edz cultural, social e hist\u00f3rica de la localidad.<\/p>\n<p>Invitamos a la comunidad a formar parte de la construcci\u00f3n de nuestro acervo digital para redescubrir y poner en valor la historia de nuestra localidad.<\/p>\n<p>Hoy les compartimos im\u00e1genes del Fondo fotogr\u00e1fico de Juana Piedrabuena.<\/p>\n<p><a data-flickr-embed=\"true\" href=\"https:\/\/www.flickr.com\/photos\/182279889@N02\/53115516187\/in\/dateposted-public\/\" title=\"15\"><img loading=\"lazy\" decoding=\"async\" src=\"https:\/\/live.staticflickr.com\/65535\/53115516187_5c23a13e6a_z.jpg\" width=\"640\" height=\"418\" alt=\"15\"\/><\/a><script async src=\"\/\/embedr.flickr.com\/assets\/client-code.js\" charset=\"utf-8\"><\/script><\/p>\n<p><a data-flickr-embed=\"true\" href=\"https:\/\/www.flickr.com\/photos\/182279889@N02\/53115516152\/in\/dateposted-public\/\" title=\"8\"><img loading=\"lazy\" decoding=\"async\" src=\"https:\/\/live.staticflickr.com\/65535\/53115516152_6f459220d8_z.jpg\" width=\"640\" height=\"448\" alt=\"8\"\/><\/a><script async src=\"\/\/embedr.flickr.com\/assets\/client-code.js\" charset=\"utf-8\"><\/script><\/p>\n<p><a data-flickr-embed=\"true\" href=\"https:\/\/www.flickr.com\/photos\/182279889@N02\/53115516132\/in\/dateposted-public\/\" title=\"6\"><img loading=\"lazy\" decoding=\"async\" src=\"https:\/\/live.staticflickr.com\/65535\/53115516132_4d5fd716d6_z.jpg\" width=\"640\" height=\"455\" alt=\"6\"\/><\/a><script async src=\"\/\/embedr.flickr.com\/assets\/client-code.js\" charset=\"utf-8\"><\/script><\/p>\n","protected":false},"excerpt":{"rendered":"<p>El Archivo Fotogr\u00e1fico y preservaci\u00f3n de documentos empez\u00f3 a crearse en el a\u00f1o 2022 a partir de un proyecto de trabajo de Anto Pelorosso la cual se pudo llevar a cabo por medio del apoyo econ\u00f3mico para la realizaci\u00f3n de proyectos promulgados por CONABIP (Comisi\u00f3n Nacional de Bibliotecas Populares).<\/p>\n","protected":false},"author":3,"featured_media":91618,"comment_status":"closed","ping_status":"closed","sticky":false,"template":"","format":"standard","meta":{"footnotes":""},"categories":[1],"tags":[],"class_list":["post-91617","post","type-post","status-publish","format-standard","has-post-thumbnail","hentry","category-sin-categoria"],"yoast_head":"<!-- This site is optimized with the Yoast SEO plugin v25.9 - https:\/\/yoast.com\/wordpress\/plugins\/seo\/ -->\n<title>Proyecto Archivo de la Biblioteca Popular Gral Jos\u00e9 de San Mart\u00edn de Saldungaray. - Noticias Radio Reflejos<\/title>\n<meta name=\"robots\" content=\"index, follow, max-snippet:-1, max-image-preview:large, max-video-preview:-1\" \/>\n<link rel=\"canonical\" href=\"https:\/\/www.noticiasradioreflejos.com.ar\/2021\/proyecto-archivo-de-la-biblioteca-popular-gral-jose-de-san-martin-de-saldungaray\/\" \/>\n<meta property=\"og:locale\" content=\"es_ES\" \/>\n<meta property=\"og:type\" content=\"article\" \/>\n<meta property=\"og:title\" content=\"Proyecto Archivo de la Biblioteca Popular Gral Jos\u00e9 de San Mart\u00edn de Saldungaray. - Noticias Radio Reflejos\" \/>\n<meta property=\"og:description\" content=\"El Archivo Fotogr\u00e1fico y preservaci\u00f3n de documentos empez\u00f3 a crearse en el a\u00f1o 2022 a partir de un proyecto de trabajo de Anto Pelorosso la cual se pudo llevar a cabo por medio del apoyo econ\u00f3mico para la realizaci\u00f3n de proyectos promulgados por CONABIP (Comisi\u00f3n Nacional de Bibliotecas Populares).\" \/>\n<meta property=\"og:url\" content=\"https:\/\/www.noticiasradioreflejos.com.ar\/2021\/proyecto-archivo-de-la-biblioteca-popular-gral-jose-de-san-martin-de-saldungaray\/\" \/>\n<meta property=\"og:site_name\" content=\"Noticias Radio Reflejos\" \/>\n<meta property=\"article:published_time\" content=\"2023-08-14T16:56:55+00:00\" \/>\n<meta property=\"og:image\" content=\"https:\/\/www.noticiasradioreflejos.com.ar\/2021\/wp-content\/uploads\/2023\/08\/6.jpg\" \/>\n\t<meta property=\"og:image:width\" content=\"1440\" \/>\n\t<meta property=\"og:image:height\" content=\"1023\" \/>\n\t<meta property=\"og:image:type\" content=\"image\/jpeg\" \/>\n<meta name=\"author\" content=\"Arnaldo Botto\" \/>\n<meta name=\"twitter:card\" content=\"summary_large_image\" \/>\n<script type=\"application\/ld+json\" class=\"yoast-schema-graph\">{\"@context\":\"https:\/\/schema.org\",\"@graph\":[{\"@type\":\"WebPage\",\"@id\":\"https:\/\/www.noticiasradioreflejos.com.ar\/2021\/proyecto-archivo-de-la-biblioteca-popular-gral-jose-de-san-martin-de-saldungaray\/\",\"url\":\"https:\/\/www.noticiasradioreflejos.com.ar\/2021\/proyecto-archivo-de-la-biblioteca-popular-gral-jose-de-san-martin-de-saldungaray\/\",\"name\":\"Proyecto Archivo de la Biblioteca Popular Gral Jos\u00e9 de San Mart\u00edn de Saldungaray. - Noticias Radio Reflejos\",\"isPartOf\":{\"@id\":\"https:\/\/www.noticiasradioreflejos.com.ar\/2021\/#website\"},\"primaryImageOfPage\":{\"@id\":\"https:\/\/www.noticiasradioreflejos.com.ar\/2021\/proyecto-archivo-de-la-biblioteca-popular-gral-jose-de-san-martin-de-saldungaray\/#primaryimage\"},\"image\":{\"@id\":\"https:\/\/www.noticiasradioreflejos.com.ar\/2021\/proyecto-archivo-de-la-biblioteca-popular-gral-jose-de-san-martin-de-saldungaray\/#primaryimage\"},\"thumbnailUrl\":\"https:\/\/www.noticiasradioreflejos.com.ar\/2021\/wp-content\/uploads\/2023\/08\/6.jpg\",\"datePublished\":\"2023-08-14T16:56:55+00:00\",\"author\":{\"@id\":\"https:\/\/www.noticiasradioreflejos.com.ar\/2021\/#\/schema\/person\/ad82545263dcc5ec0996818884fd5fb1\"},\"breadcrumb\":{\"@id\":\"https:\/\/www.noticiasradioreflejos.com.ar\/2021\/proyecto-archivo-de-la-biblioteca-popular-gral-jose-de-san-martin-de-saldungaray\/#breadcrumb\"},\"inLanguage\":\"es\",\"potentialAction\":[{\"@type\":\"ReadAction\",\"target\":[\"https:\/\/www.noticiasradioreflejos.com.ar\/2021\/proyecto-archivo-de-la-biblioteca-popular-gral-jose-de-san-martin-de-saldungaray\/\"]}]},{\"@type\":\"ImageObject\",\"inLanguage\":\"es\",\"@id\":\"https:\/\/www.noticiasradioreflejos.com.ar\/2021\/proyecto-archivo-de-la-biblioteca-popular-gral-jose-de-san-martin-de-saldungaray\/#primaryimage\",\"url\":\"https:\/\/www.noticiasradioreflejos.com.ar\/2021\/wp-content\/uploads\/2023\/08\/6.jpg\",\"contentUrl\":\"https:\/\/www.noticiasradioreflejos.com.ar\/2021\/wp-content\/uploads\/2023\/08\/6.jpg\",\"width\":1440,\"height\":1023},{\"@type\":\"BreadcrumbList\",\"@id\":\"https:\/\/www.noticiasradioreflejos.com.ar\/2021\/proyecto-archivo-de-la-biblioteca-popular-gral-jose-de-san-martin-de-saldungaray\/#breadcrumb\",\"itemListElement\":[{\"@type\":\"ListItem\",\"position\":1,\"name\":\"Portada\",\"item\":\"https:\/\/www.noticiasradioreflejos.com.ar\/2021\/\"},{\"@type\":\"ListItem\",\"position\":2,\"name\":\"Proyecto Archivo de la Biblioteca Popular Gral Jos\u00e9 de San Mart\u00edn de Saldungaray.\"}]},{\"@type\":\"WebSite\",\"@id\":\"https:\/\/www.noticiasradioreflejos.com.ar\/2021\/#website\",\"url\":\"https:\/\/www.noticiasradioreflejos.com.ar\/2021\/\",\"name\":\"Noticias Radio Reflejos\",\"description\":\"Las noticias de mi comarca\",\"potentialAction\":[{\"@type\":\"SearchAction\",\"target\":{\"@type\":\"EntryPoint\",\"urlTemplate\":\"https:\/\/www.noticiasradioreflejos.com.ar\/2021\/?s={search_term_string}\"},\"query-input\":{\"@type\":\"PropertyValueSpecification\",\"valueRequired\":true,\"valueName\":\"search_term_string\"}}],\"inLanguage\":\"es\"},{\"@type\":\"Person\",\"@id\":\"https:\/\/www.noticiasradioreflejos.com.ar\/2021\/#\/schema\/person\/ad82545263dcc5ec0996818884fd5fb1\",\"name\":\"Arnaldo Botto\",\"image\":{\"@type\":\"ImageObject\",\"inLanguage\":\"es\",\"@id\":\"https:\/\/www.noticiasradioreflejos.com.ar\/2021\/#\/schema\/person\/image\/\",\"url\":\"https:\/\/secure.gravatar.com\/avatar\/55cb5e37c1efa326397366e6974cb338056df65cb50e7d64d1cf314e87504837?s=96&d=mm&r=g\",\"contentUrl\":\"https:\/\/secure.gravatar.com\/avatar\/55cb5e37c1efa326397366e6974cb338056df65cb50e7d64d1cf314e87504837?s=96&d=mm&r=g\",\"caption\":\"Arnaldo Botto\"},\"url\":\"https:\/\/www.noticiasradioreflejos.com.ar\/2021\/author\/arnaldo\/\"}]}<\/script>\n<!-- \/ Yoast SEO plugin. -->","yoast_head_json":{"title":"Proyecto Archivo de la Biblioteca Popular Gral Jos\u00e9 de San Mart\u00edn de Saldungaray. - Noticias Radio Reflejos","robots":{"index":"index","follow":"follow","max-snippet":"max-snippet:-1","max-image-preview":"max-image-preview:large","max-video-preview":"max-video-preview:-1"},"canonical":"https:\/\/www.noticiasradioreflejos.com.ar\/2021\/proyecto-archivo-de-la-biblioteca-popular-gral-jose-de-san-martin-de-saldungaray\/","og_locale":"es_ES","og_type":"article","og_title":"Proyecto Archivo de la Biblioteca Popular Gral Jos\u00e9 de San Mart\u00edn de Saldungaray. - Noticias Radio Reflejos","og_description":"El Archivo Fotogr\u00e1fico y preservaci\u00f3n de documentos empez\u00f3 a crearse en el a\u00f1o 2022 a partir de un proyecto de trabajo de Anto Pelorosso la cual se pudo llevar a cabo por medio del apoyo econ\u00f3mico para la realizaci\u00f3n de proyectos promulgados por CONABIP (Comisi\u00f3n Nacional de Bibliotecas Populares).","og_url":"https:\/\/www.noticiasradioreflejos.com.ar\/2021\/proyecto-archivo-de-la-biblioteca-popular-gral-jose-de-san-martin-de-saldungaray\/","og_site_name":"Noticias Radio Reflejos","article_published_time":"2023-08-14T16:56:55+00:00","og_image":[{"width":1440,"height":1023,"url":"https:\/\/www.noticiasradioreflejos.com.ar\/2021\/wp-content\/uploads\/2023\/08\/6.jpg","type":"image\/jpeg"}],"author":"Arnaldo Botto","twitter_card":"summary_large_image","schema":{"@context":"https:\/\/schema.org","@graph":[{"@type":"WebPage","@id":"https:\/\/www.noticiasradioreflejos.com.ar\/2021\/proyecto-archivo-de-la-biblioteca-popular-gral-jose-de-san-martin-de-saldungaray\/","url":"https:\/\/www.noticiasradioreflejos.com.ar\/2021\/proyecto-archivo-de-la-biblioteca-popular-gral-jose-de-san-martin-de-saldungaray\/","name":"Proyecto Archivo de la Biblioteca Popular Gral Jos\u00e9 de San Mart\u00edn de Saldungaray. - Noticias Radio Reflejos","isPartOf":{"@id":"https:\/\/www.noticiasradioreflejos.com.ar\/2021\/#website"},"primaryImageOfPage":{"@id":"https:\/\/www.noticiasradioreflejos.com.ar\/2021\/proyecto-archivo-de-la-biblioteca-popular-gral-jose-de-san-martin-de-saldungaray\/#primaryimage"},"image":{"@id":"https:\/\/www.noticiasradioreflejos.com.ar\/2021\/proyecto-archivo-de-la-biblioteca-popular-gral-jose-de-san-martin-de-saldungaray\/#primaryimage"},"thumbnailUrl":"https:\/\/www.noticiasradioreflejos.com.ar\/2021\/wp-content\/uploads\/2023\/08\/6.jpg","datePublished":"2023-08-14T16:56:55+00:00","author":{"@id":"https:\/\/www.noticiasradioreflejos.com.ar\/2021\/#\/schema\/person\/ad82545263dcc5ec0996818884fd5fb1"},"breadcrumb":{"@id":"https:\/\/www.noticiasradioreflejos.com.ar\/2021\/proyecto-archivo-de-la-biblioteca-popular-gral-jose-de-san-martin-de-saldungaray\/#breadcrumb"},"inLanguage":"es","potentialAction":[{"@type":"ReadAction","target":["https:\/\/www.noticiasradioreflejos.com.ar\/2021\/proyecto-archivo-de-la-biblioteca-popular-gral-jose-de-san-martin-de-saldungaray\/"]}]},{"@type":"ImageObject","inLanguage":"es","@id":"https:\/\/www.noticiasradioreflejos.com.ar\/2021\/proyecto-archivo-de-la-biblioteca-popular-gral-jose-de-san-martin-de-saldungaray\/#primaryimage","url":"https:\/\/www.noticiasradioreflejos.com.ar\/2021\/wp-content\/uploads\/2023\/08\/6.jpg","contentUrl":"https:\/\/www.noticiasradioreflejos.com.ar\/2021\/wp-content\/uploads\/2023\/08\/6.jpg","width":1440,"height":1023},{"@type":"BreadcrumbList","@id":"https:\/\/www.noticiasradioreflejos.com.ar\/2021\/proyecto-archivo-de-la-biblioteca-popular-gral-jose-de-san-martin-de-saldungaray\/#breadcrumb","itemListElement":[{"@type":"ListItem","position":1,"name":"Portada","item":"https:\/\/www.noticiasradioreflejos.com.ar\/2021\/"},{"@type":"ListItem","position":2,"name":"Proyecto Archivo de la Biblioteca Popular Gral Jos\u00e9 de San Mart\u00edn de Saldungaray."}]},{"@type":"WebSite","@id":"https:\/\/www.noticiasradioreflejos.com.ar\/2021\/#website","url":"https:\/\/www.noticiasradioreflejos.com.ar\/2021\/","name":"Noticias Radio Reflejos","description":"Las noticias de mi comarca","potentialAction":[{"@type":"SearchAction","target":{"@type":"EntryPoint","urlTemplate":"https:\/\/www.noticiasradioreflejos.com.ar\/2021\/?s={search_term_string}"},"query-input":{"@type":"PropertyValueSpecification","valueRequired":true,"valueName":"search_term_string"}}],"inLanguage":"es"},{"@type":"Person","@id":"https:\/\/www.noticiasradioreflejos.com.ar\/2021\/#\/schema\/person\/ad82545263dcc5ec0996818884fd5fb1","name":"Arnaldo Botto","image":{"@type":"ImageObject","inLanguage":"es","@id":"https:\/\/www.noticiasradioreflejos.com.ar\/2021\/#\/schema\/person\/image\/","url":"https:\/\/secure.gravatar.com\/avatar\/55cb5e37c1efa326397366e6974cb338056df65cb50e7d64d1cf314e87504837?s=96&d=mm&r=g","contentUrl":"https:\/\/secure.gravatar.com\/avatar\/55cb5e37c1efa326397366e6974cb338056df65cb50e7d64d1cf314e87504837?s=96&d=mm&r=g","caption":"Arnaldo Botto"},"url":"https:\/\/www.noticiasradioreflejos.com.ar\/2021\/author\/arnaldo\/"}]}},"_links":{"self":[{"href":"https:\/\/www.noticiasradioreflejos.com.ar\/2021\/wp-json\/wp\/v2\/posts\/91617","targetHints":{"allow":["GET"]}}],"collection":[{"href":"https:\/\/www.noticiasradioreflejos.com.ar\/2021\/wp-json\/wp\/v2\/posts"}],"about":[{"href":"https:\/\/www.noticiasradioreflejos.com.ar\/2021\/wp-json\/wp\/v2\/types\/post"}],"author":[{"embeddable":true,"href":"https:\/\/www.noticiasradioreflejos.com.ar\/2021\/wp-json\/wp\/v2\/users\/3"}],"replies":[{"embeddable":true,"href":"https:\/\/www.noticiasradioreflejos.com.ar\/2021\/wp-json\/wp\/v2\/comments?post=91617"}],"version-history":[{"count":1,"href":"https:\/\/www.noticiasradioreflejos.com.ar\/2021\/wp-json\/wp\/v2\/posts\/91617\/revisions"}],"predecessor-version":[{"id":91619,"href":"https:\/\/www.noticiasradioreflejos.com.ar\/2021\/wp-json\/wp\/v2\/posts\/91617\/revisions\/91619"}],"wp:featuredmedia":[{"embeddable":true,"href":"https:\/\/www.noticiasradioreflejos.com.ar\/2021\/wp-json\/wp\/v2\/media\/91618"}],"wp:attachment":[{"href":"https:\/\/www.noticiasradioreflejos.com.ar\/2021\/wp-json\/wp\/v2\/media?parent=91617"}],"wp:term":[{"taxonomy":"category","embeddable":true,"href":"https:\/\/www.noticiasradioreflejos.com.ar\/2021\/wp-json\/wp\/v2\/categories?post=91617"},{"taxonomy":"post_tag","embeddable":true,"href":"https:\/\/www.noticiasradioreflejos.com.ar\/2021\/wp-json\/wp\/v2\/tags?post=91617"}],"curies":[{"name":"wp","href":"https:\/\/api.w.org\/{rel}","templated":true}]}}