{"id":9157,"date":"2017-04-17T11:50:13","date_gmt":"2017-04-17T14:50:13","guid":{"rendered":"http:\/\/noticiasradioreflejos.com.ar\/noticias\/?p=9157"},"modified":"2017-04-17T11:50:13","modified_gmt":"2017-04-17T14:50:13","slug":"recientes-lluvias-retrasan-la-vacunacion-contra-la-fiebre-aftosa-en-el-centro-y-sur-bonaerense","status":"publish","type":"post","link":"https:\/\/www.noticiasradioreflejos.com.ar\/2021\/recientes-lluvias-retrasan-la-vacunacion-contra-la-fiebre-aftosa-en-el-centro-y-sur-bonaerense\/","title":{"rendered":"Recientes lluvias retrasan la vacunaci\u00f3n contra la fiebre aftosa en el centro y sur bonaerense"},"content":{"rendered":"<p>Se vacuno cerca del 75 por ciento del stock regional y la inoculaci\u00f3n se reanudar\u00e1 dependiendo de las condiciones clim\u00e1ticas.<br \/>\nEl Servicio Nacional de Sanidad y Calidad Agroalimentaria (Senasa), informa que se encuentra avanzada la cobertura de vacunaci\u00f3n regional, que involucra cerca de 3 millones de cabezas, la cual registra un cumplimiento a la fecha cercano al 75 por ciento.<!--more--><br \/>\nLas recientes lluvias han perjudicado las tareas de los entes sanitarios encargados de la vacunaci\u00f3n, que estiman regularizarlas en aproximadamente 10 d\u00edas en los partidos m\u00e1s afectados.<br \/>\nDentro de los municipios, en la jurisdicci\u00f3n del Centro Regional Buenos Aires Sur, con dificultades para cumplimentar la vacunaci\u00f3n por caminos cortados y campos anegados se encuentran Dolores, Guido, General Lavalle, General Pueyrred\u00f3n, Madariaga, Maip\u00fa Rauch, Vidal y Tandil, entre otros. En esta zona, se vacun\u00f3 hasta el momento el 60 por ciento de la hacienda.<br \/>\nEn la zona central de la provincia de Buenos Aires, Guamin\u00ed, Azul, Coronel Su\u00e1rez, Laprida y Lamadrid, se inocula regularmente habi\u00e9ndose vacunado un 70 por ciento de los animales.<br \/>\nLos municipios de Patagones y Villarino no registran retrasos, aunque en la zona de Pedro Luro, las lluvias y el suelo arcilloso de algunas \u00e1reas obligaron a postergar parcialmente la vacunaci\u00f3n.<br \/>\nRespecto del resto de los partidos como Pringles, Pigu\u00e9, Puan, Tornquist, Tres Arroyos y otros cercanos, no han presentado inconvenientes, teniendo vacunado en gran parte de la zona, un promedio superior al 80 por ciento de los animales.<br \/>\nCabe recordar que la presente campa\u00f1a de vacunaci\u00f3n antiaftosa involucra a las especies bovinas y bubalinas en sus especies menores, no contemplando la vacunaci\u00f3n de vacas y toros. Para el centro y sur de la Provincia, el Senasa tiene registrados 37.700 establecimientos que son visitados por vacunadores de los 36 entes sanitarios habilitados en la jurisdicci\u00f3n.<\/p>\n","protected":false},"excerpt":{"rendered":"<p>Se vacuno cerca del 75 por ciento del stock regional y la inoculaci\u00f3n se reanudar\u00e1 dependiendo de las condiciones clim\u00e1ticas. El Servicio Nacional de Sanidad y Calidad Agroalimentaria (Senasa), informa que se encuentra avanzada la cobertura de vacunaci\u00f3n regional, que involucra cerca de 3 millones de cabezas, la cual registra un cumplimiento a la fecha [&hellip;]<\/p>\n","protected":false},"author":3,"featured_media":0,"comment_status":"closed","ping_status":"open","sticky":false,"template":"","format":"standard","meta":{"footnotes":""},"categories":[36],"tags":[],"class_list":["post-9157","post","type-post","status-publish","format-standard","hentry","category-economia"],"yoast_head":"<!-- This site is optimized with the Yoast SEO plugin v25.9 - https:\/\/yoast.com\/wordpress\/plugins\/seo\/ -->\n<title>Recientes lluvias retrasan la vacunaci\u00f3n contra la fiebre aftosa en el centro y sur bonaerense - Noticias Radio Reflejos<\/title>\n<meta name=\"robots\" content=\"index, follow, max-snippet:-1, max-image-preview:large, max-video-preview:-1\" \/>\n<link rel=\"canonical\" href=\"https:\/\/www.noticiasradioreflejos.com.ar\/2021\/recientes-lluvias-retrasan-la-vacunacion-contra-la-fiebre-aftosa-en-el-centro-y-sur-bonaerense\/\" \/>\n<meta property=\"og:locale\" content=\"es_ES\" \/>\n<meta property=\"og:type\" content=\"article\" \/>\n<meta property=\"og:title\" content=\"Recientes lluvias retrasan la vacunaci\u00f3n contra la fiebre aftosa en el centro y sur bonaerense - Noticias Radio Reflejos\" \/>\n<meta property=\"og:description\" content=\"Se vacuno cerca del 75 por ciento del stock regional y la inoculaci\u00f3n se reanudar\u00e1 dependiendo de las condiciones clim\u00e1ticas. El Servicio Nacional de Sanidad y Calidad Agroalimentaria (Senasa), informa que se encuentra avanzada la cobertura de vacunaci\u00f3n regional, que involucra cerca de 3 millones de cabezas, la cual registra un cumplimiento a la fecha [&hellip;]\" \/>\n<meta property=\"og:url\" content=\"https:\/\/www.noticiasradioreflejos.com.ar\/2021\/recientes-lluvias-retrasan-la-vacunacion-contra-la-fiebre-aftosa-en-el-centro-y-sur-bonaerense\/\" \/>\n<meta property=\"og:site_name\" content=\"Noticias Radio Reflejos\" \/>\n<meta property=\"article:published_time\" content=\"2017-04-17T14:50:13+00:00\" \/>\n<meta property=\"og:image\" content=\"https:\/\/www.noticiasradioreflejos.com.ar\/2021\/wp-content\/uploads\/2021\/07\/logosol300x200.png\" \/>\n\t<meta property=\"og:image:width\" content=\"300\" \/>\n\t<meta property=\"og:image:height\" content=\"200\" \/>\n\t<meta property=\"og:image:type\" content=\"image\/png\" \/>\n<meta name=\"author\" content=\"Arnaldo Botto\" \/>\n<meta name=\"twitter:card\" content=\"summary_large_image\" \/>\n<script type=\"application\/ld+json\" class=\"yoast-schema-graph\">{\"@context\":\"https:\/\/schema.org\",\"@graph\":[{\"@type\":\"WebPage\",\"@id\":\"https:\/\/www.noticiasradioreflejos.com.ar\/2021\/recientes-lluvias-retrasan-la-vacunacion-contra-la-fiebre-aftosa-en-el-centro-y-sur-bonaerense\/\",\"url\":\"https:\/\/www.noticiasradioreflejos.com.ar\/2021\/recientes-lluvias-retrasan-la-vacunacion-contra-la-fiebre-aftosa-en-el-centro-y-sur-bonaerense\/\",\"name\":\"Recientes lluvias retrasan la vacunaci\u00f3n contra la fiebre aftosa en el centro y sur bonaerense - Noticias Radio Reflejos\",\"isPartOf\":{\"@id\":\"https:\/\/www.noticiasradioreflejos.com.ar\/2021\/#website\"},\"datePublished\":\"2017-04-17T14:50:13+00:00\",\"author\":{\"@id\":\"https:\/\/www.noticiasradioreflejos.com.ar\/2021\/#\/schema\/person\/ad82545263dcc5ec0996818884fd5fb1\"},\"breadcrumb\":{\"@id\":\"https:\/\/www.noticiasradioreflejos.com.ar\/2021\/recientes-lluvias-retrasan-la-vacunacion-contra-la-fiebre-aftosa-en-el-centro-y-sur-bonaerense\/#breadcrumb\"},\"inLanguage\":\"es\",\"potentialAction\":[{\"@type\":\"ReadAction\",\"target\":[\"https:\/\/www.noticiasradioreflejos.com.ar\/2021\/recientes-lluvias-retrasan-la-vacunacion-contra-la-fiebre-aftosa-en-el-centro-y-sur-bonaerense\/\"]}]},{\"@type\":\"BreadcrumbList\",\"@id\":\"https:\/\/www.noticiasradioreflejos.com.ar\/2021\/recientes-lluvias-retrasan-la-vacunacion-contra-la-fiebre-aftosa-en-el-centro-y-sur-bonaerense\/#breadcrumb\",\"itemListElement\":[{\"@type\":\"ListItem\",\"position\":1,\"name\":\"Portada\",\"item\":\"https:\/\/www.noticiasradioreflejos.com.ar\/2021\/\"},{\"@type\":\"ListItem\",\"position\":2,\"name\":\"Recientes lluvias retrasan la vacunaci\u00f3n contra la fiebre aftosa en el centro y sur bonaerense\"}]},{\"@type\":\"WebSite\",\"@id\":\"https:\/\/www.noticiasradioreflejos.com.ar\/2021\/#website\",\"url\":\"https:\/\/www.noticiasradioreflejos.com.ar\/2021\/\",\"name\":\"Noticias Radio Reflejos\",\"description\":\"Las noticias de mi comarca\",\"potentialAction\":[{\"@type\":\"SearchAction\",\"target\":{\"@type\":\"EntryPoint\",\"urlTemplate\":\"https:\/\/www.noticiasradioreflejos.com.ar\/2021\/?s={search_term_string}\"},\"query-input\":{\"@type\":\"PropertyValueSpecification\",\"valueRequired\":true,\"valueName\":\"search_term_string\"}}],\"inLanguage\":\"es\"},{\"@type\":\"Person\",\"@id\":\"https:\/\/www.noticiasradioreflejos.com.ar\/2021\/#\/schema\/person\/ad82545263dcc5ec0996818884fd5fb1\",\"name\":\"Arnaldo Botto\",\"image\":{\"@type\":\"ImageObject\",\"inLanguage\":\"es\",\"@id\":\"https:\/\/www.noticiasradioreflejos.com.ar\/2021\/#\/schema\/person\/image\/\",\"url\":\"https:\/\/secure.gravatar.com\/avatar\/55cb5e37c1efa326397366e6974cb338056df65cb50e7d64d1cf314e87504837?s=96&d=mm&r=g\",\"contentUrl\":\"https:\/\/secure.gravatar.com\/avatar\/55cb5e37c1efa326397366e6974cb338056df65cb50e7d64d1cf314e87504837?s=96&d=mm&r=g\",\"caption\":\"Arnaldo Botto\"},\"url\":\"https:\/\/www.noticiasradioreflejos.com.ar\/2021\/author\/arnaldo\/\"}]}<\/script>\n<!-- \/ Yoast SEO plugin. -->","yoast_head_json":{"title":"Recientes lluvias retrasan la vacunaci\u00f3n contra la fiebre aftosa en el centro y sur bonaerense - Noticias Radio Reflejos","robots":{"index":"index","follow":"follow","max-snippet":"max-snippet:-1","max-image-preview":"max-image-preview:large","max-video-preview":"max-video-preview:-1"},"canonical":"https:\/\/www.noticiasradioreflejos.com.ar\/2021\/recientes-lluvias-retrasan-la-vacunacion-contra-la-fiebre-aftosa-en-el-centro-y-sur-bonaerense\/","og_locale":"es_ES","og_type":"article","og_title":"Recientes lluvias retrasan la vacunaci\u00f3n contra la fiebre aftosa en el centro y sur bonaerense - Noticias Radio Reflejos","og_description":"Se vacuno cerca del 75 por ciento del stock regional y la inoculaci\u00f3n se reanudar\u00e1 dependiendo de las condiciones clim\u00e1ticas. El Servicio Nacional de Sanidad y Calidad Agroalimentaria (Senasa), informa que se encuentra avanzada la cobertura de vacunaci\u00f3n regional, que involucra cerca de 3 millones de cabezas, la cual registra un cumplimiento a la fecha [&hellip;]","og_url":"https:\/\/www.noticiasradioreflejos.com.ar\/2021\/recientes-lluvias-retrasan-la-vacunacion-contra-la-fiebre-aftosa-en-el-centro-y-sur-bonaerense\/","og_site_name":"Noticias Radio Reflejos","article_published_time":"2017-04-17T14:50:13+00:00","og_image":[{"width":300,"height":200,"url":"https:\/\/www.noticiasradioreflejos.com.ar\/2021\/wp-content\/uploads\/2021\/07\/logosol300x200.png","type":"image\/png"}],"author":"Arnaldo Botto","twitter_card":"summary_large_image","schema":{"@context":"https:\/\/schema.org","@graph":[{"@type":"WebPage","@id":"https:\/\/www.noticiasradioreflejos.com.ar\/2021\/recientes-lluvias-retrasan-la-vacunacion-contra-la-fiebre-aftosa-en-el-centro-y-sur-bonaerense\/","url":"https:\/\/www.noticiasradioreflejos.com.ar\/2021\/recientes-lluvias-retrasan-la-vacunacion-contra-la-fiebre-aftosa-en-el-centro-y-sur-bonaerense\/","name":"Recientes lluvias retrasan la vacunaci\u00f3n contra la fiebre aftosa en el centro y sur bonaerense - Noticias Radio Reflejos","isPartOf":{"@id":"https:\/\/www.noticiasradioreflejos.com.ar\/2021\/#website"},"datePublished":"2017-04-17T14:50:13+00:00","author":{"@id":"https:\/\/www.noticiasradioreflejos.com.ar\/2021\/#\/schema\/person\/ad82545263dcc5ec0996818884fd5fb1"},"breadcrumb":{"@id":"https:\/\/www.noticiasradioreflejos.com.ar\/2021\/recientes-lluvias-retrasan-la-vacunacion-contra-la-fiebre-aftosa-en-el-centro-y-sur-bonaerense\/#breadcrumb"},"inLanguage":"es","potentialAction":[{"@type":"ReadAction","target":["https:\/\/www.noticiasradioreflejos.com.ar\/2021\/recientes-lluvias-retrasan-la-vacunacion-contra-la-fiebre-aftosa-en-el-centro-y-sur-bonaerense\/"]}]},{"@type":"BreadcrumbList","@id":"https:\/\/www.noticiasradioreflejos.com.ar\/2021\/recientes-lluvias-retrasan-la-vacunacion-contra-la-fiebre-aftosa-en-el-centro-y-sur-bonaerense\/#breadcrumb","itemListElement":[{"@type":"ListItem","position":1,"name":"Portada","item":"https:\/\/www.noticiasradioreflejos.com.ar\/2021\/"},{"@type":"ListItem","position":2,"name":"Recientes lluvias retrasan la vacunaci\u00f3n contra la fiebre aftosa en el centro y sur bonaerense"}]},{"@type":"WebSite","@id":"https:\/\/www.noticiasradioreflejos.com.ar\/2021\/#website","url":"https:\/\/www.noticiasradioreflejos.com.ar\/2021\/","name":"Noticias Radio Reflejos","description":"Las noticias de mi comarca","potentialAction":[{"@type":"SearchAction","target":{"@type":"EntryPoint","urlTemplate":"https:\/\/www.noticiasradioreflejos.com.ar\/2021\/?s={search_term_string}"},"query-input":{"@type":"PropertyValueSpecification","valueRequired":true,"valueName":"search_term_string"}}],"inLanguage":"es"},{"@type":"Person","@id":"https:\/\/www.noticiasradioreflejos.com.ar\/2021\/#\/schema\/person\/ad82545263dcc5ec0996818884fd5fb1","name":"Arnaldo Botto","image":{"@type":"ImageObject","inLanguage":"es","@id":"https:\/\/www.noticiasradioreflejos.com.ar\/2021\/#\/schema\/person\/image\/","url":"https:\/\/secure.gravatar.com\/avatar\/55cb5e37c1efa326397366e6974cb338056df65cb50e7d64d1cf314e87504837?s=96&d=mm&r=g","contentUrl":"https:\/\/secure.gravatar.com\/avatar\/55cb5e37c1efa326397366e6974cb338056df65cb50e7d64d1cf314e87504837?s=96&d=mm&r=g","caption":"Arnaldo Botto"},"url":"https:\/\/www.noticiasradioreflejos.com.ar\/2021\/author\/arnaldo\/"}]}},"_links":{"self":[{"href":"https:\/\/www.noticiasradioreflejos.com.ar\/2021\/wp-json\/wp\/v2\/posts\/9157","targetHints":{"allow":["GET"]}}],"collection":[{"href":"https:\/\/www.noticiasradioreflejos.com.ar\/2021\/wp-json\/wp\/v2\/posts"}],"about":[{"href":"https:\/\/www.noticiasradioreflejos.com.ar\/2021\/wp-json\/wp\/v2\/types\/post"}],"author":[{"embeddable":true,"href":"https:\/\/www.noticiasradioreflejos.com.ar\/2021\/wp-json\/wp\/v2\/users\/3"}],"replies":[{"embeddable":true,"href":"https:\/\/www.noticiasradioreflejos.com.ar\/2021\/wp-json\/wp\/v2\/comments?post=9157"}],"version-history":[{"count":0,"href":"https:\/\/www.noticiasradioreflejos.com.ar\/2021\/wp-json\/wp\/v2\/posts\/9157\/revisions"}],"wp:attachment":[{"href":"https:\/\/www.noticiasradioreflejos.com.ar\/2021\/wp-json\/wp\/v2\/media?parent=9157"}],"wp:term":[{"taxonomy":"category","embeddable":true,"href":"https:\/\/www.noticiasradioreflejos.com.ar\/2021\/wp-json\/wp\/v2\/categories?post=9157"},{"taxonomy":"post_tag","embeddable":true,"href":"https:\/\/www.noticiasradioreflejos.com.ar\/2021\/wp-json\/wp\/v2\/tags?post=9157"}],"curies":[{"name":"wp","href":"https:\/\/api.w.org\/{rel}","templated":true}]}}