{"id":91517,"date":"2023-08-11T17:06:54","date_gmt":"2023-08-11T17:06:54","guid":{"rendered":"https:\/\/www.noticiasradioreflejos.com.ar\/2021\/?p=91517"},"modified":"2023-08-11T17:06:54","modified_gmt":"2023-08-11T17:06:54","slug":"organizaciones-sociales-y-politicas-se-concentran-en-el-obelisco-en-repudio-de-la-muerte-de-molares","status":"publish","type":"post","link":"https:\/\/www.noticiasradioreflejos.com.ar\/2021\/organizaciones-sociales-y-politicas-se-concentran-en-el-obelisco-en-repudio-de-la-muerte-de-molares\/","title":{"rendered":"Organizaciones sociales y pol\u00edticas se concentran en el Obelisco en repudio de la muerte de Molares"},"content":{"rendered":"<p>Organizaciones sindicales, sociales y de derechos humanos se movilizaron hoy desde las 10 en las inmediaciones del Obelisco, en repudio de la represi\u00f3n de la Polic\u00eda de la Ciudad de Buenos Aires a una manifestaci\u00f3n en el centro porte\u00f1o que deriv\u00f3 ayer en la muerte del militante social Facundo Molares Schoenfeld, y se\u00f1alaron como principal \u00abresponsable\u00bb a Horacio Rodr\u00edguez Larreta por seguir \u00abutilizando las estructuras represivas del Estado para asesinar gente\u00bb.<!--more--><\/p>\n<p>Las columnas de manifestantes se ubicaron en la intersecci\u00f3n de la avenida 9 de Julio y Corrientes. en las inmediaciones del Obelisco, y cortaron en forma total el tr\u00e1nsito en la zona.<\/p>\n<p>Entre otros, participaron de la movilizaci\u00f3n dirigentes y militantes del Frente Popular Dar\u00edo Santill\u00e1n, la Uni\u00f3n de Trabajadores de la Econom\u00eda Popular (Utep), las dos CTA, la organizaci\u00f3n villera La Poderosa, el Movimiento Territorial Liberaci\u00f3n, Barrios de Pie, el MTD An\u00edbal Ver\u00f3n, el Polo Obrero, el Movimiento Evita y La Dignidad, entre otros.<\/p>\n<p>\u00abEs inadmisible que se sigan utilizando las estructuras represivas del Estado para asesinar gente. Lo de Molares ha sido un crimen de la polic\u00eda de la Ciudad de Buenos Aires y el responsable es Rodr\u00edguez Larreta\u00bb, sostuvo el secretario General de ATE y la CTA Hugo \u00abCachorro\u00bb Godoy en declaraciones a T\u00e9lam, y agreg\u00f3 que se dio \u00abuna orden de represi\u00f3n indiscriminada y absolutamente fuera de nivel\u00bb porque \u00abera una movilizaci\u00f3n peque\u00f1a que se estaba dando en paz\u00bb.<\/p>\n<p>Por su parte, el precandidato a presidente por Pol\u00edtica Obrera Marcelo Ramal afirm\u00f3 que acompa\u00f1an el \u00abrepudio\u00bb al asesinato de Facundo Molares \u00aben medio de un gigantesco bloque medi\u00e1tico\u00bb y consider\u00f3 que \u00abhay un verdadero operativo pol\u00edtico para rescatar a un gobierno de la ciudad y a una candidatura\u00bb.<\/p>\n<p>A su turno, la referente del Frente Popular Dar\u00edo Santill\u00e1n, Dina S\u00e1nchez expres\u00f3 que la movilizaci\u00f3n es \u00abno solamente para pedir justicia sino tambi\u00e9n para exigir que este modelo no se replique\u00bb y dijo que en las PASO del domingo \u00abel pueblo tiene memoria y esa memoria nos hace volver a la dictadura lo que signific\u00f3 la represi\u00f3n, lo que signific\u00f3 los golpes, lo que significaron balas y no queremos que ese modelo se replique\u00bb.<\/p>\n<p>Para el precandidato a diputado nacional por el Frente de Izquierda Unidad (FITU) Juan Carlos Giordano, se trat\u00f3 de \u00abun asesinato pol\u00edtico\u00bb y afirm\u00f3: \u00abEstamos ante un muerto en una represi\u00f3n popular y que no haya un paro general es vergonzoso\u00bb.<\/p>\n<p>En tanto, el referente de la Tupac Amaru, Alejandro \u00abCoco\u00bb Garfagnini cuestion\u00f3 que \u00ablos candidatos de los partidos democr\u00e1ticos no dicen nada\u00bb sobre el hecho y advirti\u00f3 que \u00abla democracia est\u00e1 rota, se rompi\u00f3 el acuerdo electoral que hab\u00eda en Argentina\u00bb.<\/p>\n<p>El dirigente del MTD An\u00edbal Ver\u00f3n, Pablo Noseli, cuestion\u00f3 la versi\u00f3n del gobierno de la ciudad que dice que falleci\u00f3 por factores de riesgo: \u00abEl factor de riesgo es la polic\u00eda, el factor de riesgo es este Estado, el factor de riesgo fue Larreta que quiso posicionarse ante las elecciones\u00bb, fustig\u00f3.<\/p>\n<p>Para la delegada nacional del Frente de Organizaciones en Lucha (FOL), Marianela Navarro, \u00abla derecha de este pa\u00eds ya declara abiertamente que la \u00fanica salida son los palos y las balas\u00bb para poder \u00abimponer un programa neoliberal a sangre y fuego\u00bb.<\/p>\n<p>Finalmente, Norma Morales del Movimiento Somos Barrios de Pie dijo a T\u00e9lam: \u00abNo podemos naturalizar esto, la polic\u00eda nos tiene que cuidar, no nos tiene que asesinar. Ac\u00e1 claramente hay m\u00e1s responsables pol\u00edticos, y esos responsables pol\u00edticos tienen que dar la cara y se tienen que hacer cargo\u00bb.<\/p>\n<p>Entre otros sectores, tambi\u00e9n convocaron a la marcha de hoy los &#8216;metrodelegados&#8217;, la organizaci\u00f3n Correpi, ATE Capital, la Federaci\u00f3n Judicial Argentina, y el gremio Sipreba.<\/p>\n<p>Desde el Polo Obrero, su referente Eduardo Belliboni, afirm\u00f3 que el militante social \u00abno se muri\u00f3 en la casa. Si en una marcha popular hay represi\u00f3n y muere alguien, es un asesinato. Y debe haber Justicia\u00bb.<\/p>\n<p>El gremio docente porte\u00f1o Ademys convoc\u00f3 a un paro para la jornada de hoy y tambi\u00e9n se sumar\u00e1n a la marcha: *\u00a1Justicia por Facundo! Llamamos a todas las centrales sindicales a convocar a un paro Nacional de manera urgente por el asesinato de Facundo Molares en manos de la polic\u00eda de Larreta\u00bb, publicaron en su cuenta de Twitter.<\/p>\n","protected":false},"excerpt":{"rendered":"<p>Organizaciones sindicales, sociales y de derechos humanos se movilizaron hoy desde las 10 en las inmediaciones del Obelisco, en repudio de la represi\u00f3n de la Polic\u00eda de la Ciudad de Buenos Aires a una manifestaci\u00f3n en el centro porte\u00f1o que deriv\u00f3 ayer en la muerte del militante social Facundo Molares Schoenfeld, y se\u00f1alaron como principal [&hellip;]<\/p>\n","protected":false},"author":3,"featured_media":0,"comment_status":"closed","ping_status":"closed","sticky":false,"template":"","format":"standard","meta":{"footnotes":""},"categories":[29,24,26],"tags":[],"class_list":["post-91517","post","type-post","status-publish","format-standard","hentry","category-policiales","category-politica","category-sociedad"],"yoast_head":"<!-- This site is optimized with the Yoast SEO plugin v25.9 - https:\/\/yoast.com\/wordpress\/plugins\/seo\/ -->\n<title>Organizaciones sociales y pol\u00edticas se concentran en el Obelisco en repudio de la muerte de Molares - Noticias Radio Reflejos<\/title>\n<meta name=\"robots\" content=\"index, follow, max-snippet:-1, max-image-preview:large, max-video-preview:-1\" \/>\n<link rel=\"canonical\" href=\"https:\/\/www.noticiasradioreflejos.com.ar\/2021\/organizaciones-sociales-y-politicas-se-concentran-en-el-obelisco-en-repudio-de-la-muerte-de-molares\/\" \/>\n<meta property=\"og:locale\" content=\"es_ES\" \/>\n<meta property=\"og:type\" content=\"article\" \/>\n<meta property=\"og:title\" content=\"Organizaciones sociales y pol\u00edticas se concentran en el Obelisco en repudio de la muerte de Molares - Noticias Radio Reflejos\" \/>\n<meta property=\"og:description\" content=\"Organizaciones sindicales, sociales y de derechos humanos se movilizaron hoy desde las 10 en las inmediaciones del Obelisco, en repudio de la represi\u00f3n de la Polic\u00eda de la Ciudad de Buenos Aires a una manifestaci\u00f3n en el centro porte\u00f1o que deriv\u00f3 ayer en la muerte del militante social Facundo Molares Schoenfeld, y se\u00f1alaron como principal [&hellip;]\" \/>\n<meta property=\"og:url\" content=\"https:\/\/www.noticiasradioreflejos.com.ar\/2021\/organizaciones-sociales-y-politicas-se-concentran-en-el-obelisco-en-repudio-de-la-muerte-de-molares\/\" \/>\n<meta property=\"og:site_name\" content=\"Noticias Radio Reflejos\" \/>\n<meta property=\"article:published_time\" content=\"2023-08-11T17:06:54+00:00\" \/>\n<meta property=\"og:image\" content=\"https:\/\/www.noticiasradioreflejos.com.ar\/2021\/wp-content\/uploads\/2021\/07\/logosol300x200.png\" \/>\n\t<meta property=\"og:image:width\" content=\"300\" \/>\n\t<meta property=\"og:image:height\" content=\"200\" \/>\n\t<meta property=\"og:image:type\" content=\"image\/png\" \/>\n<meta name=\"author\" content=\"Arnaldo Botto\" \/>\n<meta name=\"twitter:card\" content=\"summary_large_image\" \/>\n<script type=\"application\/ld+json\" class=\"yoast-schema-graph\">{\"@context\":\"https:\/\/schema.org\",\"@graph\":[{\"@type\":\"WebPage\",\"@id\":\"https:\/\/www.noticiasradioreflejos.com.ar\/2021\/organizaciones-sociales-y-politicas-se-concentran-en-el-obelisco-en-repudio-de-la-muerte-de-molares\/\",\"url\":\"https:\/\/www.noticiasradioreflejos.com.ar\/2021\/organizaciones-sociales-y-politicas-se-concentran-en-el-obelisco-en-repudio-de-la-muerte-de-molares\/\",\"name\":\"Organizaciones sociales y pol\u00edticas se concentran en el Obelisco en repudio de la muerte de Molares - Noticias Radio Reflejos\",\"isPartOf\":{\"@id\":\"https:\/\/www.noticiasradioreflejos.com.ar\/2021\/#website\"},\"datePublished\":\"2023-08-11T17:06:54+00:00\",\"author\":{\"@id\":\"https:\/\/www.noticiasradioreflejos.com.ar\/2021\/#\/schema\/person\/ad82545263dcc5ec0996818884fd5fb1\"},\"breadcrumb\":{\"@id\":\"https:\/\/www.noticiasradioreflejos.com.ar\/2021\/organizaciones-sociales-y-politicas-se-concentran-en-el-obelisco-en-repudio-de-la-muerte-de-molares\/#breadcrumb\"},\"inLanguage\":\"es\",\"potentialAction\":[{\"@type\":\"ReadAction\",\"target\":[\"https:\/\/www.noticiasradioreflejos.com.ar\/2021\/organizaciones-sociales-y-politicas-se-concentran-en-el-obelisco-en-repudio-de-la-muerte-de-molares\/\"]}]},{\"@type\":\"BreadcrumbList\",\"@id\":\"https:\/\/www.noticiasradioreflejos.com.ar\/2021\/organizaciones-sociales-y-politicas-se-concentran-en-el-obelisco-en-repudio-de-la-muerte-de-molares\/#breadcrumb\",\"itemListElement\":[{\"@type\":\"ListItem\",\"position\":1,\"name\":\"Portada\",\"item\":\"https:\/\/www.noticiasradioreflejos.com.ar\/2021\/\"},{\"@type\":\"ListItem\",\"position\":2,\"name\":\"Organizaciones sociales y pol\u00edticas se concentran en el Obelisco en repudio de la muerte de Molares\"}]},{\"@type\":\"WebSite\",\"@id\":\"https:\/\/www.noticiasradioreflejos.com.ar\/2021\/#website\",\"url\":\"https:\/\/www.noticiasradioreflejos.com.ar\/2021\/\",\"name\":\"Noticias Radio Reflejos\",\"description\":\"Las noticias de mi comarca\",\"potentialAction\":[{\"@type\":\"SearchAction\",\"target\":{\"@type\":\"EntryPoint\",\"urlTemplate\":\"https:\/\/www.noticiasradioreflejos.com.ar\/2021\/?s={search_term_string}\"},\"query-input\":{\"@type\":\"PropertyValueSpecification\",\"valueRequired\":true,\"valueName\":\"search_term_string\"}}],\"inLanguage\":\"es\"},{\"@type\":\"Person\",\"@id\":\"https:\/\/www.noticiasradioreflejos.com.ar\/2021\/#\/schema\/person\/ad82545263dcc5ec0996818884fd5fb1\",\"name\":\"Arnaldo Botto\",\"image\":{\"@type\":\"ImageObject\",\"inLanguage\":\"es\",\"@id\":\"https:\/\/www.noticiasradioreflejos.com.ar\/2021\/#\/schema\/person\/image\/\",\"url\":\"https:\/\/secure.gravatar.com\/avatar\/55cb5e37c1efa326397366e6974cb338056df65cb50e7d64d1cf314e87504837?s=96&d=mm&r=g\",\"contentUrl\":\"https:\/\/secure.gravatar.com\/avatar\/55cb5e37c1efa326397366e6974cb338056df65cb50e7d64d1cf314e87504837?s=96&d=mm&r=g\",\"caption\":\"Arnaldo Botto\"},\"url\":\"https:\/\/www.noticiasradioreflejos.com.ar\/2021\/author\/arnaldo\/\"}]}<\/script>\n<!-- \/ Yoast SEO plugin. -->","yoast_head_json":{"title":"Organizaciones sociales y pol\u00edticas se concentran en el Obelisco en repudio de la muerte de Molares - Noticias Radio Reflejos","robots":{"index":"index","follow":"follow","max-snippet":"max-snippet:-1","max-image-preview":"max-image-preview:large","max-video-preview":"max-video-preview:-1"},"canonical":"https:\/\/www.noticiasradioreflejos.com.ar\/2021\/organizaciones-sociales-y-politicas-se-concentran-en-el-obelisco-en-repudio-de-la-muerte-de-molares\/","og_locale":"es_ES","og_type":"article","og_title":"Organizaciones sociales y pol\u00edticas se concentran en el Obelisco en repudio de la muerte de Molares - Noticias Radio Reflejos","og_description":"Organizaciones sindicales, sociales y de derechos humanos se movilizaron hoy desde las 10 en las inmediaciones del Obelisco, en repudio de la represi\u00f3n de la Polic\u00eda de la Ciudad de Buenos Aires a una manifestaci\u00f3n en el centro porte\u00f1o que deriv\u00f3 ayer en la muerte del militante social Facundo Molares Schoenfeld, y se\u00f1alaron como principal [&hellip;]","og_url":"https:\/\/www.noticiasradioreflejos.com.ar\/2021\/organizaciones-sociales-y-politicas-se-concentran-en-el-obelisco-en-repudio-de-la-muerte-de-molares\/","og_site_name":"Noticias Radio Reflejos","article_published_time":"2023-08-11T17:06:54+00:00","og_image":[{"width":300,"height":200,"url":"https:\/\/www.noticiasradioreflejos.com.ar\/2021\/wp-content\/uploads\/2021\/07\/logosol300x200.png","type":"image\/png"}],"author":"Arnaldo Botto","twitter_card":"summary_large_image","schema":{"@context":"https:\/\/schema.org","@graph":[{"@type":"WebPage","@id":"https:\/\/www.noticiasradioreflejos.com.ar\/2021\/organizaciones-sociales-y-politicas-se-concentran-en-el-obelisco-en-repudio-de-la-muerte-de-molares\/","url":"https:\/\/www.noticiasradioreflejos.com.ar\/2021\/organizaciones-sociales-y-politicas-se-concentran-en-el-obelisco-en-repudio-de-la-muerte-de-molares\/","name":"Organizaciones sociales y pol\u00edticas se concentran en el Obelisco en repudio de la muerte de Molares - Noticias Radio Reflejos","isPartOf":{"@id":"https:\/\/www.noticiasradioreflejos.com.ar\/2021\/#website"},"datePublished":"2023-08-11T17:06:54+00:00","author":{"@id":"https:\/\/www.noticiasradioreflejos.com.ar\/2021\/#\/schema\/person\/ad82545263dcc5ec0996818884fd5fb1"},"breadcrumb":{"@id":"https:\/\/www.noticiasradioreflejos.com.ar\/2021\/organizaciones-sociales-y-politicas-se-concentran-en-el-obelisco-en-repudio-de-la-muerte-de-molares\/#breadcrumb"},"inLanguage":"es","potentialAction":[{"@type":"ReadAction","target":["https:\/\/www.noticiasradioreflejos.com.ar\/2021\/organizaciones-sociales-y-politicas-se-concentran-en-el-obelisco-en-repudio-de-la-muerte-de-molares\/"]}]},{"@type":"BreadcrumbList","@id":"https:\/\/www.noticiasradioreflejos.com.ar\/2021\/organizaciones-sociales-y-politicas-se-concentran-en-el-obelisco-en-repudio-de-la-muerte-de-molares\/#breadcrumb","itemListElement":[{"@type":"ListItem","position":1,"name":"Portada","item":"https:\/\/www.noticiasradioreflejos.com.ar\/2021\/"},{"@type":"ListItem","position":2,"name":"Organizaciones sociales y pol\u00edticas se concentran en el Obelisco en repudio de la muerte de Molares"}]},{"@type":"WebSite","@id":"https:\/\/www.noticiasradioreflejos.com.ar\/2021\/#website","url":"https:\/\/www.noticiasradioreflejos.com.ar\/2021\/","name":"Noticias Radio Reflejos","description":"Las noticias de mi comarca","potentialAction":[{"@type":"SearchAction","target":{"@type":"EntryPoint","urlTemplate":"https:\/\/www.noticiasradioreflejos.com.ar\/2021\/?s={search_term_string}"},"query-input":{"@type":"PropertyValueSpecification","valueRequired":true,"valueName":"search_term_string"}}],"inLanguage":"es"},{"@type":"Person","@id":"https:\/\/www.noticiasradioreflejos.com.ar\/2021\/#\/schema\/person\/ad82545263dcc5ec0996818884fd5fb1","name":"Arnaldo Botto","image":{"@type":"ImageObject","inLanguage":"es","@id":"https:\/\/www.noticiasradioreflejos.com.ar\/2021\/#\/schema\/person\/image\/","url":"https:\/\/secure.gravatar.com\/avatar\/55cb5e37c1efa326397366e6974cb338056df65cb50e7d64d1cf314e87504837?s=96&d=mm&r=g","contentUrl":"https:\/\/secure.gravatar.com\/avatar\/55cb5e37c1efa326397366e6974cb338056df65cb50e7d64d1cf314e87504837?s=96&d=mm&r=g","caption":"Arnaldo Botto"},"url":"https:\/\/www.noticiasradioreflejos.com.ar\/2021\/author\/arnaldo\/"}]}},"_links":{"self":[{"href":"https:\/\/www.noticiasradioreflejos.com.ar\/2021\/wp-json\/wp\/v2\/posts\/91517","targetHints":{"allow":["GET"]}}],"collection":[{"href":"https:\/\/www.noticiasradioreflejos.com.ar\/2021\/wp-json\/wp\/v2\/posts"}],"about":[{"href":"https:\/\/www.noticiasradioreflejos.com.ar\/2021\/wp-json\/wp\/v2\/types\/post"}],"author":[{"embeddable":true,"href":"https:\/\/www.noticiasradioreflejos.com.ar\/2021\/wp-json\/wp\/v2\/users\/3"}],"replies":[{"embeddable":true,"href":"https:\/\/www.noticiasradioreflejos.com.ar\/2021\/wp-json\/wp\/v2\/comments?post=91517"}],"version-history":[{"count":1,"href":"https:\/\/www.noticiasradioreflejos.com.ar\/2021\/wp-json\/wp\/v2\/posts\/91517\/revisions"}],"predecessor-version":[{"id":91519,"href":"https:\/\/www.noticiasradioreflejos.com.ar\/2021\/wp-json\/wp\/v2\/posts\/91517\/revisions\/91519"}],"wp:attachment":[{"href":"https:\/\/www.noticiasradioreflejos.com.ar\/2021\/wp-json\/wp\/v2\/media?parent=91517"}],"wp:term":[{"taxonomy":"category","embeddable":true,"href":"https:\/\/www.noticiasradioreflejos.com.ar\/2021\/wp-json\/wp\/v2\/categories?post=91517"},{"taxonomy":"post_tag","embeddable":true,"href":"https:\/\/www.noticiasradioreflejos.com.ar\/2021\/wp-json\/wp\/v2\/tags?post=91517"}],"curies":[{"name":"wp","href":"https:\/\/api.w.org\/{rel}","templated":true}]}}