{"id":91510,"date":"2023-08-11T17:02:38","date_gmt":"2023-08-11T17:02:38","guid":{"rendered":"https:\/\/www.noticiasradioreflejos.com.ar\/2021\/?p=91510"},"modified":"2023-08-11T17:02:38","modified_gmt":"2023-08-11T17:02:38","slug":"aeroclub-saldungaray-la-solucion-es-politica-como-lo-fue-el-problema","status":"publish","type":"post","link":"https:\/\/www.noticiasradioreflejos.com.ar\/2021\/aeroclub-saldungaray-la-solucion-es-politica-como-lo-fue-el-problema\/","title":{"rendered":"Aeroclub Saldungaray: \u201cLa soluci\u00f3n es pol\u00edtica como lo fue el problema\u201d"},"content":{"rendered":"<p>Pedro Bonansea, titular de la entidad, coment\u00f3 en qu\u00e9 situaci\u00f3n se encuentran. \u201cGentilmente la familia Lecturia nos cedi\u00f3 las tierras otros dos a\u00f1os, pero hoy, el 23 de mayo de 2025 nuestra instituci\u00f3n cesar\u00eda sus funciones\u201d afirm\u00f3.<br \/>\n<!--more--><\/p>\n<p>Tras varios meses agitados el Aeroclub de Saldungaray encontr\u00f3 un poco de paz, aunque ahora se encuentra en una carrera contra reloj de menos de dos a\u00f1os para encontrar un nuevo lugar en donde mudarse.<\/p>\n<p>Al respecto Pedro Bonansea inici\u00f3 la charla con un mensaje claro y sentido: \u201cLe pido disculpas a la familia Lecturia, porque en el fragor de no perder el aeroclub y debido a mi ignorancia jur\u00eddica, quer\u00edamos pelearla con todo lo que pod\u00edamos para preservar la instituci\u00f3n\u201d.<\/p>\n<p>Seg\u00fan asegur\u00f3, \u201cfuimos muy mal asesorados por un primer abogado, y muy bien asesorados por un segundo, el cual nos dijo muchachos traten de arreglar porque legalmente esta familia tiene las de ganar. Y as\u00ed fue. Entonces gentilmente la familia nos cedi\u00f3 dos a\u00f1os, que caducan el 23 de mayo de 2025, esa es la fecha de defunci\u00f3n del Aeroclub de Saldungaray. Esa pista ya no podr\u00e1 seguir us\u00e1ndose\u201d.<\/p>\n<p>En esa l\u00ednea asegur\u00f3 que \u201cnuestros libros de actas dicen una cosa y la familia Lecturia dice otra, pero la ley les da la derecha, por lo que nos parece justo y uno acata lo que dice la ley. Podemos usar la pista por este a\u00f1o y medio que nos queda y luego veremos qu\u00e9 nos pasa\u201d.<\/p>\n<p>Volviendo sobre sus palabras aclar\u00f3 que \u201cdije fecha de defunci\u00f3n porque hoy por hoy no tenemos nada. Ning\u00fan propietario nos cede 3 hect\u00e1reas y media para poder reinstalarnos. Nosotros las instalaciones las pondr\u00edamos a la venta y con eso nos dar\u00eda para armar un hangar, pero no para comprar tierras\u201d.<\/p>\n<p>Y sobre el relevamiento realizado, cont\u00f3 que \u201clo que es tierras fiscales reci\u00e9n en Estomba habr\u00eda, pero nadie ir\u00eda a volar ah\u00ed. Es muy dif\u00edcil. Por ahora cara a cara solo consultamos a un solo propietario y nos dijo que no. A otros no hemos podido llegar a\u00fan. Pero estamos en eso\u201d.<\/p>\n<p>Por \u00faltimo afirm\u00f3 que \u201cla soluci\u00f3n es pol\u00edtica porque el problema lo fue, ya que quieren agrandar el cementerio y eso fue la gota que derram\u00f3 el vaso. No hay que perder una instituci\u00f3n de 73 a\u00f1os y que desde la l\u00ednea media del cord\u00f3n serrano hacia Fra-Pal lo \u00fanico que hay es nuestro aeroclub\u201d.<\/p>\n","protected":false},"excerpt":{"rendered":"<p>Pedro Bonansea, titular de la entidad, coment\u00f3 en qu\u00e9 situaci\u00f3n se encuentran. \u201cGentilmente la familia Lecturia nos cedi\u00f3 las tierras otros dos a\u00f1os, pero hoy, el 23 de mayo de 2025 nuestra instituci\u00f3n cesar\u00eda sus funciones\u201d afirm\u00f3.<\/p>\n","protected":false},"author":3,"featured_media":73122,"comment_status":"closed","ping_status":"closed","sticky":false,"template":"","format":"standard","meta":{"footnotes":""},"categories":[24,26],"tags":[48],"class_list":["post-91510","post","type-post","status-publish","format-standard","has-post-thumbnail","hentry","category-politica","category-sociedad","tag-destacada"],"yoast_head":"<!-- This site is optimized with the Yoast SEO plugin v25.9 - https:\/\/yoast.com\/wordpress\/plugins\/seo\/ -->\n<title>Aeroclub Saldungaray: \u201cLa soluci\u00f3n es pol\u00edtica como lo fue el problema\u201d - Noticias Radio Reflejos<\/title>\n<meta name=\"robots\" content=\"index, follow, max-snippet:-1, max-image-preview:large, max-video-preview:-1\" \/>\n<link rel=\"canonical\" href=\"https:\/\/www.noticiasradioreflejos.com.ar\/2021\/aeroclub-saldungaray-la-solucion-es-politica-como-lo-fue-el-problema\/\" \/>\n<meta property=\"og:locale\" content=\"es_ES\" \/>\n<meta property=\"og:type\" content=\"article\" \/>\n<meta property=\"og:title\" content=\"Aeroclub Saldungaray: \u201cLa soluci\u00f3n es pol\u00edtica como lo fue el problema\u201d - Noticias Radio Reflejos\" \/>\n<meta property=\"og:description\" content=\"Pedro Bonansea, titular de la entidad, coment\u00f3 en qu\u00e9 situaci\u00f3n se encuentran. \u201cGentilmente la familia Lecturia nos cedi\u00f3 las tierras otros dos a\u00f1os, pero hoy, el 23 de mayo de 2025 nuestra instituci\u00f3n cesar\u00eda sus funciones\u201d afirm\u00f3.\" \/>\n<meta property=\"og:url\" content=\"https:\/\/www.noticiasradioreflejos.com.ar\/2021\/aeroclub-saldungaray-la-solucion-es-politica-como-lo-fue-el-problema\/\" \/>\n<meta property=\"og:site_name\" content=\"Noticias Radio Reflejos\" \/>\n<meta property=\"article:published_time\" content=\"2023-08-11T17:02:38+00:00\" \/>\n<meta property=\"og:image\" content=\"https:\/\/www.noticiasradioreflejos.com.ar\/2021\/wp-content\/uploads\/2022\/06\/Aeroclub-Saldungaray.jpg\" \/>\n\t<meta property=\"og:image:width\" content=\"720\" \/>\n\t<meta property=\"og:image:height\" content=\"329\" \/>\n\t<meta property=\"og:image:type\" content=\"image\/jpeg\" \/>\n<meta name=\"author\" content=\"Arnaldo Botto\" \/>\n<meta name=\"twitter:card\" content=\"summary_large_image\" \/>\n<script type=\"application\/ld+json\" class=\"yoast-schema-graph\">{\"@context\":\"https:\/\/schema.org\",\"@graph\":[{\"@type\":\"WebPage\",\"@id\":\"https:\/\/www.noticiasradioreflejos.com.ar\/2021\/aeroclub-saldungaray-la-solucion-es-politica-como-lo-fue-el-problema\/\",\"url\":\"https:\/\/www.noticiasradioreflejos.com.ar\/2021\/aeroclub-saldungaray-la-solucion-es-politica-como-lo-fue-el-problema\/\",\"name\":\"Aeroclub Saldungaray: \u201cLa soluci\u00f3n es pol\u00edtica como lo fue el problema\u201d - Noticias Radio Reflejos\",\"isPartOf\":{\"@id\":\"https:\/\/www.noticiasradioreflejos.com.ar\/2021\/#website\"},\"primaryImageOfPage\":{\"@id\":\"https:\/\/www.noticiasradioreflejos.com.ar\/2021\/aeroclub-saldungaray-la-solucion-es-politica-como-lo-fue-el-problema\/#primaryimage\"},\"image\":{\"@id\":\"https:\/\/www.noticiasradioreflejos.com.ar\/2021\/aeroclub-saldungaray-la-solucion-es-politica-como-lo-fue-el-problema\/#primaryimage\"},\"thumbnailUrl\":\"https:\/\/www.noticiasradioreflejos.com.ar\/2021\/wp-content\/uploads\/2022\/06\/Aeroclub-Saldungaray.jpg\",\"datePublished\":\"2023-08-11T17:02:38+00:00\",\"author\":{\"@id\":\"https:\/\/www.noticiasradioreflejos.com.ar\/2021\/#\/schema\/person\/ad82545263dcc5ec0996818884fd5fb1\"},\"breadcrumb\":{\"@id\":\"https:\/\/www.noticiasradioreflejos.com.ar\/2021\/aeroclub-saldungaray-la-solucion-es-politica-como-lo-fue-el-problema\/#breadcrumb\"},\"inLanguage\":\"es\",\"potentialAction\":[{\"@type\":\"ReadAction\",\"target\":[\"https:\/\/www.noticiasradioreflejos.com.ar\/2021\/aeroclub-saldungaray-la-solucion-es-politica-como-lo-fue-el-problema\/\"]}]},{\"@type\":\"ImageObject\",\"inLanguage\":\"es\",\"@id\":\"https:\/\/www.noticiasradioreflejos.com.ar\/2021\/aeroclub-saldungaray-la-solucion-es-politica-como-lo-fue-el-problema\/#primaryimage\",\"url\":\"https:\/\/www.noticiasradioreflejos.com.ar\/2021\/wp-content\/uploads\/2022\/06\/Aeroclub-Saldungaray.jpg\",\"contentUrl\":\"https:\/\/www.noticiasradioreflejos.com.ar\/2021\/wp-content\/uploads\/2022\/06\/Aeroclub-Saldungaray.jpg\",\"width\":720,\"height\":329},{\"@type\":\"BreadcrumbList\",\"@id\":\"https:\/\/www.noticiasradioreflejos.com.ar\/2021\/aeroclub-saldungaray-la-solucion-es-politica-como-lo-fue-el-problema\/#breadcrumb\",\"itemListElement\":[{\"@type\":\"ListItem\",\"position\":1,\"name\":\"Portada\",\"item\":\"https:\/\/www.noticiasradioreflejos.com.ar\/2021\/\"},{\"@type\":\"ListItem\",\"position\":2,\"name\":\"Aeroclub Saldungaray: \u201cLa soluci\u00f3n es pol\u00edtica como lo fue el problema\u201d\"}]},{\"@type\":\"WebSite\",\"@id\":\"https:\/\/www.noticiasradioreflejos.com.ar\/2021\/#website\",\"url\":\"https:\/\/www.noticiasradioreflejos.com.ar\/2021\/\",\"name\":\"Noticias Radio Reflejos\",\"description\":\"Las noticias de mi comarca\",\"potentialAction\":[{\"@type\":\"SearchAction\",\"target\":{\"@type\":\"EntryPoint\",\"urlTemplate\":\"https:\/\/www.noticiasradioreflejos.com.ar\/2021\/?s={search_term_string}\"},\"query-input\":{\"@type\":\"PropertyValueSpecification\",\"valueRequired\":true,\"valueName\":\"search_term_string\"}}],\"inLanguage\":\"es\"},{\"@type\":\"Person\",\"@id\":\"https:\/\/www.noticiasradioreflejos.com.ar\/2021\/#\/schema\/person\/ad82545263dcc5ec0996818884fd5fb1\",\"name\":\"Arnaldo Botto\",\"image\":{\"@type\":\"ImageObject\",\"inLanguage\":\"es\",\"@id\":\"https:\/\/www.noticiasradioreflejos.com.ar\/2021\/#\/schema\/person\/image\/\",\"url\":\"https:\/\/secure.gravatar.com\/avatar\/55cb5e37c1efa326397366e6974cb338056df65cb50e7d64d1cf314e87504837?s=96&d=mm&r=g\",\"contentUrl\":\"https:\/\/secure.gravatar.com\/avatar\/55cb5e37c1efa326397366e6974cb338056df65cb50e7d64d1cf314e87504837?s=96&d=mm&r=g\",\"caption\":\"Arnaldo Botto\"},\"url\":\"https:\/\/www.noticiasradioreflejos.com.ar\/2021\/author\/arnaldo\/\"}]}<\/script>\n<!-- \/ Yoast SEO plugin. -->","yoast_head_json":{"title":"Aeroclub Saldungaray: \u201cLa soluci\u00f3n es pol\u00edtica como lo fue el problema\u201d - Noticias Radio Reflejos","robots":{"index":"index","follow":"follow","max-snippet":"max-snippet:-1","max-image-preview":"max-image-preview:large","max-video-preview":"max-video-preview:-1"},"canonical":"https:\/\/www.noticiasradioreflejos.com.ar\/2021\/aeroclub-saldungaray-la-solucion-es-politica-como-lo-fue-el-problema\/","og_locale":"es_ES","og_type":"article","og_title":"Aeroclub Saldungaray: \u201cLa soluci\u00f3n es pol\u00edtica como lo fue el problema\u201d - Noticias Radio Reflejos","og_description":"Pedro Bonansea, titular de la entidad, coment\u00f3 en qu\u00e9 situaci\u00f3n se encuentran. \u201cGentilmente la familia Lecturia nos cedi\u00f3 las tierras otros dos a\u00f1os, pero hoy, el 23 de mayo de 2025 nuestra instituci\u00f3n cesar\u00eda sus funciones\u201d afirm\u00f3.","og_url":"https:\/\/www.noticiasradioreflejos.com.ar\/2021\/aeroclub-saldungaray-la-solucion-es-politica-como-lo-fue-el-problema\/","og_site_name":"Noticias Radio Reflejos","article_published_time":"2023-08-11T17:02:38+00:00","og_image":[{"width":720,"height":329,"url":"https:\/\/www.noticiasradioreflejos.com.ar\/2021\/wp-content\/uploads\/2022\/06\/Aeroclub-Saldungaray.jpg","type":"image\/jpeg"}],"author":"Arnaldo Botto","twitter_card":"summary_large_image","schema":{"@context":"https:\/\/schema.org","@graph":[{"@type":"WebPage","@id":"https:\/\/www.noticiasradioreflejos.com.ar\/2021\/aeroclub-saldungaray-la-solucion-es-politica-como-lo-fue-el-problema\/","url":"https:\/\/www.noticiasradioreflejos.com.ar\/2021\/aeroclub-saldungaray-la-solucion-es-politica-como-lo-fue-el-problema\/","name":"Aeroclub Saldungaray: \u201cLa soluci\u00f3n es pol\u00edtica como lo fue el problema\u201d - Noticias Radio Reflejos","isPartOf":{"@id":"https:\/\/www.noticiasradioreflejos.com.ar\/2021\/#website"},"primaryImageOfPage":{"@id":"https:\/\/www.noticiasradioreflejos.com.ar\/2021\/aeroclub-saldungaray-la-solucion-es-politica-como-lo-fue-el-problema\/#primaryimage"},"image":{"@id":"https:\/\/www.noticiasradioreflejos.com.ar\/2021\/aeroclub-saldungaray-la-solucion-es-politica-como-lo-fue-el-problema\/#primaryimage"},"thumbnailUrl":"https:\/\/www.noticiasradioreflejos.com.ar\/2021\/wp-content\/uploads\/2022\/06\/Aeroclub-Saldungaray.jpg","datePublished":"2023-08-11T17:02:38+00:00","author":{"@id":"https:\/\/www.noticiasradioreflejos.com.ar\/2021\/#\/schema\/person\/ad82545263dcc5ec0996818884fd5fb1"},"breadcrumb":{"@id":"https:\/\/www.noticiasradioreflejos.com.ar\/2021\/aeroclub-saldungaray-la-solucion-es-politica-como-lo-fue-el-problema\/#breadcrumb"},"inLanguage":"es","potentialAction":[{"@type":"ReadAction","target":["https:\/\/www.noticiasradioreflejos.com.ar\/2021\/aeroclub-saldungaray-la-solucion-es-politica-como-lo-fue-el-problema\/"]}]},{"@type":"ImageObject","inLanguage":"es","@id":"https:\/\/www.noticiasradioreflejos.com.ar\/2021\/aeroclub-saldungaray-la-solucion-es-politica-como-lo-fue-el-problema\/#primaryimage","url":"https:\/\/www.noticiasradioreflejos.com.ar\/2021\/wp-content\/uploads\/2022\/06\/Aeroclub-Saldungaray.jpg","contentUrl":"https:\/\/www.noticiasradioreflejos.com.ar\/2021\/wp-content\/uploads\/2022\/06\/Aeroclub-Saldungaray.jpg","width":720,"height":329},{"@type":"BreadcrumbList","@id":"https:\/\/www.noticiasradioreflejos.com.ar\/2021\/aeroclub-saldungaray-la-solucion-es-politica-como-lo-fue-el-problema\/#breadcrumb","itemListElement":[{"@type":"ListItem","position":1,"name":"Portada","item":"https:\/\/www.noticiasradioreflejos.com.ar\/2021\/"},{"@type":"ListItem","position":2,"name":"Aeroclub Saldungaray: \u201cLa soluci\u00f3n es pol\u00edtica como lo fue el problema\u201d"}]},{"@type":"WebSite","@id":"https:\/\/www.noticiasradioreflejos.com.ar\/2021\/#website","url":"https:\/\/www.noticiasradioreflejos.com.ar\/2021\/","name":"Noticias Radio Reflejos","description":"Las noticias de mi comarca","potentialAction":[{"@type":"SearchAction","target":{"@type":"EntryPoint","urlTemplate":"https:\/\/www.noticiasradioreflejos.com.ar\/2021\/?s={search_term_string}"},"query-input":{"@type":"PropertyValueSpecification","valueRequired":true,"valueName":"search_term_string"}}],"inLanguage":"es"},{"@type":"Person","@id":"https:\/\/www.noticiasradioreflejos.com.ar\/2021\/#\/schema\/person\/ad82545263dcc5ec0996818884fd5fb1","name":"Arnaldo Botto","image":{"@type":"ImageObject","inLanguage":"es","@id":"https:\/\/www.noticiasradioreflejos.com.ar\/2021\/#\/schema\/person\/image\/","url":"https:\/\/secure.gravatar.com\/avatar\/55cb5e37c1efa326397366e6974cb338056df65cb50e7d64d1cf314e87504837?s=96&d=mm&r=g","contentUrl":"https:\/\/secure.gravatar.com\/avatar\/55cb5e37c1efa326397366e6974cb338056df65cb50e7d64d1cf314e87504837?s=96&d=mm&r=g","caption":"Arnaldo Botto"},"url":"https:\/\/www.noticiasradioreflejos.com.ar\/2021\/author\/arnaldo\/"}]}},"_links":{"self":[{"href":"https:\/\/www.noticiasradioreflejos.com.ar\/2021\/wp-json\/wp\/v2\/posts\/91510","targetHints":{"allow":["GET"]}}],"collection":[{"href":"https:\/\/www.noticiasradioreflejos.com.ar\/2021\/wp-json\/wp\/v2\/posts"}],"about":[{"href":"https:\/\/www.noticiasradioreflejos.com.ar\/2021\/wp-json\/wp\/v2\/types\/post"}],"author":[{"embeddable":true,"href":"https:\/\/www.noticiasradioreflejos.com.ar\/2021\/wp-json\/wp\/v2\/users\/3"}],"replies":[{"embeddable":true,"href":"https:\/\/www.noticiasradioreflejos.com.ar\/2021\/wp-json\/wp\/v2\/comments?post=91510"}],"version-history":[{"count":2,"href":"https:\/\/www.noticiasradioreflejos.com.ar\/2021\/wp-json\/wp\/v2\/posts\/91510\/revisions"}],"predecessor-version":[{"id":91516,"href":"https:\/\/www.noticiasradioreflejos.com.ar\/2021\/wp-json\/wp\/v2\/posts\/91510\/revisions\/91516"}],"wp:featuredmedia":[{"embeddable":true,"href":"https:\/\/www.noticiasradioreflejos.com.ar\/2021\/wp-json\/wp\/v2\/media\/73122"}],"wp:attachment":[{"href":"https:\/\/www.noticiasradioreflejos.com.ar\/2021\/wp-json\/wp\/v2\/media?parent=91510"}],"wp:term":[{"taxonomy":"category","embeddable":true,"href":"https:\/\/www.noticiasradioreflejos.com.ar\/2021\/wp-json\/wp\/v2\/categories?post=91510"},{"taxonomy":"post_tag","embeddable":true,"href":"https:\/\/www.noticiasradioreflejos.com.ar\/2021\/wp-json\/wp\/v2\/tags?post=91510"}],"curies":[{"name":"wp","href":"https:\/\/api.w.org\/{rel}","templated":true}]}}