{"id":91498,"date":"2023-08-11T15:36:54","date_gmt":"2023-08-11T15:36:54","guid":{"rendered":"https:\/\/www.noticiasradioreflejos.com.ar\/2021\/?p=91498"},"modified":"2023-08-11T15:36:54","modified_gmt":"2023-08-11T15:36:54","slug":"finalmente-habra-22-formulas-presidenciales-en-las-paso-nacionales-en-la-ciudad-de-buenos-aires","status":"publish","type":"post","link":"https:\/\/www.noticiasradioreflejos.com.ar\/2021\/finalmente-habra-22-formulas-presidenciales-en-las-paso-nacionales-en-la-ciudad-de-buenos-aires\/","title":{"rendered":"Finalmente habr\u00e1 22 f\u00f3rmulas presidenciales en las PASO nacionales en la ciudad de Buenos Aires"},"content":{"rendered":"<p>Las primarias abiertas, simult\u00e1neas y obligatorias (PASO) del pr\u00f3ximo domingo tendr\u00e1n finalmente 22 f\u00f3rmulas presidenciales para los votantes de la Ciudad de Buenos Aires, luego de que la justicia electoral bajara cuatro f\u00f3rmulas por no presentar las boletas requeridas, y una quinta que fue declinada por los mismos candidatos.<!--more--><\/p>\n<p>A principios de julio pasado, la justicia electoral nacional, representada por la jueza federal Mar\u00eda Servini, oficializ\u00f3 27 f\u00f3rmulas presidenciales postuladas por quince alianzas y partidos pol\u00edticos.<\/p>\n<p>Pero luego, la jueza intim\u00f3 a las f\u00f3rmulas para que presentaran las veinte mil boletas testigos para la Ciudad que exige el C\u00f3digo Nacional Electoral y dio como plazo hasta el \u00faltimo viernes de julio.<\/p>\n<p>Las cuatro f\u00f3rmulas de la agrupaci\u00f3n \u00abPrincipios y Valores\u00bb, que tiene como referente al exsecretario de Comercio Interior Guillermo Moreno, no las presentaron y Servini dictamin\u00f3 que no podr\u00edan competir.<\/p>\n<p>As\u00ed, no estar\u00e1n en el cuarto oscuro de la Ciudad el pr\u00f3ximo domingo las listas \u00abGente de trabajo\u00bb, que postulaba a Carina Bartolini y Mabel G\u00f3mez, como precandidatos a presidente y vice; \u00abTres Banderas\u00bb, de Jorge Eduardo Oliver y Ezequiel San Mart\u00edn; \u00abTransformar\u00bb de Eliodoro Mart\u00ednez y Vicente y \u00abLaborista\u00bb, de Paula Arias y Walter Vera.<\/p>\n<p>En la resoluci\u00f3n, Servini puntualiz\u00f3 que los candidatos \u00abno han dado cumplimiento con la intimaci\u00f3n oportunamente cursada ni han efectuado presentaci\u00f3n alguna\u00bb y que extender el plazo para cumplir el requisito de las boletas testigos \u00abpondr\u00eda en serio riesgo la celebraci\u00f3n de los comicios\u00bb.<\/p>\n<p>Por otros motivos pero con el mismo efecto, la lista \u00abAnticorrupci\u00f3n\u00bb del frente \u00abLiber.Ar\u00bb, encabezada por el dirigente Julio B\u00e1rbaro, declin\u00f3 su participaci\u00f3n con cr\u00edticas al sistema electoral.<\/p>\n<p>B\u00e1rbaro, que iba a estar acompa\u00f1ado en el cargo de vice por Ramona Pucheta, explic\u00f3 en declaraciones p\u00fablicas que, cuando hubo que presentar las boletas, el partido no lo hizo.<\/p>\n<p>\u201cLo m\u00edo era testimonial, yo no tengo nada\u00bb, explic\u00f3 B\u00e1rbaro, de 81 a\u00f1os, en declaraciones a AM750.<\/p>\n<p>En el resto del pa\u00eds se podr\u00e1n votar las 27 f\u00f3rmulas oficializadas al cierre de la inscripci\u00f3n de precandidatos a las PASO, 13 m\u00e1s que en las elecciones de 2015, todas las cuales deber\u00e1n superar el piso del 1.5 por ciento de los votos v\u00e1lidos en las primarias para llegar a competir en los comicios generales del 22 de octubre.<\/p>\n<p>De las 15 alianzas y partidos oficializados para las PASO, 7 tendr\u00e1n competencia interna y son: Uni\u00f3n por la Patria, Juntos por el Cambio, Hacemos por nuestro pa\u00eds, La Libertad Avanza, Frente LiberAr, Uced\u00e9, Frente de Izquierda de los Trabajadores Unidad, Movimiento al Socialismo, Libres del Sur, Pol\u00edtica Obrera, Proyecto Joven, Alianza Principios y Valores-Por Tierra Techo y Trabajo, Movimiento de Acci\u00f3n Vecinal, Movimiento Izquierda Juventud Dignidad y Frente Patriota Federal.<\/p>\n","protected":false},"excerpt":{"rendered":"<p>Las primarias abiertas, simult\u00e1neas y obligatorias (PASO) del pr\u00f3ximo domingo tendr\u00e1n finalmente 22 f\u00f3rmulas presidenciales para los votantes de la Ciudad de Buenos Aires, luego de que la justicia electoral bajara cuatro f\u00f3rmulas por no presentar las boletas requeridas, y una quinta que fue declinada por los mismos candidatos.<\/p>\n","protected":false},"author":3,"featured_media":59136,"comment_status":"closed","ping_status":"closed","sticky":false,"template":"","format":"standard","meta":{"footnotes":""},"categories":[24],"tags":[],"class_list":["post-91498","post","type-post","status-publish","format-standard","has-post-thumbnail","hentry","category-politica"],"yoast_head":"<!-- This site is optimized with the Yoast SEO plugin v25.9 - https:\/\/yoast.com\/wordpress\/plugins\/seo\/ -->\n<title>Finalmente habr\u00e1 22 f\u00f3rmulas presidenciales en las PASO nacionales en la ciudad de Buenos Aires - Noticias Radio Reflejos<\/title>\n<meta name=\"robots\" content=\"index, follow, max-snippet:-1, max-image-preview:large, max-video-preview:-1\" \/>\n<link rel=\"canonical\" href=\"https:\/\/www.noticiasradioreflejos.com.ar\/2021\/finalmente-habra-22-formulas-presidenciales-en-las-paso-nacionales-en-la-ciudad-de-buenos-aires\/\" \/>\n<meta property=\"og:locale\" content=\"es_ES\" \/>\n<meta property=\"og:type\" content=\"article\" \/>\n<meta property=\"og:title\" content=\"Finalmente habr\u00e1 22 f\u00f3rmulas presidenciales en las PASO nacionales en la ciudad de Buenos Aires - Noticias Radio Reflejos\" \/>\n<meta property=\"og:description\" content=\"Las primarias abiertas, simult\u00e1neas y obligatorias (PASO) del pr\u00f3ximo domingo tendr\u00e1n finalmente 22 f\u00f3rmulas presidenciales para los votantes de la Ciudad de Buenos Aires, luego de que la justicia electoral bajara cuatro f\u00f3rmulas por no presentar las boletas requeridas, y una quinta que fue declinada por los mismos candidatos.\" \/>\n<meta property=\"og:url\" content=\"https:\/\/www.noticiasradioreflejos.com.ar\/2021\/finalmente-habra-22-formulas-presidenciales-en-las-paso-nacionales-en-la-ciudad-de-buenos-aires\/\" \/>\n<meta property=\"og:site_name\" content=\"Noticias Radio Reflejos\" \/>\n<meta property=\"article:published_time\" content=\"2023-08-11T15:36:54+00:00\" \/>\n<meta property=\"og:image\" content=\"https:\/\/www.noticiasradioreflejos.com.ar\/2021\/wp-content\/uploads\/2021\/06\/urnas-votos.jpg\" \/>\n\t<meta property=\"og:image:width\" content=\"1004\" \/>\n\t<meta property=\"og:image:height\" content=\"565\" \/>\n\t<meta property=\"og:image:type\" content=\"image\/jpeg\" \/>\n<meta name=\"author\" content=\"Arnaldo Botto\" \/>\n<meta name=\"twitter:card\" content=\"summary_large_image\" \/>\n<script type=\"application\/ld+json\" class=\"yoast-schema-graph\">{\"@context\":\"https:\/\/schema.org\",\"@graph\":[{\"@type\":\"WebPage\",\"@id\":\"https:\/\/www.noticiasradioreflejos.com.ar\/2021\/finalmente-habra-22-formulas-presidenciales-en-las-paso-nacionales-en-la-ciudad-de-buenos-aires\/\",\"url\":\"https:\/\/www.noticiasradioreflejos.com.ar\/2021\/finalmente-habra-22-formulas-presidenciales-en-las-paso-nacionales-en-la-ciudad-de-buenos-aires\/\",\"name\":\"Finalmente habr\u00e1 22 f\u00f3rmulas presidenciales en las PASO nacionales en la ciudad de Buenos Aires - Noticias Radio Reflejos\",\"isPartOf\":{\"@id\":\"https:\/\/www.noticiasradioreflejos.com.ar\/2021\/#website\"},\"primaryImageOfPage\":{\"@id\":\"https:\/\/www.noticiasradioreflejos.com.ar\/2021\/finalmente-habra-22-formulas-presidenciales-en-las-paso-nacionales-en-la-ciudad-de-buenos-aires\/#primaryimage\"},\"image\":{\"@id\":\"https:\/\/www.noticiasradioreflejos.com.ar\/2021\/finalmente-habra-22-formulas-presidenciales-en-las-paso-nacionales-en-la-ciudad-de-buenos-aires\/#primaryimage\"},\"thumbnailUrl\":\"https:\/\/www.noticiasradioreflejos.com.ar\/2021\/wp-content\/uploads\/2021\/06\/urnas-votos.jpg\",\"datePublished\":\"2023-08-11T15:36:54+00:00\",\"author\":{\"@id\":\"https:\/\/www.noticiasradioreflejos.com.ar\/2021\/#\/schema\/person\/ad82545263dcc5ec0996818884fd5fb1\"},\"breadcrumb\":{\"@id\":\"https:\/\/www.noticiasradioreflejos.com.ar\/2021\/finalmente-habra-22-formulas-presidenciales-en-las-paso-nacionales-en-la-ciudad-de-buenos-aires\/#breadcrumb\"},\"inLanguage\":\"es\",\"potentialAction\":[{\"@type\":\"ReadAction\",\"target\":[\"https:\/\/www.noticiasradioreflejos.com.ar\/2021\/finalmente-habra-22-formulas-presidenciales-en-las-paso-nacionales-en-la-ciudad-de-buenos-aires\/\"]}]},{\"@type\":\"ImageObject\",\"inLanguage\":\"es\",\"@id\":\"https:\/\/www.noticiasradioreflejos.com.ar\/2021\/finalmente-habra-22-formulas-presidenciales-en-las-paso-nacionales-en-la-ciudad-de-buenos-aires\/#primaryimage\",\"url\":\"https:\/\/www.noticiasradioreflejos.com.ar\/2021\/wp-content\/uploads\/2021\/06\/urnas-votos.jpg\",\"contentUrl\":\"https:\/\/www.noticiasradioreflejos.com.ar\/2021\/wp-content\/uploads\/2021\/06\/urnas-votos.jpg\",\"width\":1004,\"height\":565},{\"@type\":\"BreadcrumbList\",\"@id\":\"https:\/\/www.noticiasradioreflejos.com.ar\/2021\/finalmente-habra-22-formulas-presidenciales-en-las-paso-nacionales-en-la-ciudad-de-buenos-aires\/#breadcrumb\",\"itemListElement\":[{\"@type\":\"ListItem\",\"position\":1,\"name\":\"Portada\",\"item\":\"https:\/\/www.noticiasradioreflejos.com.ar\/2021\/\"},{\"@type\":\"ListItem\",\"position\":2,\"name\":\"Finalmente habr\u00e1 22 f\u00f3rmulas presidenciales en las PASO nacionales en la ciudad de Buenos Aires\"}]},{\"@type\":\"WebSite\",\"@id\":\"https:\/\/www.noticiasradioreflejos.com.ar\/2021\/#website\",\"url\":\"https:\/\/www.noticiasradioreflejos.com.ar\/2021\/\",\"name\":\"Noticias Radio Reflejos\",\"description\":\"Las noticias de mi comarca\",\"potentialAction\":[{\"@type\":\"SearchAction\",\"target\":{\"@type\":\"EntryPoint\",\"urlTemplate\":\"https:\/\/www.noticiasradioreflejos.com.ar\/2021\/?s={search_term_string}\"},\"query-input\":{\"@type\":\"PropertyValueSpecification\",\"valueRequired\":true,\"valueName\":\"search_term_string\"}}],\"inLanguage\":\"es\"},{\"@type\":\"Person\",\"@id\":\"https:\/\/www.noticiasradioreflejos.com.ar\/2021\/#\/schema\/person\/ad82545263dcc5ec0996818884fd5fb1\",\"name\":\"Arnaldo Botto\",\"image\":{\"@type\":\"ImageObject\",\"inLanguage\":\"es\",\"@id\":\"https:\/\/www.noticiasradioreflejos.com.ar\/2021\/#\/schema\/person\/image\/\",\"url\":\"https:\/\/secure.gravatar.com\/avatar\/55cb5e37c1efa326397366e6974cb338056df65cb50e7d64d1cf314e87504837?s=96&d=mm&r=g\",\"contentUrl\":\"https:\/\/secure.gravatar.com\/avatar\/55cb5e37c1efa326397366e6974cb338056df65cb50e7d64d1cf314e87504837?s=96&d=mm&r=g\",\"caption\":\"Arnaldo Botto\"},\"url\":\"https:\/\/www.noticiasradioreflejos.com.ar\/2021\/author\/arnaldo\/\"}]}<\/script>\n<!-- \/ Yoast SEO plugin. -->","yoast_head_json":{"title":"Finalmente habr\u00e1 22 f\u00f3rmulas presidenciales en las PASO nacionales en la ciudad de Buenos Aires - Noticias Radio Reflejos","robots":{"index":"index","follow":"follow","max-snippet":"max-snippet:-1","max-image-preview":"max-image-preview:large","max-video-preview":"max-video-preview:-1"},"canonical":"https:\/\/www.noticiasradioreflejos.com.ar\/2021\/finalmente-habra-22-formulas-presidenciales-en-las-paso-nacionales-en-la-ciudad-de-buenos-aires\/","og_locale":"es_ES","og_type":"article","og_title":"Finalmente habr\u00e1 22 f\u00f3rmulas presidenciales en las PASO nacionales en la ciudad de Buenos Aires - Noticias Radio Reflejos","og_description":"Las primarias abiertas, simult\u00e1neas y obligatorias (PASO) del pr\u00f3ximo domingo tendr\u00e1n finalmente 22 f\u00f3rmulas presidenciales para los votantes de la Ciudad de Buenos Aires, luego de que la justicia electoral bajara cuatro f\u00f3rmulas por no presentar las boletas requeridas, y una quinta que fue declinada por los mismos candidatos.","og_url":"https:\/\/www.noticiasradioreflejos.com.ar\/2021\/finalmente-habra-22-formulas-presidenciales-en-las-paso-nacionales-en-la-ciudad-de-buenos-aires\/","og_site_name":"Noticias Radio Reflejos","article_published_time":"2023-08-11T15:36:54+00:00","og_image":[{"width":1004,"height":565,"url":"https:\/\/www.noticiasradioreflejos.com.ar\/2021\/wp-content\/uploads\/2021\/06\/urnas-votos.jpg","type":"image\/jpeg"}],"author":"Arnaldo Botto","twitter_card":"summary_large_image","schema":{"@context":"https:\/\/schema.org","@graph":[{"@type":"WebPage","@id":"https:\/\/www.noticiasradioreflejos.com.ar\/2021\/finalmente-habra-22-formulas-presidenciales-en-las-paso-nacionales-en-la-ciudad-de-buenos-aires\/","url":"https:\/\/www.noticiasradioreflejos.com.ar\/2021\/finalmente-habra-22-formulas-presidenciales-en-las-paso-nacionales-en-la-ciudad-de-buenos-aires\/","name":"Finalmente habr\u00e1 22 f\u00f3rmulas presidenciales en las PASO nacionales en la ciudad de Buenos Aires - Noticias Radio Reflejos","isPartOf":{"@id":"https:\/\/www.noticiasradioreflejos.com.ar\/2021\/#website"},"primaryImageOfPage":{"@id":"https:\/\/www.noticiasradioreflejos.com.ar\/2021\/finalmente-habra-22-formulas-presidenciales-en-las-paso-nacionales-en-la-ciudad-de-buenos-aires\/#primaryimage"},"image":{"@id":"https:\/\/www.noticiasradioreflejos.com.ar\/2021\/finalmente-habra-22-formulas-presidenciales-en-las-paso-nacionales-en-la-ciudad-de-buenos-aires\/#primaryimage"},"thumbnailUrl":"https:\/\/www.noticiasradioreflejos.com.ar\/2021\/wp-content\/uploads\/2021\/06\/urnas-votos.jpg","datePublished":"2023-08-11T15:36:54+00:00","author":{"@id":"https:\/\/www.noticiasradioreflejos.com.ar\/2021\/#\/schema\/person\/ad82545263dcc5ec0996818884fd5fb1"},"breadcrumb":{"@id":"https:\/\/www.noticiasradioreflejos.com.ar\/2021\/finalmente-habra-22-formulas-presidenciales-en-las-paso-nacionales-en-la-ciudad-de-buenos-aires\/#breadcrumb"},"inLanguage":"es","potentialAction":[{"@type":"ReadAction","target":["https:\/\/www.noticiasradioreflejos.com.ar\/2021\/finalmente-habra-22-formulas-presidenciales-en-las-paso-nacionales-en-la-ciudad-de-buenos-aires\/"]}]},{"@type":"ImageObject","inLanguage":"es","@id":"https:\/\/www.noticiasradioreflejos.com.ar\/2021\/finalmente-habra-22-formulas-presidenciales-en-las-paso-nacionales-en-la-ciudad-de-buenos-aires\/#primaryimage","url":"https:\/\/www.noticiasradioreflejos.com.ar\/2021\/wp-content\/uploads\/2021\/06\/urnas-votos.jpg","contentUrl":"https:\/\/www.noticiasradioreflejos.com.ar\/2021\/wp-content\/uploads\/2021\/06\/urnas-votos.jpg","width":1004,"height":565},{"@type":"BreadcrumbList","@id":"https:\/\/www.noticiasradioreflejos.com.ar\/2021\/finalmente-habra-22-formulas-presidenciales-en-las-paso-nacionales-en-la-ciudad-de-buenos-aires\/#breadcrumb","itemListElement":[{"@type":"ListItem","position":1,"name":"Portada","item":"https:\/\/www.noticiasradioreflejos.com.ar\/2021\/"},{"@type":"ListItem","position":2,"name":"Finalmente habr\u00e1 22 f\u00f3rmulas presidenciales en las PASO nacionales en la ciudad de Buenos Aires"}]},{"@type":"WebSite","@id":"https:\/\/www.noticiasradioreflejos.com.ar\/2021\/#website","url":"https:\/\/www.noticiasradioreflejos.com.ar\/2021\/","name":"Noticias Radio Reflejos","description":"Las noticias de mi comarca","potentialAction":[{"@type":"SearchAction","target":{"@type":"EntryPoint","urlTemplate":"https:\/\/www.noticiasradioreflejos.com.ar\/2021\/?s={search_term_string}"},"query-input":{"@type":"PropertyValueSpecification","valueRequired":true,"valueName":"search_term_string"}}],"inLanguage":"es"},{"@type":"Person","@id":"https:\/\/www.noticiasradioreflejos.com.ar\/2021\/#\/schema\/person\/ad82545263dcc5ec0996818884fd5fb1","name":"Arnaldo Botto","image":{"@type":"ImageObject","inLanguage":"es","@id":"https:\/\/www.noticiasradioreflejos.com.ar\/2021\/#\/schema\/person\/image\/","url":"https:\/\/secure.gravatar.com\/avatar\/55cb5e37c1efa326397366e6974cb338056df65cb50e7d64d1cf314e87504837?s=96&d=mm&r=g","contentUrl":"https:\/\/secure.gravatar.com\/avatar\/55cb5e37c1efa326397366e6974cb338056df65cb50e7d64d1cf314e87504837?s=96&d=mm&r=g","caption":"Arnaldo Botto"},"url":"https:\/\/www.noticiasradioreflejos.com.ar\/2021\/author\/arnaldo\/"}]}},"_links":{"self":[{"href":"https:\/\/www.noticiasradioreflejos.com.ar\/2021\/wp-json\/wp\/v2\/posts\/91498","targetHints":{"allow":["GET"]}}],"collection":[{"href":"https:\/\/www.noticiasradioreflejos.com.ar\/2021\/wp-json\/wp\/v2\/posts"}],"about":[{"href":"https:\/\/www.noticiasradioreflejos.com.ar\/2021\/wp-json\/wp\/v2\/types\/post"}],"author":[{"embeddable":true,"href":"https:\/\/www.noticiasradioreflejos.com.ar\/2021\/wp-json\/wp\/v2\/users\/3"}],"replies":[{"embeddable":true,"href":"https:\/\/www.noticiasradioreflejos.com.ar\/2021\/wp-json\/wp\/v2\/comments?post=91498"}],"version-history":[{"count":1,"href":"https:\/\/www.noticiasradioreflejos.com.ar\/2021\/wp-json\/wp\/v2\/posts\/91498\/revisions"}],"predecessor-version":[{"id":91499,"href":"https:\/\/www.noticiasradioreflejos.com.ar\/2021\/wp-json\/wp\/v2\/posts\/91498\/revisions\/91499"}],"wp:featuredmedia":[{"embeddable":true,"href":"https:\/\/www.noticiasradioreflejos.com.ar\/2021\/wp-json\/wp\/v2\/media\/59136"}],"wp:attachment":[{"href":"https:\/\/www.noticiasradioreflejos.com.ar\/2021\/wp-json\/wp\/v2\/media?parent=91498"}],"wp:term":[{"taxonomy":"category","embeddable":true,"href":"https:\/\/www.noticiasradioreflejos.com.ar\/2021\/wp-json\/wp\/v2\/categories?post=91498"},{"taxonomy":"post_tag","embeddable":true,"href":"https:\/\/www.noticiasradioreflejos.com.ar\/2021\/wp-json\/wp\/v2\/tags?post=91498"}],"curies":[{"name":"wp","href":"https:\/\/api.w.org\/{rel}","templated":true}]}}