{"id":91495,"date":"2023-08-11T15:31:44","date_gmt":"2023-08-11T15:31:44","guid":{"rendered":"https:\/\/www.noticiasradioreflejos.com.ar\/2021\/?p=91495"},"modified":"2023-08-11T15:31:44","modified_gmt":"2023-08-11T15:31:44","slug":"asesinan-a-balazos-a-un-profesor-de-educacion-fisica-jubilado-durante-un-asalto-en-guernica","status":"publish","type":"post","link":"https:\/\/www.noticiasradioreflejos.com.ar\/2021\/asesinan-a-balazos-a-un-profesor-de-educacion-fisica-jubilado-durante-un-asalto-en-guernica\/","title":{"rendered":"Asesinan a balazos a un profesor de educaci\u00f3n f\u00edsica jubilado durante un asalto en Guernica"},"content":{"rendered":"<p>Un profesor de educaci\u00f3n f\u00edsica jubilado de 56 a\u00f1os fue asesinado hoy a balazos cuando se resisti\u00f3 a un asalto en su vivienda de la localidad bonaerense de Guernica, donde varios delincuentes hab\u00edan ingresado por una ventana, informaron hoy fuentes policiales.<!--more--><\/p>\n<p>La v\u00edctima fue identificada por las fuentes como Nelson Daniel Peralta (56) y el hecho ocurri\u00f3 minutos despu\u00e9s de las 5 de esta madrugada en su casa ubicada en la calle Alaska 2436 de la mencionada ciudad del partido de Presidente Per\u00f3n.<\/p>\n<p>Los voceros explicaron que en la casa estaban durmiendo Peralta y su esposa, y que, cuando advirti\u00f3 que los ladrones estaban entrando por una de las ventanas, el docente jubilado se trenz\u00f3 en lucha con uno de ellos y, en ese marco, recibi\u00f3 varios impactos de bala, la mayor\u00eda en la zona abdominal.<\/p>\n<p>Una fuente policial indic\u00f3 que los delincuentes robaron \u00abuna suma de dinero\u00bb y luego escaparon en los dos autos con los que, seg\u00fan los testigos, hab\u00edan llegado.<\/p>\n<p>El docente jubilado fue trasladado de urgencia en una ambulancia al hospital zonal, pero dado a la gravedad de las heridas, all\u00ed falleci\u00f3.<\/p>\n<p>El caso es investigado por le Unidad Funcional de Instrucci\u00f3n (UFI) 1 descentralizada de Presidente Per\u00f3n, quien ya puso a trabajar a los detectives de la Delegaci\u00f3n Departamental de Investigaciones (DDI) de la Plata y a los de la Sub DDI de San Vicente.<\/p>\n<p>Roc\u00edo, una vecina de la v\u00edctima, asegur\u00f3 al canal TN que todo empez\u00f3 \u00aba las 5.09\u00bb de la madrugada cuando su marido sal\u00eda a trabajar y se encontr\u00f3 con los dos autos de los delincuentes.<\/p>\n<p>\u00abYa hab\u00edan entrado a la casa de Nelson y a las 5.16 se escucharon los disparos\u00bb, precis\u00f3 la vecina e hizo referencia a que tienen los horarios exactos porque todo lo fueron comunicando en el chat de vecinos.<\/p>\n<p>\u00abIntentaron ingresar por la ventana, se quiso defender y le dieron cinco disparos en el abdomen, y a la mujer, Mabel, la molieron a palos, fue hospitalizada, \u00c9l falleci\u00f3 camino al hospital\u00bb, coment\u00f3.<\/p>\n<p>La mujer indic\u00f3 que, por lo que supo despu\u00e9s, \u00able robaron una suma de dinero y se fueron volando\u00bb.<\/p>\n<p>\u00abLa polic\u00eda, dentro de todo, lleg\u00f3 r\u00e1pido, pero (los delincuentes) ya se hab\u00edan ido. Solo sabemos los modelos de los autos y que eran como seis personas. Estamos esperando si desde el centro de monitoreo pueden dar con las patentes\u00bb, agreg\u00f3<\/p>\n<p>Uno de los investigadores policiales afirm\u00f3 a T\u00e9lam que \u00ablos delincuentes no ser\u00edan de la zona\u00bb y que se est\u00e1 trabajando \u00abcon los testigos y las im\u00e1genes de c\u00e1maras para intentar identificarlos\u00bb<\/p>\n","protected":false},"excerpt":{"rendered":"<p>Un profesor de educaci\u00f3n f\u00edsica jubilado de 56 a\u00f1os fue asesinado hoy a balazos cuando se resisti\u00f3 a un asalto en su vivienda de la localidad bonaerense de Guernica, donde varios delincuentes hab\u00edan ingresado por una ventana, informaron hoy fuentes policiales.<\/p>\n","protected":false},"author":3,"featured_media":0,"comment_status":"closed","ping_status":"closed","sticky":false,"template":"","format":"standard","meta":{"footnotes":""},"categories":[29],"tags":[],"class_list":["post-91495","post","type-post","status-publish","format-standard","hentry","category-policiales"],"yoast_head":"<!-- This site is optimized with the Yoast SEO plugin v25.9 - https:\/\/yoast.com\/wordpress\/plugins\/seo\/ -->\n<title>Asesinan a balazos a un profesor de educaci\u00f3n f\u00edsica jubilado durante un asalto en Guernica - Noticias Radio Reflejos<\/title>\n<meta name=\"robots\" content=\"index, follow, max-snippet:-1, max-image-preview:large, max-video-preview:-1\" \/>\n<link rel=\"canonical\" href=\"https:\/\/www.noticiasradioreflejos.com.ar\/2021\/asesinan-a-balazos-a-un-profesor-de-educacion-fisica-jubilado-durante-un-asalto-en-guernica\/\" \/>\n<meta property=\"og:locale\" content=\"es_ES\" \/>\n<meta property=\"og:type\" content=\"article\" \/>\n<meta property=\"og:title\" content=\"Asesinan a balazos a un profesor de educaci\u00f3n f\u00edsica jubilado durante un asalto en Guernica - Noticias Radio Reflejos\" \/>\n<meta property=\"og:description\" content=\"Un profesor de educaci\u00f3n f\u00edsica jubilado de 56 a\u00f1os fue asesinado hoy a balazos cuando se resisti\u00f3 a un asalto en su vivienda de la localidad bonaerense de Guernica, donde varios delincuentes hab\u00edan ingresado por una ventana, informaron hoy fuentes policiales.\" \/>\n<meta property=\"og:url\" content=\"https:\/\/www.noticiasradioreflejos.com.ar\/2021\/asesinan-a-balazos-a-un-profesor-de-educacion-fisica-jubilado-durante-un-asalto-en-guernica\/\" \/>\n<meta property=\"og:site_name\" content=\"Noticias Radio Reflejos\" \/>\n<meta property=\"article:published_time\" content=\"2023-08-11T15:31:44+00:00\" \/>\n<meta property=\"og:image\" content=\"https:\/\/www.noticiasradioreflejos.com.ar\/2021\/wp-content\/uploads\/2021\/07\/logosol300x200.png\" \/>\n\t<meta property=\"og:image:width\" content=\"300\" \/>\n\t<meta property=\"og:image:height\" content=\"200\" \/>\n\t<meta property=\"og:image:type\" content=\"image\/png\" \/>\n<meta name=\"author\" content=\"Arnaldo Botto\" \/>\n<meta name=\"twitter:card\" content=\"summary_large_image\" \/>\n<script type=\"application\/ld+json\" class=\"yoast-schema-graph\">{\"@context\":\"https:\/\/schema.org\",\"@graph\":[{\"@type\":\"WebPage\",\"@id\":\"https:\/\/www.noticiasradioreflejos.com.ar\/2021\/asesinan-a-balazos-a-un-profesor-de-educacion-fisica-jubilado-durante-un-asalto-en-guernica\/\",\"url\":\"https:\/\/www.noticiasradioreflejos.com.ar\/2021\/asesinan-a-balazos-a-un-profesor-de-educacion-fisica-jubilado-durante-un-asalto-en-guernica\/\",\"name\":\"Asesinan a balazos a un profesor de educaci\u00f3n f\u00edsica jubilado durante un asalto en Guernica - Noticias Radio Reflejos\",\"isPartOf\":{\"@id\":\"https:\/\/www.noticiasradioreflejos.com.ar\/2021\/#website\"},\"datePublished\":\"2023-08-11T15:31:44+00:00\",\"author\":{\"@id\":\"https:\/\/www.noticiasradioreflejos.com.ar\/2021\/#\/schema\/person\/ad82545263dcc5ec0996818884fd5fb1\"},\"breadcrumb\":{\"@id\":\"https:\/\/www.noticiasradioreflejos.com.ar\/2021\/asesinan-a-balazos-a-un-profesor-de-educacion-fisica-jubilado-durante-un-asalto-en-guernica\/#breadcrumb\"},\"inLanguage\":\"es\",\"potentialAction\":[{\"@type\":\"ReadAction\",\"target\":[\"https:\/\/www.noticiasradioreflejos.com.ar\/2021\/asesinan-a-balazos-a-un-profesor-de-educacion-fisica-jubilado-durante-un-asalto-en-guernica\/\"]}]},{\"@type\":\"BreadcrumbList\",\"@id\":\"https:\/\/www.noticiasradioreflejos.com.ar\/2021\/asesinan-a-balazos-a-un-profesor-de-educacion-fisica-jubilado-durante-un-asalto-en-guernica\/#breadcrumb\",\"itemListElement\":[{\"@type\":\"ListItem\",\"position\":1,\"name\":\"Portada\",\"item\":\"https:\/\/www.noticiasradioreflejos.com.ar\/2021\/\"},{\"@type\":\"ListItem\",\"position\":2,\"name\":\"Asesinan a balazos a un profesor de educaci\u00f3n f\u00edsica jubilado durante un asalto en Guernica\"}]},{\"@type\":\"WebSite\",\"@id\":\"https:\/\/www.noticiasradioreflejos.com.ar\/2021\/#website\",\"url\":\"https:\/\/www.noticiasradioreflejos.com.ar\/2021\/\",\"name\":\"Noticias Radio Reflejos\",\"description\":\"Las noticias de mi comarca\",\"potentialAction\":[{\"@type\":\"SearchAction\",\"target\":{\"@type\":\"EntryPoint\",\"urlTemplate\":\"https:\/\/www.noticiasradioreflejos.com.ar\/2021\/?s={search_term_string}\"},\"query-input\":{\"@type\":\"PropertyValueSpecification\",\"valueRequired\":true,\"valueName\":\"search_term_string\"}}],\"inLanguage\":\"es\"},{\"@type\":\"Person\",\"@id\":\"https:\/\/www.noticiasradioreflejos.com.ar\/2021\/#\/schema\/person\/ad82545263dcc5ec0996818884fd5fb1\",\"name\":\"Arnaldo Botto\",\"image\":{\"@type\":\"ImageObject\",\"inLanguage\":\"es\",\"@id\":\"https:\/\/www.noticiasradioreflejos.com.ar\/2021\/#\/schema\/person\/image\/\",\"url\":\"https:\/\/secure.gravatar.com\/avatar\/55cb5e37c1efa326397366e6974cb338056df65cb50e7d64d1cf314e87504837?s=96&d=mm&r=g\",\"contentUrl\":\"https:\/\/secure.gravatar.com\/avatar\/55cb5e37c1efa326397366e6974cb338056df65cb50e7d64d1cf314e87504837?s=96&d=mm&r=g\",\"caption\":\"Arnaldo Botto\"},\"url\":\"https:\/\/www.noticiasradioreflejos.com.ar\/2021\/author\/arnaldo\/\"}]}<\/script>\n<!-- \/ Yoast SEO plugin. -->","yoast_head_json":{"title":"Asesinan a balazos a un profesor de educaci\u00f3n f\u00edsica jubilado durante un asalto en Guernica - Noticias Radio Reflejos","robots":{"index":"index","follow":"follow","max-snippet":"max-snippet:-1","max-image-preview":"max-image-preview:large","max-video-preview":"max-video-preview:-1"},"canonical":"https:\/\/www.noticiasradioreflejos.com.ar\/2021\/asesinan-a-balazos-a-un-profesor-de-educacion-fisica-jubilado-durante-un-asalto-en-guernica\/","og_locale":"es_ES","og_type":"article","og_title":"Asesinan a balazos a un profesor de educaci\u00f3n f\u00edsica jubilado durante un asalto en Guernica - Noticias Radio Reflejos","og_description":"Un profesor de educaci\u00f3n f\u00edsica jubilado de 56 a\u00f1os fue asesinado hoy a balazos cuando se resisti\u00f3 a un asalto en su vivienda de la localidad bonaerense de Guernica, donde varios delincuentes hab\u00edan ingresado por una ventana, informaron hoy fuentes policiales.","og_url":"https:\/\/www.noticiasradioreflejos.com.ar\/2021\/asesinan-a-balazos-a-un-profesor-de-educacion-fisica-jubilado-durante-un-asalto-en-guernica\/","og_site_name":"Noticias Radio Reflejos","article_published_time":"2023-08-11T15:31:44+00:00","og_image":[{"width":300,"height":200,"url":"https:\/\/www.noticiasradioreflejos.com.ar\/2021\/wp-content\/uploads\/2021\/07\/logosol300x200.png","type":"image\/png"}],"author":"Arnaldo Botto","twitter_card":"summary_large_image","schema":{"@context":"https:\/\/schema.org","@graph":[{"@type":"WebPage","@id":"https:\/\/www.noticiasradioreflejos.com.ar\/2021\/asesinan-a-balazos-a-un-profesor-de-educacion-fisica-jubilado-durante-un-asalto-en-guernica\/","url":"https:\/\/www.noticiasradioreflejos.com.ar\/2021\/asesinan-a-balazos-a-un-profesor-de-educacion-fisica-jubilado-durante-un-asalto-en-guernica\/","name":"Asesinan a balazos a un profesor de educaci\u00f3n f\u00edsica jubilado durante un asalto en Guernica - Noticias Radio Reflejos","isPartOf":{"@id":"https:\/\/www.noticiasradioreflejos.com.ar\/2021\/#website"},"datePublished":"2023-08-11T15:31:44+00:00","author":{"@id":"https:\/\/www.noticiasradioreflejos.com.ar\/2021\/#\/schema\/person\/ad82545263dcc5ec0996818884fd5fb1"},"breadcrumb":{"@id":"https:\/\/www.noticiasradioreflejos.com.ar\/2021\/asesinan-a-balazos-a-un-profesor-de-educacion-fisica-jubilado-durante-un-asalto-en-guernica\/#breadcrumb"},"inLanguage":"es","potentialAction":[{"@type":"ReadAction","target":["https:\/\/www.noticiasradioreflejos.com.ar\/2021\/asesinan-a-balazos-a-un-profesor-de-educacion-fisica-jubilado-durante-un-asalto-en-guernica\/"]}]},{"@type":"BreadcrumbList","@id":"https:\/\/www.noticiasradioreflejos.com.ar\/2021\/asesinan-a-balazos-a-un-profesor-de-educacion-fisica-jubilado-durante-un-asalto-en-guernica\/#breadcrumb","itemListElement":[{"@type":"ListItem","position":1,"name":"Portada","item":"https:\/\/www.noticiasradioreflejos.com.ar\/2021\/"},{"@type":"ListItem","position":2,"name":"Asesinan a balazos a un profesor de educaci\u00f3n f\u00edsica jubilado durante un asalto en Guernica"}]},{"@type":"WebSite","@id":"https:\/\/www.noticiasradioreflejos.com.ar\/2021\/#website","url":"https:\/\/www.noticiasradioreflejos.com.ar\/2021\/","name":"Noticias Radio Reflejos","description":"Las noticias de mi comarca","potentialAction":[{"@type":"SearchAction","target":{"@type":"EntryPoint","urlTemplate":"https:\/\/www.noticiasradioreflejos.com.ar\/2021\/?s={search_term_string}"},"query-input":{"@type":"PropertyValueSpecification","valueRequired":true,"valueName":"search_term_string"}}],"inLanguage":"es"},{"@type":"Person","@id":"https:\/\/www.noticiasradioreflejos.com.ar\/2021\/#\/schema\/person\/ad82545263dcc5ec0996818884fd5fb1","name":"Arnaldo Botto","image":{"@type":"ImageObject","inLanguage":"es","@id":"https:\/\/www.noticiasradioreflejos.com.ar\/2021\/#\/schema\/person\/image\/","url":"https:\/\/secure.gravatar.com\/avatar\/55cb5e37c1efa326397366e6974cb338056df65cb50e7d64d1cf314e87504837?s=96&d=mm&r=g","contentUrl":"https:\/\/secure.gravatar.com\/avatar\/55cb5e37c1efa326397366e6974cb338056df65cb50e7d64d1cf314e87504837?s=96&d=mm&r=g","caption":"Arnaldo Botto"},"url":"https:\/\/www.noticiasradioreflejos.com.ar\/2021\/author\/arnaldo\/"}]}},"_links":{"self":[{"href":"https:\/\/www.noticiasradioreflejos.com.ar\/2021\/wp-json\/wp\/v2\/posts\/91495","targetHints":{"allow":["GET"]}}],"collection":[{"href":"https:\/\/www.noticiasradioreflejos.com.ar\/2021\/wp-json\/wp\/v2\/posts"}],"about":[{"href":"https:\/\/www.noticiasradioreflejos.com.ar\/2021\/wp-json\/wp\/v2\/types\/post"}],"author":[{"embeddable":true,"href":"https:\/\/www.noticiasradioreflejos.com.ar\/2021\/wp-json\/wp\/v2\/users\/3"}],"replies":[{"embeddable":true,"href":"https:\/\/www.noticiasradioreflejos.com.ar\/2021\/wp-json\/wp\/v2\/comments?post=91495"}],"version-history":[{"count":1,"href":"https:\/\/www.noticiasradioreflejos.com.ar\/2021\/wp-json\/wp\/v2\/posts\/91495\/revisions"}],"predecessor-version":[{"id":91497,"href":"https:\/\/www.noticiasradioreflejos.com.ar\/2021\/wp-json\/wp\/v2\/posts\/91495\/revisions\/91497"}],"wp:attachment":[{"href":"https:\/\/www.noticiasradioreflejos.com.ar\/2021\/wp-json\/wp\/v2\/media?parent=91495"}],"wp:term":[{"taxonomy":"category","embeddable":true,"href":"https:\/\/www.noticiasradioreflejos.com.ar\/2021\/wp-json\/wp\/v2\/categories?post=91495"},{"taxonomy":"post_tag","embeddable":true,"href":"https:\/\/www.noticiasradioreflejos.com.ar\/2021\/wp-json\/wp\/v2\/tags?post=91495"}],"curies":[{"name":"wp","href":"https:\/\/api.w.org\/{rel}","templated":true}]}}