{"id":9148,"date":"2017-04-17T10:11:06","date_gmt":"2017-04-17T13:11:06","guid":{"rendered":"http:\/\/noticiasradioreflejos.com.ar\/noticias\/?p=9148"},"modified":"2017-04-17T10:11:06","modified_gmt":"2017-04-17T13:11:06","slug":"comarca-a-pleno-en-esta-semana-santa","status":"publish","type":"post","link":"https:\/\/www.noticiasradioreflejos.com.ar\/2021\/comarca-a-pleno-en-esta-semana-santa\/","title":{"rendered":"Comarca a pleno en esta  Semana Santa."},"content":{"rendered":"<p><a title=\"IMG_20170414_161240247\" href=\"http:\/\/farm3.staticflickr.com\/2824\/34053902786_9b72ac7b92.jpg\" rel=\"\"><img loading=\"lazy\" decoding=\"async\" class=\"alignleft\" style=\"float: left;\" title=\"IMG_20170414_161240247\" src=\"http:\/\/farm3.staticflickr.com\/2824\/34053902786_9b72ac7b92.jpg\" alt=\"IMG_20170414_161240247\" width=\"500\" height=\"245\" \/><\/a>Con anticipaci\u00f3n se conoc\u00edan datos que marcaban a este f\u00edn de semana largo de Semana Santa como muy concurrido. Demanda de alojamiento desde hac\u00eda meses, consultas por todas las v\u00edas y demanda permanente durante las \u00faltimas semanas aportan datos que la comarca se llenar\u00eda durante estos cuatro d\u00edas.<br \/>\nY as\u00ed fu\u00e9, ya para el jueves por la ma\u00f1ana la Secretaria de turismo de Tornquist, Susana Dos Santos anunciaba una ocupaci\u00f3n de m\u00e1s del 95 % de todo el alojamiento del distrito.<!--more--><br \/>\nLas calles, restaurantes, y puntos de atracci\u00f3n mostraron el resultado, estacionar en la zona c\u00e9ntrica de Sierra de la Ventana y y Villa Ventana, lo demostr\u00f3 claramente. Much\u00edsima gente eligi\u00f3 nuestra Comarca Tur\u00edstica para su descanso o pasar sus Pascuas en las sierras.<br \/>\n<a title=\"IMG_20170414_160535426\" href=\"http:\/\/farm3.staticflickr.com\/2824\/34053915466_614bdc495e_z.jpg\" rel=\"\"><img loading=\"lazy\" decoding=\"async\" class=\"aligncenter\" title=\"IMG_20170414_160535426\" src=\"http:\/\/farm3.staticflickr.com\/2824\/34053915466_614bdc495e_z.jpg\" alt=\"IMG_20170414_160535426\" width=\"640\" height=\"375\" \/><\/a>El tiempo jug\u00f3 a favor de los visitantes y los habitantes de la zona, a excepci\u00f3n del s\u00e1bado que tuvo un registro de lluvias que alcanz\u00f3 los 5 mm en Sierra de la Ventana y la zona, lo que limit\u00f3 la actividad al aire libre para muchos.<br \/>\nCircular por las rutas 72 y 76 demandaba de m\u00e1s tiempo para llegar a destino, y el mirador del Cerro Ventana se convert\u00eda en el punto top de los turistas y el sendero frente a la Ventana era un incesante subir y bajar de gente para lograr la mejor vista de la zona y sus correspondientes fotograf\u00edas.<a title=\"17991207_759478650889857_2982183525638387264_n\" href=\"http:\/\/farm3.staticflickr.com\/2857\/34094583205_802bf95f4e_z.jpg\" rel=\"\"><img loading=\"lazy\" decoding=\"async\" class=\"aligncenter\" title=\"17991207_759478650889857_2982183525638387264_n\" src=\"http:\/\/farm3.staticflickr.com\/2857\/34094583205_802bf95f4e_z.jpg\" alt=\"17991207_759478650889857_2982183525638387264_n\" width=\"540\" height=\"592\" \/><\/a><br \/>\nPrincipalmente Sierra de la Ventana y el Parque Provincial \u00abErnesto Tornquist\u00bb mostraron un gran movimiento durante las 4 jornadas al igual que Villa Ventana y Saldungaray. Villa la Arcadia recibi\u00f3 como cada a\u00f1o con una gran feria y espect\u00e1culos para los visitantes en el predio que se encuentra junto a la Capilla y donde por la noche del viernes se desarroll\u00f3 el V\u00eda crucis viviente con la actuaci\u00f3n del grupo de teatro de Cnel Suarez.\u00a0<a title=\"17952545_758626707641718_478125199626767869_n\" href=\"http:\/\/farm3.staticflickr.com\/2856\/34053916436_a39eef901e_z.jpg\" rel=\"\"><img loading=\"lazy\" decoding=\"async\" class=\"aligncenter\" title=\"17952545_758626707641718_478125199626767869_n\" src=\"http:\/\/farm3.staticflickr.com\/2856\/34053916436_a39eef901e_z.jpg\" alt=\"17952545_758626707641718_478125199626767869_n\" width=\"640\" height=\"360\" \/><\/a><br \/>\nEl domingo de Pascuas, las iglesias y capillas de la comarca celebraron la misa con una concurrencia muy importante de fieles en todas y cada una de las localidades.<br \/>\nPara el comercio en general, se not\u00f3 poco gasto por parte de los visitantes, aunque determinados locales tuvieron largas colas durante los 4 d\u00edas y buenas ventas.<br \/>\n<a title=\"17904162_758626534308402_8880262315460071706_n\" href=\"http:\/\/farm3.staticflickr.com\/2856\/34053917596_575cfa7a96_z.jpg\" rel=\"\"><img loading=\"lazy\" decoding=\"async\" class=\"aligncenter\" title=\"17904162_758626534308402_8880262315460071706_n\" src=\"http:\/\/farm3.staticflickr.com\/2856\/34053917596_575cfa7a96_z.jpg\" alt=\"17904162_758626534308402_8880262315460071706_n\" width=\"441\" height=\"640\" \/><\/a><br \/>\nEl balance finalmente resulta muy positivo y si bien, muchos prestadores hacen comparaciones con el fin de semana de carnavales, estos 4 d\u00edas no alcanzaron a igualar a ese finde largo, marc\u00e1ndolo como el m\u00e1s concurrido de lo que va del a\u00f1o.<br \/>\n<a title=\"17952502_759478597556529_2246689567867834273_n\" href=\"http:\/\/farm3.staticflickr.com\/2812\/34053917156_f6e4abc3fd_o.jpg\" rel=\"\"><img loading=\"lazy\" decoding=\"async\" class=\"aligncenter\" title=\"17952502_759478597556529_2246689567867834273_n\" src=\"http:\/\/farm3.staticflickr.com\/2812\/34053917156_f6e4abc3fd_o.jpg\" alt=\"17952502_759478597556529_2246689567867834273_n\" width=\"337\" height=\"323\" \/><\/a><\/p>\n","protected":false},"excerpt":{"rendered":"<p>Con anticipaci\u00f3n se conoc\u00edan datos que marcaban a este f\u00edn de semana largo de Semana Santa como muy concurrido. Demanda de alojamiento desde hac\u00eda meses, consultas por todas las v\u00edas y demanda permanente durante las \u00faltimas semanas aportan datos que la comarca se llenar\u00eda durante estos cuatro d\u00edas. Y as\u00ed fu\u00e9, ya para el jueves [&hellip;]<\/p>\n","protected":false},"author":3,"featured_media":9152,"comment_status":"closed","ping_status":"open","sticky":false,"template":"","format":"standard","meta":{"footnotes":""},"categories":[33],"tags":[],"class_list":["post-9148","post","type-post","status-publish","format-standard","has-post-thumbnail","hentry","category-turismo"],"yoast_head":"<!-- This site is optimized with the Yoast SEO plugin v25.9 - https:\/\/yoast.com\/wordpress\/plugins\/seo\/ -->\n<title>Comarca a pleno en esta Semana Santa. - Noticias Radio Reflejos<\/title>\n<meta name=\"robots\" content=\"index, follow, max-snippet:-1, max-image-preview:large, max-video-preview:-1\" \/>\n<link rel=\"canonical\" href=\"https:\/\/www.noticiasradioreflejos.com.ar\/2021\/comarca-a-pleno-en-esta-semana-santa\/\" \/>\n<meta property=\"og:locale\" content=\"es_ES\" \/>\n<meta property=\"og:type\" content=\"article\" \/>\n<meta property=\"og:title\" content=\"Comarca a pleno en esta Semana Santa. - Noticias Radio Reflejos\" \/>\n<meta property=\"og:description\" content=\"Con anticipaci\u00f3n se conoc\u00edan datos que marcaban a este f\u00edn de semana largo de Semana Santa como muy concurrido. Demanda de alojamiento desde hac\u00eda meses, consultas por todas las v\u00edas y demanda permanente durante las \u00faltimas semanas aportan datos que la comarca se llenar\u00eda durante estos cuatro d\u00edas. Y as\u00ed fu\u00e9, ya para el jueves [&hellip;]\" \/>\n<meta property=\"og:url\" content=\"https:\/\/www.noticiasradioreflejos.com.ar\/2021\/comarca-a-pleno-en-esta-semana-santa\/\" \/>\n<meta property=\"og:site_name\" content=\"Noticias Radio Reflejos\" \/>\n<meta property=\"article:published_time\" content=\"2017-04-17T13:11:06+00:00\" \/>\n<meta property=\"og:image\" content=\"https:\/\/www.noticiasradioreflejos.com.ar\/2021\/wp-content\/uploads\/2017\/04\/IMG_20170414_161600021-2.jpg\" \/>\n\t<meta property=\"og:image:width\" content=\"1024\" \/>\n\t<meta property=\"og:image:height\" content=\"768\" \/>\n\t<meta property=\"og:image:type\" content=\"image\/jpeg\" \/>\n<meta name=\"author\" content=\"Arnaldo Botto\" \/>\n<meta name=\"twitter:card\" content=\"summary_large_image\" \/>\n<script type=\"application\/ld+json\" class=\"yoast-schema-graph\">{\"@context\":\"https:\/\/schema.org\",\"@graph\":[{\"@type\":\"WebPage\",\"@id\":\"https:\/\/www.noticiasradioreflejos.com.ar\/2021\/comarca-a-pleno-en-esta-semana-santa\/\",\"url\":\"https:\/\/www.noticiasradioreflejos.com.ar\/2021\/comarca-a-pleno-en-esta-semana-santa\/\",\"name\":\"Comarca a pleno en esta Semana Santa. - Noticias Radio Reflejos\",\"isPartOf\":{\"@id\":\"https:\/\/www.noticiasradioreflejos.com.ar\/2021\/#website\"},\"primaryImageOfPage\":{\"@id\":\"https:\/\/www.noticiasradioreflejos.com.ar\/2021\/comarca-a-pleno-en-esta-semana-santa\/#primaryimage\"},\"image\":{\"@id\":\"https:\/\/www.noticiasradioreflejos.com.ar\/2021\/comarca-a-pleno-en-esta-semana-santa\/#primaryimage\"},\"thumbnailUrl\":\"https:\/\/www.noticiasradioreflejos.com.ar\/2021\/wp-content\/uploads\/2017\/04\/IMG_20170414_161600021-2.jpg\",\"datePublished\":\"2017-04-17T13:11:06+00:00\",\"author\":{\"@id\":\"https:\/\/www.noticiasradioreflejos.com.ar\/2021\/#\/schema\/person\/ad82545263dcc5ec0996818884fd5fb1\"},\"breadcrumb\":{\"@id\":\"https:\/\/www.noticiasradioreflejos.com.ar\/2021\/comarca-a-pleno-en-esta-semana-santa\/#breadcrumb\"},\"inLanguage\":\"es\",\"potentialAction\":[{\"@type\":\"ReadAction\",\"target\":[\"https:\/\/www.noticiasradioreflejos.com.ar\/2021\/comarca-a-pleno-en-esta-semana-santa\/\"]}]},{\"@type\":\"ImageObject\",\"inLanguage\":\"es\",\"@id\":\"https:\/\/www.noticiasradioreflejos.com.ar\/2021\/comarca-a-pleno-en-esta-semana-santa\/#primaryimage\",\"url\":\"https:\/\/www.noticiasradioreflejos.com.ar\/2021\/wp-content\/uploads\/2017\/04\/IMG_20170414_161600021-2.jpg\",\"contentUrl\":\"https:\/\/www.noticiasradioreflejos.com.ar\/2021\/wp-content\/uploads\/2017\/04\/IMG_20170414_161600021-2.jpg\",\"width\":1024,\"height\":768},{\"@type\":\"BreadcrumbList\",\"@id\":\"https:\/\/www.noticiasradioreflejos.com.ar\/2021\/comarca-a-pleno-en-esta-semana-santa\/#breadcrumb\",\"itemListElement\":[{\"@type\":\"ListItem\",\"position\":1,\"name\":\"Portada\",\"item\":\"https:\/\/www.noticiasradioreflejos.com.ar\/2021\/\"},{\"@type\":\"ListItem\",\"position\":2,\"name\":\"Comarca a pleno en esta Semana Santa.\"}]},{\"@type\":\"WebSite\",\"@id\":\"https:\/\/www.noticiasradioreflejos.com.ar\/2021\/#website\",\"url\":\"https:\/\/www.noticiasradioreflejos.com.ar\/2021\/\",\"name\":\"Noticias Radio Reflejos\",\"description\":\"Las noticias de mi comarca\",\"potentialAction\":[{\"@type\":\"SearchAction\",\"target\":{\"@type\":\"EntryPoint\",\"urlTemplate\":\"https:\/\/www.noticiasradioreflejos.com.ar\/2021\/?s={search_term_string}\"},\"query-input\":{\"@type\":\"PropertyValueSpecification\",\"valueRequired\":true,\"valueName\":\"search_term_string\"}}],\"inLanguage\":\"es\"},{\"@type\":\"Person\",\"@id\":\"https:\/\/www.noticiasradioreflejos.com.ar\/2021\/#\/schema\/person\/ad82545263dcc5ec0996818884fd5fb1\",\"name\":\"Arnaldo Botto\",\"image\":{\"@type\":\"ImageObject\",\"inLanguage\":\"es\",\"@id\":\"https:\/\/www.noticiasradioreflejos.com.ar\/2021\/#\/schema\/person\/image\/\",\"url\":\"https:\/\/secure.gravatar.com\/avatar\/55cb5e37c1efa326397366e6974cb338056df65cb50e7d64d1cf314e87504837?s=96&d=mm&r=g\",\"contentUrl\":\"https:\/\/secure.gravatar.com\/avatar\/55cb5e37c1efa326397366e6974cb338056df65cb50e7d64d1cf314e87504837?s=96&d=mm&r=g\",\"caption\":\"Arnaldo Botto\"},\"url\":\"https:\/\/www.noticiasradioreflejos.com.ar\/2021\/author\/arnaldo\/\"}]}<\/script>\n<!-- \/ Yoast SEO plugin. -->","yoast_head_json":{"title":"Comarca a pleno en esta Semana Santa. - Noticias Radio Reflejos","robots":{"index":"index","follow":"follow","max-snippet":"max-snippet:-1","max-image-preview":"max-image-preview:large","max-video-preview":"max-video-preview:-1"},"canonical":"https:\/\/www.noticiasradioreflejos.com.ar\/2021\/comarca-a-pleno-en-esta-semana-santa\/","og_locale":"es_ES","og_type":"article","og_title":"Comarca a pleno en esta Semana Santa. - Noticias Radio Reflejos","og_description":"Con anticipaci\u00f3n se conoc\u00edan datos que marcaban a este f\u00edn de semana largo de Semana Santa como muy concurrido. Demanda de alojamiento desde hac\u00eda meses, consultas por todas las v\u00edas y demanda permanente durante las \u00faltimas semanas aportan datos que la comarca se llenar\u00eda durante estos cuatro d\u00edas. Y as\u00ed fu\u00e9, ya para el jueves [&hellip;]","og_url":"https:\/\/www.noticiasradioreflejos.com.ar\/2021\/comarca-a-pleno-en-esta-semana-santa\/","og_site_name":"Noticias Radio Reflejos","article_published_time":"2017-04-17T13:11:06+00:00","og_image":[{"width":1024,"height":768,"url":"https:\/\/www.noticiasradioreflejos.com.ar\/2021\/wp-content\/uploads\/2017\/04\/IMG_20170414_161600021-2.jpg","type":"image\/jpeg"}],"author":"Arnaldo Botto","twitter_card":"summary_large_image","schema":{"@context":"https:\/\/schema.org","@graph":[{"@type":"WebPage","@id":"https:\/\/www.noticiasradioreflejos.com.ar\/2021\/comarca-a-pleno-en-esta-semana-santa\/","url":"https:\/\/www.noticiasradioreflejos.com.ar\/2021\/comarca-a-pleno-en-esta-semana-santa\/","name":"Comarca a pleno en esta Semana Santa. - Noticias Radio Reflejos","isPartOf":{"@id":"https:\/\/www.noticiasradioreflejos.com.ar\/2021\/#website"},"primaryImageOfPage":{"@id":"https:\/\/www.noticiasradioreflejos.com.ar\/2021\/comarca-a-pleno-en-esta-semana-santa\/#primaryimage"},"image":{"@id":"https:\/\/www.noticiasradioreflejos.com.ar\/2021\/comarca-a-pleno-en-esta-semana-santa\/#primaryimage"},"thumbnailUrl":"https:\/\/www.noticiasradioreflejos.com.ar\/2021\/wp-content\/uploads\/2017\/04\/IMG_20170414_161600021-2.jpg","datePublished":"2017-04-17T13:11:06+00:00","author":{"@id":"https:\/\/www.noticiasradioreflejos.com.ar\/2021\/#\/schema\/person\/ad82545263dcc5ec0996818884fd5fb1"},"breadcrumb":{"@id":"https:\/\/www.noticiasradioreflejos.com.ar\/2021\/comarca-a-pleno-en-esta-semana-santa\/#breadcrumb"},"inLanguage":"es","potentialAction":[{"@type":"ReadAction","target":["https:\/\/www.noticiasradioreflejos.com.ar\/2021\/comarca-a-pleno-en-esta-semana-santa\/"]}]},{"@type":"ImageObject","inLanguage":"es","@id":"https:\/\/www.noticiasradioreflejos.com.ar\/2021\/comarca-a-pleno-en-esta-semana-santa\/#primaryimage","url":"https:\/\/www.noticiasradioreflejos.com.ar\/2021\/wp-content\/uploads\/2017\/04\/IMG_20170414_161600021-2.jpg","contentUrl":"https:\/\/www.noticiasradioreflejos.com.ar\/2021\/wp-content\/uploads\/2017\/04\/IMG_20170414_161600021-2.jpg","width":1024,"height":768},{"@type":"BreadcrumbList","@id":"https:\/\/www.noticiasradioreflejos.com.ar\/2021\/comarca-a-pleno-en-esta-semana-santa\/#breadcrumb","itemListElement":[{"@type":"ListItem","position":1,"name":"Portada","item":"https:\/\/www.noticiasradioreflejos.com.ar\/2021\/"},{"@type":"ListItem","position":2,"name":"Comarca a pleno en esta Semana Santa."}]},{"@type":"WebSite","@id":"https:\/\/www.noticiasradioreflejos.com.ar\/2021\/#website","url":"https:\/\/www.noticiasradioreflejos.com.ar\/2021\/","name":"Noticias Radio Reflejos","description":"Las noticias de mi comarca","potentialAction":[{"@type":"SearchAction","target":{"@type":"EntryPoint","urlTemplate":"https:\/\/www.noticiasradioreflejos.com.ar\/2021\/?s={search_term_string}"},"query-input":{"@type":"PropertyValueSpecification","valueRequired":true,"valueName":"search_term_string"}}],"inLanguage":"es"},{"@type":"Person","@id":"https:\/\/www.noticiasradioreflejos.com.ar\/2021\/#\/schema\/person\/ad82545263dcc5ec0996818884fd5fb1","name":"Arnaldo Botto","image":{"@type":"ImageObject","inLanguage":"es","@id":"https:\/\/www.noticiasradioreflejos.com.ar\/2021\/#\/schema\/person\/image\/","url":"https:\/\/secure.gravatar.com\/avatar\/55cb5e37c1efa326397366e6974cb338056df65cb50e7d64d1cf314e87504837?s=96&d=mm&r=g","contentUrl":"https:\/\/secure.gravatar.com\/avatar\/55cb5e37c1efa326397366e6974cb338056df65cb50e7d64d1cf314e87504837?s=96&d=mm&r=g","caption":"Arnaldo Botto"},"url":"https:\/\/www.noticiasradioreflejos.com.ar\/2021\/author\/arnaldo\/"}]}},"_links":{"self":[{"href":"https:\/\/www.noticiasradioreflejos.com.ar\/2021\/wp-json\/wp\/v2\/posts\/9148","targetHints":{"allow":["GET"]}}],"collection":[{"href":"https:\/\/www.noticiasradioreflejos.com.ar\/2021\/wp-json\/wp\/v2\/posts"}],"about":[{"href":"https:\/\/www.noticiasradioreflejos.com.ar\/2021\/wp-json\/wp\/v2\/types\/post"}],"author":[{"embeddable":true,"href":"https:\/\/www.noticiasradioreflejos.com.ar\/2021\/wp-json\/wp\/v2\/users\/3"}],"replies":[{"embeddable":true,"href":"https:\/\/www.noticiasradioreflejos.com.ar\/2021\/wp-json\/wp\/v2\/comments?post=9148"}],"version-history":[{"count":0,"href":"https:\/\/www.noticiasradioreflejos.com.ar\/2021\/wp-json\/wp\/v2\/posts\/9148\/revisions"}],"wp:featuredmedia":[{"embeddable":true,"href":"https:\/\/www.noticiasradioreflejos.com.ar\/2021\/wp-json\/wp\/v2\/media\/9152"}],"wp:attachment":[{"href":"https:\/\/www.noticiasradioreflejos.com.ar\/2021\/wp-json\/wp\/v2\/media?parent=9148"}],"wp:term":[{"taxonomy":"category","embeddable":true,"href":"https:\/\/www.noticiasradioreflejos.com.ar\/2021\/wp-json\/wp\/v2\/categories?post=9148"},{"taxonomy":"post_tag","embeddable":true,"href":"https:\/\/www.noticiasradioreflejos.com.ar\/2021\/wp-json\/wp\/v2\/tags?post=9148"}],"curies":[{"name":"wp","href":"https:\/\/api.w.org\/{rel}","templated":true}]}}