{"id":91475,"date":"2023-08-11T11:30:18","date_gmt":"2023-08-11T11:30:18","guid":{"rendered":"https:\/\/www.noticiasradioreflejos.com.ar\/2021\/?p=91475"},"modified":"2023-08-11T14:13:51","modified_gmt":"2023-08-11T14:13:51","slug":"lluvias-ayer-alerta-amarilla-por-vientos-intensos-hoy-y-frente-frio-para-el-fin-de-semana","status":"publish","type":"post","link":"https:\/\/www.noticiasradioreflejos.com.ar\/2021\/lluvias-ayer-alerta-amarilla-por-vientos-intensos-hoy-y-frente-frio-para-el-fin-de-semana\/","title":{"rendered":"Lluvias ayer, alerta amarilla por vientos intensos hoy y frente fr\u00edo para el fin de semana."},"content":{"rendered":"<p>En la zona urbana y rural de Sierra de la Ventana se registraron lluvias intensas pasado el mediod\u00eda de ayer acumulando 12 mm. Para este viernes el SMN puso a la regi\u00f3n sudoeste de la provincia de Buenos Aires en alerta amarilla.<!--more--><a title=\"WhatsApp Image 2023-08-11 at 08.19.51\" href=\"https:\/\/www.flickr.com\/photos\/182279889@N02\/53108522271\/in\/dateposted-public\/\" data-flickr-embed=\"true\" data-footer=\"true\"><img loading=\"lazy\" decoding=\"async\" class=\"alignleft\" src=\"https:\/\/live.staticflickr.com\/65535\/53108522271_748be09be1_c.jpg\" alt=\"WhatsApp Image 2023-08-11 at 08.19.51\" width=\"372\" height=\"547\" \/><\/a><script async src=\"\/\/embedr.flickr.com\/assets\/client-code.js\" charset=\"utf-8\"><\/script>Un fuerte chaparr\u00f3n que dej\u00f3 12 mm de agua ca\u00edda se registro pasadas las 13.30 de este jueves en la zona urbana de la localidad serrana. En el resto de la comarca hubo precipitaciones de baja intensidad.<\/p>\n<p>En la zona rural de Calqu\u00edn, los registros muestran 10 mm.<\/p>\n<div class=\"xdj266r x11i5rnm xat24cr x1mh8g0r x1vvkbs x126k92a\">\n<div dir=\"auto\">Para este viernes, el SMN muestra un alerta amarillo por\u00a0 la llegada un frente fr\u00edo que provocar\u00e1 una intensificaci\u00f3n del viento en el centro y sur argentino, y un descenso de temperaturas en todo el pa\u00eds.<\/div>\n<\/div>\n<div class=\"x11i5rnm xat24cr x1mh8g0r x1vvkbs xtlvy1s x126k92a\">\n<div dir=\"auto\"><strong><span class=\"x3nfvp2 x1j61x8r x1fcty0u xdj266r xhhsvwb xat24cr xgzva0m xxymvpz xlup9mm x1kky2od\"><img loading=\"lazy\" decoding=\"async\" src=\"https:\/\/static.xx.fbcdn.net\/images\/emoji.php\/v9\/tc\/1\/16\/1f449_1f3fb.png\" alt=\"\ud83d\udc49\ud83c\udffb\" width=\"16\" height=\"16\" \/><\/span>Las r\u00e1fagas pueden alcanzar los 75 km\/h en la franja central, y los 100 km\/h en el norte patag\u00f3nico.<\/strong><\/div>\n<\/div>\n<div dir=\"auto\"><\/div>\n<div dir=\"auto\">En Sierra de la Ventana las r\u00e1fagas de viento del SO alcanzaron los 53 km\/H en la madrugada de hoy y se espera que las condiciones contin\u00faen durante toda la jornada y ma\u00f1ana s\u00e1bado hasta pasado el mediod\u00eda.<\/div>\n<div dir=\"auto\">El domingo se repetir\u00edan los vientos intensos pero del sector norte.<\/div>\n<div dir=\"auto\"><\/div>\n<div dir=\"auto\">La temperatura m\u00e1xima para hoy alcanzar\u00e1 los 11\u00b0 y la t\u00e9rmica por debajo de los 10\u00b0 bajo el efecto del viento. S\u00e1bado con m\u00ednima de 2\u00b0 y m\u00e1xima de 12\u00b0. El Domingo se espera ascenso de temperatura con m\u00ednima de 2\u00b0 y m\u00e1xima de 18\u00b0. Los cielos se mantendr\u00e1n despejados hoy y ma\u00f1ana y el domingo mayormente soleados.<\/div>\n<div dir=\"auto\"><\/div>\n<div dir=\"auto\"><\/div>\n<div class=\"x11i5rnm xat24cr x1mh8g0r x1vvkbs xtlvy1s x126k92a\">\n<div dir=\"auto\"><\/div>\n<\/div>\n<p><iframe loading=\"lazy\" style=\"border: none; overflow: hidden;\" src=\"https:\/\/www.facebook.com\/plugins\/video.php?height=476&amp;href=https%3A%2F%2Fwww.facebook.com%2FSMN.ar%2Fvideos%2F269876892431740%2F&amp;show_text=false&amp;width=380&amp;t=0\" width=\"380\" height=\"476\" frameborder=\"0\" scrolling=\"no\" allowfullscreen=\"allowfullscreen\"><\/iframe><\/p>\n","protected":false},"excerpt":{"rendered":"<p>En la zona urbana y rural de Sierra de la Ventana se registraron lluvias intensas pasado el mediod\u00eda de ayer acumulando 12 mm. Para este viernes el SMN puso a la regi\u00f3n sudoeste de la provincia de Buenos Aires en alerta amarilla.<\/p>\n","protected":false},"author":3,"featured_media":0,"comment_status":"closed","ping_status":"closed","sticky":false,"template":"","format":"standard","meta":{"footnotes":""},"categories":[46],"tags":[48],"class_list":["post-91475","post","type-post","status-publish","format-standard","hentry","category-ciencia-y-tecnologia","tag-destacada"],"yoast_head":"<!-- This site is optimized with the Yoast SEO plugin v25.9 - https:\/\/yoast.com\/wordpress\/plugins\/seo\/ -->\n<title>Lluvias ayer, alerta amarilla por vientos intensos hoy y frente fr\u00edo para el fin de semana. - Noticias Radio Reflejos<\/title>\n<meta name=\"robots\" content=\"index, follow, max-snippet:-1, max-image-preview:large, max-video-preview:-1\" \/>\n<link rel=\"canonical\" href=\"https:\/\/www.noticiasradioreflejos.com.ar\/2021\/lluvias-ayer-alerta-amarilla-por-vientos-intensos-hoy-y-frente-frio-para-el-fin-de-semana\/\" \/>\n<meta property=\"og:locale\" content=\"es_ES\" \/>\n<meta property=\"og:type\" content=\"article\" \/>\n<meta property=\"og:title\" content=\"Lluvias ayer, alerta amarilla por vientos intensos hoy y frente fr\u00edo para el fin de semana. - Noticias Radio Reflejos\" \/>\n<meta property=\"og:description\" content=\"En la zona urbana y rural de Sierra de la Ventana se registraron lluvias intensas pasado el mediod\u00eda de ayer acumulando 12 mm. Para este viernes el SMN puso a la regi\u00f3n sudoeste de la provincia de Buenos Aires en alerta amarilla.\" \/>\n<meta property=\"og:url\" content=\"https:\/\/www.noticiasradioreflejos.com.ar\/2021\/lluvias-ayer-alerta-amarilla-por-vientos-intensos-hoy-y-frente-frio-para-el-fin-de-semana\/\" \/>\n<meta property=\"og:site_name\" content=\"Noticias Radio Reflejos\" \/>\n<meta property=\"article:published_time\" content=\"2023-08-11T11:30:18+00:00\" \/>\n<meta property=\"article:modified_time\" content=\"2023-08-11T14:13:51+00:00\" \/>\n<meta property=\"og:image\" content=\"https:\/\/live.staticflickr.com\/65535\/53108522271_748be09be1_c.jpg\" \/>\n<meta name=\"author\" content=\"Arnaldo Botto\" \/>\n<meta name=\"twitter:card\" content=\"summary_large_image\" \/>\n<script type=\"application\/ld+json\" class=\"yoast-schema-graph\">{\"@context\":\"https:\/\/schema.org\",\"@graph\":[{\"@type\":\"WebPage\",\"@id\":\"https:\/\/www.noticiasradioreflejos.com.ar\/2021\/lluvias-ayer-alerta-amarilla-por-vientos-intensos-hoy-y-frente-frio-para-el-fin-de-semana\/\",\"url\":\"https:\/\/www.noticiasradioreflejos.com.ar\/2021\/lluvias-ayer-alerta-amarilla-por-vientos-intensos-hoy-y-frente-frio-para-el-fin-de-semana\/\",\"name\":\"Lluvias ayer, alerta amarilla por vientos intensos hoy y frente fr\u00edo para el fin de semana. - Noticias Radio Reflejos\",\"isPartOf\":{\"@id\":\"https:\/\/www.noticiasradioreflejos.com.ar\/2021\/#website\"},\"primaryImageOfPage\":{\"@id\":\"https:\/\/www.noticiasradioreflejos.com.ar\/2021\/lluvias-ayer-alerta-amarilla-por-vientos-intensos-hoy-y-frente-frio-para-el-fin-de-semana\/#primaryimage\"},\"image\":{\"@id\":\"https:\/\/www.noticiasradioreflejos.com.ar\/2021\/lluvias-ayer-alerta-amarilla-por-vientos-intensos-hoy-y-frente-frio-para-el-fin-de-semana\/#primaryimage\"},\"thumbnailUrl\":\"https:\/\/live.staticflickr.com\/65535\/53108522271_748be09be1_c.jpg\",\"datePublished\":\"2023-08-11T11:30:18+00:00\",\"dateModified\":\"2023-08-11T14:13:51+00:00\",\"author\":{\"@id\":\"https:\/\/www.noticiasradioreflejos.com.ar\/2021\/#\/schema\/person\/ad82545263dcc5ec0996818884fd5fb1\"},\"breadcrumb\":{\"@id\":\"https:\/\/www.noticiasradioreflejos.com.ar\/2021\/lluvias-ayer-alerta-amarilla-por-vientos-intensos-hoy-y-frente-frio-para-el-fin-de-semana\/#breadcrumb\"},\"inLanguage\":\"es\",\"potentialAction\":[{\"@type\":\"ReadAction\",\"target\":[\"https:\/\/www.noticiasradioreflejos.com.ar\/2021\/lluvias-ayer-alerta-amarilla-por-vientos-intensos-hoy-y-frente-frio-para-el-fin-de-semana\/\"]}]},{\"@type\":\"ImageObject\",\"inLanguage\":\"es\",\"@id\":\"https:\/\/www.noticiasradioreflejos.com.ar\/2021\/lluvias-ayer-alerta-amarilla-por-vientos-intensos-hoy-y-frente-frio-para-el-fin-de-semana\/#primaryimage\",\"url\":\"https:\/\/live.staticflickr.com\/65535\/53108522271_748be09be1_c.jpg\",\"contentUrl\":\"https:\/\/live.staticflickr.com\/65535\/53108522271_748be09be1_c.jpg\"},{\"@type\":\"BreadcrumbList\",\"@id\":\"https:\/\/www.noticiasradioreflejos.com.ar\/2021\/lluvias-ayer-alerta-amarilla-por-vientos-intensos-hoy-y-frente-frio-para-el-fin-de-semana\/#breadcrumb\",\"itemListElement\":[{\"@type\":\"ListItem\",\"position\":1,\"name\":\"Portada\",\"item\":\"https:\/\/www.noticiasradioreflejos.com.ar\/2021\/\"},{\"@type\":\"ListItem\",\"position\":2,\"name\":\"Lluvias ayer, alerta amarilla por vientos intensos hoy y frente fr\u00edo para el fin de semana.\"}]},{\"@type\":\"WebSite\",\"@id\":\"https:\/\/www.noticiasradioreflejos.com.ar\/2021\/#website\",\"url\":\"https:\/\/www.noticiasradioreflejos.com.ar\/2021\/\",\"name\":\"Noticias Radio Reflejos\",\"description\":\"Las noticias de mi comarca\",\"potentialAction\":[{\"@type\":\"SearchAction\",\"target\":{\"@type\":\"EntryPoint\",\"urlTemplate\":\"https:\/\/www.noticiasradioreflejos.com.ar\/2021\/?s={search_term_string}\"},\"query-input\":{\"@type\":\"PropertyValueSpecification\",\"valueRequired\":true,\"valueName\":\"search_term_string\"}}],\"inLanguage\":\"es\"},{\"@type\":\"Person\",\"@id\":\"https:\/\/www.noticiasradioreflejos.com.ar\/2021\/#\/schema\/person\/ad82545263dcc5ec0996818884fd5fb1\",\"name\":\"Arnaldo Botto\",\"image\":{\"@type\":\"ImageObject\",\"inLanguage\":\"es\",\"@id\":\"https:\/\/www.noticiasradioreflejos.com.ar\/2021\/#\/schema\/person\/image\/\",\"url\":\"https:\/\/secure.gravatar.com\/avatar\/55cb5e37c1efa326397366e6974cb338056df65cb50e7d64d1cf314e87504837?s=96&d=mm&r=g\",\"contentUrl\":\"https:\/\/secure.gravatar.com\/avatar\/55cb5e37c1efa326397366e6974cb338056df65cb50e7d64d1cf314e87504837?s=96&d=mm&r=g\",\"caption\":\"Arnaldo Botto\"},\"url\":\"https:\/\/www.noticiasradioreflejos.com.ar\/2021\/author\/arnaldo\/\"}]}<\/script>\n<!-- \/ Yoast SEO plugin. -->","yoast_head_json":{"title":"Lluvias ayer, alerta amarilla por vientos intensos hoy y frente fr\u00edo para el fin de semana. - Noticias Radio Reflejos","robots":{"index":"index","follow":"follow","max-snippet":"max-snippet:-1","max-image-preview":"max-image-preview:large","max-video-preview":"max-video-preview:-1"},"canonical":"https:\/\/www.noticiasradioreflejos.com.ar\/2021\/lluvias-ayer-alerta-amarilla-por-vientos-intensos-hoy-y-frente-frio-para-el-fin-de-semana\/","og_locale":"es_ES","og_type":"article","og_title":"Lluvias ayer, alerta amarilla por vientos intensos hoy y frente fr\u00edo para el fin de semana. - Noticias Radio Reflejos","og_description":"En la zona urbana y rural de Sierra de la Ventana se registraron lluvias intensas pasado el mediod\u00eda de ayer acumulando 12 mm. Para este viernes el SMN puso a la regi\u00f3n sudoeste de la provincia de Buenos Aires en alerta amarilla.","og_url":"https:\/\/www.noticiasradioreflejos.com.ar\/2021\/lluvias-ayer-alerta-amarilla-por-vientos-intensos-hoy-y-frente-frio-para-el-fin-de-semana\/","og_site_name":"Noticias Radio Reflejos","article_published_time":"2023-08-11T11:30:18+00:00","article_modified_time":"2023-08-11T14:13:51+00:00","og_image":[{"url":"https:\/\/live.staticflickr.com\/65535\/53108522271_748be09be1_c.jpg","type":"","width":"","height":""}],"author":"Arnaldo Botto","twitter_card":"summary_large_image","schema":{"@context":"https:\/\/schema.org","@graph":[{"@type":"WebPage","@id":"https:\/\/www.noticiasradioreflejos.com.ar\/2021\/lluvias-ayer-alerta-amarilla-por-vientos-intensos-hoy-y-frente-frio-para-el-fin-de-semana\/","url":"https:\/\/www.noticiasradioreflejos.com.ar\/2021\/lluvias-ayer-alerta-amarilla-por-vientos-intensos-hoy-y-frente-frio-para-el-fin-de-semana\/","name":"Lluvias ayer, alerta amarilla por vientos intensos hoy y frente fr\u00edo para el fin de semana. - Noticias Radio Reflejos","isPartOf":{"@id":"https:\/\/www.noticiasradioreflejos.com.ar\/2021\/#website"},"primaryImageOfPage":{"@id":"https:\/\/www.noticiasradioreflejos.com.ar\/2021\/lluvias-ayer-alerta-amarilla-por-vientos-intensos-hoy-y-frente-frio-para-el-fin-de-semana\/#primaryimage"},"image":{"@id":"https:\/\/www.noticiasradioreflejos.com.ar\/2021\/lluvias-ayer-alerta-amarilla-por-vientos-intensos-hoy-y-frente-frio-para-el-fin-de-semana\/#primaryimage"},"thumbnailUrl":"https:\/\/live.staticflickr.com\/65535\/53108522271_748be09be1_c.jpg","datePublished":"2023-08-11T11:30:18+00:00","dateModified":"2023-08-11T14:13:51+00:00","author":{"@id":"https:\/\/www.noticiasradioreflejos.com.ar\/2021\/#\/schema\/person\/ad82545263dcc5ec0996818884fd5fb1"},"breadcrumb":{"@id":"https:\/\/www.noticiasradioreflejos.com.ar\/2021\/lluvias-ayer-alerta-amarilla-por-vientos-intensos-hoy-y-frente-frio-para-el-fin-de-semana\/#breadcrumb"},"inLanguage":"es","potentialAction":[{"@type":"ReadAction","target":["https:\/\/www.noticiasradioreflejos.com.ar\/2021\/lluvias-ayer-alerta-amarilla-por-vientos-intensos-hoy-y-frente-frio-para-el-fin-de-semana\/"]}]},{"@type":"ImageObject","inLanguage":"es","@id":"https:\/\/www.noticiasradioreflejos.com.ar\/2021\/lluvias-ayer-alerta-amarilla-por-vientos-intensos-hoy-y-frente-frio-para-el-fin-de-semana\/#primaryimage","url":"https:\/\/live.staticflickr.com\/65535\/53108522271_748be09be1_c.jpg","contentUrl":"https:\/\/live.staticflickr.com\/65535\/53108522271_748be09be1_c.jpg"},{"@type":"BreadcrumbList","@id":"https:\/\/www.noticiasradioreflejos.com.ar\/2021\/lluvias-ayer-alerta-amarilla-por-vientos-intensos-hoy-y-frente-frio-para-el-fin-de-semana\/#breadcrumb","itemListElement":[{"@type":"ListItem","position":1,"name":"Portada","item":"https:\/\/www.noticiasradioreflejos.com.ar\/2021\/"},{"@type":"ListItem","position":2,"name":"Lluvias ayer, alerta amarilla por vientos intensos hoy y frente fr\u00edo para el fin de semana."}]},{"@type":"WebSite","@id":"https:\/\/www.noticiasradioreflejos.com.ar\/2021\/#website","url":"https:\/\/www.noticiasradioreflejos.com.ar\/2021\/","name":"Noticias Radio Reflejos","description":"Las noticias de mi comarca","potentialAction":[{"@type":"SearchAction","target":{"@type":"EntryPoint","urlTemplate":"https:\/\/www.noticiasradioreflejos.com.ar\/2021\/?s={search_term_string}"},"query-input":{"@type":"PropertyValueSpecification","valueRequired":true,"valueName":"search_term_string"}}],"inLanguage":"es"},{"@type":"Person","@id":"https:\/\/www.noticiasradioreflejos.com.ar\/2021\/#\/schema\/person\/ad82545263dcc5ec0996818884fd5fb1","name":"Arnaldo Botto","image":{"@type":"ImageObject","inLanguage":"es","@id":"https:\/\/www.noticiasradioreflejos.com.ar\/2021\/#\/schema\/person\/image\/","url":"https:\/\/secure.gravatar.com\/avatar\/55cb5e37c1efa326397366e6974cb338056df65cb50e7d64d1cf314e87504837?s=96&d=mm&r=g","contentUrl":"https:\/\/secure.gravatar.com\/avatar\/55cb5e37c1efa326397366e6974cb338056df65cb50e7d64d1cf314e87504837?s=96&d=mm&r=g","caption":"Arnaldo Botto"},"url":"https:\/\/www.noticiasradioreflejos.com.ar\/2021\/author\/arnaldo\/"}]}},"_links":{"self":[{"href":"https:\/\/www.noticiasradioreflejos.com.ar\/2021\/wp-json\/wp\/v2\/posts\/91475","targetHints":{"allow":["GET"]}}],"collection":[{"href":"https:\/\/www.noticiasradioreflejos.com.ar\/2021\/wp-json\/wp\/v2\/posts"}],"about":[{"href":"https:\/\/www.noticiasradioreflejos.com.ar\/2021\/wp-json\/wp\/v2\/types\/post"}],"author":[{"embeddable":true,"href":"https:\/\/www.noticiasradioreflejos.com.ar\/2021\/wp-json\/wp\/v2\/users\/3"}],"replies":[{"embeddable":true,"href":"https:\/\/www.noticiasradioreflejos.com.ar\/2021\/wp-json\/wp\/v2\/comments?post=91475"}],"version-history":[{"count":2,"href":"https:\/\/www.noticiasradioreflejos.com.ar\/2021\/wp-json\/wp\/v2\/posts\/91475\/revisions"}],"predecessor-version":[{"id":91488,"href":"https:\/\/www.noticiasradioreflejos.com.ar\/2021\/wp-json\/wp\/v2\/posts\/91475\/revisions\/91488"}],"wp:attachment":[{"href":"https:\/\/www.noticiasradioreflejos.com.ar\/2021\/wp-json\/wp\/v2\/media?parent=91475"}],"wp:term":[{"taxonomy":"category","embeddable":true,"href":"https:\/\/www.noticiasradioreflejos.com.ar\/2021\/wp-json\/wp\/v2\/categories?post=91475"},{"taxonomy":"post_tag","embeddable":true,"href":"https:\/\/www.noticiasradioreflejos.com.ar\/2021\/wp-json\/wp\/v2\/tags?post=91475"}],"curies":[{"name":"wp","href":"https:\/\/api.w.org\/{rel}","templated":true}]}}